{"id":39017,"date":"2025-03-16T09:00:56","date_gmt":"2025-03-16T12:00:56","guid":{"rendered":"https:\/\/larevistadigital.com.ar\/blog\/?p=39017"},"modified":"2025-03-16T09:00:56","modified_gmt":"2025-03-16T12:00:56","slug":"mar-del-plata-violento-choque-entre-un-auto-y-una-camioneta-con-el-saldo-de-cinco-heridos","status":"publish","type":"post","link":"https:\/\/larevistadigital.com.ar\/blog\/mar-del-plata-violento-choque-entre-un-auto-y-una-camioneta-con-el-saldo-de-cinco-heridos\/","title":{"rendered":"Mar del Plata: Violento choque entre un auto y una camioneta con el saldo de cinco heridos"},"content":{"rendered":"<h2 class=\"intro\">Ocurri\u00f3 este s\u00e1bado pasadas las 20. Un adolescente de 13 a\u00f1os, su padre y otras tres personas fueron llevados al Higa en ambulancia con politraumatismos varios.<\/h2>\n<p>16 de Marzo de 2025<\/p>\n<p data-pm-slice=\"1 1 []\"><strong>MAR DEL PLATA &#8211;<\/strong>\u00a0 Un grave accidente se registr\u00f3 la noche del s\u00e1bado en el kil\u00f3metro 393 de la Autov\u00eda 2, a la altura del puente peatonal, cuando una camioneta y un auto chocaron violentamente. A pesar de la magnitud del impacto y del estado en el que quedaron los veh\u00edculos, una familia logr\u00f3 salvarse de milagro.<\/p>\n<p><span style=\"color: #ff0000\"><strong>El impacto y la respuesta de emergencia<\/strong><\/span><\/p>\n<p>El siniestro ocurri\u00f3 pasadas las 20:20, cuando una camioneta Volkswagen Amarok gris colision\u00f3 contra un Chevrolet Corsa del mismo color. La fuerza del choque fue tal que la Amarok termin\u00f3 volcada sobre la ruta, mientras que el Corsa qued\u00f3 gravemente da\u00f1ado.<\/p>\n<p>Una dotaci\u00f3n de bomberos del cuartel de Estaci\u00f3n Camet acudi\u00f3 r\u00e1pidamente al lugar para socorrer a los seis ocupantes del auto. Tambi\u00e9n participaron en el operativo efectivos de la Polic\u00eda Vial, Defensa Civil, Tr\u00e1nsito y seis ambulancias del SAME.<\/p>\n<p><span style=\"color: #ff0000\"><strong>Estado de los involucrados<\/strong><\/span><\/p>\n<p>El conductor de la Amarok sorprendentemente result\u00f3 ileso y no requiri\u00f3 atenci\u00f3n m\u00e9dica. En cambio, los pasajeros del Corsa sufrieron lesiones de diversa consideraci\u00f3n. Entre ellos, un adolescente de 13 a\u00f1os que, aunque golpeado, estaba consciente y l\u00facido al momento de ser trasladado al Hospital Interzonal General de Agudos (HIGA) junto a su padre, de 53 a\u00f1os, quien presentaba politraumatismos.<\/p>\n<p>Otros tres ocupantes tambi\u00e9n fueron derivados al HIGA: un hombre de 58 a\u00f1os y una mujer de 59, ambos con politraumatismos, y un hombre de 64 a\u00f1os, quien sufri\u00f3 fracturas.<\/p>\n<p><span style=\"color: #ff0000\"><strong>Un llamado a la prudencia en la ruta<\/strong><\/span><\/p>\n<p>Este accidente, que pudo haber tenido consecuencias fatales, es un recordatorio de la importancia de la prudencia al volante. Conducir con precauci\u00f3n, respetar las velocidades permitidas y estar atentos a las condiciones del tr\u00e1nsito son claves para evitar tragedias.<\/p>\n<p>Afortunadamente, en esta ocasi\u00f3n, el desenlace no fue peor. Sin embargo, es fundamental reforzar la conciencia vial para que situaciones como esta no vuelvan a repetirse.<\/p>\n<p>&nbsp;<\/p>\n","protected":false},"excerpt":{"rendered":"<div class=\"mh-excerpt\"><p>Ocurri\u00f3 este s\u00e1bado pasadas las 20. Un adolescente de 13 a\u00f1os, su padre y otras tres personas fueron llevados al Higa en ambulancia con politraumatismos varios. 16 de Marzo de 2025 MAR DEL PLATA &#8211;\u00a0 <a class=\"mh-excerpt-more\" href=\"https:\/\/larevistadigital.com.ar\/blog\/mar-del-plata-violento-choque-entre-un-auto-y-una-camioneta-con-el-saldo-de-cinco-heridos\/\" title=\"Mar del Plata: Violento choque entre un auto y una camioneta con el saldo de cinco heridos\">[Leer M\u00e1s]<\/a><\/p>\n<\/div>","protected":false},"author":3,"featured_media":39019,"comment_status":"open","ping_status":"open","sticky":false,"template":"","format":"standard","meta":{"_jetpack_memberships_contains_paid_content":false,"footnotes":"","jetpack_publicize_message":"","jetpack_publicize_feature_enabled":true,"jetpack_social_post_already_shared":true,"jetpack_social_options":{"image_generator_settings":{"template":"highway","default_image_id":0,"font":"","enabled":false},"version":2}},"categories":[44,51],"tags":[159,293],"class_list":{"0":"post-39017","1":"post","2":"type-post","3":"status-publish","4":"format-standard","5":"has-post-thumbnail","7":"category-policiales","8":"category-regionales","9":"tag-accidente-en-ruta-2","10":"tag-accidente-mortal"},"jetpack_publicize_connections":[],"jetpack_featured_media_url":"https:\/\/i0.wp.com\/larevistadigital.com.ar\/blog\/wp-content\/uploads\/Captura-de-pantalla-2025-03-16-110246.jpg?fit=741%2C436&ssl=1","jetpack_sharing_enabled":true,"jetpack_shortlink":"https:\/\/wp.me\/p8qtrQ-a9j","jetpack-related-posts":[{"id":21840,"url":"https:\/\/larevistadigital.com.ar\/blog\/santa-teresita-dolor-por-el-fallecimiento-del-doctor-helmer-jara-en-un-tragico-accidente-en-ruta-11\/","url_meta":{"origin":39017,"position":0},"title":"SANTA TERESITA: DOLOR POR EL FALLECIMIENTO DEL DOCTOR HELMER JARA EN UN TR\u00c1GICO ACCIDENTE EN RUTA 11","author":"Alejandro Sosa Ruda","date":"2 septiembre, 2021","format":false,"excerpt":"Choc\u00f3 de frente con su camioneta VW Amarok contra un cami\u00f3n en el kil\u00f3metro 447 a la altura de Mar Azul, partido de Villa Gesell. Ten\u00eda 57 a\u00f1os y atend\u00eda a los afiliados a Pami y docentes. SANTA TERESITA - En un tr\u00e1gico accidente de tr\u00e1nsito en el kil\u00f3metro 447\u2026","rel":"","context":"En \u00abREGIONALES\u00bb","block_context":{"text":"REGIONALES","link":"https:\/\/larevistadigital.com.ar\/blog\/category\/regionales\/"},"img":{"alt_text":"","src":"https:\/\/i0.wp.com\/larevistadigital.com.ar\/blog\/wp-content\/uploads\/2c2a4362cd6c530c5f69d8144f941494ca5825cc.jpg?fit=927%2C900&ssl=1&resize=350%2C200","width":350,"height":200,"srcset":"https:\/\/i0.wp.com\/larevistadigital.com.ar\/blog\/wp-content\/uploads\/2c2a4362cd6c530c5f69d8144f941494ca5825cc.jpg?fit=927%2C900&ssl=1&resize=350%2C200 1x, https:\/\/i0.wp.com\/larevistadigital.com.ar\/blog\/wp-content\/uploads\/2c2a4362cd6c530c5f69d8144f941494ca5825cc.jpg?fit=927%2C900&ssl=1&resize=525%2C300 1.5x, https:\/\/i0.wp.com\/larevistadigital.com.ar\/blog\/wp-content\/uploads\/2c2a4362cd6c530c5f69d8144f941494ca5825cc.jpg?fit=927%2C900&ssl=1&resize=700%2C400 2x"},"classes":[]},{"id":25154,"url":"https:\/\/larevistadigital.com.ar\/blog\/choque-frontal-en-la-ruta-11-dos-muertos\/","url_meta":{"origin":39017,"position":1},"title":"CHOQUE FRONTAL EN LA RUTA 11: DOS MUERTOS","author":"Alejandro Sosa Ruda","date":"18 abril, 2022","format":false,"excerpt":"Ocurri\u00f3 este lunes alrededor de las 17. Las v\u00edctimas fatales son un hombre y una mujer que viajaban en un Volkswagen Gol que colision\u00f3 con una camioneta Jeep. Adem\u00e1s, hay otra persona gravemente herida. Dos personas muertas y otras dos heridas\u00a0fue el saldo que dej\u00f3 un\u00a0choque frontal\u00a0este lunes a la\u2026","rel":"","context":"En \u00abINTERES GENERAL\u00bb","block_context":{"text":"INTERES GENERAL","link":"https:\/\/larevistadigital.com.ar\/blog\/category\/interes-general\/"},"img":{"alt_text":"","src":"https:\/\/i0.wp.com\/larevistadigital.com.ar\/blog\/wp-content\/uploads\/Captura-41.png?fit=908%2C491&ssl=1&resize=350%2C200","width":350,"height":200,"srcset":"https:\/\/i0.wp.com\/larevistadigital.com.ar\/blog\/wp-content\/uploads\/Captura-41.png?fit=908%2C491&ssl=1&resize=350%2C200 1x, https:\/\/i0.wp.com\/larevistadigital.com.ar\/blog\/wp-content\/uploads\/Captura-41.png?fit=908%2C491&ssl=1&resize=525%2C300 1.5x, https:\/\/i0.wp.com\/larevistadigital.com.ar\/blog\/wp-content\/uploads\/Captura-41.png?fit=908%2C491&ssl=1&resize=700%2C400 2x"},"classes":[]},{"id":20686,"url":"https:\/\/larevistadigital.com.ar\/blog\/violento-choque-en-la-ruta-11-con-saldo-de-8-heridos\/","url_meta":{"origin":39017,"position":2},"title":"VIOLENTO CHOQUE EN LA RUTA 11 CON SALDO DE 8 HERIDOS","author":"Alejandro Sosa Ruda","date":"9 junio, 2021","format":false,"excerpt":"Ocho heridos\u00a0fue el saldo que dej\u00f3 este mi\u00e9rcoles un\u00a0violento choque\u00a0entre una camioneta y un auto en la ruta 11, seg\u00fan informaron fuentes policiales. El accidente ocurri\u00f3 cerca de las 8.30 de la autov\u00eda en la autov\u00eda que une Santa Clara del Mar con Mar del Plata cuando, por causas que\u2026","rel":"","context":"En \u00abREGIONALES\u00bb","block_context":{"text":"REGIONALES","link":"https:\/\/larevistadigital.com.ar\/blog\/category\/regionales\/"},"img":{"alt_text":"","src":"https:\/\/i0.wp.com\/larevistadigital.com.ar\/blog\/wp-content\/uploads\/choque-mar-del-platajunio-2021.jpg?fit=770%2C577&ssl=1&resize=350%2C200","width":350,"height":200,"srcset":"https:\/\/i0.wp.com\/larevistadigital.com.ar\/blog\/wp-content\/uploads\/choque-mar-del-platajunio-2021.jpg?fit=770%2C577&ssl=1&resize=350%2C200 1x, https:\/\/i0.wp.com\/larevistadigital.com.ar\/blog\/wp-content\/uploads\/choque-mar-del-platajunio-2021.jpg?fit=770%2C577&ssl=1&resize=525%2C300 1.5x, https:\/\/i0.wp.com\/larevistadigital.com.ar\/blog\/wp-content\/uploads\/choque-mar-del-platajunio-2021.jpg?fit=770%2C577&ssl=1&resize=700%2C400 2x"},"classes":[]},{"id":24454,"url":"https:\/\/larevistadigital.com.ar\/blog\/siete-muertos-por-el-choque-frontal-de-una-ambulancia-y-una-camioneta\/","url_meta":{"origin":39017,"position":3},"title":"SIETE MUERTOS POR EL CHOQUE FRONTAL DE UNA AMBULANCIA Y UNA CAMIONETA","author":"Alejandro Sosa Ruda","date":"8 marzo, 2022","format":false,"excerpt":"Ocurri\u00f3 a primera hora de este martes en la Ruta 188. Por razones que intentan establecerse ambos veh\u00edculos impactaron de frente. LINCOLN -\u00a0 Siete personas murieron este martes en un tremendo accidente ocurrido en el kil\u00f3metro 239 de la Ruta 188, en el distrito de Lincoln, entre las localidades de\u2026","rel":"","context":"En \u00abPOLICIALES\u00bb","block_context":{"text":"POLICIALES","link":"https:\/\/larevistadigital.com.ar\/blog\/category\/policiales\/"},"img":{"alt_text":"","src":"https:\/\/i0.wp.com\/larevistadigital.com.ar\/blog\/wp-content\/uploads\/Captura-de-pantalla-2022-03-08-155134.jpg?fit=667%2C372&ssl=1&resize=350%2C200","width":350,"height":200,"srcset":"https:\/\/i0.wp.com\/larevistadigital.com.ar\/blog\/wp-content\/uploads\/Captura-de-pantalla-2022-03-08-155134.jpg?fit=667%2C372&ssl=1&resize=350%2C200 1x, https:\/\/i0.wp.com\/larevistadigital.com.ar\/blog\/wp-content\/uploads\/Captura-de-pantalla-2022-03-08-155134.jpg?fit=667%2C372&ssl=1&resize=525%2C300 1.5x"},"classes":[]},{"id":24700,"url":"https:\/\/larevistadigital.com.ar\/blog\/muere-ciclista-en-la-ruta-36-luego-de-haber-sido-atropellado-por-una-camioneta\/","url_meta":{"origin":39017,"position":4},"title":"MUERE CICLISTA EN LA RUTA 36 LUEGO DE HABER SIDO ATROPELLADO POR UNA CAMIONETA","author":"Alejandro Sosa Ruda","date":"20 marzo, 2022","format":false,"excerpt":"El ciclista no habr\u00eda resistido las heridas que le provoc\u00f3 el accidente con la camioneta. LA PLATA -\u00a0 Los siniestros viales no dejan de llevarse vidas y otro caso m\u00e1s que se registra en La Plata conmociona a toda la ciudad y pone el foco en este tipo de accidentes\u2026","rel":"","context":"En \u00abPOLICIALES\u00bb","block_context":{"text":"POLICIALES","link":"https:\/\/larevistadigital.com.ar\/blog\/category\/policiales\/"},"img":{"alt_text":"","src":"https:\/\/i0.wp.com\/larevistadigital.com.ar\/blog\/wp-content\/uploads\/1647782170059.jpeg?fit=1200%2C594&ssl=1&resize=350%2C200","width":350,"height":200,"srcset":"https:\/\/i0.wp.com\/larevistadigital.com.ar\/blog\/wp-content\/uploads\/1647782170059.jpeg?fit=1200%2C594&ssl=1&resize=350%2C200 1x, https:\/\/i0.wp.com\/larevistadigital.com.ar\/blog\/wp-content\/uploads\/1647782170059.jpeg?fit=1200%2C594&ssl=1&resize=525%2C300 1.5x, https:\/\/i0.wp.com\/larevistadigital.com.ar\/blog\/wp-content\/uploads\/1647782170059.jpeg?fit=1200%2C594&ssl=1&resize=700%2C400 2x, https:\/\/i0.wp.com\/larevistadigital.com.ar\/blog\/wp-content\/uploads\/1647782170059.jpeg?fit=1200%2C594&ssl=1&resize=1050%2C600 3x"},"classes":[]},{"id":13964,"url":"https:\/\/larevistadigital.com.ar\/blog\/ruta-2-motociclista-muere-tras-chocar-contra-una-camioneta\/","url_meta":{"origin":39017,"position":5},"title":"RUTA 2: MOTOCICLISTA MUERE TRAS CHOCAR CONTRA UNA CAMIONETA","author":"Alejandro Sosa Ruda","date":"3 enero, 2020","format":false,"excerpt":"Una persona del sexo masculino, perdi\u00f3 la vida luego de chocar con una camioneta en la autov\u00eda 2 a la altura del kil\u00f3metro 47.500, en sentido a Mar del Plata. El lamentable accidente,\u00a0 se produjo alrededor de las 4.30 de este viernes cuando, por motivos que se tratan de establecer,\u2026","rel":"","context":"En \u00abINTERES GENERAL\u00bb","block_context":{"text":"INTERES GENERAL","link":"https:\/\/larevistadigital.com.ar\/blog\/category\/interes-general\/"},"img":{"alt_text":"","src":"https:\/\/i0.wp.com\/larevistadigital.com.ar\/blog\/wp-content\/uploads\/Screenshot_1-78.jpg?fit=836%2C452&ssl=1&resize=350%2C200","width":350,"height":200,"srcset":"https:\/\/i0.wp.com\/larevistadigital.com.ar\/blog\/wp-content\/uploads\/Screenshot_1-78.jpg?fit=836%2C452&ssl=1&resize=350%2C200 1x, https:\/\/i0.wp.com\/larevistadigital.com.ar\/blog\/wp-content\/uploads\/Screenshot_1-78.jpg?fit=836%2C452&ssl=1&resize=525%2C300 1.5x, https:\/\/i0.wp.com\/larevistadigital.com.ar\/blog\/wp-content\/uploads\/Screenshot_1-78.jpg?fit=836%2C452&ssl=1&resize=700%2C400 2x"},"classes":[]}],"_links":{"self":[{"href":"https:\/\/larevistadigital.com.ar\/blog\/wp-json\/wp\/v2\/posts\/39017","targetHints":{"allow":["GET"]}}],"collection":[{"href":"https:\/\/larevistadigital.com.ar\/blog\/wp-json\/wp\/v2\/posts"}],"about":[{"href":"https:\/\/larevistadigital.com.ar\/blog\/wp-json\/wp\/v2\/types\/post"}],"author":[{"embeddable":true,"href":"https:\/\/larevistadigital.com.ar\/blog\/wp-json\/wp\/v2\/users\/3"}],"replies":[{"embeddable":true,"href":"https:\/\/larevistadigital.com.ar\/blog\/wp-json\/wp\/v2\/comments?post=39017"}],"version-history":[{"count":1,"href":"https:\/\/larevistadigital.com.ar\/blog\/wp-json\/wp\/v2\/posts\/39017\/revisions"}],"predecessor-version":[{"id":39020,"href":"https:\/\/larevistadigital.com.ar\/blog\/wp-json\/wp\/v2\/posts\/39017\/revisions\/39020"}],"wp:featuredmedia":[{"embeddable":true,"href":"https:\/\/larevistadigital.com.ar\/blog\/wp-json\/wp\/v2\/media\/39019"}],"wp:attachment":[{"href":"https:\/\/larevistadigital.com.ar\/blog\/wp-json\/wp\/v2\/media?parent=39017"}],"wp:term":[{"taxonomy":"category","embeddable":true,"href":"https:\/\/larevistadigital.com.ar\/blog\/wp-json\/wp\/v2\/categories?post=39017"},{"taxonomy":"post_tag","embeddable":true,"href":"https:\/\/larevistadigital.com.ar\/blog\/wp-json\/wp\/v2\/tags?post=39017"}],"curies":[{"name":"wp","href":"https:\/\/api.w.org\/{rel}","templated":true}]}}