{"id":39021,"date":"2025-03-16T09:15:18","date_gmt":"2025-03-16T12:15:18","guid":{"rendered":"https:\/\/larevistadigital.com.ar\/blog\/?p=39021"},"modified":"2025-03-16T09:15:18","modified_gmt":"2025-03-16T12:15:18","slug":"patagonia-secreta-y-misteriosa-segunda-entrega","status":"publish","type":"post","link":"https:\/\/larevistadigital.com.ar\/blog\/patagonia-secreta-y-misteriosa-segunda-entrega\/","title":{"rendered":"Patagonia secreta y misteriosa   (segunda entrega)"},"content":{"rendered":"<h2>Un art\u00edculo, gentileza de Carlos Parodi, periodista,\u00a0 escritor e investigador,\u00a0 \u00a0IG Carlos Parodi.64\u2033<\/h2>\n<p>16 de Marzo de 2025<\/p>\n<p>No hay dudas de que los fen\u00f3menos que no podemos comprender revelan que el mundo tal como lo percibimos tambi\u00e9n presenta hendijas donde lo misterios se deslizan en modo sigiloso. Es cuando los difusos l\u00edmites de la leyenda y de la historia se entremezclan y surge entonces la duda, el desconcierto y el temor.<\/p>\n<p>Ning\u00fan atento viajero que emprenda por tierra una aventura hacia el Sur argentino y atraviese la llanura pampeana evitar\u00e1 la sensaci\u00f3n de que puede haber algo m\u00e1s que campo, animales sueltos\u00a0 y cielo infinito. \u00a0De hecho, todo hace suponer que hay mucho por descubrir, a ra\u00edz de los sucesos sobrenaturales relatados por quienes habitan esas regiones poco frecuentadas por los circuitos tur\u00edsticos convencionales.<\/p>\n<p>Efectivamente, esa cinta de asfalto desgastado conocida como <em><strong>\u201cRuta del desierto\u201d<\/strong><\/em> alcanza casi los trescientos kil\u00f3metros de la nada misma. Cruza la provincia de La Pampa de Este a Oeste y las \u00fanicas palabras escritas que pueden leerse al costado del camino son las correspondientes a los alarmantes carteles que aconsejan \u201c<strong><em>No insista: pare y descanse<\/em><\/strong>\u201d \u00a0o \u201c<strong><em>No se duerma<\/em><\/strong>.\u201d Por algo, esta ruta fantasmal tambi\u00e9n es conocida como \u201c<strong>Ruta de la muerte<\/strong>\u201d.<\/p>\n<p>La Pampa es un extenso territorio pleno de cr\u00f3nicas de <strong>\u201caparecidos\u201d, \u201cluces malas\u201d<\/strong>, gualichos \u00a0y de avistamientos de luces sobrevolando los cielos durante noches cerradas. La casu\u00edstica referida al fen\u00f3meno <strong>OVNI<\/strong> es una de las tantas que surcan la silenciosa inmensidad de la meseta y son motivo de charla en m\u00e1s de un parador. Resulten reales o imaginarias, lo incuestionable es que el propio relato de los testigos sugiere una tr\u00e9mula vacilaci\u00f3n de los sentidos para discernir entre la invisible frontera de la realidad y la ficci\u00f3n.<\/p>\n<p><span style=\"color: #ff0000\"><strong><em>Sobre abducciones, \u00a0fantasmas y duendes<\/em><\/strong><\/span><\/p>\n<p>Una de las historias pampeanas acaso m\u00e1s conocidas fue la que vivi\u00f3 Julio Platner, habitante de Winifreda, \u00a0en agosto de 1983. \u201c<strong><em>Cuando me baj\u00e9 a abrir la tranquera, era como si me hubieran puesto un reflector en la cara, como si se tratara de una soldadora aut\u00f3gena o el\u00e9ctrica que despide muchos rayos (\u2026) Despu\u00e9s de que me pas\u00f3 eso, no pude recordar nada m\u00e1s<\/em><\/strong>\u201d expres\u00f3 un apesadumbrado Platner a los medios period\u00edsticos que lo entrevistaron.<\/p>\n<blockquote>\n<h3>El testimonio de Julio Platner versaba acerca de un supuesto caso de abducci\u00f3n en plena llanura. Los vecinos siempre le creyeron y respetaron y Julio Platner se mantuvo fiel a su experiencia hasta que desencarn\u00f3 en septiembre de 2017 a los 67 a\u00f1os.<\/h3>\n<\/blockquote>\n<p>Un caso de naturaleza espectral llama la atenci\u00f3n de los sentidos en un paraje de la Ruta 1 m\u00e1s precisamente en la zona conocida como \u201cBajo de la Tigra\u201d. Aqu\u00ed los lugare\u00f1os cuentan que cada tanto se deja ver el fantasma de una mujer que, presumen, se suicid\u00f3 a principios del siglo XX, a plena luz del d\u00eda. No son pocos los pobladores que se han cruzado con esta brumosa figura que atraviesa los senderos, o que aparece vestida de blanco al lado de la ruta y que de buenas a primeras, se torna invisible.<\/p>\n<p>En la localidad de Covunco, perteneciente al departamento de Zapala, en Neuquen, algunos viejos habitantes recuerdan un hecho sobrecogedor que sucedi\u00f3 en 1978. Una vivienda fue catalogada como embrujada por los sucesos paranormales que suced\u00edan en su interior. Mientras algunos clasificaron el hecho como producto de telequinesis y otros de mera alucinaci\u00f3n, muchos prefirieron hablar de la traviesa acci\u00f3n de aquellos duendes popularmente conocidos como \u201cpoltergeist.\u201d Pasaron los a\u00f1os y el enigma, lejos de borrarse, a\u00fan persiste en la memoria de muchos.<\/p>\n<p>Cerca de la ciudad de Viedma, en R\u00edo Negro, se encuentra el balneario \u201cLa Lober\u00eda\u201d que aparte de ser una reserva natural de lobos marinos y lugar de veraneo, tambi\u00e9n posee su propio \u201cencanto\u201d. La tradici\u00f3n oral habla del atrapante misterio que rodea a la existencia de una supuesta \u201cciudad intra terrena\u201d conocida como \u201cIberah\u201d. Esta ciudadela subterr\u00e1nea fue mencionada por primera vez all\u00e1 por los a\u00f1os 70 por un famoso y no menos pol\u00e9mico investigador brasile\u00f1o, estudioso de la \u201cespiritualidad del ser\u201d llamado Jos\u00e9 Trigeirinho Nietto (1931-2018). Lo cierto es que m\u00e1s all\u00e1 de relatos de naturaleza fant\u00e1stica, los habitantes de \u201cLa Lober\u00eda\u201d relatan que la regi\u00f3n posee una energ\u00eda particular y es un lugar donde algunas noches se pueden visualizar luces que emergen desde el mar y que, acaso a modo de saludo, juguetean en el cielo para el asombro de sus privilegiados espectadores. Por su parte, los residentes de la otrora comunidad hippie de la Patagonia andina conocida como El Bols\u00f3n, al sureste de R\u00edo Negro, est\u00e1n acostumbrados a convivir con relatos que tienen como protagonistas a duendes y gnomos.<\/p>\n<blockquote>\n<h3>Estos seres elementales de la naturaleza suelen corretear por los alrededores de una formaci\u00f3n rocosa llamada \u201cLa Cabeza del Indio\u201d. Los habitantes cuentan que estas peque\u00f1as figuras \u00a0tambi\u00e9n recorren el cerro \u201cPiltriquit\u00f3n\u201d ( \u201cEl Piltri\u201d, para sus vecinos) considerado un lugar sagrado, ya que en tiempos pasados fue venerado por los pueblos originarios.<\/h3>\n<\/blockquote>\n<p>A unos cuantos kil\u00f3metros de ah\u00ed, en Neuqu\u00e9n, en la localidad de Taquimil\u00e1n, se habla de la existencia de un pueblo encantado o pueblo fantasma\u00a0 ubicado al pie del cerro Naunauco. Este singular fen\u00f3meno visual tiene la particularidad de aparecer y desvanecerse ante la mirada at\u00f3nita de muchos habitantes de la zona que juran y perjuran acerca de la veracidad del fant\u00e1stico hecho.<\/p>\n<p>La recorrimos y lo hemos escrito, la Patagonia es un absoluto, pleno de mitos, leyendas, supersticiones, de hechos hist\u00f3ricos y fant\u00e1sticos. El sur argentino constituye un silencioso territorio y su magia ancestral tambi\u00e9n reside en la memoria oral de sus habitantes que bajo la forma de un continuo devenir, logra que sus misterios sedimenten en sus caminos solitarios y contin\u00faen rodando una y otra vez en medio de la polvareda..<\/p>\n<p>&nbsp;<\/p>\n<p>&nbsp;<\/p>\n","protected":false},"excerpt":{"rendered":"<div class=\"mh-excerpt\"><p>Un art\u00edculo, gentileza de Carlos Parodi, periodista,\u00a0 escritor e investigador,\u00a0 \u00a0IG Carlos Parodi.64\u2033 16 de Marzo de 2025 No hay dudas de que los fen\u00f3menos que no podemos comprender revelan que el mundo tal como <a class=\"mh-excerpt-more\" href=\"https:\/\/larevistadigital.com.ar\/blog\/patagonia-secreta-y-misteriosa-segunda-entrega\/\" title=\"Patagonia secreta y misteriosa   (segunda entrega)\">[Leer M\u00e1s]<\/a><\/p>\n<\/div>","protected":false},"author":3,"featured_media":39022,"comment_status":"open","ping_status":"open","sticky":false,"template":"","format":"standard","meta":{"_jetpack_memberships_contains_paid_content":false,"footnotes":"","jetpack_publicize_message":"","jetpack_publicize_feature_enabled":true,"jetpack_social_post_already_shared":true,"jetpack_social_options":{"image_generator_settings":{"template":"highway","default_image_id":0,"font":"","enabled":false},"version":2}},"categories":[15,50],"tags":[],"class_list":{"0":"post-39021","1":"post","2":"type-post","3":"status-publish","4":"format-standard","5":"has-post-thumbnail","7":"category-cultura","8":"category-interes-general"},"jetpack_publicize_connections":[],"jetpack_featured_media_url":"https:\/\/i0.wp.com\/larevistadigital.com.ar\/blog\/wp-content\/uploads\/paisaje-patagonico-gentileza-la-manana-de-Neuquen.gif?fit=770%2C433&ssl=1","jetpack_sharing_enabled":true,"jetpack_shortlink":"https:\/\/wp.me\/p8qtrQ-a9n","jetpack-related-posts":[{"id":39301,"url":"https:\/\/larevistadigital.com.ar\/blog\/entes-imaginarios-del-folklore-argentino-por-carlos-parodi\/","url_meta":{"origin":39021,"position":0},"title":"Entes imaginarios del folklore argentino (Nota de Carlos Parodi)","author":"Alejandro Sosa Ruda","date":"5 abril, 2025","format":false,"excerpt":"Un art\u00edculo, gentileza de Carlos Parodi, periodista,\u00a0 escritor e investigador,\u00a0 \u00a0IG Carlos Parodi.64\u2033 05 de Abril de 2025 All\u00e1 por el a\u00f1o 1897 Bram Stoker escribe en Dr\u00e1cula: \u201cA\u00fan no he visto al Conde a la luz del d\u00eda. \u00bfSer\u00e1 que permanece dormido mientras los otros est\u00e1n despiertos, para poder\u2026","rel":"","context":"En \u00abCULTURA\u00bb","block_context":{"text":"CULTURA","link":"https:\/\/larevistadigital.com.ar\/blog\/category\/cultura\/"},"img":{"alt_text":"","src":"https:\/\/i0.wp.com\/larevistadigital.com.ar\/blog\/wp-content\/uploads\/brealito-1.jpg?fit=404%2C290&ssl=1&resize=350%2C200","width":350,"height":200},"classes":[]},{"id":23094,"url":"https:\/\/larevistadigital.com.ar\/blog\/dios-y-la-patria-se-lo-demanden-aca-estan-estos-son-los-que-votaron-a-favor-y-en-contra\/","url_meta":{"origin":39021,"position":1},"title":"ELIMINACI\u00d3N DEL L\u00cdMITE DE REELECCI\u00d3N DE INTENDENTES&#8230;DIOS Y LA PATRIA SE LO DEMANDEN: AC\u00c1 EST\u00c1N, ESTOS SON LOS QUE VOTARON A FAVOR Y EN CONTRA","author":"Alejandro Sosa Ruda","date":"29 diciembre, 2021","format":false,"excerpt":"Los diputados que votaron a favor fueron: JUNTOS: Maxi Abad (UCR) , Fabi\u00e1n Perechodnik(JULIO GARRO) Fernanda Antonijevic (JAVIER MARTINEZ int Pergamino) Ver\u00f3nica Barbieri (JORGE Macri), Emiliano Balb\u00edn(ucr saliquell\u00f3), Anah\u00ed Bilbao (ucr Laprida) Eugenia Brizzi (Ramiro tagliaferro ex int Mor\u00f3n) Carolina Buitrago (joaquin de la torre), Paula Bustos (Javier Martinez int\u2026","rel":"","context":"En \u00abINTERES GENERAL\u00bb","block_context":{"text":"INTERES GENERAL","link":"https:\/\/larevistadigital.com.ar\/blog\/category\/interes-general\/"},"img":{"alt_text":"","src":"https:\/\/i0.wp.com\/larevistadigital.com.ar\/blog\/wp-content\/uploads\/104746_620.png?fit=620%2C310&ssl=1&resize=350%2C200","width":350,"height":200,"srcset":"https:\/\/i0.wp.com\/larevistadigital.com.ar\/blog\/wp-content\/uploads\/104746_620.png?fit=620%2C310&ssl=1&resize=350%2C200 1x, https:\/\/i0.wp.com\/larevistadigital.com.ar\/blog\/wp-content\/uploads\/104746_620.png?fit=620%2C310&ssl=1&resize=525%2C300 1.5x"},"classes":[]},{"id":38965,"url":"https:\/\/larevistadigital.com.ar\/blog\/patagonia-enigmatica-primera-entrega\/","url_meta":{"origin":39021,"position":2},"title":"PATAGONIA ENIGMATICA  (primera entrega)","author":"Alejandro Sosa Ruda","date":"9 marzo, 2025","format":false,"excerpt":"Un art\u00edculo, gentileza de Carlos Parodi, periodista,\u00a0 escritor e investigador,\u00a0 \u00a0IG Carlos Parodi.64\u2033 09 de Marzo de 2025 Hasta finales de 1800 esta infinita y colorida comarca era una dimensi\u00f3n inexplorada que ocupaba un gran signo de interrogaci\u00f3n en los primeros registros cartogr\u00e1ficos de naturalistas y expedicionarios. Al respecto, el\u2026","rel":"","context":"En \u00abCULTURA\u00bb","block_context":{"text":"CULTURA","link":"https:\/\/larevistadigital.com.ar\/blog\/category\/cultura\/"},"img":{"alt_text":"","src":"https:\/\/i0.wp.com\/larevistadigital.com.ar\/blog\/wp-content\/uploads\/fotografia-gentileza-sitio-Bahia-sin-Fondo.jpg?fit=1200%2C521&ssl=1&resize=350%2C200","width":350,"height":200,"srcset":"https:\/\/i0.wp.com\/larevistadigital.com.ar\/blog\/wp-content\/uploads\/fotografia-gentileza-sitio-Bahia-sin-Fondo.jpg?fit=1200%2C521&ssl=1&resize=350%2C200 1x, https:\/\/i0.wp.com\/larevistadigital.com.ar\/blog\/wp-content\/uploads\/fotografia-gentileza-sitio-Bahia-sin-Fondo.jpg?fit=1200%2C521&ssl=1&resize=525%2C300 1.5x, https:\/\/i0.wp.com\/larevistadigital.com.ar\/blog\/wp-content\/uploads\/fotografia-gentileza-sitio-Bahia-sin-Fondo.jpg?fit=1200%2C521&ssl=1&resize=700%2C400 2x, https:\/\/i0.wp.com\/larevistadigital.com.ar\/blog\/wp-content\/uploads\/fotografia-gentileza-sitio-Bahia-sin-Fondo.jpg?fit=1200%2C521&ssl=1&resize=1050%2C600 3x"},"classes":[]},{"id":38901,"url":"https:\/\/larevistadigital.com.ar\/blog\/origenes-del-espiritismo-en-la-argentina\/","url_meta":{"origin":39021,"position":3},"title":"Or\u00edgenes del espiritismo en la Argentina","author":"Alejandro Sosa Ruda","date":"1 marzo, 2025","format":false,"excerpt":"Un art\u00edculo, gentileza de Carlos Parodi, periodista,\u00a0 escritor e investigador,\u00a0 \u00a0IG Carlos Parodi.64\u2033 01 de Marzo de 2025 Las brumosas se\u00f1ales de la doctrina espiritista arribaron al R\u00edo de la Plata en el a\u00f1o 1857. Se cuenta que un pasajero espa\u00f1ol llamado Justo de Espada, procedente de M\u00e1laga, tra\u00eda entre\u2026","rel":"","context":"En \u00abCULTURA\u00bb","block_context":{"text":"CULTURA","link":"https:\/\/larevistadigital.com.ar\/blog\/category\/cultura\/"},"img":{"alt_text":"","src":"https:\/\/i0.wp.com\/larevistadigital.com.ar\/blog\/wp-content\/uploads\/libro-de-Cosme-Marino.jpg?fit=900%2C1199&ssl=1&resize=350%2C200","width":350,"height":200,"srcset":"https:\/\/i0.wp.com\/larevistadigital.com.ar\/blog\/wp-content\/uploads\/libro-de-Cosme-Marino.jpg?fit=900%2C1199&ssl=1&resize=350%2C200 1x, https:\/\/i0.wp.com\/larevistadigital.com.ar\/blog\/wp-content\/uploads\/libro-de-Cosme-Marino.jpg?fit=900%2C1199&ssl=1&resize=525%2C300 1.5x, https:\/\/i0.wp.com\/larevistadigital.com.ar\/blog\/wp-content\/uploads\/libro-de-Cosme-Marino.jpg?fit=900%2C1199&ssl=1&resize=700%2C400 2x"},"classes":[]},{"id":38745,"url":"https:\/\/larevistadigital.com.ar\/blog\/sobre-brujas-sortilegios-y-gualichos\/","url_meta":{"origin":39021,"position":4},"title":"Sobre Brujas, sortilegios y gualichos","author":"Alejandro Sosa Ruda","date":"19 febrero, 2025","format":false,"excerpt":"Un art\u00edculo, gentileza de Carlos Parodi, periodista,\u00a0 escritor e investigador,\u00a0 \u00a0IG Carlos Parodi.64\" 19 de Febrero de 2025 Burbujeantes ollas de caldos hirviendo ojos de v\u00edboras y miembros de toros y\/o de patas de sapos, son quiz\u00e1s los cl\u00e1sicos ingredientes utilizados en las \u201cp\u00f3cimas para el amor\u201d o \u201cpara la\u2026","rel":"","context":"En \u00abCULTURA\u00bb","block_context":{"text":"CULTURA","link":"https:\/\/larevistadigital.com.ar\/blog\/category\/cultura\/"},"img":{"alt_text":"","src":"https:\/\/i0.wp.com\/larevistadigital.com.ar\/blog\/wp-content\/uploads\/Bestiario-de-Brujas.jpg?fit=1024%2C576&ssl=1&resize=350%2C200","width":350,"height":200,"srcset":"https:\/\/i0.wp.com\/larevistadigital.com.ar\/blog\/wp-content\/uploads\/Bestiario-de-Brujas.jpg?fit=1024%2C576&ssl=1&resize=350%2C200 1x, https:\/\/i0.wp.com\/larevistadigital.com.ar\/blog\/wp-content\/uploads\/Bestiario-de-Brujas.jpg?fit=1024%2C576&ssl=1&resize=525%2C300 1.5x, https:\/\/i0.wp.com\/larevistadigital.com.ar\/blog\/wp-content\/uploads\/Bestiario-de-Brujas.jpg?fit=1024%2C576&ssl=1&resize=700%2C400 2x"},"classes":[]},{"id":42287,"url":"https:\/\/larevistadigital.com.ar\/blog\/carlos-tomada-no-hay-que-sacar-derechos-sino-en-dar-derechos-a-los-nuevos-trabajadores\/","url_meta":{"origin":39021,"position":5},"title":"Carlos Tomada: \u201cno hay que sacar derechos, sino en dar derechos a los nuevos trabajadores\u201d","author":"Alejandro Sosa Ruda","date":"30 octubre, 2025","format":false,"excerpt":"Carlos Tomada*, exministro de la Naci\u00f3n, analiz\u00f3 las principales caracter\u00edsticas del proyecto de reforma laboral anunciado por el Gobierno. \"Milei pretende una pol\u00edtica de extracci\u00f3n pura, sin que exista el trabajo\", rechaz\u00f3. 30 de Octubre de 2025 Una reforma laboral de las caracter\u00edsticas que el Gobierno nacional est\u00e1 pensando no\u2026","rel":"","context":"En \u00abINTERES GENERAL\u00bb","block_context":{"text":"INTERES GENERAL","link":"https:\/\/larevistadigital.com.ar\/blog\/category\/interes-general\/"},"img":{"alt_text":"","src":"https:\/\/i0.wp.com\/larevistadigital.com.ar\/blog\/wp-content\/uploads\/20251030162933_carlos-tomada-reforma-laboral.jpg?fit=880%2C512&ssl=1&resize=350%2C200","width":350,"height":200,"srcset":"https:\/\/i0.wp.com\/larevistadigital.com.ar\/blog\/wp-content\/uploads\/20251030162933_carlos-tomada-reforma-laboral.jpg?fit=880%2C512&ssl=1&resize=350%2C200 1x, https:\/\/i0.wp.com\/larevistadigital.com.ar\/blog\/wp-content\/uploads\/20251030162933_carlos-tomada-reforma-laboral.jpg?fit=880%2C512&ssl=1&resize=525%2C300 1.5x, https:\/\/i0.wp.com\/larevistadigital.com.ar\/blog\/wp-content\/uploads\/20251030162933_carlos-tomada-reforma-laboral.jpg?fit=880%2C512&ssl=1&resize=700%2C400 2x"},"classes":[]}],"_links":{"self":[{"href":"https:\/\/larevistadigital.com.ar\/blog\/wp-json\/wp\/v2\/posts\/39021","targetHints":{"allow":["GET"]}}],"collection":[{"href":"https:\/\/larevistadigital.com.ar\/blog\/wp-json\/wp\/v2\/posts"}],"about":[{"href":"https:\/\/larevistadigital.com.ar\/blog\/wp-json\/wp\/v2\/types\/post"}],"author":[{"embeddable":true,"href":"https:\/\/larevistadigital.com.ar\/blog\/wp-json\/wp\/v2\/users\/3"}],"replies":[{"embeddable":true,"href":"https:\/\/larevistadigital.com.ar\/blog\/wp-json\/wp\/v2\/comments?post=39021"}],"version-history":[{"count":1,"href":"https:\/\/larevistadigital.com.ar\/blog\/wp-json\/wp\/v2\/posts\/39021\/revisions"}],"predecessor-version":[{"id":39023,"href":"https:\/\/larevistadigital.com.ar\/blog\/wp-json\/wp\/v2\/posts\/39021\/revisions\/39023"}],"wp:featuredmedia":[{"embeddable":true,"href":"https:\/\/larevistadigital.com.ar\/blog\/wp-json\/wp\/v2\/media\/39022"}],"wp:attachment":[{"href":"https:\/\/larevistadigital.com.ar\/blog\/wp-json\/wp\/v2\/media?parent=39021"}],"wp:term":[{"taxonomy":"category","embeddable":true,"href":"https:\/\/larevistadigital.com.ar\/blog\/wp-json\/wp\/v2\/categories?post=39021"},{"taxonomy":"post_tag","embeddable":true,"href":"https:\/\/larevistadigital.com.ar\/blog\/wp-json\/wp\/v2\/tags?post=39021"}],"curies":[{"name":"wp","href":"https:\/\/api.w.org\/{rel}","templated":true}]}}