{"id":39024,"date":"2025-03-16T09:54:27","date_gmt":"2025-03-16T12:54:27","guid":{"rendered":"https:\/\/larevistadigital.com.ar\/blog\/?p=39024"},"modified":"2025-03-16T09:54:27","modified_gmt":"2025-03-16T12:54:27","slug":"mar-del-plata-ante-la-creciente-inseguridad-aumenta-la-compra-de-armas","status":"publish","type":"post","link":"https:\/\/larevistadigital.com.ar\/blog\/mar-del-plata-ante-la-creciente-inseguridad-aumenta-la-compra-de-armas\/","title":{"rendered":"Mar del Plata: Ante la creciente inseguridad aumenta la compra de armas"},"content":{"rendered":"<h2 class=\"fparrafo ctext fz18 lh25\">En Mar del Plata, la inseguridad en aumento ha llevado a que cada vez m\u00e1s ciudadanos busquen alternativas para su defensa personal. Seg\u00fan distintas armer\u00edas locales, el inter\u00e9s por adquirir armas \u2013principalmente no letales\u2013 ha ido creciendo a\u00f1o tras a\u00f1o.<\/h2>\n<p>16 de Marzo de 2025<\/p>\n<p><strong>MAR DEL PLATA &#8211;\u00a0<\/strong> Desde Heraldo Armas, su representante, <strong>Leonardo<\/strong>, en di\u00e1logo con El Retrato, confirm\u00f3 que las consultas y ventas han aumentado, especialmente en relaci\u00f3n con armas disuasivas como el gas pimienta, aunque aclar\u00f3 que si bien creci\u00f3 la compra de armas de fuego, no todos los interesados logran completar los tr\u00e1mites requeridos para obtenerlas.<\/p>\n<p>El vendedor tambi\u00e9n mencion\u00f3 que muchas personas que nunca hab\u00edan considerado armarse ahora lo ven como una necesidad, lo que las lleva a buscar informaci\u00f3n sobre los requisitos legales y las opciones disponibles. Adem\u00e1s, destac\u00f3 que quienes desconocen el proceso pueden capacitarse en el Tiro Federal, donde aprenden sobre el manejo de armas y la leg\u00edtima defensa.<\/p>\n<blockquote>\n<h3>Sin embargo, lament\u00f3 que los tr\u00e1mites burocr\u00e1ticos para la compra de armas sean cada vez m\u00e1s complejos, lo que deja a muchas personas fuera del sistema, especialmente con la digitalizaci\u00f3n de los procesos.<\/h3>\n<\/blockquote>\n<p>Por su parte, desde Casa L\u00f3pez, otra armer\u00eda local, indicaron que, si bien la demanda sigue siendo alta, han dejado de vender armas de fuego, aunque siguen asesorando a quienes buscan seguridad.<\/p>\n<p><span style=\"color: #ff0000\"><b>\u00abUn arma puede ser una soluci\u00f3n, pero tambi\u00e9n un problema\u00bb<\/b><\/span><\/p>\n<p>Desde la armer\u00eda El Francotirador, <strong>Leonardo P\u00e9rez Llana<\/strong> se\u00f1al\u00f3 que el incremento en la compra de armas est\u00e1 directamente relacionado con la ola de inseguridad. Adem\u00e1s, explic\u00f3 que muchas personas que antes no hab\u00edan pensado en adquirir un arma ahora lo hacen y buscan capacitaci\u00f3n adecuada.<\/p>\n<p>Dentro de las opciones m\u00e1s buscadas, mencion\u00f3 tanto armas de fuego como armas no letales. Destac\u00f3 que estas \u00faltimas han crecido en popularidad, aunque aclar\u00f3 que no son recomendables en situaciones de riesgo de vida. Entre los productos m\u00e1s solicitados, mencion\u00f3 el gas pimienta y las armas de propulsi\u00f3n con gas de marcas como Birna, Sabre y Shark.<\/p>\n<p><span style=\"color: #ff0000\"><b>Capacitaci\u00f3n y asesoramiento, claves en la compra de armas<\/b><\/span><\/p>\n<p>El Francotirador tambi\u00e9n ofrece formaci\u00f3n especializada para quienes desean utilizar armas con fines defensivos, deportivos o de caza. Como instructores certificados por ANMaC, organizan capacitaciones con enfoque en seguridad y aspectos legales, trabajando junto a abogados, polic\u00edas y fiscales para informar sobre los riesgos y regulaciones.<\/p>\n<p><strong>P\u00e9rez Llana<\/strong> resalt\u00f3 que el acceso a armas debe ir acompa\u00f1ado de una formaci\u00f3n rigurosa, que abarque t\u00e9cnicas de disparo, manejo seguro y normativa legal. Tambi\u00e9n destac\u00f3 que el mercado ha recuperado su estabilidad en el \u00faltimo a\u00f1o y medio, lo que ha permitido una mayor disponibilidad y precios m\u00e1s accesibles en armas y municiones.\u00a0<b>(InfoGEI)Jd<\/b><\/p>\n","protected":false},"excerpt":{"rendered":"<div class=\"mh-excerpt\"><p>En Mar del Plata, la inseguridad en aumento ha llevado a que cada vez m\u00e1s ciudadanos busquen alternativas para su defensa personal. Seg\u00fan distintas armer\u00edas locales, el inter\u00e9s por adquirir armas \u2013principalmente no letales\u2013 ha <a class=\"mh-excerpt-more\" href=\"https:\/\/larevistadigital.com.ar\/blog\/mar-del-plata-ante-la-creciente-inseguridad-aumenta-la-compra-de-armas\/\" title=\"Mar del Plata: Ante la creciente inseguridad aumenta la compra de armas\">[Leer M\u00e1s]<\/a><\/p>\n<\/div>","protected":false},"author":3,"featured_media":39025,"comment_status":"open","ping_status":"open","sticky":false,"template":"","format":"standard","meta":{"_jetpack_memberships_contains_paid_content":false,"footnotes":"","jetpack_publicize_message":"","jetpack_publicize_feature_enabled":true,"jetpack_social_post_already_shared":true,"jetpack_social_options":{"image_generator_settings":{"template":"highway","default_image_id":0,"font":"","enabled":false},"version":2}},"categories":[51],"tags":[],"class_list":{"0":"post-39024","1":"post","2":"type-post","3":"status-publish","4":"format-standard","5":"has-post-thumbnail","7":"category-regionales"},"jetpack_publicize_connections":[],"jetpack_featured_media_url":"https:\/\/i0.wp.com\/larevistadigital.com.ar\/blog\/wp-content\/uploads\/20250315182345_armas-inseguridad-mar-del-plata.png?fit=880%2C512&ssl=1","jetpack_sharing_enabled":true,"jetpack_shortlink":"https:\/\/wp.me\/p8qtrQ-a9q","jetpack-related-posts":[{"id":40671,"url":"https:\/\/larevistadigital.com.ar\/blog\/la-simplificacion-de-tramites-aumento-la-venta-de-armas\/","url_meta":{"origin":39024,"position":0},"title":"La simplificaci\u00f3n de tr\u00e1mites aument\u00f3 la venta de armas","author":"Alejandro Sosa Ruda","date":"31 julio, 2025","format":false,"excerpt":"La implementaci\u00f3n de nuevas normativas que regulan la compra, posesi\u00f3n y uso de armas en Argentina durante el primer semestre de 2025 provoc\u00f3 un notable aumento en las ventas, particularmente en Mar del Plata. Aunque los requisitos legales para acceder a un arma se mantienen igual de exigentes, la agilizaci\u00f3n\u2026","rel":"","context":"En \u00abREGIONALES\u00bb","block_context":{"text":"REGIONALES","link":"https:\/\/larevistadigital.com.ar\/blog\/category\/regionales\/"},"img":{"alt_text":"","src":"https:\/\/i0.wp.com\/larevistadigital.com.ar\/blog\/wp-content\/uploads\/20250731121554_aumento-venta-armas-mar-del-plata.jpg?fit=880%2C512&ssl=1&resize=350%2C200","width":350,"height":200,"srcset":"https:\/\/i0.wp.com\/larevistadigital.com.ar\/blog\/wp-content\/uploads\/20250731121554_aumento-venta-armas-mar-del-plata.jpg?fit=880%2C512&ssl=1&resize=350%2C200 1x, https:\/\/i0.wp.com\/larevistadigital.com.ar\/blog\/wp-content\/uploads\/20250731121554_aumento-venta-armas-mar-del-plata.jpg?fit=880%2C512&ssl=1&resize=525%2C300 1.5x, https:\/\/i0.wp.com\/larevistadigital.com.ar\/blog\/wp-content\/uploads\/20250731121554_aumento-venta-armas-mar-del-plata.jpg?fit=880%2C512&ssl=1&resize=700%2C400 2x"},"classes":[]},{"id":44409,"url":"https:\/\/larevistadigital.com.ar\/blog\/conmocion-en-toma-de-rehenes-una-policia-herida-y-un-delincuente-detenido\/","url_meta":{"origin":39024,"position":1},"title":"Conmoci\u00f3n en toma de rehenes: una polic\u00eda herida y un delincuente detenido","author":"Alejandro Sosa Ruda","date":"9 marzo, 2026","format":false,"excerpt":"El hombre, que ten\u00eda pedido de captura, abri\u00f3 fuego contra los efectivos, tom\u00f3 un reh\u00e9n y termin\u00f3 reducido tras un operativo policial en el sur de Mar del Plata. 09 de marzo de 2026 MAR DEL PLATA -\u00a0 \u00a0Una mujer polic\u00eda result\u00f3 herida de dos disparos este lunes por la\u2026","rel":"","context":"En \u00abPOLICIALES\u00bb","block_context":{"text":"POLICIALES","link":"https:\/\/larevistadigital.com.ar\/blog\/category\/policiales\/"},"img":{"alt_text":"","src":"https:\/\/i0.wp.com\/larevistadigital.com.ar\/blog\/wp-content\/uploads\/Captura-de-pantalla-2026-03-09-191122.jpg?fit=735%2C363&ssl=1&resize=350%2C200","width":350,"height":200,"srcset":"https:\/\/i0.wp.com\/larevistadigital.com.ar\/blog\/wp-content\/uploads\/Captura-de-pantalla-2026-03-09-191122.jpg?fit=735%2C363&ssl=1&resize=350%2C200 1x, https:\/\/i0.wp.com\/larevistadigital.com.ar\/blog\/wp-content\/uploads\/Captura-de-pantalla-2026-03-09-191122.jpg?fit=735%2C363&ssl=1&resize=525%2C300 1.5x, https:\/\/i0.wp.com\/larevistadigital.com.ar\/blog\/wp-content\/uploads\/Captura-de-pantalla-2026-03-09-191122.jpg?fit=735%2C363&ssl=1&resize=700%2C400 2x"},"classes":[]},{"id":12465,"url":"https:\/\/larevistadigital.com.ar\/blog\/detienen-a-dos-hombres-por-tenencia-de-armas-de-fuego\/","url_meta":{"origin":39024,"position":2},"title":"DETIENEN A DOS HOMBRES POR TENENCIA DE ARMAS DE FUEGO","author":"Alejandro Sosa Ruda","date":"4 octubre, 2019","format":false,"excerpt":"Dos personas fueron aprehendidas por personal de Estaci\u00f3n de polic\u00eda comunal Castelli, en un \u00a0operativo realizado este martes \u00faltimo en el km 182 de la Autov\u00eda 2. En el lugar la polic\u00eda intercept\u00f3 una camioneta con dos ocupantes masculinos, mayores de edad oriundos de la ciudad de Mar del Plata.\u2026","rel":"","context":"En \u00abCASTELLI\u00bb","block_context":{"text":"CASTELLI","link":"https:\/\/larevistadigital.com.ar\/blog\/category\/castelli\/"},"img":{"alt_text":"","src":"https:\/\/i0.wp.com\/larevistadigital.com.ar\/blog\/wp-content\/uploads\/A-1.jpg?fit=600%2C896&ssl=1&resize=350%2C200","width":350,"height":200,"srcset":"https:\/\/i0.wp.com\/larevistadigital.com.ar\/blog\/wp-content\/uploads\/A-1.jpg?fit=600%2C896&ssl=1&resize=350%2C200 1x, https:\/\/i0.wp.com\/larevistadigital.com.ar\/blog\/wp-content\/uploads\/A-1.jpg?fit=600%2C896&ssl=1&resize=525%2C300 1.5x"},"classes":[]},{"id":35938,"url":"https:\/\/larevistadigital.com.ar\/blog\/desbaratan-banda-que-vendia-drogas-once-allanamientos-y-ocho-detenidos\/","url_meta":{"origin":39024,"position":3},"title":"DESBARATAN BANDA QUE VEND\u00cdA DROGAS: ONCE ALLANAMIENTOS Y OCHO DETENIDOS","author":"Alejandro Sosa Ruda","date":"27 abril, 2024","format":false,"excerpt":"Una banda acusada de comercializar drogas fue desbaratada en las \u00faltimas horas luego de m\u00faltiples allanamientos en Mar del Plata y Miramar: ocho personas fueron detenidas, quienes quedaron a disposici\u00f3n de la Justicia Federal. Durante los operativos, se secuestraron drogas, armas y cuatro veh\u00edculos. 27 de abril de 2024 MAR\u2026","rel":"","context":"En \u00abPOLICIALES\u00bb","block_context":{"text":"POLICIALES","link":"https:\/\/larevistadigital.com.ar\/blog\/category\/policiales\/"},"img":{"alt_text":"","src":"https:\/\/i0.wp.com\/larevistadigital.com.ar\/blog\/wp-content\/uploads\/20240426162930_megaoperativo-mdp.jpg?fit=880%2C512&ssl=1&resize=350%2C200","width":350,"height":200,"srcset":"https:\/\/i0.wp.com\/larevistadigital.com.ar\/blog\/wp-content\/uploads\/20240426162930_megaoperativo-mdp.jpg?fit=880%2C512&ssl=1&resize=350%2C200 1x, https:\/\/i0.wp.com\/larevistadigital.com.ar\/blog\/wp-content\/uploads\/20240426162930_megaoperativo-mdp.jpg?fit=880%2C512&ssl=1&resize=525%2C300 1.5x, https:\/\/i0.wp.com\/larevistadigital.com.ar\/blog\/wp-content\/uploads\/20240426162930_megaoperativo-mdp.jpg?fit=880%2C512&ssl=1&resize=700%2C400 2x"},"classes":[]},{"id":35284,"url":"https:\/\/larevistadigital.com.ar\/blog\/la-plata-fumigacion-corte-de-pasto-y-repelente-propio-son-las-armas-del-municipio-contra-la-invasion-de-mosquitos\/","url_meta":{"origin":39024,"position":4},"title":"LA PLATA: FUMIGACI\u00d3N, CORTE DE PASTO Y REPELENTE PROPIO SON LAS ARMAS DEL MUNICIPIO CONTRA LA INVASI\u00d3N DE MOSQUITOS","author":"Alejandro Sosa Ruda","date":"20 febrero, 2024","format":false,"excerpt":"La Municipalidad de La Plata realiza un trabajo integral en medio de la invasi\u00f3n de mosquitos. Corte de pasto, repelente, fumigaci\u00f3n y m\u00e1s. 20 de febrero de 2024 LA PLATA -\u00a0 La\u00a0Municipalidad de La Plata realiza distintas tareas por la invasion de mosquitos que atormenta a los vecinos de todas\u2026","rel":"","context":"En \u00abREGIONALES\u00bb","block_context":{"text":"REGIONALES","link":"https:\/\/larevistadigital.com.ar\/blog\/category\/regionales\/"},"img":{"alt_text":"","src":"https:\/\/i0.wp.com\/larevistadigital.com.ar\/blog\/wp-content\/uploads\/Captura-de-pantalla-2024-02-20-105504.png?fit=893%2C429&ssl=1&resize=350%2C200","width":350,"height":200,"srcset":"https:\/\/i0.wp.com\/larevistadigital.com.ar\/blog\/wp-content\/uploads\/Captura-de-pantalla-2024-02-20-105504.png?fit=893%2C429&ssl=1&resize=350%2C200 1x, https:\/\/i0.wp.com\/larevistadigital.com.ar\/blog\/wp-content\/uploads\/Captura-de-pantalla-2024-02-20-105504.png?fit=893%2C429&ssl=1&resize=525%2C300 1.5x, https:\/\/i0.wp.com\/larevistadigital.com.ar\/blog\/wp-content\/uploads\/Captura-de-pantalla-2024-02-20-105504.png?fit=893%2C429&ssl=1&resize=700%2C400 2x"},"classes":[]},{"id":2442,"url":"https:\/\/larevistadigital.com.ar\/blog\/detalles-del-regreso-del-tren-hacia-mar-del-plata-el-proximo-3-de-julio\/","url_meta":{"origin":39024,"position":5},"title":"DETALLES DEL REGRESO DEL TREN HACIA MAR DEL PLATA EL PR\u00d3XIMO 3 DE JULIO","author":"Alejandro Sosa Ruda","date":"16 junio, 2017","format":false,"excerpt":"Luego de varios inconvenientes de infraestructura, serios y reiterados problemas en el puente que cruza el r\u00edo Salado y dos a\u00f1os sin servicio, llegando casi al olvido, regresar\u00e1 el tren que une Plaza Constituci\u00f3n con Mar del Plata, pasando por 121 localidades bonaerenses, entre ellas la ciudad de Chascom\u00fas. La\u2026","rel":"","context":"En \u00abCHASCOM\u00daS\u00bb","block_context":{"text":"CHASCOM\u00daS","link":"https:\/\/larevistadigital.com.ar\/blog\/category\/chascomus\/"},"img":{"alt_text":"","src":"https:\/\/i0.wp.com\/larevistadigital.com.ar\/blog\/wp-content\/uploads\/2017\/06\/not_861086_02_145728.jpg?fit=1000%2C540&ssl=1&resize=350%2C200","width":350,"height":200,"srcset":"https:\/\/i0.wp.com\/larevistadigital.com.ar\/blog\/wp-content\/uploads\/2017\/06\/not_861086_02_145728.jpg?fit=1000%2C540&ssl=1&resize=350%2C200 1x, https:\/\/i0.wp.com\/larevistadigital.com.ar\/blog\/wp-content\/uploads\/2017\/06\/not_861086_02_145728.jpg?fit=1000%2C540&ssl=1&resize=525%2C300 1.5x, https:\/\/i0.wp.com\/larevistadigital.com.ar\/blog\/wp-content\/uploads\/2017\/06\/not_861086_02_145728.jpg?fit=1000%2C540&ssl=1&resize=700%2C400 2x"},"classes":[]}],"_links":{"self":[{"href":"https:\/\/larevistadigital.com.ar\/blog\/wp-json\/wp\/v2\/posts\/39024","targetHints":{"allow":["GET"]}}],"collection":[{"href":"https:\/\/larevistadigital.com.ar\/blog\/wp-json\/wp\/v2\/posts"}],"about":[{"href":"https:\/\/larevistadigital.com.ar\/blog\/wp-json\/wp\/v2\/types\/post"}],"author":[{"embeddable":true,"href":"https:\/\/larevistadigital.com.ar\/blog\/wp-json\/wp\/v2\/users\/3"}],"replies":[{"embeddable":true,"href":"https:\/\/larevistadigital.com.ar\/blog\/wp-json\/wp\/v2\/comments?post=39024"}],"version-history":[{"count":1,"href":"https:\/\/larevistadigital.com.ar\/blog\/wp-json\/wp\/v2\/posts\/39024\/revisions"}],"predecessor-version":[{"id":39026,"href":"https:\/\/larevistadigital.com.ar\/blog\/wp-json\/wp\/v2\/posts\/39024\/revisions\/39026"}],"wp:featuredmedia":[{"embeddable":true,"href":"https:\/\/larevistadigital.com.ar\/blog\/wp-json\/wp\/v2\/media\/39025"}],"wp:attachment":[{"href":"https:\/\/larevistadigital.com.ar\/blog\/wp-json\/wp\/v2\/media?parent=39024"}],"wp:term":[{"taxonomy":"category","embeddable":true,"href":"https:\/\/larevistadigital.com.ar\/blog\/wp-json\/wp\/v2\/categories?post=39024"},{"taxonomy":"post_tag","embeddable":true,"href":"https:\/\/larevistadigital.com.ar\/blog\/wp-json\/wp\/v2\/tags?post=39024"}],"curies":[{"name":"wp","href":"https:\/\/api.w.org\/{rel}","templated":true}]}}