{"id":39028,"date":"2025-03-16T10:14:30","date_gmt":"2025-03-16T13:14:30","guid":{"rendered":"https:\/\/larevistadigital.com.ar\/blog\/?p=39028"},"modified":"2025-03-16T10:16:27","modified_gmt":"2025-03-16T13:16:27","slug":"oficializan-la-convocatoria-a-elecciones-paso-en-territorio-bonaerense","status":"publish","type":"post","link":"https:\/\/larevistadigital.com.ar\/blog\/oficializan-la-convocatoria-a-elecciones-paso-en-territorio-bonaerense\/","title":{"rendered":"Oficializan la convocatoria a elecciones PASO en territorio bonaerense"},"content":{"rendered":"<h2 class=\"fparrafo ctext fz18 lh25\">El Gobernador de la Provincia de Buenos Aires, Axel Kicillof, en el marco de las atribuciones que le confiere la Constituci\u00f3n de la Provincia de Buenos Aires, firm\u00f3 el Decreto 367\/2025, mediante el cual se convoca al pueblo bonaerense a Elecciones Primarias, Abiertas, Simult\u00e1neas y Obligatorias (PASO), estableciendo el 13 de julio de 2025 como fecha para su realizaci\u00f3n.<\/h2>\n<p>16 de Marzo de 2025<\/p>\n<p><strong>BUENOS AIRES &#8211;\u00a0 <\/strong>Mediante<b>\u00a0<\/b>un comunicado dado a conocer en el mediod\u00eda de este s\u00e1bado a trav\u00e9s del ministerio de Comunicaci\u00f3n, se se\u00f1ala que, <strong><em>\u201crecientemente, el Gobierno Nacional ha promovido la suspensi\u00f3n de las PASO a nivel nacional para el presente a\u00f1o, alterando un principio no escrito de nuestra cultura democr\u00e1tica, seg\u00fan el cual las reglas electorales no deben modificarse en un a\u00f1o electoral\u201d.<\/em><\/strong><\/p>\n<p>Desde el Ejecutivo bonaerense consideran que <strong><em>\u201cesta decisi\u00f3n ha generado incertidumbre institucional en relaci\u00f3n con la organizaci\u00f3n de los comicios\u201d<\/em><\/strong>, por lo que <strong><em>\u201cpara garantizar el buen desarrollo de los mismos, se han presentado en la Legislatura Provincial distintos proyectos de ley que proponen la suspensi\u00f3n de las PASO en las categor\u00edas provinciales y municipales\u201d.<\/em><\/strong><\/p>\n<blockquote>\n<h3>Presentaciones \u00e9stas, que formalizan lo que buena parte de las fuerzas pol\u00edticas ya hab\u00edan manifestado: <strong><em>\u201csu acuerdo con la suspensi\u00f3n de las PASO en la Provincia de Buenos Aires, con el objetivo de armonizar el sistema electoral provincial con el r\u00e9gimen que regir\u00e1 para la elecci\u00f3n de diputados nacionales\u201d<\/em><\/strong>.<\/h3>\n<\/blockquote>\n<p>En el mismo sentido, el propio Gobernador expres\u00f3 su posici\u00f3n al respecto en la apertura de sesiones de la Legislatura Provincial el pasado 5 de marzo: <strong><em>\u201cEntiendo que, dado el contexto, los argumentos en favor de suspender las PASO son m\u00e1s que razonables. En cualquier caso, la decisi\u00f3n le corresponde a esta Legislatura, y ser\u00e9 respetuoso de ello. Lo que les pido es celeridad.\u201d<\/em><\/strong><\/p>\n<blockquote>\n<h3>Luego, en el comunicado se aclara que <em>\u201cla facultad para modificar el r\u00e9gimen electoral provincial es exclusiva de la Legislatura Bonaerense\u201d.<\/em><\/h3>\n<\/blockquote>\n<p><span style=\"color: #ff0000\"><b>Decisi\u00f3n final en la Legislatura<\/b><\/span><\/p>\n<p>Sin embargo, a ra\u00edz que la Legislatura a\u00fan no ha tratado ni resuelto dicha modificaci\u00f3n, el comunicado consigna que, <strong><em>\u201cEn este marco, ante la vigencia de la Ley que establece la realizaci\u00f3n de las PASO en la Provincia de Buenos Aires, y hasta tanto la Legislatura sancione o rechace su suspensi\u00f3n, corresponde dar cumplimiento a la normativa en vigor, fijando una fecha para su realizaci\u00f3n y avanzando en la organizaci\u00f3n del proceso electoral\u201d<\/em><\/strong>.<\/p>\n<p><span style=\"color: #ff0000\"><b>Ratifican posici\u00f3n<\/b><\/span><\/p>\n<p>Por \u00faltimo, la comunicaci\u00f3n finaliza diciendo: <strong><em>\u201cAhora bien, cumplida esta obligaci\u00f3n legal, el Poder Ejecutivo Provincial reitera su posici\u00f3n: la suspensi\u00f3n del r\u00e9gimen de las PASO para 2025 en el \u00e1mbito de la Provincia de Buenos Aires y el establecimiento de las adecuaciones de los plazos electorales y dem\u00e1s disposiciones necesarias para el normal desarrollo de los comicios generales previstos para el a\u00f1o en curso\u201d<\/em><\/strong>.\u00a0<b>(InfoGEI)Jd<\/b><\/p>\n","protected":false},"excerpt":{"rendered":"<div class=\"mh-excerpt\"><p>El Gobernador de la Provincia de Buenos Aires, Axel Kicillof, en el marco de las atribuciones que le confiere la Constituci\u00f3n de la Provincia de Buenos Aires, firm\u00f3 el Decreto 367\/2025, mediante el cual se <a class=\"mh-excerpt-more\" href=\"https:\/\/larevistadigital.com.ar\/blog\/oficializan-la-convocatoria-a-elecciones-paso-en-territorio-bonaerense\/\" title=\"Oficializan la convocatoria a elecciones PASO en territorio bonaerense\">[Leer M\u00e1s]<\/a><\/p>\n<\/div>","protected":false},"author":3,"featured_media":39029,"comment_status":"open","ping_status":"open","sticky":false,"template":"","format":"standard","meta":{"_jetpack_memberships_contains_paid_content":false,"footnotes":"","jetpack_publicize_message":"","jetpack_publicize_feature_enabled":true,"jetpack_social_post_already_shared":true,"jetpack_social_options":{"image_generator_settings":{"template":"highway","default_image_id":0,"font":"","enabled":false},"version":2}},"categories":[41,24],"tags":[295,294],"class_list":{"0":"post-39028","1":"post","2":"type-post","3":"status-publish","4":"format-standard","5":"has-post-thumbnail","7":"category-destacadas","8":"category-politica-provincial","9":"tag-elecciones-paso","10":"tag-paso-en-la-provincia"},"jetpack_publicize_connections":[],"jetpack_featured_media_url":"https:\/\/i0.wp.com\/larevistadigital.com.ar\/blog\/wp-content\/uploads\/20250315154706_kicillof-magario-153-apertura-sesiones-legislativas.jpg?fit=880%2C512&ssl=1","jetpack_sharing_enabled":true,"jetpack_shortlink":"https:\/\/wp.me\/p8qtrQ-a9u","jetpack-related-posts":[{"id":39331,"url":"https:\/\/larevistadigital.com.ar\/blog\/kicillof-desdobla-las-elecciones-en-la-provincia-seran-el-7-de-septiembre-y-busca-suspender-las-paso\/","url_meta":{"origin":39028,"position":0},"title":"Kicillof desdobla las elecciones en la Provincia: ser\u00e1n el 7 de septiembre y busca suspender las PASO","author":"Alejandro Sosa Ruda","date":"7 abril, 2025","format":false,"excerpt":"\"No soy a nada, pero me comprometo a militar en ambas elecciones para frenar la motosierra de Milei\", lanz\u00f3 el gobernador, en una decisi\u00f3n que marca un quiebre en el peronismo. 07 de Abril de 2025 BUENOS AIRES -\u00a0 Axel Kicillof pate\u00f3 el tablero.En medio de fuertes tensiones internas, el\u2026","rel":"","context":"En \u00abINTERES GENERAL\u00bb","block_context":{"text":"INTERES GENERAL","link":"https:\/\/larevistadigital.com.ar\/blog\/category\/interes-general\/"},"img":{"alt_text":"","src":"https:\/\/i0.wp.com\/larevistadigital.com.ar\/blog\/wp-content\/uploads\/Captura-de-pantalla-2025-04-07-201010.jpg?fit=653%2C432&ssl=1&resize=350%2C200","width":350,"height":200,"srcset":"https:\/\/i0.wp.com\/larevistadigital.com.ar\/blog\/wp-content\/uploads\/Captura-de-pantalla-2025-04-07-201010.jpg?fit=653%2C432&ssl=1&resize=350%2C200 1x, https:\/\/i0.wp.com\/larevistadigital.com.ar\/blog\/wp-content\/uploads\/Captura-de-pantalla-2025-04-07-201010.jpg?fit=653%2C432&ssl=1&resize=525%2C300 1.5x"},"classes":[]},{"id":41636,"url":"https:\/\/larevistadigital.com.ar\/blog\/kicillof-cruzo-a-caputo-es-un-caradura-y-mentiroso-no-hay-ningun-impuesto-nuevo-en-la-provincia\/","url_meta":{"origin":39028,"position":1},"title":"Kicillof cruz\u00f3 a Caputo: \u201cEs un caradura y mentiroso, no hay ning\u00fan impuesto nuevo en la provincia\u00bb","author":"Alejandro Sosa Ruda","date":"24 septiembre, 2025","format":false,"excerpt":"El gobernador bonaerense sostuvo que es otra \u201crepugnante mentira\u201d del Gobierno Nacional que busca \u201cgenerar confusi\u00f3n y rascar votos\u201d en las pr\u00f3ximas elecciones. 24 de septiembre de 2025 BUENOS AIRES -\u00a0 \u00a0El gobernador de la provincia de Buenos Aires, Axel Kicillof, cruz\u00f3 al ministro de Econom\u00eda de la Naci\u00f3n, Luis\u2026","rel":"","context":"En \u00abINTERES GENERAL\u00bb","block_context":{"text":"INTERES GENERAL","link":"https:\/\/larevistadigital.com.ar\/blog\/category\/interes-general\/"},"img":{"alt_text":"","src":"https:\/\/i0.wp.com\/larevistadigital.com.ar\/blog\/wp-content\/uploads\/Captura-de-pantalla-2025-09-24-185654.jpg?fit=624%2C353&ssl=1&resize=350%2C200","width":350,"height":200,"srcset":"https:\/\/i0.wp.com\/larevistadigital.com.ar\/blog\/wp-content\/uploads\/Captura-de-pantalla-2025-09-24-185654.jpg?fit=624%2C353&ssl=1&resize=350%2C200 1x, https:\/\/i0.wp.com\/larevistadigital.com.ar\/blog\/wp-content\/uploads\/Captura-de-pantalla-2025-09-24-185654.jpg?fit=624%2C353&ssl=1&resize=525%2C300 1.5x"},"classes":[]},{"id":32885,"url":"https:\/\/larevistadigital.com.ar\/blog\/el-gobernador-kicillof-analizo-el-resultado-de-las-paso-con-su-gabinete\/","url_meta":{"origin":39028,"position":2},"title":"EL GOBERNADOR KICILLOF ANALIZ\u00d3 EL RESULTADO DE LAS PASO CON SU GABINETE","author":"Alejandro Sosa Ruda","date":"16 agosto, 2023","format":false,"excerpt":"El gobernador bonaerense repas\u00f3 los principales hitos de la gesti\u00f3n en cada municipio y analiz\u00f3 la agenda de trabajo del pr\u00f3ximo trimestre. 16 de agosto de 2023 El gobernador bonaerense,\u00a0Axel Kicillof, analiz\u00f3 este lunes con su gabinete el resultado de las elecciones PASO en la provincia de Buenos Aires, en\u2026","rel":"","context":"En \u00abDESTACADAS\u00bb","block_context":{"text":"DESTACADAS","link":"https:\/\/larevistadigital.com.ar\/blog\/category\/destacadas\/"},"img":{"alt_text":"","src":"https:\/\/i0.wp.com\/larevistadigital.com.ar\/blog\/wp-content\/uploads\/64dabd6c54003_1200.jpg?fit=1200%2C675&ssl=1&resize=350%2C200","width":350,"height":200,"srcset":"https:\/\/i0.wp.com\/larevistadigital.com.ar\/blog\/wp-content\/uploads\/64dabd6c54003_1200.jpg?fit=1200%2C675&ssl=1&resize=350%2C200 1x, https:\/\/i0.wp.com\/larevistadigital.com.ar\/blog\/wp-content\/uploads\/64dabd6c54003_1200.jpg?fit=1200%2C675&ssl=1&resize=525%2C300 1.5x, https:\/\/i0.wp.com\/larevistadigital.com.ar\/blog\/wp-content\/uploads\/64dabd6c54003_1200.jpg?fit=1200%2C675&ssl=1&resize=700%2C400 2x, https:\/\/i0.wp.com\/larevistadigital.com.ar\/blog\/wp-content\/uploads\/64dabd6c54003_1200.jpg?fit=1200%2C675&ssl=1&resize=1050%2C600 3x"},"classes":[]},{"id":30162,"url":"https:\/\/larevistadigital.com.ar\/blog\/diego-santilli-anunciara-hoy-su-candidatura-a-gobernador-de-la-provincia-de-buenos-aires-por-juntos-por-el-cambio\/","url_meta":{"origin":39028,"position":3},"title":"DIEGO SANTILLI ANUNCIAR\u00c1 HOY SU CANDIDATURA A GOBERNADOR DE LA PROVINCIA DE BUENOS AIRES POR JUNTOS POR EL CAMBIO","author":"Alejandro Sosa Ruda","date":"15 febrero, 2023","format":false,"excerpt":"El dirigente del PRO lo har\u00e1 con un mensaje en sus redes sociales. Tiene previsto reforzar sus recorridas por el interior de la provincia y el conurbano, con eje en temas como \"producci\u00f3n y trabajo, seguridad y calidad educativa\". 15 de febrero de 2023 El diputado nacional Diego Santilli har\u00e1\u2026","rel":"","context":"En \u00abINTERES GENERAL\u00bb","block_context":{"text":"INTERES GENERAL","link":"https:\/\/larevistadigital.com.ar\/blog\/category\/interes-general\/"},"img":{"alt_text":"","src":"https:\/\/i0.wp.com\/larevistadigital.com.ar\/blog\/wp-content\/uploads\/Captura-de-pantalla-2023-02-15-115027.jpg?fit=809%2C481&ssl=1&resize=350%2C200","width":350,"height":200,"srcset":"https:\/\/i0.wp.com\/larevistadigital.com.ar\/blog\/wp-content\/uploads\/Captura-de-pantalla-2023-02-15-115027.jpg?fit=809%2C481&ssl=1&resize=350%2C200 1x, https:\/\/i0.wp.com\/larevistadigital.com.ar\/blog\/wp-content\/uploads\/Captura-de-pantalla-2023-02-15-115027.jpg?fit=809%2C481&ssl=1&resize=525%2C300 1.5x, https:\/\/i0.wp.com\/larevistadigital.com.ar\/blog\/wp-content\/uploads\/Captura-de-pantalla-2023-02-15-115027.jpg?fit=809%2C481&ssl=1&resize=700%2C400 2x"},"classes":[]},{"id":20402,"url":"https:\/\/larevistadigital.com.ar\/blog\/se-eligieron-las-nuevas-autoridades-del-partido-gen-de-la-provincia-de-buenos-aires\/","url_meta":{"origin":39028,"position":4},"title":"SE ELIGIERON LAS NUEVAS AUTORIDADES DEL PARTIDO GEN DE LA PROVINCIA DE BUENOS AIRES","author":"Alejandro Sosa Ruda","date":"21 mayo, 2021","format":false,"excerpt":"Se desarroll\u00f3 en la ma\u00f1ana del pasado s\u00e1bado 15 de mayo, de manera virtual, el Congreso extraordinario del Partido GEN de la Provincia de Buenos Aires. Con la apertura de Liliana Piani, Presidenta saliente, quien pidi\u00f3 homenaje a Miguel Lifschitz y a los fallecidos en pandemia. Cerr\u00f3 sus palabras con\u2026","rel":"","context":"En \u00abINTERES GENERAL\u00bb","block_context":{"text":"INTERES GENERAL","link":"https:\/\/larevistadigital.com.ar\/blog\/category\/interes-general\/"},"img":{"alt_text":"","src":"https:\/\/i0.wp.com\/larevistadigital.com.ar\/blog\/wp-content\/uploads\/unnamed-8.jpg?fit=512%2C288&ssl=1&resize=350%2C200","width":350,"height":200},"classes":[]},{"id":34283,"url":"https:\/\/larevistadigital.com.ar\/blog\/destacan-el-notable-acompanamiento-migrante-al-gobernador-kicillof-en-la-pcia-de-bs-as\/","url_meta":{"origin":39028,"position":5},"title":"DESTACAN EL \u00abNOTABLE ACOMPA\u00d1AMIENTO MIGRANTE\u00bb AL GOBERNADOR KICILLOF EN LA PCIA. DE BS.AS.","author":"Alejandro Sosa Ruda","date":"31 octubre, 2023","format":false,"excerpt":"As\u00ed lo expres\u00f3 la directora de Migraciones Internacionales bonaerense, Manuela Hoya. Record\u00f3 que en territorio provincial, \"hay un mill\u00f3n de electores\" extranjeros \"tienen derecho a votar a todos los cuerpos provinciales\". 31 de Octubre de 2023 BUENOS AIRES -\u00a0 Manuela Hoya, la directora de Migraciones Internacionales de la provincia de\u2026","rel":"","context":"En \u00abDESTACADAS\u00bb","block_context":{"text":"DESTACADAS","link":"https:\/\/larevistadigital.com.ar\/blog\/category\/destacadas\/"},"img":{"alt_text":"","src":"https:\/\/i0.wp.com\/larevistadigital.com.ar\/blog\/wp-content\/uploads\/Captura-de-pantalla-2023-10-31-143707.png?fit=1060%2C529&ssl=1&resize=350%2C200","width":350,"height":200,"srcset":"https:\/\/i0.wp.com\/larevistadigital.com.ar\/blog\/wp-content\/uploads\/Captura-de-pantalla-2023-10-31-143707.png?fit=1060%2C529&ssl=1&resize=350%2C200 1x, https:\/\/i0.wp.com\/larevistadigital.com.ar\/blog\/wp-content\/uploads\/Captura-de-pantalla-2023-10-31-143707.png?fit=1060%2C529&ssl=1&resize=525%2C300 1.5x, https:\/\/i0.wp.com\/larevistadigital.com.ar\/blog\/wp-content\/uploads\/Captura-de-pantalla-2023-10-31-143707.png?fit=1060%2C529&ssl=1&resize=700%2C400 2x, https:\/\/i0.wp.com\/larevistadigital.com.ar\/blog\/wp-content\/uploads\/Captura-de-pantalla-2023-10-31-143707.png?fit=1060%2C529&ssl=1&resize=1050%2C600 3x"},"classes":[]}],"_links":{"self":[{"href":"https:\/\/larevistadigital.com.ar\/blog\/wp-json\/wp\/v2\/posts\/39028","targetHints":{"allow":["GET"]}}],"collection":[{"href":"https:\/\/larevistadigital.com.ar\/blog\/wp-json\/wp\/v2\/posts"}],"about":[{"href":"https:\/\/larevistadigital.com.ar\/blog\/wp-json\/wp\/v2\/types\/post"}],"author":[{"embeddable":true,"href":"https:\/\/larevistadigital.com.ar\/blog\/wp-json\/wp\/v2\/users\/3"}],"replies":[{"embeddable":true,"href":"https:\/\/larevistadigital.com.ar\/blog\/wp-json\/wp\/v2\/comments?post=39028"}],"version-history":[{"count":1,"href":"https:\/\/larevistadigital.com.ar\/blog\/wp-json\/wp\/v2\/posts\/39028\/revisions"}],"predecessor-version":[{"id":39030,"href":"https:\/\/larevistadigital.com.ar\/blog\/wp-json\/wp\/v2\/posts\/39028\/revisions\/39030"}],"wp:featuredmedia":[{"embeddable":true,"href":"https:\/\/larevistadigital.com.ar\/blog\/wp-json\/wp\/v2\/media\/39029"}],"wp:attachment":[{"href":"https:\/\/larevistadigital.com.ar\/blog\/wp-json\/wp\/v2\/media?parent=39028"}],"wp:term":[{"taxonomy":"category","embeddable":true,"href":"https:\/\/larevistadigital.com.ar\/blog\/wp-json\/wp\/v2\/categories?post=39028"},{"taxonomy":"post_tag","embeddable":true,"href":"https:\/\/larevistadigital.com.ar\/blog\/wp-json\/wp\/v2\/tags?post=39028"}],"curies":[{"name":"wp","href":"https:\/\/api.w.org\/{rel}","templated":true}]}}