{"id":39058,"date":"2025-03-22T14:57:12","date_gmt":"2025-03-22T17:57:12","guid":{"rendered":"https:\/\/larevistadigital.com.ar\/blog\/?p=39058"},"modified":"2025-03-22T15:05:49","modified_gmt":"2025-03-22T18:05:49","slug":"fue-citado-a-indagatoria-el-conductor-de-una-moto-que-realizaba-maniobras-peligrosas","status":"publish","type":"post","link":"https:\/\/larevistadigital.com.ar\/blog\/fue-citado-a-indagatoria-el-conductor-de-una-moto-que-realizaba-maniobras-peligrosas\/","title":{"rendered":"Fue citado a indagatoria el conductor de una moto que realizaba maniobras peligrosas"},"content":{"rendered":"<h3 class=\"post_title\"><span style=\"font-size: 16px\">La imputaci\u00f3n surge de una denuncia de la Secretar\u00eda de Seguridad Ciudadana.<\/span><\/h3>\n<div class=\"post_content page_margin_top_section clearfix\">\n<div class=\"content_box\">\n<p>22 de Marzo de 2025<\/p>\n<div id=\"miDiv1\" class=\"text\">\n<p><strong>CHASCOM\u00daS &#8211;\u00a0<\/strong> \u00a0La Unidad Fiscal Descentralizada N\u00b0 10, a cargo del fiscal <strong>Jonathan Robert<\/strong>, cit\u00f3 a indagatoria a un motociclista que realizaba maniobras de alto riesgo en la zona de la costanera de Chascom\u00fas.<\/p>\n<blockquote>\n<h3>La imputaci\u00f3n se llev\u00f3 a cabo a partir de una denuncia presentada por la Direcci\u00f3n de Prevenci\u00f3n del Delito y las Violencias, dependiente de la Secretar\u00eda de Seguridad Ciudadana.<\/h3>\n<\/blockquote>\n<p>El registro <strong>obtenido por el Laboratorio de Im\u00e1genes del Centro de Monitoreo Municipal permiti\u00f3 identificar al infractor<\/strong>, quien, seg\u00fan se indic\u00f3, realizaba maniobras peligrosas de manera recurrente, poniendo en riesgo tanto su integridad como la de peatones y otros conductores.<\/p>\n<p>La citaci\u00f3n se enmarca en el art\u00edculo 308 del C\u00f3digo Procesal Penal provincial, y se inform\u00f3 que existen otras causas y denuncias en curso por hechos similares.<\/p>\n<\/div>\n<\/div>\n<\/div>\n","protected":false},"excerpt":{"rendered":"<div class=\"mh-excerpt\"><p>La imputaci\u00f3n surge de una denuncia de la Secretar\u00eda de Seguridad Ciudadana. 22 de Marzo de 2025 CHASCOM\u00daS &#8211;\u00a0 \u00a0La Unidad Fiscal Descentralizada N\u00b0 10, a cargo del fiscal Jonathan Robert, cit\u00f3 a indagatoria a <a class=\"mh-excerpt-more\" href=\"https:\/\/larevistadigital.com.ar\/blog\/fue-citado-a-indagatoria-el-conductor-de-una-moto-que-realizaba-maniobras-peligrosas\/\" title=\"Fue citado a indagatoria el conductor de una moto que realizaba maniobras peligrosas\">[Leer M\u00e1s]<\/a><\/p>\n<\/div>","protected":false},"author":3,"featured_media":39059,"comment_status":"open","ping_status":"open","sticky":false,"template":"","format":"standard","meta":{"_jetpack_memberships_contains_paid_content":false,"footnotes":"","jetpack_publicize_message":"","jetpack_publicize_feature_enabled":true,"jetpack_social_post_already_shared":true,"jetpack_social_options":{"image_generator_settings":{"template":"highway","default_image_id":0,"font":"","enabled":false},"version":2}},"categories":[41,44],"tags":[],"class_list":{"0":"post-39058","1":"post","2":"type-post","3":"status-publish","4":"format-standard","5":"has-post-thumbnail","7":"category-destacadas","8":"category-policiales"},"jetpack_publicize_connections":[],"jetpack_featured_media_url":"https:\/\/i0.wp.com\/larevistadigital.com.ar\/blog\/wp-content\/uploads\/67dd9dc9d963f.png?fit=668%2C445&ssl=1","jetpack_sharing_enabled":true,"jetpack_shortlink":"https:\/\/wp.me\/p8qtrQ-a9Y","jetpack-related-posts":[{"id":41498,"url":"https:\/\/larevistadigital.com.ar\/blog\/chascomus-imputan-penalmente-a-un-joven-por-realizar-maniobras-peligrosas\/","url_meta":{"origin":39058,"position":0},"title":"Chascom\u00fas: Imputan penalmente a un joven por realizar maniobras peligrosas","author":"Alejandro Sosa Ruda","date":"18 septiembre, 2025","format":false,"excerpt":"Un joven fue citado a indagatoria tras una investigaci\u00f3n realizada con im\u00e1genes de c\u00e1maras del Centro de Monitoreo municipal. 18 de Septiembre de 2025 CHASCOM\u00daS -\u00a0 \u00a0La Fiscal\u00eda descentralizada de Chascom\u00fas, a cargo del Dr. Jonathan Robert (UFID N\u00b010), inici\u00f3 una a partir de una denuncia del director de Prevenci\u00f3n\u2026","rel":"","context":"En \u00abDESTACADAS\u00bb","block_context":{"text":"DESTACADAS","link":"https:\/\/larevistadigital.com.ar\/blog\/category\/destacadas\/"},"img":{"alt_text":"","src":"https:\/\/i0.wp.com\/larevistadigital.com.ar\/blog\/wp-content\/uploads\/68cc42715abda.png?fit=668%2C445&ssl=1&resize=350%2C200","width":350,"height":200,"srcset":"https:\/\/i0.wp.com\/larevistadigital.com.ar\/blog\/wp-content\/uploads\/68cc42715abda.png?fit=668%2C445&ssl=1&resize=350%2C200 1x, https:\/\/i0.wp.com\/larevistadigital.com.ar\/blog\/wp-content\/uploads\/68cc42715abda.png?fit=668%2C445&ssl=1&resize=525%2C300 1.5x"},"classes":[]},{"id":38065,"url":"https:\/\/larevistadigital.com.ar\/blog\/excelente-medida-se-hicieron-allanamientos-por-maniobras-peligrosas-en-moto\/","url_meta":{"origin":39058,"position":1},"title":"Excelente medida: Se hicieron allanamientos por maniobras peligrosas en moto","author":"Alejandro Sosa Ruda","date":"1 diciembre, 2024","format":false,"excerpt":"Tras detectarse las infracciones, se secuestraron veh\u00edculos y avanzan imputaciones penales contra los conductores. 01 de diciembre de 2024 CHASCOM\u00daS\u00a0 -\u00a0 En el marco de una serie de operativos destinados a erradicar las maniobras peligrosas realizadas en motocicletas, se llevaron a cabo allanamientos en los barrios La Concordia y El\u2026","rel":"","context":"En \u00abCHASCOM\u00daS\u00bb","block_context":{"text":"CHASCOM\u00daS","link":"https:\/\/larevistadigital.com.ar\/blog\/category\/chascomus\/"},"img":{"alt_text":"","src":"https:\/\/i0.wp.com\/larevistadigital.com.ar\/blog\/wp-content\/uploads\/6749f2a192325.png?fit=668%2C445&ssl=1&resize=350%2C200","width":350,"height":200,"srcset":"https:\/\/i0.wp.com\/larevistadigital.com.ar\/blog\/wp-content\/uploads\/6749f2a192325.png?fit=668%2C445&ssl=1&resize=350%2C200 1x, https:\/\/i0.wp.com\/larevistadigital.com.ar\/blog\/wp-content\/uploads\/6749f2a192325.png?fit=668%2C445&ssl=1&resize=525%2C300 1.5x"},"classes":[]},{"id":35763,"url":"https:\/\/larevistadigital.com.ar\/blog\/chascomus-denuncia-y-retencion-de-motovehiculos-a-conductores-que-realizan-maniobras-peligrosas\/","url_meta":{"origin":39058,"position":2},"title":"CHASCOM\u00daS: DENUNCIA Y RETENCI\u00d3N DE MOTOVEH\u00cdCULOS A CONDUCTORES QUE REALIZAN MANIOBRAS PELIGROSAS","author":"Alejandro Sosa Ruda","date":"5 abril, 2024","format":false,"excerpt":"La Municipalidad present\u00f3 denuncias penales contra vecinos que circulaban por la v\u00eda p\u00fablica poniendo en riesgo a otros conductores. 5 de abril de 2024 CHASCOM\u00daS -\u00a0 Las c\u00e1maras del Centro de Monitoreo captaron a un conductor que circulaba parado sobre el asiento de una motocicleta en la avenida Presidente Alfons\u00edn.\u2026","rel":"","context":"En \u00abCHASCOM\u00daS\u00bb","block_context":{"text":"CHASCOM\u00daS","link":"https:\/\/larevistadigital.com.ar\/blog\/category\/chascomus\/"},"img":{"alt_text":"","src":"https:\/\/i0.wp.com\/larevistadigital.com.ar\/blog\/wp-content\/uploads\/CENTRO-DE-MONITOREO.jpg?fit=600%2C400&ssl=1&resize=350%2C200","width":350,"height":200,"srcset":"https:\/\/i0.wp.com\/larevistadigital.com.ar\/blog\/wp-content\/uploads\/CENTRO-DE-MONITOREO.jpg?fit=600%2C400&ssl=1&resize=350%2C200 1x, https:\/\/i0.wp.com\/larevistadigital.com.ar\/blog\/wp-content\/uploads\/CENTRO-DE-MONITOREO.jpg?fit=600%2C400&ssl=1&resize=525%2C300 1.5x"},"classes":[]},{"id":38889,"url":"https:\/\/larevistadigital.com.ar\/blog\/chascomus-por-imagenes-de-monitoreo-se-logro-identificar-allanar-e-imputar-a-un-individuo-que-realizo-maniobras-peligrosas-con-su-moto\/","url_meta":{"origin":39058,"position":3},"title":"Chascom\u00fas: Por imagenes de Monitoreo, se logr\u00f3 identificar, allanar e imputar a un individuo que realiz\u00f3 maniobras peligrosas con su moto","author":"Alejandro Sosa Ruda","date":"27 febrero, 2025","format":false,"excerpt":"El imputado, est\u00e1 acusado de atentar contra la seguridad de los vecinos por realizar maniobras temerarias con su moto. 27 de Febrero de 2025 CHASCOM\u00daS -\u00a0 En horas de la tarde y como culminaci\u00f3n de una investigaci\u00f3n iniciada por la secretaria de Seguridad respecto de personas que circulan a bordo\u2026","rel":"","context":"En \u00abDESTACADAS\u00bb","block_context":{"text":"DESTACADAS","link":"https:\/\/larevistadigital.com.ar\/blog\/category\/destacadas\/"},"img":{"alt_text":"","src":"https:\/\/i0.wp.com\/larevistadigital.com.ar\/blog\/wp-content\/uploads\/POLICIA.png?fit=1002%2C658&ssl=1&resize=350%2C200","width":350,"height":200,"srcset":"https:\/\/i0.wp.com\/larevistadigital.com.ar\/blog\/wp-content\/uploads\/POLICIA.png?fit=1002%2C658&ssl=1&resize=350%2C200 1x, https:\/\/i0.wp.com\/larevistadigital.com.ar\/blog\/wp-content\/uploads\/POLICIA.png?fit=1002%2C658&ssl=1&resize=525%2C300 1.5x, https:\/\/i0.wp.com\/larevistadigital.com.ar\/blog\/wp-content\/uploads\/POLICIA.png?fit=1002%2C658&ssl=1&resize=700%2C400 2x"},"classes":[]},{"id":42519,"url":"https:\/\/larevistadigital.com.ar\/blog\/chascomus-retencion-de-cuatriciclos-que-realizaban-maniobras-peligrosas\/","url_meta":{"origin":39058,"position":4},"title":"Chascom\u00fas: Retenci\u00f3n de cuatriciclos que realizaban maniobras peligrosas","author":"Alejandro Sosa Ruda","date":"17 noviembre, 2025","format":false,"excerpt":"Personal municipal intervino luego de una alerta vecinal. 17 de Noviembre de 2025 CHASCOM\u00daS -\u00a0 \u00a0Un aviso recibido el domingo a trav\u00e9s del sistema \u201cOjos en Alerta\u201d activ\u00f3 un operativo conjunto entre el Centro de Monitoreo, la Patrulla Municipal e Inspector\u00eda, que termin\u00f3 con infracciones, retenciones y el secuestro de\u2026","rel":"","context":"En \u00abINTERES GENERAL\u00bb","block_context":{"text":"INTERES GENERAL","link":"https:\/\/larevistadigital.com.ar\/blog\/category\/interes-general\/"},"img":{"alt_text":"","src":"https:\/\/i0.wp.com\/larevistadigital.com.ar\/blog\/wp-content\/uploads\/691b584f69391.png?fit=668%2C445&ssl=1&resize=350%2C200","width":350,"height":200,"srcset":"https:\/\/i0.wp.com\/larevistadigital.com.ar\/blog\/wp-content\/uploads\/691b584f69391.png?fit=668%2C445&ssl=1&resize=350%2C200 1x, https:\/\/i0.wp.com\/larevistadigital.com.ar\/blog\/wp-content\/uploads\/691b584f69391.png?fit=668%2C445&ssl=1&resize=525%2C300 1.5x"},"classes":[]},{"id":42433,"url":"https:\/\/larevistadigital.com.ar\/blog\/secuestran-dos-motos-por-realizar-maniobras-peligrosas-en-el-casco-urbano-de-chascomus\/","url_meta":{"origin":39058,"position":5},"title":"Secuestran dos motos por realizar maniobras peligrosas en el casco urbano de Chascom\u00fas","author":"Alejandro Sosa Ruda","date":"8 noviembre, 2025","format":false,"excerpt":"Se lleg\u00f3 por una denuncia del municipio y con el trabajo de las C\u00e1maras del Centro de Monitoreo. 08 de Noviembre de 2025 CHASCOM\u00daS\u00a0 -\u00a0 \u00a0La SubDDI Chascom\u00fas llev\u00f3 adelante un importante operativo que culmin\u00f3 con el secuestro de dos motocicletas tipo enduro o motocross, utilizadas por sus conductores para\u2026","rel":"","context":"En \u00abCHASCOM\u00daS\u00bb","block_context":{"text":"CHASCOM\u00daS","link":"https:\/\/larevistadigital.com.ar\/blog\/category\/chascomus\/"},"img":{"alt_text":"","src":"https:\/\/i0.wp.com\/larevistadigital.com.ar\/blog\/wp-content\/uploads\/Captura-de-pantalla-2025-11-08-161024.jpg?fit=407%2C256&ssl=1&resize=350%2C200","width":350,"height":200},"classes":[]}],"_links":{"self":[{"href":"https:\/\/larevistadigital.com.ar\/blog\/wp-json\/wp\/v2\/posts\/39058","targetHints":{"allow":["GET"]}}],"collection":[{"href":"https:\/\/larevistadigital.com.ar\/blog\/wp-json\/wp\/v2\/posts"}],"about":[{"href":"https:\/\/larevistadigital.com.ar\/blog\/wp-json\/wp\/v2\/types\/post"}],"author":[{"embeddable":true,"href":"https:\/\/larevistadigital.com.ar\/blog\/wp-json\/wp\/v2\/users\/3"}],"replies":[{"embeddable":true,"href":"https:\/\/larevistadigital.com.ar\/blog\/wp-json\/wp\/v2\/comments?post=39058"}],"version-history":[{"count":4,"href":"https:\/\/larevistadigital.com.ar\/blog\/wp-json\/wp\/v2\/posts\/39058\/revisions"}],"predecessor-version":[{"id":39063,"href":"https:\/\/larevistadigital.com.ar\/blog\/wp-json\/wp\/v2\/posts\/39058\/revisions\/39063"}],"wp:featuredmedia":[{"embeddable":true,"href":"https:\/\/larevistadigital.com.ar\/blog\/wp-json\/wp\/v2\/media\/39059"}],"wp:attachment":[{"href":"https:\/\/larevistadigital.com.ar\/blog\/wp-json\/wp\/v2\/media?parent=39058"}],"wp:term":[{"taxonomy":"category","embeddable":true,"href":"https:\/\/larevistadigital.com.ar\/blog\/wp-json\/wp\/v2\/categories?post=39058"},{"taxonomy":"post_tag","embeddable":true,"href":"https:\/\/larevistadigital.com.ar\/blog\/wp-json\/wp\/v2\/tags?post=39058"}],"curies":[{"name":"wp","href":"https:\/\/api.w.org\/{rel}","templated":true}]}}