{"id":39064,"date":"2025-03-22T15:12:56","date_gmt":"2025-03-22T18:12:56","guid":{"rendered":"https:\/\/larevistadigital.com.ar\/blog\/?p=39064"},"modified":"2025-03-22T15:12:56","modified_gmt":"2025-03-22T18:12:56","slug":"la-muni-cerca-llega-al-barrio-lomas-altas-25-y-26-de-marzo","status":"publish","type":"post","link":"https:\/\/larevistadigital.com.ar\/blog\/la-muni-cerca-llega-al-barrio-lomas-altas-25-y-26-de-marzo\/","title":{"rendered":"La Muni Cerca llega al barrio Lomas Altas (25 Y 26 de Marzo)"},"content":{"rendered":"<h3 class=\"excerpt\">El programa, impulsado por la Municipalidad de Chascom\u00fas, busca descentralizar la gesti\u00f3n y facilitar el acceso a tr\u00e1mites.<\/h3>\n<div id=\"miDiv1\" class=\"text\">\n<p>22 De Marzo de 2025<\/p>\n<p><strong>CHASCOM\u00daS &#8211;<\/strong>\u00a0 El programa <strong>\u00abLa Muni Cerca\u00bb<\/strong> se realizar\u00e1 en el barrio Lomas Altas los d\u00edas martes 25 y mi\u00e9rcoles 26 de este mes.<\/p>\n<blockquote>\n<h3>El operativo se desarrollar\u00e1 en la plaza barrial, ubicada en Las Casuarinas entre Los Arrayanes y Los Casta\u00f1os, en el horario de 9 a 13 horas.<\/h3>\n<\/blockquote>\n<p><strong><span style=\"color: #ff0000\">All\u00ed, se podr\u00e1n realizar tr\u00e1mites relacionados con diversas \u00e1reas municipales:<\/span><\/strong><\/p>\n<p><strong>Atenci\u00f3n al Vecino:<\/strong> Se toman reclamos, dudas, consultas de los servicios brindados por la Municipalidad: espacios verdes, vialidad, obras sanitarias, alumbrado p\u00fablico, higiene urbana, servicio medido, obras privadas y ambiente.<\/p>\n<p><strong>Defensa del Consumidor:<\/strong> Se toman reclamos a consumidores finales (quien compra para uso particular o familiar) donde este se haya visto perjudicado, por ejemplo que el producto presente un desperfecto, Se realizan tr\u00e1mites sobre subsidios luz y gas.<\/p>\n<p><strong>Habilitaciones:<\/strong> asesoramiento, inicio de tr\u00e1mite, renovar REBA.<\/p>\n<p><strong>H\u00e1bitat y vivienda:<\/strong> Escrituraciones, eximici\u00f3n de impuestos, informaci\u00f3n sobre registro de demanda.<\/p>\n<p><strong>Ingresos P\u00fablicos:<\/strong> consulta de deuda, emisi\u00f3n de recibos para el pago de tasas, realizaci\u00f3n de planes de pago.<\/p>\n<p><strong>Licencia de Conducir:<\/strong> Informaci\u00f3n sobre los distintos tr\u00e1mites de las licencias de conducir.<\/p>\n<\/div>\n","protected":false},"excerpt":{"rendered":"<div class=\"mh-excerpt\"><p>El programa, impulsado por la Municipalidad de Chascom\u00fas, busca descentralizar la gesti\u00f3n y facilitar el acceso a tr\u00e1mites. 22 De Marzo de 2025 CHASCOM\u00daS &#8211;\u00a0 El programa \u00abLa Muni Cerca\u00bb se realizar\u00e1 en el barrio <a class=\"mh-excerpt-more\" href=\"https:\/\/larevistadigital.com.ar\/blog\/la-muni-cerca-llega-al-barrio-lomas-altas-25-y-26-de-marzo\/\" title=\"La Muni Cerca llega al barrio Lomas Altas (25 Y 26 de Marzo)\">[Leer M\u00e1s]<\/a><\/p>\n<\/div>","protected":false},"author":3,"featured_media":39065,"comment_status":"open","ping_status":"open","sticky":false,"template":"","format":"standard","meta":{"_jetpack_memberships_contains_paid_content":false,"footnotes":"","jetpack_publicize_message":"","jetpack_publicize_feature_enabled":true,"jetpack_social_post_already_shared":true,"jetpack_social_options":{"image_generator_settings":{"template":"highway","default_image_id":0,"font":"","enabled":false},"version":2}},"categories":[6,50],"tags":[],"class_list":{"0":"post-39064","1":"post","2":"type-post","3":"status-publish","4":"format-standard","5":"has-post-thumbnail","7":"category-chascomus","8":"category-interes-general"},"jetpack_publicize_connections":[],"jetpack_featured_media_url":"https:\/\/i0.wp.com\/larevistadigital.com.ar\/blog\/wp-content\/uploads\/67dd9e497ee14.png?fit=668%2C445&ssl=1","jetpack_sharing_enabled":true,"jetpack_shortlink":"https:\/\/wp.me\/p8qtrQ-aa4","jetpack-related-posts":[{"id":41383,"url":"https:\/\/larevistadigital.com.ar\/blog\/chascomus-la-muni-cerca-en-el-barrio-lomas-altas\/","url_meta":{"origin":39064,"position":0},"title":"Chascom\u00fas: La muni cerca, en el barrio Lomas Altas","author":"Alejandro Sosa Ruda","date":"10 septiembre, 2025","format":false,"excerpt":"A trav\u00e9s de esta iniciativa, la Municipalidad busca facilitar el acceso a gestiones municipales y continuar promoviendo el acercamiento con los vecinos en distintos puntos del distrito. 10 de Septiembre de 2025 CHASCOM\u00daS -\u00a0 El martes 16 y el mi\u00e9rcoles 17 se realizar\u00e1 una nueva edici\u00f3n de \u201cLa Muni Cerca\u201d,\u2026","rel":"","context":"En \u00abCHASCOM\u00daS\u00bb","block_context":{"text":"CHASCOM\u00daS","link":"https:\/\/larevistadigital.com.ar\/blog\/category\/chascomus\/"},"img":{"alt_text":"","src":"https:\/\/i0.wp.com\/larevistadigital.com.ar\/blog\/wp-content\/uploads\/68c1a4ce23c95.png?fit=668%2C445&ssl=1&resize=350%2C200","width":350,"height":200,"srcset":"https:\/\/i0.wp.com\/larevistadigital.com.ar\/blog\/wp-content\/uploads\/68c1a4ce23c95.png?fit=668%2C445&ssl=1&resize=350%2C200 1x, https:\/\/i0.wp.com\/larevistadigital.com.ar\/blog\/wp-content\/uploads\/68c1a4ce23c95.png?fit=668%2C445&ssl=1&resize=525%2C300 1.5x"},"classes":[]},{"id":45014,"url":"https:\/\/larevistadigital.com.ar\/blog\/chascomus-la-muni-cerca-lleva-servicios-al-barrio-san-nicolas\/","url_meta":{"origin":39064,"position":1},"title":"Chascom\u00fas: \u00abLa Muni Cerca\u00bb lleva servicios al barrio San Nicol\u00e1s","author":"Alejandro Sosa Ruda","date":"8 abril, 2026","format":false,"excerpt":"La jornada ofrecer\u00e1 atenci\u00f3n directa, asesoramiento y gesti\u00f3n de tr\u00e1mites. 08 de abril de 2026 CHASCOM\u00daS -\u00a0 \u00a0El pr\u00f3ximo viernes se realizar\u00e1 una nueva edici\u00f3n de \u201cLa Muni Cerca\u201d, el programa que acerca servicios a los vecinos. El equipo municipal estar\u00e1 disponible en el \u00e1rea de ingreso al barrio San\u2026","rel":"","context":"En \u00abCHASCOM\u00daS\u00bb","block_context":{"text":"CHASCOM\u00daS","link":"https:\/\/larevistadigital.com.ar\/blog\/category\/chascomus\/"},"img":{"alt_text":"","src":"https:\/\/i0.wp.com\/larevistadigital.com.ar\/blog\/wp-content\/uploads\/69d696d092295.png?fit=668%2C445&ssl=1&resize=350%2C200","width":350,"height":200,"srcset":"https:\/\/i0.wp.com\/larevistadigital.com.ar\/blog\/wp-content\/uploads\/69d696d092295.png?fit=668%2C445&ssl=1&resize=350%2C200 1x, https:\/\/i0.wp.com\/larevistadigital.com.ar\/blog\/wp-content\/uploads\/69d696d092295.png?fit=668%2C445&ssl=1&resize=525%2C300 1.5x"},"classes":[]},{"id":42262,"url":"https:\/\/larevistadigital.com.ar\/blog\/chascomus-la-muni-cerca-lleva-servicios-al-barrio-la-noria\/","url_meta":{"origin":39064,"position":2},"title":"Chascom\u00fas: La Muni Cerca lleva servicios al barrio La Noria","author":"Alejandro Sosa Ruda","date":"29 octubre, 2025","format":false,"excerpt":"El programa municipal acerca servicios y gestiones a los vecinos de toda la ciudad y de la zona rural. La pr\u00f3xima semana se realizar\u00e1 una nueva edici\u00f3n de La Muni Cerca en la sede barrial de La Noria. El programa estar\u00e1 disponible el mi\u00e9rcoles 5 y jueves 6 de noviembre,\u2026","rel":"","context":"En \u00abCHASCOM\u00daS\u00bb","block_context":{"text":"CHASCOM\u00daS","link":"https:\/\/larevistadigital.com.ar\/blog\/category\/chascomus\/"},"img":{"alt_text":"","src":"https:\/\/i0.wp.com\/larevistadigital.com.ar\/blog\/wp-content\/uploads\/690254a943a69.png?fit=668%2C445&ssl=1&resize=350%2C200","width":350,"height":200,"srcset":"https:\/\/i0.wp.com\/larevistadigital.com.ar\/blog\/wp-content\/uploads\/690254a943a69.png?fit=668%2C445&ssl=1&resize=350%2C200 1x, https:\/\/i0.wp.com\/larevistadigital.com.ar\/blog\/wp-content\/uploads\/690254a943a69.png?fit=668%2C445&ssl=1&resize=525%2C300 1.5x"},"classes":[]},{"id":42073,"url":"https:\/\/larevistadigital.com.ar\/blog\/chascomus-la-muni-cerca-lleva-servicios-a-don-cipriano\/","url_meta":{"origin":39064,"position":3},"title":"Chascom\u00fas: La Muni Cerca lleva servicios a Don Cipriano","author":"Alejandro Sosa Ruda","date":"17 octubre, 2025","format":false,"excerpt":"El pr\u00f3ximo mi\u00e9rcoles 22 se realizar\u00e1 una nueva edici\u00f3n de \u201cLa Muni Cerca\u201d, el programa municipal que acerca servicios y gestiones a los vecinos. 17 de Octubre de 2025 CHASCOM\u00daS -\u00a0 \u00a0El programa estar\u00e1 disponible de 9 a 13 horas en la Escuela Primaria N\u00ba 20 del paraje Don Cipriano.\u2026","rel":"","context":"En \u00abCHASCOM\u00daS\u00bb","block_context":{"text":"CHASCOM\u00daS","link":"https:\/\/larevistadigital.com.ar\/blog\/category\/chascomus\/"},"img":{"alt_text":"","src":"https:\/\/i0.wp.com\/larevistadigital.com.ar\/blog\/wp-content\/uploads\/68f26d5f55ac4.png?fit=668%2C445&ssl=1&resize=350%2C200","width":350,"height":200,"srcset":"https:\/\/i0.wp.com\/larevistadigital.com.ar\/blog\/wp-content\/uploads\/68f26d5f55ac4.png?fit=668%2C445&ssl=1&resize=350%2C200 1x, https:\/\/i0.wp.com\/larevistadigital.com.ar\/blog\/wp-content\/uploads\/68f26d5f55ac4.png?fit=668%2C445&ssl=1&resize=525%2C300 1.5x"},"classes":[]},{"id":44842,"url":"https:\/\/larevistadigital.com.ar\/blog\/chascomus-la-muni-cerca-en-el-barrio-la-esmeralda\/","url_meta":{"origin":39064,"position":4},"title":"Chascom\u00fas: La Muni Cerca en el barrio La Esmeralda","author":"Alejandro Sosa Ruda","date":"31 marzo, 2026","format":false,"excerpt":"Una nueva y convocante edici\u00f3n de este programa que acorta distancias entre los vecinos y la administraci\u00f3n municipal. 31 de marzo de 2026 CHASCOM\u00daS -\u00a0 \u00a0La Muni cerca estar\u00e1 el pr\u00f3ximo lunes 6 de abril, en el barrio La Esmeralda, de 8:30 a 13 horas, donde los vecinos y vecinas\u2026","rel":"","context":"En \u00abCHASCOM\u00daS\u00bb","block_context":{"text":"CHASCOM\u00daS","link":"https:\/\/larevistadigital.com.ar\/blog\/category\/chascomus\/"},"img":{"alt_text":"","src":"https:\/\/i0.wp.com\/larevistadigital.com.ar\/blog\/wp-content\/uploads\/69cbf86842845.png?fit=668%2C445&ssl=1&resize=350%2C200","width":350,"height":200,"srcset":"https:\/\/i0.wp.com\/larevistadigital.com.ar\/blog\/wp-content\/uploads\/69cbf86842845.png?fit=668%2C445&ssl=1&resize=350%2C200 1x, https:\/\/i0.wp.com\/larevistadigital.com.ar\/blog\/wp-content\/uploads\/69cbf86842845.png?fit=668%2C445&ssl=1&resize=525%2C300 1.5x"},"classes":[]},{"id":39713,"url":"https:\/\/larevistadigital.com.ar\/blog\/reprograman-la-actividad-del-programa-la-muni-cerca-en-plaza-la-barraca\/","url_meta":{"origin":39064,"position":5},"title":"Reprograman la actividad del programa La Muni Cerca en Plaza La Barraca","author":"Alejandro Sosa Ruda","date":"8 mayo, 2025","format":false,"excerpt":"Debido a las condiciones clim\u00e1ticas, el programa municipal que acerca servicios y gestiones a los vecinos se realizar\u00e1 el martes 13 y mi\u00e9rcoles 14 de mayo. 08 De Mayo de 2025 CHASCOM\u00daS -\u00a0 La actividad del programa La Muni Cerca, que estaba prevista para los d\u00edas 6 y 7 de\u2026","rel":"","context":"En \u00abCHASCOM\u00daS\u00bb","block_context":{"text":"CHASCOM\u00daS","link":"https:\/\/larevistadigital.com.ar\/blog\/category\/chascomus\/"},"img":{"alt_text":"","src":"https:\/\/i0.wp.com\/larevistadigital.com.ar\/blog\/wp-content\/uploads\/681ce535921dc.png?fit=668%2C445&ssl=1&resize=350%2C200","width":350,"height":200,"srcset":"https:\/\/i0.wp.com\/larevistadigital.com.ar\/blog\/wp-content\/uploads\/681ce535921dc.png?fit=668%2C445&ssl=1&resize=350%2C200 1x, https:\/\/i0.wp.com\/larevistadigital.com.ar\/blog\/wp-content\/uploads\/681ce535921dc.png?fit=668%2C445&ssl=1&resize=525%2C300 1.5x"},"classes":[]}],"_links":{"self":[{"href":"https:\/\/larevistadigital.com.ar\/blog\/wp-json\/wp\/v2\/posts\/39064","targetHints":{"allow":["GET"]}}],"collection":[{"href":"https:\/\/larevistadigital.com.ar\/blog\/wp-json\/wp\/v2\/posts"}],"about":[{"href":"https:\/\/larevistadigital.com.ar\/blog\/wp-json\/wp\/v2\/types\/post"}],"author":[{"embeddable":true,"href":"https:\/\/larevistadigital.com.ar\/blog\/wp-json\/wp\/v2\/users\/3"}],"replies":[{"embeddable":true,"href":"https:\/\/larevistadigital.com.ar\/blog\/wp-json\/wp\/v2\/comments?post=39064"}],"version-history":[{"count":1,"href":"https:\/\/larevistadigital.com.ar\/blog\/wp-json\/wp\/v2\/posts\/39064\/revisions"}],"predecessor-version":[{"id":39066,"href":"https:\/\/larevistadigital.com.ar\/blog\/wp-json\/wp\/v2\/posts\/39064\/revisions\/39066"}],"wp:featuredmedia":[{"embeddable":true,"href":"https:\/\/larevistadigital.com.ar\/blog\/wp-json\/wp\/v2\/media\/39065"}],"wp:attachment":[{"href":"https:\/\/larevistadigital.com.ar\/blog\/wp-json\/wp\/v2\/media?parent=39064"}],"wp:term":[{"taxonomy":"category","embeddable":true,"href":"https:\/\/larevistadigital.com.ar\/blog\/wp-json\/wp\/v2\/categories?post=39064"},{"taxonomy":"post_tag","embeddable":true,"href":"https:\/\/larevistadigital.com.ar\/blog\/wp-json\/wp\/v2\/tags?post=39064"}],"curies":[{"name":"wp","href":"https:\/\/api.w.org\/{rel}","templated":true}]}}