{"id":39067,"date":"2025-03-22T15:20:28","date_gmt":"2025-03-22T18:20:28","guid":{"rendered":"https:\/\/larevistadigital.com.ar\/blog\/?p=39067"},"modified":"2025-03-22T15:20:28","modified_gmt":"2025-03-22T18:20:28","slug":"chascomus-horario-reducido-en-las-cajas-del-palacio-municipal","status":"publish","type":"post","link":"https:\/\/larevistadigital.com.ar\/blog\/chascomus-horario-reducido-en-las-cajas-del-palacio-municipal\/","title":{"rendered":"Chascom\u00fas: Horario reducido en las cajas del palacio municipal"},"content":{"rendered":"<h3 class=\"excerpt\">La modificaci\u00f3n se debe a una actualizaci\u00f3n de sistemas y se extender\u00e1 por al menos dos semanas.<\/h3>\n<p>22 de Marzo de 2025<\/p>\n<div id=\"miDiv1\" class=\"text\">\n<p><strong>CHASCOM\u00daS &#8211;\u00a0<\/strong> Las cajas de cobro del Palacio Municipal funcionar\u00e1n con horario reducido debido a una actualizaci\u00f3n en los sistemas.<\/p>\n<blockquote>\n<h3>Durante este per\u00edodo, la atenci\u00f3n al p\u00fablico ser\u00e1 de 7:30 a 12:30 horas.<\/h3>\n<\/blockquote>\n<p>La modificaci\u00f3n se extender\u00e1 al menos por las pr\u00f3ximas dos semanas, mientras se implementan las mejoras en el sistema.<\/p>\n<\/div>\n","protected":false},"excerpt":{"rendered":"<div class=\"mh-excerpt\"><p>La modificaci\u00f3n se debe a una actualizaci\u00f3n de sistemas y se extender\u00e1 por al menos dos semanas. 22 de Marzo de 2025 CHASCOM\u00daS &#8211;\u00a0 Las cajas de cobro del Palacio Municipal funcionar\u00e1n con horario reducido <a class=\"mh-excerpt-more\" href=\"https:\/\/larevistadigital.com.ar\/blog\/chascomus-horario-reducido-en-las-cajas-del-palacio-municipal\/\" title=\"Chascom\u00fas: Horario reducido en las cajas del palacio municipal\">[Leer M\u00e1s]<\/a><\/p>\n<\/div>","protected":false},"author":3,"featured_media":39068,"comment_status":"open","ping_status":"open","sticky":false,"template":"","format":"standard","meta":{"_jetpack_memberships_contains_paid_content":false,"footnotes":"","jetpack_publicize_message":"","jetpack_publicize_feature_enabled":true,"jetpack_social_post_already_shared":true,"jetpack_social_options":{"image_generator_settings":{"template":"highway","default_image_id":0,"font":"","enabled":false},"version":2}},"categories":[6],"tags":[],"class_list":{"0":"post-39067","1":"post","2":"type-post","3":"status-publish","4":"format-standard","5":"has-post-thumbnail","7":"category-chascomus"},"jetpack_publicize_connections":[],"jetpack_featured_media_url":"https:\/\/i0.wp.com\/larevistadigital.com.ar\/blog\/wp-content\/uploads\/67dd9c7c29b46.png?fit=668%2C445&ssl=1","jetpack_sharing_enabled":true,"jetpack_shortlink":"https:\/\/wp.me\/p8qtrQ-aa7","jetpack-related-posts":[{"id":42396,"url":"https:\/\/larevistadigital.com.ar\/blog\/chascomus-las-cajas-municipales-permaneceran-cerradas-este-viernes-por-tareas-de-mantenimiento\/","url_meta":{"origin":39067,"position":0},"title":"Chascom\u00fas: Las cajas municipales permanecer\u00e1n cerradas este viernes por tareas de mantenimiento","author":"Alejandro Sosa Ruda","date":"5 noviembre, 2025","format":false,"excerpt":"Se realizar\u00e1n trabajos de reparaci\u00f3n y mejoras en la instalaci\u00f3n el\u00e9ctrica del Palacio Municipal. La atenci\u00f3n volver\u00e1 a la normalidad el lunes 10 en el horario habitual. Este viernes las cajas del Palacio Municipal permanecer\u00e1n cerradas al p\u00fablico debido a trabajos de reparaci\u00f3n y mantenimiento en la instalaci\u00f3n el\u00e9ctrica del\u2026","rel":"","context":"En \u00abCHASCOM\u00daS\u00bb","block_context":{"text":"CHASCOM\u00daS","link":"https:\/\/larevistadigital.com.ar\/blog\/category\/chascomus\/"},"img":{"alt_text":"","src":"https:\/\/i0.wp.com\/larevistadigital.com.ar\/blog\/wp-content\/uploads\/690b82ac9582a.png?fit=668%2C445&ssl=1&resize=350%2C200","width":350,"height":200,"srcset":"https:\/\/i0.wp.com\/larevistadigital.com.ar\/blog\/wp-content\/uploads\/690b82ac9582a.png?fit=668%2C445&ssl=1&resize=350%2C200 1x, https:\/\/i0.wp.com\/larevistadigital.com.ar\/blog\/wp-content\/uploads\/690b82ac9582a.png?fit=668%2C445&ssl=1&resize=525%2C300 1.5x"},"classes":[]},{"id":41524,"url":"https:\/\/larevistadigital.com.ar\/blog\/chascomus-transito-reducido-por-trabajos-viales\/","url_meta":{"origin":39067,"position":1},"title":"Chascom\u00fas:  Tr\u00e1nsito reducido por trabajos viales","author":"Alejandro Sosa Ruda","date":"19 septiembre, 2025","format":false,"excerpt":"Debido a tareas de bacheo, se encuentra reducida a media calzada la circulaci\u00f3n sobre Fernando de Arenaza entre Juli\u00e1n Quintana y Alvear. 19 de septiembre de 2025 CHASCOM\u00daS -\u00a0 \u00a0Por otra parte, personal perteneciente a la secretar\u00eda municipal de Obras, Servicios P\u00fablicos y Ambiente lleva a cabo trabajos similares en\u2026","rel":"","context":"En \u00abCHASCOM\u00daS\u00bb","block_context":{"text":"CHASCOM\u00daS","link":"https:\/\/larevistadigital.com.ar\/blog\/category\/chascomus\/"},"img":{"alt_text":"","src":"https:\/\/i0.wp.com\/larevistadigital.com.ar\/blog\/wp-content\/uploads\/68cd98273fcaa.png?fit=668%2C445&ssl=1&resize=350%2C200","width":350,"height":200,"srcset":"https:\/\/i0.wp.com\/larevistadigital.com.ar\/blog\/wp-content\/uploads\/68cd98273fcaa.png?fit=668%2C445&ssl=1&resize=350%2C200 1x, https:\/\/i0.wp.com\/larevistadigital.com.ar\/blog\/wp-content\/uploads\/68cd98273fcaa.png?fit=668%2C445&ssl=1&resize=525%2C300 1.5x"},"classes":[]},{"id":43207,"url":"https:\/\/larevistadigital.com.ar\/blog\/chascomus-vencimientos-de-las-tasas-municipales-durante-enero\/","url_meta":{"origin":39067,"position":2},"title":"Chascom\u00fas:  Vencimientos de las tasas municipales durante enero","author":"Alejandro Sosa Ruda","date":"7 enero, 2026","format":false,"excerpt":"Desde el \u00e1rea de Hacienda se recuerdan los vencimientos de tasas del mes en curso como as\u00ed tambi\u00e9n los distintos sistemas de pago La Municipalidad de Chascom\u00fas informa las fechas de vencimiento de las tasas correspondientes al mes de enero, las cuales responden al siguiente detalle: -Tasa de Servicios Rurales:\u2026","rel":"","context":"En \u00abCHASCOM\u00daS\u00bb","block_context":{"text":"CHASCOM\u00daS","link":"https:\/\/larevistadigital.com.ar\/blog\/category\/chascomus\/"},"img":{"alt_text":"","src":"https:\/\/i0.wp.com\/larevistadigital.com.ar\/blog\/wp-content\/uploads\/695e90a462f72.png?fit=668%2C445&ssl=1&resize=350%2C200","width":350,"height":200,"srcset":"https:\/\/i0.wp.com\/larevistadigital.com.ar\/blog\/wp-content\/uploads\/695e90a462f72.png?fit=668%2C445&ssl=1&resize=350%2C200 1x, https:\/\/i0.wp.com\/larevistadigital.com.ar\/blog\/wp-content\/uploads\/695e90a462f72.png?fit=668%2C445&ssl=1&resize=525%2C300 1.5x"},"classes":[]},{"id":38461,"url":"https:\/\/larevistadigital.com.ar\/blog\/chascomus-fechas-de-vencimiento-de-tasas-municipales-en-enero\/","url_meta":{"origin":39067,"position":3},"title":"Chascom\u00fas: Fechas de vencimiento de tasas municipales en enero","author":"Alejandro Sosa Ruda","date":"11 enero, 2025","format":false,"excerpt":"Los contribuyentes podr\u00e1n elegir entre varios sistemas de pago. 11 de Enero de 2025 CHASCOM\u00daS -\u00a0 La Municipalidad de Chascom\u00fas informa que las tasas de Seguridad e Higiene, Servicios Sanitarios y Servicios Rurales, correspondientes al mes de enero tienen como fecha de vencimiento el jueves 16. Los pagos pueden realizarse\u2026","rel":"","context":"En \u00abCHASCOM\u00daS\u00bb","block_context":{"text":"CHASCOM\u00daS","link":"https:\/\/larevistadigital.com.ar\/blog\/category\/chascomus\/"},"img":{"alt_text":"","src":"https:\/\/i0.wp.com\/larevistadigital.com.ar\/blog\/wp-content\/uploads\/678007d1a5af8.png?fit=668%2C445&ssl=1&resize=350%2C200","width":350,"height":200,"srcset":"https:\/\/i0.wp.com\/larevistadigital.com.ar\/blog\/wp-content\/uploads\/678007d1a5af8.png?fit=668%2C445&ssl=1&resize=350%2C200 1x, https:\/\/i0.wp.com\/larevistadigital.com.ar\/blog\/wp-content\/uploads\/678007d1a5af8.png?fit=668%2C445&ssl=1&resize=525%2C300 1.5x"},"classes":[]},{"id":42682,"url":"https:\/\/larevistadigital.com.ar\/blog\/chascomus-vencimiento-de-tasas-municipales-correspondientes-a-diciembre\/","url_meta":{"origin":39067,"position":4},"title":"Chascom\u00fas: Vencimiento de tasas municipales correspondientes a diciembre","author":"Alejandro Sosa Ruda","date":"1 diciembre, 2025","format":false,"excerpt":"Se pueden abonar en el Palacio Municipal, a trav\u00e9s de la web y en agencias habilitadas. 01 de Diciembre de 2025 CHASCOM\u00daS -\u00a0 \u00a0La Municipalidad de Chascom\u00fas da a conocer las fechas correspondientes a los vencimientos de las tasas municipales durante el mes de diciembre: Cementerio (Arrendamiento): viernes 12 Servicios\u2026","rel":"","context":"En \u00abCHASCOM\u00daS\u00bb","block_context":{"text":"CHASCOM\u00daS","link":"https:\/\/larevistadigital.com.ar\/blog\/category\/chascomus\/"},"img":{"alt_text":"","src":"https:\/\/i0.wp.com\/larevistadigital.com.ar\/blog\/wp-content\/uploads\/692dc854e6592.png?fit=668%2C445&ssl=1&resize=350%2C200","width":350,"height":200,"srcset":"https:\/\/i0.wp.com\/larevistadigital.com.ar\/blog\/wp-content\/uploads\/692dc854e6592.png?fit=668%2C445&ssl=1&resize=350%2C200 1x, https:\/\/i0.wp.com\/larevistadigital.com.ar\/blog\/wp-content\/uploads\/692dc854e6592.png?fit=668%2C445&ssl=1&resize=525%2C300 1.5x"},"classes":[]},{"id":44151,"url":"https:\/\/larevistadigital.com.ar\/blog\/chascomus-vencimiento-de-tasas-municipales-correspondientes-a-marzo\/","url_meta":{"origin":39067,"position":5},"title":"Chascom\u00fas: Vencimiento de tasas municipales correspondientes a marzo","author":"Alejandro Sosa Ruda","date":"24 febrero, 2026","format":false,"excerpt":"Se pueden abonar en el Palacio Municipal, a trav\u00e9s de la web y en agencias habilitadas. 23 de febrero de 2026 CHASCOM\u00daS -\u00a0 \u00a0La Municipalidad de Chascom\u00fas da a conocer las fechas correspondientes a los vencimientos de las tasas municipales durante el mes de marzo: -Seguridad e Higiene: martes 10\u2026","rel":"","context":"En \u00abCHASCOM\u00daS\u00bb","block_context":{"text":"CHASCOM\u00daS","link":"https:\/\/larevistadigital.com.ar\/blog\/category\/chascomus\/"},"img":{"alt_text":"","src":"https:\/\/i0.wp.com\/larevistadigital.com.ar\/blog\/wp-content\/uploads\/699ddc08914dd.png?fit=668%2C445&ssl=1&resize=350%2C200","width":350,"height":200,"srcset":"https:\/\/i0.wp.com\/larevistadigital.com.ar\/blog\/wp-content\/uploads\/699ddc08914dd.png?fit=668%2C445&ssl=1&resize=350%2C200 1x, https:\/\/i0.wp.com\/larevistadigital.com.ar\/blog\/wp-content\/uploads\/699ddc08914dd.png?fit=668%2C445&ssl=1&resize=525%2C300 1.5x"},"classes":[]}],"_links":{"self":[{"href":"https:\/\/larevistadigital.com.ar\/blog\/wp-json\/wp\/v2\/posts\/39067","targetHints":{"allow":["GET"]}}],"collection":[{"href":"https:\/\/larevistadigital.com.ar\/blog\/wp-json\/wp\/v2\/posts"}],"about":[{"href":"https:\/\/larevistadigital.com.ar\/blog\/wp-json\/wp\/v2\/types\/post"}],"author":[{"embeddable":true,"href":"https:\/\/larevistadigital.com.ar\/blog\/wp-json\/wp\/v2\/users\/3"}],"replies":[{"embeddable":true,"href":"https:\/\/larevistadigital.com.ar\/blog\/wp-json\/wp\/v2\/comments?post=39067"}],"version-history":[{"count":1,"href":"https:\/\/larevistadigital.com.ar\/blog\/wp-json\/wp\/v2\/posts\/39067\/revisions"}],"predecessor-version":[{"id":39069,"href":"https:\/\/larevistadigital.com.ar\/blog\/wp-json\/wp\/v2\/posts\/39067\/revisions\/39069"}],"wp:featuredmedia":[{"embeddable":true,"href":"https:\/\/larevistadigital.com.ar\/blog\/wp-json\/wp\/v2\/media\/39068"}],"wp:attachment":[{"href":"https:\/\/larevistadigital.com.ar\/blog\/wp-json\/wp\/v2\/media?parent=39067"}],"wp:term":[{"taxonomy":"category","embeddable":true,"href":"https:\/\/larevistadigital.com.ar\/blog\/wp-json\/wp\/v2\/categories?post=39067"},{"taxonomy":"post_tag","embeddable":true,"href":"https:\/\/larevistadigital.com.ar\/blog\/wp-json\/wp\/v2\/tags?post=39067"}],"curies":[{"name":"wp","href":"https:\/\/api.w.org\/{rel}","templated":true}]}}