{"id":39070,"date":"2025-03-22T15:30:18","date_gmt":"2025-03-22T18:30:18","guid":{"rendered":"https:\/\/larevistadigital.com.ar\/blog\/?p=39070"},"modified":"2025-03-22T15:30:18","modified_gmt":"2025-03-22T18:30:18","slug":"chascomus-el-municipio-pidio-responsabilidad-en-las-publicaciones-en-redes-sociales","status":"publish","type":"post","link":"https:\/\/larevistadigital.com.ar\/blog\/chascomus-el-municipio-pidio-responsabilidad-en-las-publicaciones-en-redes-sociales\/","title":{"rendered":"Chascom\u00fas: El Municipio pidi\u00f3 responsabilidad en las publicaciones en redes sociales"},"content":{"rendered":"<h3 class=\"excerpt\">La Municipalidad de Chascom\u00fas advirti\u00f3 acerca de la falsedad de publicaciones que aparecen en redes sociales sobre un supuesto robo ocurrido a la salida de una sucursal bancaria local.<\/h3>\n<p>22 de Marzo de 2025<\/p>\n<div id=\"miDiv1\" class=\"text\">\n<p><strong>CHASCOM\u00daS &#8211;\u00a0 \u00a0<\/strong>\u00a0 En los \u00faltimos d\u00edas circularon en redes sociales y grupos p\u00fablicos de Facebook informaciones sobre un supuesto robo ocurrido a la salida de una sucursal bancaria local.<\/p>\n<blockquote>\n<h3>Ante estas versiones, difundidas desde perfiles an\u00f3nimos, desde la Municipalidad de Chascom\u00fas se aclar\u00f3 que ni la Estaci\u00f3n de Polic\u00eda Comunal ni la entidad bancaria en cuesti\u00f3n recibieron denuncias sobre un hecho de estas caracter\u00edsticas.<\/h3>\n<\/blockquote>\n<p>En este sentido, se solicita a los vecinos y a los medios de comunicaci\u00f3n que act\u00faen con responsabilidad al compartir informaci\u00f3n en redes sociales.<\/p>\n<blockquote>\n<h3>Es fundamental verificar la veracidad de los datos antes de difundirlos, con el objetivo de evitar la propagaci\u00f3n de noticias falsas que puedan generar preocupaci\u00f3n innecesaria en la comunidad.<\/h3>\n<\/blockquote>\n<p>La colaboraci\u00f3n de todos es esencial para construir un espacio de comunicaci\u00f3n responsable basado en informaci\u00f3n confiable.<\/p>\n<p>&nbsp;<\/p>\n<\/div>\n","protected":false},"excerpt":{"rendered":"<div class=\"mh-excerpt\"><p>La Municipalidad de Chascom\u00fas advirti\u00f3 acerca de la falsedad de publicaciones que aparecen en redes sociales sobre un supuesto robo ocurrido a la salida de una sucursal bancaria local. 22 de Marzo de 2025 CHASCOM\u00daS <a class=\"mh-excerpt-more\" href=\"https:\/\/larevistadigital.com.ar\/blog\/chascomus-el-municipio-pidio-responsabilidad-en-las-publicaciones-en-redes-sociales\/\" title=\"Chascom\u00fas: El Municipio pidi\u00f3 responsabilidad en las publicaciones en redes sociales\">[Leer M\u00e1s]<\/a><\/p>\n<\/div>","protected":false},"author":3,"featured_media":39071,"comment_status":"open","ping_status":"open","sticky":false,"template":"","format":"standard","meta":{"_jetpack_memberships_contains_paid_content":false,"footnotes":"","jetpack_publicize_message":"","jetpack_publicize_feature_enabled":true,"jetpack_social_post_already_shared":true,"jetpack_social_options":{"image_generator_settings":{"template":"highway","default_image_id":0,"font":"","enabled":false},"version":2}},"categories":[6],"tags":[],"class_list":{"0":"post-39070","1":"post","2":"type-post","3":"status-publish","4":"format-standard","5":"has-post-thumbnail","7":"category-chascomus"},"jetpack_publicize_connections":[],"jetpack_featured_media_url":"https:\/\/i0.wp.com\/larevistadigital.com.ar\/blog\/wp-content\/uploads\/67dd9cb27740d.png?fit=668%2C445&ssl=1","jetpack_sharing_enabled":true,"jetpack_shortlink":"https:\/\/wp.me\/p8qtrQ-aaa","jetpack-related-posts":[{"id":13912,"url":"https:\/\/larevistadigital.com.ar\/blog\/chascomus-estallan-redes-sociales-por-una-publicacion-del-diario-el-fuerte-de-ayer\/","url_meta":{"origin":39070,"position":0},"title":"CHASCOM\u00daS: ESTALLAN REDES SOCIALES POR UNA PUBLICACI\u00d3N DEL DIARIO EL FUERTE DE AYER","author":"Alejandro Sosa Ruda","date":"30 diciembre, 2019","format":false,"excerpt":"La publicaci\u00f3n del Diario El Fuerte en su edici\u00f3n de ayer, referida al env\u00edo por parte del gobierno provincial de un total de mil cajas navide\u00f1as a la Municipalidad de Chascom\u00fas, para que sea esta la que de manera institucional distribuya las mismas en las familias m\u00e1s carenciadas y necesitadas\u2026","rel":"","context":"En \u00abCHASCOM\u00daS\u00bb","block_context":{"text":"CHASCOM\u00daS","link":"https:\/\/larevistadigital.com.ar\/blog\/category\/chascomus\/"},"img":{"alt_text":"","src":"https:\/\/i0.wp.com\/larevistadigital.com.ar\/blog\/wp-content\/uploads\/facebook-hackers.jpg?fit=630%2C630&ssl=1&resize=350%2C200","width":350,"height":200,"srcset":"https:\/\/i0.wp.com\/larevistadigital.com.ar\/blog\/wp-content\/uploads\/facebook-hackers.jpg?fit=630%2C630&ssl=1&resize=350%2C200 1x, https:\/\/i0.wp.com\/larevistadigital.com.ar\/blog\/wp-content\/uploads\/facebook-hackers.jpg?fit=630%2C630&ssl=1&resize=525%2C300 1.5x"},"classes":[]},{"id":22763,"url":"https:\/\/larevistadigital.com.ar\/blog\/ante-la-falta-de-respuesta-de-las-autoridades-los-reclamos-acerca-de-la-inseguridad-en-chascomus-estallan-en-redes-sociales\/","url_meta":{"origin":39070,"position":1},"title":"ANTE LA FALTA DE RESPUESTA DE LAS AUTORIDADES, LOS RECLAMOS ACERCA DE LA INSEGURIDAD EN CHASCOM\u00daS ESTALLAN EN REDES SOCIALES","author":"Alejandro Sosa Ruda","date":"23 noviembre, 2021","format":false,"excerpt":"CHASCOM\u00daS -\u00a0 Luego de los constantes hechos de inseguridad, en la ciudad de Chascom\u00fas, los vecinos, hartos de la situaci\u00f3n, y con un casi total descreimiento en las autoridades, han empezado a recurrir a las redes sociales, especialmente a Facebook para comentar, narrar, protestar, reclamar y pedir ayuda cuando son\u2026","rel":"","context":"En \u00abCHASCOM\u00daS\u00bb","block_context":{"text":"CHASCOM\u00daS","link":"https:\/\/larevistadigital.com.ar\/blog\/category\/chascomus\/"},"img":{"alt_text":"","src":"https:\/\/i0.wp.com\/larevistadigital.com.ar\/blog\/wp-content\/uploads\/225602515_10225928605069839_4842550584070538618_n.jpg?fit=1080%2C850&ssl=1&resize=350%2C200","width":350,"height":200,"srcset":"https:\/\/i0.wp.com\/larevistadigital.com.ar\/blog\/wp-content\/uploads\/225602515_10225928605069839_4842550584070538618_n.jpg?fit=1080%2C850&ssl=1&resize=350%2C200 1x, https:\/\/i0.wp.com\/larevistadigital.com.ar\/blog\/wp-content\/uploads\/225602515_10225928605069839_4842550584070538618_n.jpg?fit=1080%2C850&ssl=1&resize=525%2C300 1.5x, https:\/\/i0.wp.com\/larevistadigital.com.ar\/blog\/wp-content\/uploads\/225602515_10225928605069839_4842550584070538618_n.jpg?fit=1080%2C850&ssl=1&resize=700%2C400 2x, https:\/\/i0.wp.com\/larevistadigital.com.ar\/blog\/wp-content\/uploads\/225602515_10225928605069839_4842550584070538618_n.jpg?fit=1080%2C850&ssl=1&resize=1050%2C600 3x"},"classes":[]},{"id":42164,"url":"https:\/\/larevistadigital.com.ar\/blog\/chascomus-comenzo-el-curso-de-operador-de-herramientas-de-marketing-y-venta-digital\/","url_meta":{"origin":39070,"position":2},"title":"Chascom\u00fas: Comenz\u00f3 el Curso de Operador de Herramientas de Marketing y Venta Digital","author":"Alejandro Sosa Ruda","date":"22 octubre, 2025","format":false,"excerpt":"Las acciones de formaci\u00f3n continua son uno de los lineamientos m\u00e1s importantes de la Municipalidad de Chascom\u00fas, que tiene como objetivo mejorar la empleabilidad de los vecinos. 22 de Octubre de 2025 CHASCOM\u00daS -\u00a0 \u00a0Este mes se dio inicio al curso \"Operador de Herramientas de Marketing y Venta Digital\", organizado\u2026","rel":"","context":"En \u00abCHASCOM\u00daS\u00bb","block_context":{"text":"CHASCOM\u00daS","link":"https:\/\/larevistadigital.com.ar\/blog\/category\/chascomus\/"},"img":{"alt_text":"","src":"https:\/\/i0.wp.com\/larevistadigital.com.ar\/blog\/wp-content\/uploads\/68f8fcdd72b8b.png?fit=668%2C445&ssl=1&resize=350%2C200","width":350,"height":200,"srcset":"https:\/\/i0.wp.com\/larevistadigital.com.ar\/blog\/wp-content\/uploads\/68f8fcdd72b8b.png?fit=668%2C445&ssl=1&resize=350%2C200 1x, https:\/\/i0.wp.com\/larevistadigital.com.ar\/blog\/wp-content\/uploads\/68f8fcdd72b8b.png?fit=668%2C445&ssl=1&resize=525%2C300 1.5x"},"classes":[]},{"id":34849,"url":"https:\/\/larevistadigital.com.ar\/blog\/chascomus-cierran-el-banco-provincia-porque-se-cayo-parte-del-cielorraso\/","url_meta":{"origin":39070,"position":3},"title":"CHASCOM\u00daS: CIERRAN EL BANCO PROVINCIA PORQUE SE CAY\u00d3 PARTE DEL CIELORRASO","author":"Alejandro Sosa Ruda","date":"15 diciembre, 2023","format":false,"excerpt":"El problema viene de hace algun tiempo con goteras y filtraciones que evidentemente no fueron arregladas como corresponde. 15 de diciembre de 2023 CHASCOM\u00daS -\u00a0 \u00a0Lectores de La Revista Digital, y clientes del Banco Provincia de la ciudad, se pusieron en contacto con nuestra redacci\u00f3n, a efectos de informar que\u2026","rel":"","context":"En \u00abINTERES GENERAL\u00bb","block_context":{"text":"INTERES GENERAL","link":"https:\/\/larevistadigital.com.ar\/blog\/category\/interes-general\/"},"img":{"alt_text":"","src":"https:\/\/i0.wp.com\/larevistadigital.com.ar\/blog\/wp-content\/uploads\/banco-provincia-chascomus.png?fit=1200%2C646&ssl=1&resize=350%2C200","width":350,"height":200,"srcset":"https:\/\/i0.wp.com\/larevistadigital.com.ar\/blog\/wp-content\/uploads\/banco-provincia-chascomus.png?fit=1200%2C646&ssl=1&resize=350%2C200 1x, https:\/\/i0.wp.com\/larevistadigital.com.ar\/blog\/wp-content\/uploads\/banco-provincia-chascomus.png?fit=1200%2C646&ssl=1&resize=525%2C300 1.5x, https:\/\/i0.wp.com\/larevistadigital.com.ar\/blog\/wp-content\/uploads\/banco-provincia-chascomus.png?fit=1200%2C646&ssl=1&resize=700%2C400 2x, https:\/\/i0.wp.com\/larevistadigital.com.ar\/blog\/wp-content\/uploads\/banco-provincia-chascomus.png?fit=1200%2C646&ssl=1&resize=1050%2C600 3x"},"classes":[]},{"id":19771,"url":"https:\/\/larevistadigital.com.ar\/blog\/comunicado-del-municipio-chascomus-a-fase-3-que-se-puede-y-que-no\/","url_meta":{"origin":39070,"position":4},"title":"COMUNICADO DEL MUNICIPIO: CHASCOM\u00daS A FASE 3 (QUE SE PUEDE Y QUE NO)","author":"Alejandro Sosa Ruda","date":"20 abril, 2021","format":false,"excerpt":"CHASCOM\u00daS -\u00a0Desde la oficina de prensa de la Municipalidad de Chascom\u00fas, se dio a conocer oficialmente lo que ya circulaba en redes,\u00a0 y que fuera primicia de Sergio Tony Peralta, que temprano anunciaba y compart\u00eda con vecinos y colegas la noticia: Chascom\u00fas vuelve a \"fase 3\". As\u00ed, hace un rato,\u00a0\u2026","rel":"","context":"En \u00abDESTACADAS\u00bb","block_context":{"text":"DESTACADAS","link":"https:\/\/larevistadigital.com.ar\/blog\/category\/destacadas\/"},"img":{"alt_text":"","src":"https:\/\/i0.wp.com\/larevistadigital.com.ar\/blog\/wp-content\/uploads\/fase-3.jpeg?fit=1200%2C1200&ssl=1&resize=350%2C200","width":350,"height":200,"srcset":"https:\/\/i0.wp.com\/larevistadigital.com.ar\/blog\/wp-content\/uploads\/fase-3.jpeg?fit=1200%2C1200&ssl=1&resize=350%2C200 1x, https:\/\/i0.wp.com\/larevistadigital.com.ar\/blog\/wp-content\/uploads\/fase-3.jpeg?fit=1200%2C1200&ssl=1&resize=525%2C300 1.5x, https:\/\/i0.wp.com\/larevistadigital.com.ar\/blog\/wp-content\/uploads\/fase-3.jpeg?fit=1200%2C1200&ssl=1&resize=700%2C400 2x, https:\/\/i0.wp.com\/larevistadigital.com.ar\/blog\/wp-content\/uploads\/fase-3.jpeg?fit=1200%2C1200&ssl=1&resize=1050%2C600 3x"},"classes":[]},{"id":41824,"url":"https:\/\/larevistadigital.com.ar\/blog\/se-viene-el-trail-running-chascomus\/","url_meta":{"origin":39070,"position":5},"title":"Se viene el Trail Running Chascom\u00fas","author":"Alejandro Sosa Ruda","date":"8 octubre, 2025","format":false,"excerpt":"Ser\u00e1 el 2 de noviembre y ya se encuentra abierta la inscripci\u00f3n 08 de Octubre de 2025 CHASCOM\u00daS -\u00a0 \u00a0El desaf\u00edo de 6K y de 12K organizado por la Municipalidad de Chascom\u00fas ya tiene fecha y hora. Ser\u00e1 el pr\u00f3ximo 2 de noviembre con largada a las 10 hs. La\u2026","rel":"","context":"En \u00abCHASCOM\u00daS\u00bb","block_context":{"text":"CHASCOM\u00daS","link":"https:\/\/larevistadigital.com.ar\/blog\/category\/chascomus\/"},"img":{"alt_text":"","src":"https:\/\/i0.wp.com\/larevistadigital.com.ar\/blog\/wp-content\/uploads\/68e6925d0e6f9.png?fit=668%2C445&ssl=1&resize=350%2C200","width":350,"height":200,"srcset":"https:\/\/i0.wp.com\/larevistadigital.com.ar\/blog\/wp-content\/uploads\/68e6925d0e6f9.png?fit=668%2C445&ssl=1&resize=350%2C200 1x, https:\/\/i0.wp.com\/larevistadigital.com.ar\/blog\/wp-content\/uploads\/68e6925d0e6f9.png?fit=668%2C445&ssl=1&resize=525%2C300 1.5x"},"classes":[]}],"_links":{"self":[{"href":"https:\/\/larevistadigital.com.ar\/blog\/wp-json\/wp\/v2\/posts\/39070","targetHints":{"allow":["GET"]}}],"collection":[{"href":"https:\/\/larevistadigital.com.ar\/blog\/wp-json\/wp\/v2\/posts"}],"about":[{"href":"https:\/\/larevistadigital.com.ar\/blog\/wp-json\/wp\/v2\/types\/post"}],"author":[{"embeddable":true,"href":"https:\/\/larevistadigital.com.ar\/blog\/wp-json\/wp\/v2\/users\/3"}],"replies":[{"embeddable":true,"href":"https:\/\/larevistadigital.com.ar\/blog\/wp-json\/wp\/v2\/comments?post=39070"}],"version-history":[{"count":1,"href":"https:\/\/larevistadigital.com.ar\/blog\/wp-json\/wp\/v2\/posts\/39070\/revisions"}],"predecessor-version":[{"id":39072,"href":"https:\/\/larevistadigital.com.ar\/blog\/wp-json\/wp\/v2\/posts\/39070\/revisions\/39072"}],"wp:featuredmedia":[{"embeddable":true,"href":"https:\/\/larevistadigital.com.ar\/blog\/wp-json\/wp\/v2\/media\/39071"}],"wp:attachment":[{"href":"https:\/\/larevistadigital.com.ar\/blog\/wp-json\/wp\/v2\/media?parent=39070"}],"wp:term":[{"taxonomy":"category","embeddable":true,"href":"https:\/\/larevistadigital.com.ar\/blog\/wp-json\/wp\/v2\/categories?post=39070"},{"taxonomy":"post_tag","embeddable":true,"href":"https:\/\/larevistadigital.com.ar\/blog\/wp-json\/wp\/v2\/tags?post=39070"}],"curies":[{"name":"wp","href":"https:\/\/api.w.org\/{rel}","templated":true}]}}