{"id":39073,"date":"2025-03-22T15:36:59","date_gmt":"2025-03-22T18:36:59","guid":{"rendered":"https:\/\/larevistadigital.com.ar\/blog\/?p=39073"},"modified":"2025-03-22T15:37:00","modified_gmt":"2025-03-22T18:37:00","slug":"pepe-cibrian-llega-en-abril-a-chascomus-con-su-version-original-de-caligula","status":"publish","type":"post","link":"https:\/\/larevistadigital.com.ar\/blog\/pepe-cibrian-llega-en-abril-a-chascomus-con-su-version-original-de-caligula\/","title":{"rendered":"Pepe Cibri\u00e1n llega en abril a Chascom\u00fas con su versi\u00f3n original de \u201cCal\u00edgula\u201d"},"content":{"rendered":"<h3 class=\"excerpt\">La cita es el jueves 17 de abril, en el Teatro Municipal Brazzola. Ya est\u00e1n disponibles las entradas.<\/h3>\n<div id=\"miDiv1\" class=\"text\">\n<p><strong>CHASCOM\u00daS &#8211;<\/strong>\u00a0 El 17 de abril, desde las 21 horas, subir\u00e1 a escena la comedia musical <strong>\u201cCal\u00edgula\u201d, de Pepe Cibri\u00e1n Campoy<\/strong>, inspirada en el emperador romano cuya locura lo lleva a creerse un dios soberbio e indestructible. Con m\u00fasica a cargo de <strong>Martin Bianchedi<\/strong>. \u00a1Impedible!<\/p>\n<blockquote>\n<h3>Las entradas ya se encuentran a la venta en la boleter\u00eda del Teatro Municipal Brazzola, de 9 a 16:30 hs., con un valor de $30000, o por entrada Entradaweb en el siguiente link: https:\/\/www.entradaweb.com.ar\/evento\/a355370e\/step\/1,<\/h3>\n<\/blockquote>\n<p><strong>Cal\u00edgula<\/strong> estren\u00f3 su versi\u00f3n original con libro de Pepe Cibri\u00e1n Campoy y m\u00fasica de <strong>Martin Bianchedi<\/strong> en 1983 en los teatros de San Telmo protagonizada por <strong>Cesar Pierri<\/strong>.<\/p>\n<p>Hoy 42 a\u00f1os despu\u00e9s y en una versi\u00f3n totalmente remozada se vuelve a estrenar tal cual fuese estrenada por sus autores originales. Cuenta la historia del poder absoluto y autocr\u00e1tico encarnado en el personaje de Cal\u00edgula. Habla sobre la locura, la miseria del pueblo, corrupci\u00f3n, intolerancia y opresi\u00f3n, sobre la b\u00fasqueda de lo imposible.<\/p>\n<p>Muestra la relaci\u00f3n entre dos hermanos Cal\u00edgula y Drusila que detentan la autoridad m\u00e1xima sobre un pueblo y un imperio doblegado por el miedo. Y como dice el protagonista de la historia al final de la obra <strong><em>\u201cexisto y existir\u00e9 por los siglos de los siglos\u201d.<\/em><\/strong><\/p>\n<\/div>\n","protected":false},"excerpt":{"rendered":"<div class=\"mh-excerpt\"><p>La cita es el jueves 17 de abril, en el Teatro Municipal Brazzola. Ya est\u00e1n disponibles las entradas. CHASCOM\u00daS &#8211;\u00a0 El 17 de abril, desde las 21 horas, subir\u00e1 a escena la comedia musical \u201cCal\u00edgula\u201d, <a class=\"mh-excerpt-more\" href=\"https:\/\/larevistadigital.com.ar\/blog\/pepe-cibrian-llega-en-abril-a-chascomus-con-su-version-original-de-caligula\/\" title=\"Pepe Cibri\u00e1n llega en abril a Chascom\u00fas con su versi\u00f3n original de \u201cCal\u00edgula\u201d\">[Leer M\u00e1s]<\/a><\/p>\n<\/div>","protected":false},"author":3,"featured_media":39074,"comment_status":"open","ping_status":"open","sticky":false,"template":"","format":"standard","meta":{"_jetpack_memberships_contains_paid_content":false,"footnotes":"","jetpack_publicize_message":"","jetpack_publicize_feature_enabled":true,"jetpack_social_post_already_shared":true,"jetpack_social_options":{"image_generator_settings":{"template":"highway","default_image_id":0,"font":"","enabled":false},"version":2}},"categories":[6],"tags":[],"class_list":{"0":"post-39073","1":"post","2":"type-post","3":"status-publish","4":"format-standard","5":"has-post-thumbnail","7":"category-chascomus"},"jetpack_publicize_connections":[],"jetpack_featured_media_url":"https:\/\/i0.wp.com\/larevistadigital.com.ar\/blog\/wp-content\/uploads\/67dda47b36c00.png?fit=668%2C445&ssl=1","jetpack_sharing_enabled":true,"jetpack_shortlink":"https:\/\/wp.me\/p8qtrQ-aad","jetpack-related-posts":[{"id":42146,"url":"https:\/\/larevistadigital.com.ar\/blog\/chascomus-veni-a-colaborar-con-milo-y-disfrutar-del-concierto-de-rocio-quiroz-en-el-brazzola\/","url_meta":{"origin":39073,"position":0},"title":"Chascom\u00fas: Ven\u00ed a colaborar con Milo y disfrutar del concierto de Roc\u00edo Quiroz en el Brazzola","author":"Alejandro Sosa Ruda","date":"21 octubre, 2025","format":false,"excerpt":"La reconocida cantante tropical estar\u00e1 acompa\u00f1ada por la Banda Municipal de M\u00fasica, la Orquesta Filarm\u00f3nica de Chascom\u00fas e integrantes del Conservatorio de M\u00fasica. 21 de Octubre de 2025 CHASCOM\u00daS -\u00a0 \u00a0Este jueves 23 de octubre, el Teatro Municipal Brazzola, ser\u00e1 una fiesta de la m\u00fasica y la solidaridad, cuando haga\u2026","rel":"","context":"En \u00abCHASCOM\u00daS\u00bb","block_context":{"text":"CHASCOM\u00daS","link":"https:\/\/larevistadigital.com.ar\/blog\/category\/chascomus\/"},"img":{"alt_text":"","src":"https:\/\/i0.wp.com\/larevistadigital.com.ar\/blog\/wp-content\/uploads\/68f7b735e42a6.png?fit=668%2C445&ssl=1&resize=350%2C200","width":350,"height":200,"srcset":"https:\/\/i0.wp.com\/larevistadigital.com.ar\/blog\/wp-content\/uploads\/68f7b735e42a6.png?fit=668%2C445&ssl=1&resize=350%2C200 1x, https:\/\/i0.wp.com\/larevistadigital.com.ar\/blog\/wp-content\/uploads\/68f7b735e42a6.png?fit=668%2C445&ssl=1&resize=525%2C300 1.5x"},"classes":[]},{"id":44560,"url":"https:\/\/larevistadigital.com.ar\/blog\/en-abril-llegan-damian-de-santo-y-christian-sancho-a-chascomus\/","url_meta":{"origin":39073,"position":1},"title":"En abril llegan Dami\u00e1n de Santo y Christian Sancho a Chascom\u00fas","author":"Alejandro Sosa Ruda","date":"17 marzo, 2026","format":false,"excerpt":"En el marco de la gira 2026, presentar\u00e1n en el Brazzolala obra \u201cUna Clase Especial\u201d, de Daniel D\u00e1tola, bajo la direcci\u00f3n de Manuel Gonz\u00e1lez Gil. 17 de marzo de 2026 CHASCOM\u00daS -\u00a0 \u00a0El 18 de abril, el Teatro Municipal Brazzola recibir\u00e1 en su escenario a dos reconocidos artistas de la\u2026","rel":"","context":"En \u00abCHASCOM\u00daS\u00bb","block_context":{"text":"CHASCOM\u00daS","link":"https:\/\/larevistadigital.com.ar\/blog\/category\/chascomus\/"},"img":{"alt_text":"","src":"https:\/\/i0.wp.com\/larevistadigital.com.ar\/blog\/wp-content\/uploads\/69b97f367cbfc.png?fit=668%2C445&ssl=1&resize=350%2C200","width":350,"height":200,"srcset":"https:\/\/i0.wp.com\/larevistadigital.com.ar\/blog\/wp-content\/uploads\/69b97f367cbfc.png?fit=668%2C445&ssl=1&resize=350%2C200 1x, https:\/\/i0.wp.com\/larevistadigital.com.ar\/blog\/wp-content\/uploads\/69b97f367cbfc.png?fit=668%2C445&ssl=1&resize=525%2C300 1.5x"},"classes":[]},{"id":6527,"url":"https:\/\/larevistadigital.com.ar\/blog\/chascomus-se-incorporaron-nuevos-equipos-con-sonido-digital-en-el-teatro-brazzola\/","url_meta":{"origin":39073,"position":2},"title":"CHASCOM\u00daS: SE INCORPORARON NUEVOS EQUIPOS CON SONIDO DIGITAL EN EL TEATRO BRAZZOLA","author":"Alejandro Sosa Ruda","date":"18 septiembre, 2018","format":false,"excerpt":"Utilizando los fondos propios provenientes de porcentaje de entradas vendidas, seg\u00fan lo establece la ordenanza, fueron adquiridos nuevos equipos y luminarias espec\u00edficas para modernizar el Teatro Municipal Brazzola y poner en valor el patrimonio de todos los vecinos. Gracias a estos fondos se pudo cambiar el sistema de sonido, consola,\u2026","rel":"","context":"En \u00abCHASCOM\u00daS\u00bb","block_context":{"text":"CHASCOM\u00daS","link":"https:\/\/larevistadigital.com.ar\/blog\/category\/chascomus\/"},"img":{"alt_text":"","src":"https:\/\/i0.wp.com\/larevistadigital.com.ar\/blog\/wp-content\/uploads\/2018\/09\/41814265_2068592146494993_36692498315214848_o.jpg?fit=1200%2C800&ssl=1&resize=350%2C200","width":350,"height":200,"srcset":"https:\/\/i0.wp.com\/larevistadigital.com.ar\/blog\/wp-content\/uploads\/2018\/09\/41814265_2068592146494993_36692498315214848_o.jpg?fit=1200%2C800&ssl=1&resize=350%2C200 1x, https:\/\/i0.wp.com\/larevistadigital.com.ar\/blog\/wp-content\/uploads\/2018\/09\/41814265_2068592146494993_36692498315214848_o.jpg?fit=1200%2C800&ssl=1&resize=525%2C300 1.5x, https:\/\/i0.wp.com\/larevistadigital.com.ar\/blog\/wp-content\/uploads\/2018\/09\/41814265_2068592146494993_36692498315214848_o.jpg?fit=1200%2C800&ssl=1&resize=700%2C400 2x, https:\/\/i0.wp.com\/larevistadigital.com.ar\/blog\/wp-content\/uploads\/2018\/09\/41814265_2068592146494993_36692498315214848_o.jpg?fit=1200%2C800&ssl=1&resize=1050%2C600 3x"},"classes":[]},{"id":40307,"url":"https:\/\/larevistadigital.com.ar\/blog\/en-septiembre-jairo-se-presentara-en-chascomus\/","url_meta":{"origin":39073,"position":3},"title":"En Septiembre, Jairo se presentar\u00e1 en Chascom\u00fas","author":"Alejandro Sosa Ruda","date":"4 julio, 2025","format":false,"excerpt":"En v\u00edsperas del inicio de la primavera, el reconocido cantautor subir\u00e1 al escenario del Brazzola para deleitarnos con su inconfundible voz y sentir. 04 de Julio de 2025 CHASCOM\u00daS\u00a0 -\u00a0 \u00a0El gran espect\u00e1culo donde se recorrer\u00e1n los cl\u00e1sicos de este reconocido y amado cantante nacional, se anuncia para el s\u00e1bado\u2026","rel":"","context":"En \u00abCHASCOM\u00daS\u00bb","block_context":{"text":"CHASCOM\u00daS","link":"https:\/\/larevistadigital.com.ar\/blog\/category\/chascomus\/"},"img":{"alt_text":"","src":"https:\/\/i0.wp.com\/larevistadigital.com.ar\/blog\/wp-content\/uploads\/68680f4cb83c1.png?fit=668%2C445&ssl=1&resize=350%2C200","width":350,"height":200,"srcset":"https:\/\/i0.wp.com\/larevistadigital.com.ar\/blog\/wp-content\/uploads\/68680f4cb83c1.png?fit=668%2C445&ssl=1&resize=350%2C200 1x, https:\/\/i0.wp.com\/larevistadigital.com.ar\/blog\/wp-content\/uploads\/68680f4cb83c1.png?fit=668%2C445&ssl=1&resize=525%2C300 1.5x"},"classes":[]},{"id":36477,"url":"https:\/\/larevistadigital.com.ar\/blog\/chascomus-concierto-de-musica-de-camara-se-anuncia-en-el-brazzola\/","url_meta":{"origin":39073,"position":4},"title":"CHASCOM\u00daS: CONCIERTO DE M\u00daSICA DE C\u00c1MARA SE ANUNCIA EN EL BRAZZOLA","author":"Alejandro Sosa Ruda","date":"28 junio, 2024","format":false,"excerpt":"Integrantes del Programa de Formaci\u00f3n Profesional que se desarrolla en la Orquesta-Escuela de Chascom\u00fas actuar\u00e1n este s\u00e1bado 29 a las 18 horas con entrada libre y gratuita. 28 De Junio de 2024 CHASCOM\u00daS -\u00a0 Siguiendo con el Ciclo de Conciertos 2024 en el Teatro Municipal Brazzola, este s\u00e1bado se podr\u00e1\u2026","rel":"","context":"En \u00abCULTURA\u00bb","block_context":{"text":"CULTURA","link":"https:\/\/larevistadigital.com.ar\/blog\/category\/cultura\/"},"img":{"alt_text":"","src":"https:\/\/i0.wp.com\/larevistadigital.com.ar\/blog\/wp-content\/uploads\/2024_06_28_02_02_30_4447933.jpg?fit=600%2C401&ssl=1&resize=350%2C200","width":350,"height":200,"srcset":"https:\/\/i0.wp.com\/larevistadigital.com.ar\/blog\/wp-content\/uploads\/2024_06_28_02_02_30_4447933.jpg?fit=600%2C401&ssl=1&resize=350%2C200 1x, https:\/\/i0.wp.com\/larevistadigital.com.ar\/blog\/wp-content\/uploads\/2024_06_28_02_02_30_4447933.jpg?fit=600%2C401&ssl=1&resize=525%2C300 1.5x"},"classes":[]},{"id":41862,"url":"https:\/\/larevistadigital.com.ar\/blog\/chascomus-rocio-quiroz-brindara-un-concierto-sera-a-beneficio-de-milo\/","url_meta":{"origin":39073,"position":5},"title":"Chascom\u00fas: Roc\u00edo Quiroz brindar\u00e1 un concierto ser\u00e1 a beneficio de Milo","author":"Alejandro Sosa Ruda","date":"9 octubre, 2025","format":false,"excerpt":"Junto a integrantes de la Banda Municipal, Orquesta \u2013 Escuela Chascom\u00fas y Conservatorio. 09 de Octubre de 2025 CHASCOM\u00daS -\u00a0 \u00a0El jueves 23 de octubre, subir\u00e1 al escenario del Teatro Municipal Brazzola, a las 20,30 horas, la joven cantante chascomunense Roc\u00edo Quiroz junto a integrantes de la Banda Municipal de\u2026","rel":"","context":"En \u00abCHASCOM\u00daS\u00bb","block_context":{"text":"CHASCOM\u00daS","link":"https:\/\/larevistadigital.com.ar\/blog\/category\/chascomus\/"},"img":{"alt_text":"","src":"https:\/\/i0.wp.com\/larevistadigital.com.ar\/blog\/wp-content\/uploads\/68e7f175bd99b.png?fit=668%2C445&ssl=1&resize=350%2C200","width":350,"height":200,"srcset":"https:\/\/i0.wp.com\/larevistadigital.com.ar\/blog\/wp-content\/uploads\/68e7f175bd99b.png?fit=668%2C445&ssl=1&resize=350%2C200 1x, https:\/\/i0.wp.com\/larevistadigital.com.ar\/blog\/wp-content\/uploads\/68e7f175bd99b.png?fit=668%2C445&ssl=1&resize=525%2C300 1.5x"},"classes":[]}],"_links":{"self":[{"href":"https:\/\/larevistadigital.com.ar\/blog\/wp-json\/wp\/v2\/posts\/39073","targetHints":{"allow":["GET"]}}],"collection":[{"href":"https:\/\/larevistadigital.com.ar\/blog\/wp-json\/wp\/v2\/posts"}],"about":[{"href":"https:\/\/larevistadigital.com.ar\/blog\/wp-json\/wp\/v2\/types\/post"}],"author":[{"embeddable":true,"href":"https:\/\/larevistadigital.com.ar\/blog\/wp-json\/wp\/v2\/users\/3"}],"replies":[{"embeddable":true,"href":"https:\/\/larevistadigital.com.ar\/blog\/wp-json\/wp\/v2\/comments?post=39073"}],"version-history":[{"count":1,"href":"https:\/\/larevistadigital.com.ar\/blog\/wp-json\/wp\/v2\/posts\/39073\/revisions"}],"predecessor-version":[{"id":39075,"href":"https:\/\/larevistadigital.com.ar\/blog\/wp-json\/wp\/v2\/posts\/39073\/revisions\/39075"}],"wp:featuredmedia":[{"embeddable":true,"href":"https:\/\/larevistadigital.com.ar\/blog\/wp-json\/wp\/v2\/media\/39074"}],"wp:attachment":[{"href":"https:\/\/larevistadigital.com.ar\/blog\/wp-json\/wp\/v2\/media?parent=39073"}],"wp:term":[{"taxonomy":"category","embeddable":true,"href":"https:\/\/larevistadigital.com.ar\/blog\/wp-json\/wp\/v2\/categories?post=39073"},{"taxonomy":"post_tag","embeddable":true,"href":"https:\/\/larevistadigital.com.ar\/blog\/wp-json\/wp\/v2\/tags?post=39073"}],"curies":[{"name":"wp","href":"https:\/\/api.w.org\/{rel}","templated":true}]}}