{"id":39076,"date":"2025-03-22T16:14:27","date_gmt":"2025-03-22T19:14:27","guid":{"rendered":"https:\/\/larevistadigital.com.ar\/blog\/?p=39076"},"modified":"2025-03-22T16:14:27","modified_gmt":"2025-03-22T19:14:27","slug":"gral-madariaga-detienen-a-sujeto-de-71-anos-y-secuestran-importante-cantidad-de-cocaina","status":"publish","type":"post","link":"https:\/\/larevistadigital.com.ar\/blog\/gral-madariaga-detienen-a-sujeto-de-71-anos-y-secuestran-importante-cantidad-de-cocaina\/","title":{"rendered":"Gral: Madariaga: Detienen a sujeto de 71 a\u00f1os y secuestran importante cantidad de coca\u00edna"},"content":{"rendered":"<p data-pm-slice=\"1 1 []\"><strong>Tras una investigaci\u00f3n iniciada por denuncias vecinales, hallaron coca\u00edna fraccionada para la venta y dinero en efectivo<\/strong><\/p>\n<p data-pm-slice=\"1 1 []\">22 de Marzo de 2025<\/p>\n<p><strong>GENERAL MADARIAGA &#8211;<\/strong>\u00a0 Un hombre de 71 a\u00f1os fue aprehendido en General Madariaga por presunta comercializaci\u00f3n de estupefacientes, luego de una minuciosa investigaci\u00f3n iniciada a partir de denuncias de vecinos preocupados por la actividad ilegal en la zona.<\/p>\n<blockquote>\n<h3>Las autoridades llevaron a cabo un exhaustivo trabajo de seguimiento, que incluy\u00f3 observaciones, registros fotogr\u00e1ficos y recolecci\u00f3n de pruebas. Con esta informaci\u00f3n, se obtuvo una orden de allanamiento para dos viviendas ubicadas en la calle 25.<\/h3>\n<\/blockquote>\n<p>El operativo, realizado en el d\u00eda de ayer, permiti\u00f3 la incautaci\u00f3n de coca\u00edna ya fraccionada para la venta, dinero en efectivo y tres tel\u00e9fonos celulares. Adem\u00e1s, se procedi\u00f3 a la aprehensi\u00f3n del sospechoso.<\/p>\n<blockquote>\n<h3>Cabe destacar que la investigaci\u00f3n se inici\u00f3 tras denuncias realizadas por los vecinos ante la Secretar\u00eda de Seguridad y cont\u00f3 con la autorizaci\u00f3n de la Unidad Funcional de Instrucci\u00f3n N\u00b0 3 de Dolores, a cargo del Dr. Marcos Scoccimarro.<\/h3>\n<\/blockquote>\n<p>El operativo fue coordinado y ejecutado por efectivos de la Delegaci\u00f3n de Drogas Il\u00edcitas de Dolores, la Jefatura de Polic\u00eda Comunal de General Madariaga y la Secretar\u00eda de Seguridad del municipio. Las autoridades destacaron la importancia de la colaboraci\u00f3n ciudadana en la lucha contra el narcotr\u00e1fico y reafirmaron su compromiso con la seguridad en la regi\u00f3n.<\/p>\n<p>FUENTE E IMAGEN Entrel\u00edneas.info<\/p>\n","protected":false},"excerpt":{"rendered":"<div class=\"mh-excerpt\"><p>Tras una investigaci\u00f3n iniciada por denuncias vecinales, hallaron coca\u00edna fraccionada para la venta y dinero en efectivo 22 de Marzo de 2025 GENERAL MADARIAGA &#8211;\u00a0 Un hombre de 71 a\u00f1os fue aprehendido en General Madariaga <a class=\"mh-excerpt-more\" href=\"https:\/\/larevistadigital.com.ar\/blog\/gral-madariaga-detienen-a-sujeto-de-71-anos-y-secuestran-importante-cantidad-de-cocaina\/\" title=\"Gral: Madariaga: Detienen a sujeto de 71 a\u00f1os y secuestran importante cantidad de coca\u00edna\">[Leer M\u00e1s]<\/a><\/p>\n<\/div>","protected":false},"author":3,"featured_media":39077,"comment_status":"open","ping_status":"open","sticky":false,"template":"","format":"standard","meta":{"_jetpack_memberships_contains_paid_content":false,"footnotes":"","jetpack_publicize_message":"","jetpack_publicize_feature_enabled":true,"jetpack_social_post_already_shared":true,"jetpack_social_options":{"image_generator_settings":{"template":"highway","default_image_id":0,"font":"","enabled":false},"version":2}},"categories":[44,51],"tags":[],"class_list":{"0":"post-39076","1":"post","2":"type-post","3":"status-publish","4":"format-standard","5":"has-post-thumbnail","7":"category-policiales","8":"category-regionales"},"jetpack_publicize_connections":[],"jetpack_featured_media_url":"https:\/\/i0.wp.com\/larevistadigital.com.ar\/blog\/wp-content\/uploads\/543ef4b8d9a9f610e380d6787612dc99becdd64c.jpg?fit=1140%2C642&ssl=1","jetpack_sharing_enabled":true,"jetpack_shortlink":"https:\/\/wp.me\/p8qtrQ-aag","jetpack-related-posts":[{"id":28778,"url":"https:\/\/larevistadigital.com.ar\/blog\/chascomus-incautan-cocaina-en-un-allanamiento\/","url_meta":{"origin":39076,"position":0},"title":"CHASCOM\u00daS: INCAUTAN COCA\u00cdNA EN UN ALLANAMIENTO.","author":"Alejandro Sosa Ruda","date":"4 noviembre, 2022","format":false,"excerpt":"La cantidad secuestrada no fue suficiente para detener a la persona, seg\u00fan dispuso el Juez Gasquet. 4 de noviembre de 2022 CHASCOM\u00daS -\u00a0\u00a0Durante el d\u00eda de ayer y en horas de la tarde, se efectiviz\u00f3 un importante allanamiento para con una vivienda ubicada en la calle Saturnino Justo de la\u2026","rel":"","context":"En \u00abINTERES GENERAL\u00bb","block_context":{"text":"INTERES GENERAL","link":"https:\/\/larevistadigital.com.ar\/blog\/category\/interes-general\/"},"img":{"alt_text":"","src":"https:\/\/i0.wp.com\/larevistadigital.com.ar\/blog\/wp-content\/uploads\/WhatsApp-Image-2022-11-03-at-21.16.28-e1667570805685.jpeg?fit=821%2C1200&ssl=1&resize=350%2C200","width":350,"height":200,"srcset":"https:\/\/i0.wp.com\/larevistadigital.com.ar\/blog\/wp-content\/uploads\/WhatsApp-Image-2022-11-03-at-21.16.28-e1667570805685.jpeg?fit=821%2C1200&ssl=1&resize=350%2C200 1x, https:\/\/i0.wp.com\/larevistadigital.com.ar\/blog\/wp-content\/uploads\/WhatsApp-Image-2022-11-03-at-21.16.28-e1667570805685.jpeg?fit=821%2C1200&ssl=1&resize=525%2C300 1.5x, https:\/\/i0.wp.com\/larevistadigital.com.ar\/blog\/wp-content\/uploads\/WhatsApp-Image-2022-11-03-at-21.16.28-e1667570805685.jpeg?fit=821%2C1200&ssl=1&resize=700%2C400 2x"},"classes":[]},{"id":41110,"url":"https:\/\/larevistadigital.com.ar\/blog\/general-madariaga-detienen-a-dos-sujetos-por-un-violento-hecho-de-robo-en-pinamar\/","url_meta":{"origin":39076,"position":1},"title":"General Madariaga: Detienen a dos sujetos por un violento  hecho de robo en Pinamar","author":"Alejandro Sosa Ruda","date":"26 agosto, 2025","format":false,"excerpt":"La investigaci\u00f3n permiti\u00f3 dar con los sospechosos en General Madariaga. La v\u00edctima hab\u00eda sido reducida y golpeada en su vivienda. 26 de agosto de 2025 GENERAL MADARIAGA\u00a0 -\u00a0 \u00a0Un operativo policial desarrollado en General Madariaga culmin\u00f3 con la aprehensi\u00f3n de dos hombres acusados de participar en un violento robo ocurrido\u2026","rel":"","context":"En \u00abPOLICIALES\u00bb","block_context":{"text":"POLICIALES","link":"https:\/\/larevistadigital.com.ar\/blog\/category\/policiales\/"},"img":{"alt_text":"","src":"https:\/\/i0.wp.com\/larevistadigital.com.ar\/blog\/wp-content\/uploads\/539384492_18053244758449331_7543124158828652225_n.jpg?fit=700%2C700&ssl=1&resize=350%2C200","width":350,"height":200,"srcset":"https:\/\/i0.wp.com\/larevistadigital.com.ar\/blog\/wp-content\/uploads\/539384492_18053244758449331_7543124158828652225_n.jpg?fit=700%2C700&ssl=1&resize=350%2C200 1x, https:\/\/i0.wp.com\/larevistadigital.com.ar\/blog\/wp-content\/uploads\/539384492_18053244758449331_7543124158828652225_n.jpg?fit=700%2C700&ssl=1&resize=525%2C300 1.5x, https:\/\/i0.wp.com\/larevistadigital.com.ar\/blog\/wp-content\/uploads\/539384492_18053244758449331_7543124158828652225_n.jpg?fit=700%2C700&ssl=1&resize=700%2C400 2x"},"classes":[]},{"id":19710,"url":"https:\/\/larevistadigital.com.ar\/blog\/violento-robo-a-mano-armada-en-campo-de-madariaga\/","url_meta":{"origin":39076,"position":2},"title":"VIOLENTO ROBO A MANO ARMADA EN CAMPO DE MADARIAGA","author":"Alejandro Sosa Ruda","date":"19 abril, 2021","format":false,"excerpt":"Los delincuentes ped\u00edan el dinero de una venta de ganado. GENERAL MADARIAGA - Durante la ma\u00f1ana del s\u00e1bado, tres delincuentes armados ingresaron a un campo ubicado sobre el kil\u00f3metro 47 de la Ruta 56, en el Partido de General Madariaga. Seg\u00fan inform\u00f3 Central Madariaga, el hecho delictivo fue m\u00e1s precisamente\u2026","rel":"","context":"En \u00abREGIONALES\u00bb","block_context":{"text":"REGIONALES","link":"https:\/\/larevistadigital.com.ar\/blog\/category\/regionales\/"},"img":{"alt_text":"","src":"https:\/\/i0.wp.com\/larevistadigital.com.ar\/blog\/wp-content\/uploads\/764e5acffdb8d13707e5dae43ea1802ac79480cd.jpg?fit=1140%2C761&ssl=1&resize=350%2C200","width":350,"height":200,"srcset":"https:\/\/i0.wp.com\/larevistadigital.com.ar\/blog\/wp-content\/uploads\/764e5acffdb8d13707e5dae43ea1802ac79480cd.jpg?fit=1140%2C761&ssl=1&resize=350%2C200 1x, https:\/\/i0.wp.com\/larevistadigital.com.ar\/blog\/wp-content\/uploads\/764e5acffdb8d13707e5dae43ea1802ac79480cd.jpg?fit=1140%2C761&ssl=1&resize=525%2C300 1.5x, https:\/\/i0.wp.com\/larevistadigital.com.ar\/blog\/wp-content\/uploads\/764e5acffdb8d13707e5dae43ea1802ac79480cd.jpg?fit=1140%2C761&ssl=1&resize=700%2C400 2x, https:\/\/i0.wp.com\/larevistadigital.com.ar\/blog\/wp-content\/uploads\/764e5acffdb8d13707e5dae43ea1802ac79480cd.jpg?fit=1140%2C761&ssl=1&resize=1050%2C600 3x"},"classes":[]},{"id":28639,"url":"https:\/\/larevistadigital.com.ar\/blog\/chascomus-tras-ocho-meses-de-investigacion-se-desbarato-una-cueva-donde-se-comercializaban-estupefacientes-secuestraron-elementos-y-se-aprehendio-a-un-hombre\/","url_meta":{"origin":39076,"position":3},"title":"CHASCOM\u00daS: TRAS OCHO MESES DE INVESTIGACI\u00d3N, SE DESBARAT\u00d3 UNA \u00abCUEVA\u00bb DONDE SE COMERCIALIZABAN ESTUPEFACIENTES. SECUESTRARON ELEMENTOS Y SE APREHENDI\u00d3 A UN HOMBRE.","author":"Alejandro Sosa Ruda","date":"27 octubre, 2022","format":false,"excerpt":"Se investig\u00f3 durante ocho meses y se obtuvieron resultados que permitieron allanar y secuestrar drogas, aprehendiendo al morador de la vivienda. 27 de Octubre de 2022 CHASCOM\u00daS -\u00a0\u00a0A ra\u00edz de investigaciones llevadas a cabo, la subdelegaci\u00f3n de Investigaciones del tr\u00e1fico de drogas il\u00edcitas tom\u00f3 conocimiento de la presunta comercializaci\u00f3n de\u2026","rel":"","context":"En \u00abDESTACADAS\u00bb","block_context":{"text":"DESTACADAS","link":"https:\/\/larevistadigital.com.ar\/blog\/category\/destacadas\/"},"img":{"alt_text":"","src":"https:\/\/i0.wp.com\/larevistadigital.com.ar\/blog\/wp-content\/uploads\/WhatsApp-Image-2022-10-27-at-06.41.33.jpeg?fit=1200%2C900&ssl=1&resize=350%2C200","width":350,"height":200,"srcset":"https:\/\/i0.wp.com\/larevistadigital.com.ar\/blog\/wp-content\/uploads\/WhatsApp-Image-2022-10-27-at-06.41.33.jpeg?fit=1200%2C900&ssl=1&resize=350%2C200 1x, https:\/\/i0.wp.com\/larevistadigital.com.ar\/blog\/wp-content\/uploads\/WhatsApp-Image-2022-10-27-at-06.41.33.jpeg?fit=1200%2C900&ssl=1&resize=525%2C300 1.5x, https:\/\/i0.wp.com\/larevistadigital.com.ar\/blog\/wp-content\/uploads\/WhatsApp-Image-2022-10-27-at-06.41.33.jpeg?fit=1200%2C900&ssl=1&resize=700%2C400 2x, https:\/\/i0.wp.com\/larevistadigital.com.ar\/blog\/wp-content\/uploads\/WhatsApp-Image-2022-10-27-at-06.41.33.jpeg?fit=1200%2C900&ssl=1&resize=1050%2C600 3x"},"classes":[]},{"id":32037,"url":"https:\/\/larevistadigital.com.ar\/blog\/32037-2\/","url_meta":{"origin":39076,"position":4},"title":"TEN\u00cdA ARRESTO DOMICILIARIO PERO MANEJABA UNA RED DE VENTA DE DROGAS","author":"Alejandro Sosa Ruda","date":"16 junio, 2023","format":false,"excerpt":"Detenida l\u00edder de banda de drogas en el barrio Libertad. 16 de junio de 2023 MAR DEL PLATA -\u00a0 \u00a0Una mujer de 35 a\u00f1os, acusada de ser la l\u00edder de una banda con seis puntos de venta de droga en el barrio Libertad, fue arrestada tras una serie de allanamientos\u2026","rel":"","context":"En \u00abPOLICIALES\u00bb","block_context":{"text":"POLICIALES","link":"https:\/\/larevistadigital.com.ar\/blog\/category\/policiales\/"},"img":{"alt_text":"","src":"https:\/\/i0.wp.com\/larevistadigital.com.ar\/blog\/wp-content\/uploads\/drogas.jpg?fit=807%2C527&ssl=1&resize=350%2C200","width":350,"height":200,"srcset":"https:\/\/i0.wp.com\/larevistadigital.com.ar\/blog\/wp-content\/uploads\/drogas.jpg?fit=807%2C527&ssl=1&resize=350%2C200 1x, https:\/\/i0.wp.com\/larevistadigital.com.ar\/blog\/wp-content\/uploads\/drogas.jpg?fit=807%2C527&ssl=1&resize=525%2C300 1.5x, https:\/\/i0.wp.com\/larevistadigital.com.ar\/blog\/wp-content\/uploads\/drogas.jpg?fit=807%2C527&ssl=1&resize=700%2C400 2x"},"classes":[]},{"id":12197,"url":"https:\/\/larevistadigital.com.ar\/blog\/dolores-allanamientos-con-resultado-positivodurante-la-noche-personal-de-la-delegacio\/","url_meta":{"origin":39076,"position":5},"title":"DOLORES: ALLANAMIENTOS CON RESULTADO POSITIVO","author":"Alejandro Sosa Ruda","date":"21 septiembre, 2019","format":false,"excerpt":"Durante la noche, personal de la Delegaci\u00f3n del Tr\u00e1fico de Drogas Il\u00edcitas y Cr\u00edmen Organizado Dolores, realiz\u00f3 dos allanamientos en sendas viviendas de la ciudad. Uno en inmediaciones de las calles Gorriti y Riobamba, que arroj\u00f3 resultado negativo, y el otro en calle Pilotto entre Paz y Brandsen. Se trata\u2026","rel":"","context":"En \u00abDOLORES\u00bb","block_context":{"text":"DOLORES","link":"https:\/\/larevistadigital.com.ar\/blog\/category\/dolores\/"},"img":{"alt_text":"","src":"https:\/\/i0.wp.com\/larevistadigital.com.ar\/blog\/wp-content\/uploads\/26175893_2177984972228424_2034052826_n.jpg?fit=960%2C661&ssl=1&resize=350%2C200","width":350,"height":200,"srcset":"https:\/\/i0.wp.com\/larevistadigital.com.ar\/blog\/wp-content\/uploads\/26175893_2177984972228424_2034052826_n.jpg?fit=960%2C661&ssl=1&resize=350%2C200 1x, https:\/\/i0.wp.com\/larevistadigital.com.ar\/blog\/wp-content\/uploads\/26175893_2177984972228424_2034052826_n.jpg?fit=960%2C661&ssl=1&resize=525%2C300 1.5x, https:\/\/i0.wp.com\/larevistadigital.com.ar\/blog\/wp-content\/uploads\/26175893_2177984972228424_2034052826_n.jpg?fit=960%2C661&ssl=1&resize=700%2C400 2x"},"classes":[]}],"_links":{"self":[{"href":"https:\/\/larevistadigital.com.ar\/blog\/wp-json\/wp\/v2\/posts\/39076","targetHints":{"allow":["GET"]}}],"collection":[{"href":"https:\/\/larevistadigital.com.ar\/blog\/wp-json\/wp\/v2\/posts"}],"about":[{"href":"https:\/\/larevistadigital.com.ar\/blog\/wp-json\/wp\/v2\/types\/post"}],"author":[{"embeddable":true,"href":"https:\/\/larevistadigital.com.ar\/blog\/wp-json\/wp\/v2\/users\/3"}],"replies":[{"embeddable":true,"href":"https:\/\/larevistadigital.com.ar\/blog\/wp-json\/wp\/v2\/comments?post=39076"}],"version-history":[{"count":1,"href":"https:\/\/larevistadigital.com.ar\/blog\/wp-json\/wp\/v2\/posts\/39076\/revisions"}],"predecessor-version":[{"id":39078,"href":"https:\/\/larevistadigital.com.ar\/blog\/wp-json\/wp\/v2\/posts\/39076\/revisions\/39078"}],"wp:featuredmedia":[{"embeddable":true,"href":"https:\/\/larevistadigital.com.ar\/blog\/wp-json\/wp\/v2\/media\/39077"}],"wp:attachment":[{"href":"https:\/\/larevistadigital.com.ar\/blog\/wp-json\/wp\/v2\/media?parent=39076"}],"wp:term":[{"taxonomy":"category","embeddable":true,"href":"https:\/\/larevistadigital.com.ar\/blog\/wp-json\/wp\/v2\/categories?post=39076"},{"taxonomy":"post_tag","embeddable":true,"href":"https:\/\/larevistadigital.com.ar\/blog\/wp-json\/wp\/v2\/tags?post=39076"}],"curies":[{"name":"wp","href":"https:\/\/api.w.org\/{rel}","templated":true}]}}