{"id":39079,"date":"2025-03-22T16:25:08","date_gmt":"2025-03-22T19:25:08","guid":{"rendered":"https:\/\/larevistadigital.com.ar\/blog\/?p=39079"},"modified":"2025-03-22T16:25:08","modified_gmt":"2025-03-22T19:25:08","slug":"preocupacion-en-mar-chiquita-por-el-impacto-del-decreto-216-2025-en-el-turismo","status":"publish","type":"post","link":"https:\/\/larevistadigital.com.ar\/blog\/preocupacion-en-mar-chiquita-por-el-impacto-del-decreto-216-2025-en-el-turismo\/","title":{"rendered":"Preocupaci\u00f3n en Mar Chiquita por el impacto del decreto 216\/2025 en el turismo"},"content":{"rendered":"<h2 class=\"nota__hero__summary\">Las autoridades del Partido de Mar Chiquita, expresaron su preocupaci\u00f3n por el decreto impulsado por el Gobierno Nacional para modificar la Ley Nacional de Turismo.<\/h2>\n<p data-pm-slice=\"1 1 []\">22 De Marzo de 2025<\/p>\n<p data-pm-slice=\"1 1 []\"><strong>MAR CHIQUITA &#8211;\u00a0<\/strong> Desde la Secretar\u00eda de Turismo y Ambiente del Partido de Mar Chiquita, a cargo de <strong>Diego Ginestra<\/strong>, manifestaron su preocupaci\u00f3n por el decreto 216\/2025 impulsado por el Gobierno Nacional, el cual modifica la Ley Nacional de Turismo 25.997 y redefine el rol del Estado en la actividad. <em><strong>\u00abQuieren convertir el derecho al esparcimiento, a la recreaci\u00f3n y a la felicidad en un privilegio para la casta\u00bb<\/strong><\/em>, critic\u00f3 <strong>Ginestra.<\/strong><\/p>\n<p>El funcionario se\u00f1al\u00f3 que, a trav\u00e9s de este decreto, amparado en las facultades de la Ley Bases aprobada el a\u00f1o pasado, el Gobierno redefine el papel de Turismo Naci\u00f3n, reduci\u00e9ndolo a un organismo meramente coordinador de pol\u00edticas de promoci\u00f3n.<em><strong> \u00abEl desfinanciamiento del Estado en esta \u00e1rea es una herramienta discriminatoria sobre un derecho que le corresponde a todo trabajador\u00bb<\/strong><\/em>, enfatiz\u00f3.<\/p>\n<p>Seg\u00fan explic\u00f3 <strong>Ginestra<\/strong>, la medida implica la disoluci\u00f3n del Comit\u00e9 Interministerial de Facilitaci\u00f3n Tur\u00edstica y la eliminaci\u00f3n de responsabilidades clave de la Secretar\u00eda de Turismo, Ambiente y Deportes. Entre ellas, se suprimen las funciones de planificaci\u00f3n del sector, financiamiento de obras, subvenciones a provincias, estrategias de capacitaci\u00f3n y administraci\u00f3n de infraestructura tur\u00edstica. Adem\u00e1s, se pone fin al Programa Nacional de Inversiones Tur\u00edsticas y al Plan de Turismo Social.<\/p>\n<p><strong><em>\u00abCon el discurso de otorgar autonom\u00eda a provincias y municipios, el Estado Nacional se corre de su rol y atenta contra una de las matrices productivas m\u00e1s importantes del pa\u00eds\u00bb<\/em><\/strong>, asegur\u00f3<strong> Ginestra<\/strong>. Y concluy\u00f3 con una fuerte cr\u00edtica a la gesti\u00f3n de <strong><em>Javier Milei: \u00abEstas decisiones tomadas por decreto, sin la consulta de organizaciones especializadas, castigan a la clase trabajadora y confirman su intenci\u00f3n de desmantelar el Estado desde adentro\u00bb.<\/em><\/strong><\/p>\n","protected":false},"excerpt":{"rendered":"<div class=\"mh-excerpt\"><p>Las autoridades del Partido de Mar Chiquita, expresaron su preocupaci\u00f3n por el decreto impulsado por el Gobierno Nacional para modificar la Ley Nacional de Turismo. 22 De Marzo de 2025 MAR CHIQUITA &#8211;\u00a0 Desde la <a class=\"mh-excerpt-more\" href=\"https:\/\/larevistadigital.com.ar\/blog\/preocupacion-en-mar-chiquita-por-el-impacto-del-decreto-216-2025-en-el-turismo\/\" title=\"Preocupaci\u00f3n en Mar Chiquita por el impacto del decreto 216\/2025 en el turismo\">[Leer M\u00e1s]<\/a><\/p>\n<\/div>","protected":false},"author":3,"featured_media":39080,"comment_status":"open","ping_status":"open","sticky":false,"template":"","format":"standard","meta":{"_jetpack_memberships_contains_paid_content":false,"footnotes":"","jetpack_publicize_message":"","jetpack_publicize_feature_enabled":true,"jetpack_social_post_already_shared":true,"jetpack_social_options":{"image_generator_settings":{"template":"highway","default_image_id":0,"font":"","enabled":false},"version":2}},"categories":[24,51],"tags":[],"class_list":{"0":"post-39079","1":"post","2":"type-post","3":"status-publish","4":"format-standard","5":"has-post-thumbnail","7":"category-politica-provincial","8":"category-regionales"},"jetpack_publicize_connections":[],"jetpack_featured_media_url":"https:\/\/i0.wp.com\/larevistadigital.com.ar\/blog\/wp-content\/uploads\/79a5625977ae8d129a181da58db2fdee15ca6ef6.jpg?fit=1140%2C820&ssl=1","jetpack_sharing_enabled":true,"jetpack_shortlink":"https:\/\/wp.me\/p8qtrQ-aaj","jetpack-related-posts":[{"id":20823,"url":"https:\/\/larevistadigital.com.ar\/blog\/mar-chiquita-le-pidio-al-gobierno-nacional-que-no-se-realicen-practicas-de-tiro-en-la-ex-base-celpa\/","url_meta":{"origin":39079,"position":0},"title":"Mar Chiquita le pidi\u00f3 al gobierno nacional que no se realicen pr\u00e1cticas de tiro en la ex base CELPA","author":"Alejandro Sosa Ruda","date":"22 junio, 2021","format":false,"excerpt":"En una carta dirigida al Ministerio de Defensa, el municipio pidi\u00f3 \u201cgarantizar el mantenimiento sin perturbaciones de los procesos biol\u00f3gicos y ecol\u00f3gicos esenciales de nuestro tesoro natural\u201d. MAR CHIQUITA - La Municipalidad de Mar Chiquita le solicit\u00f3 al Ministerio de Defensa, a cargo de Agust\u00edn Rossi, que no se realicen\u2026","rel":"","context":"En \u00abREGIONALES\u00bb","block_context":{"text":"REGIONALES","link":"https:\/\/larevistadigital.com.ar\/blog\/category\/regionales\/"},"img":{"alt_text":"","src":"https:\/\/i0.wp.com\/larevistadigital.com.ar\/blog\/wp-content\/uploads\/19ec086e199124f07ba4702f127703a6d2faf8d9.jpg?fit=1140%2C641&ssl=1&resize=350%2C200","width":350,"height":200,"srcset":"https:\/\/i0.wp.com\/larevistadigital.com.ar\/blog\/wp-content\/uploads\/19ec086e199124f07ba4702f127703a6d2faf8d9.jpg?fit=1140%2C641&ssl=1&resize=350%2C200 1x, https:\/\/i0.wp.com\/larevistadigital.com.ar\/blog\/wp-content\/uploads\/19ec086e199124f07ba4702f127703a6d2faf8d9.jpg?fit=1140%2C641&ssl=1&resize=525%2C300 1.5x, https:\/\/i0.wp.com\/larevistadigital.com.ar\/blog\/wp-content\/uploads\/19ec086e199124f07ba4702f127703a6d2faf8d9.jpg?fit=1140%2C641&ssl=1&resize=700%2C400 2x, https:\/\/i0.wp.com\/larevistadigital.com.ar\/blog\/wp-content\/uploads\/19ec086e199124f07ba4702f127703a6d2faf8d9.jpg?fit=1140%2C641&ssl=1&resize=1050%2C600 3x"},"classes":[]},{"id":41894,"url":"https:\/\/larevistadigital.com.ar\/blog\/jorge-taiana-en-mar-chiquita-aseguro-que-milei-ya-fracaso\/","url_meta":{"origin":39079,"position":1},"title":"Jorge Taiana en Mar Chiquita asegur\u00f3 que \u00abMilei ya fracas\u00f3\u00bb","author":"Alejandro Sosa Ruda","date":"12 octubre, 2025","format":false,"excerpt":"El candidato a diputado nacional por Fuerza Patria encabez\u00f3 un acto junto a Jorge Paredi y Jimena L\u00f3pez, en el marco del ciclo \u201cPeronistas con Historia\u201d. 12 de Octubre de 2025 Mar Chiquita.- BUENOS AIRES-\u00a0 \u00a0Durante un encuentro en el Centro Cultural de Santa Clara del Mar, el primer candidato\u2026","rel":"","context":"En \u00abPOLITICA PROVINCIAL\u00bb","block_context":{"text":"POLITICA PROVINCIAL","link":"https:\/\/larevistadigital.com.ar\/blog\/category\/politica\/politica-provincial\/"},"img":{"alt_text":"","src":"https:\/\/i0.wp.com\/larevistadigital.com.ar\/blog\/wp-content\/uploads\/4eb65d6be2e2083c8a0472ccbe0bc1e6e6b04463.jpg?fit=1140%2C760&ssl=1&resize=350%2C200","width":350,"height":200,"srcset":"https:\/\/i0.wp.com\/larevistadigital.com.ar\/blog\/wp-content\/uploads\/4eb65d6be2e2083c8a0472ccbe0bc1e6e6b04463.jpg?fit=1140%2C760&ssl=1&resize=350%2C200 1x, https:\/\/i0.wp.com\/larevistadigital.com.ar\/blog\/wp-content\/uploads\/4eb65d6be2e2083c8a0472ccbe0bc1e6e6b04463.jpg?fit=1140%2C760&ssl=1&resize=525%2C300 1.5x, https:\/\/i0.wp.com\/larevistadigital.com.ar\/blog\/wp-content\/uploads\/4eb65d6be2e2083c8a0472ccbe0bc1e6e6b04463.jpg?fit=1140%2C760&ssl=1&resize=700%2C400 2x, https:\/\/i0.wp.com\/larevistadigital.com.ar\/blog\/wp-content\/uploads\/4eb65d6be2e2083c8a0472ccbe0bc1e6e6b04463.jpg?fit=1140%2C760&ssl=1&resize=1050%2C600 3x"},"classes":[]},{"id":30542,"url":"https:\/\/larevistadigital.com.ar\/blog\/mar-chiquita-edil-denunciado-por-violencia-de-genero-sigue-asistiendo-al-concejo-deliberante\/","url_meta":{"origin":39079,"position":2},"title":"MAR CHIQUITA: EDIL DENUNCIADO POR VIOLENCIA DE G\u00c9NERO, SIGUE ASISTIENDO AL CONCEJO DELIBERANTE","author":"Alejandro Sosa Ruda","date":"12 marzo, 2023","format":false,"excerpt":"Se trata de Mariano Filippi, de Juntos por el Cambio, quien tras ausentarse en la apertura de sesiones ordinarias, concurri\u00f3 al recinto el pasado 8 de marzo, D\u00eda Internacional de la Mujer. 11 De Marzo de 2023 MAR CHIQUITA -\u00a0 El concejal de Juntos por el Cambio denunciado por violencia\u2026","rel":"","context":"En \u00abPOLITICA PROVINCIAL\u00bb","block_context":{"text":"POLITICA PROVINCIAL","link":"https:\/\/larevistadigital.com.ar\/blog\/category\/politica\/politica-provincial\/"},"img":{"alt_text":"","src":"https:\/\/i0.wp.com\/larevistadigital.com.ar\/blog\/wp-content\/uploads\/20230311130320_filipi.jpg?fit=880%2C512&ssl=1&resize=350%2C200","width":350,"height":200,"srcset":"https:\/\/i0.wp.com\/larevistadigital.com.ar\/blog\/wp-content\/uploads\/20230311130320_filipi.jpg?fit=880%2C512&ssl=1&resize=350%2C200 1x, https:\/\/i0.wp.com\/larevistadigital.com.ar\/blog\/wp-content\/uploads\/20230311130320_filipi.jpg?fit=880%2C512&ssl=1&resize=525%2C300 1.5x, https:\/\/i0.wp.com\/larevistadigital.com.ar\/blog\/wp-content\/uploads\/20230311130320_filipi.jpg?fit=880%2C512&ssl=1&resize=700%2C400 2x"},"classes":[]},{"id":22663,"url":"https:\/\/larevistadigital.com.ar\/blog\/mar-chiquita-el-frente-de-todos-ratifico-su-triunfo\/","url_meta":{"origin":39079,"position":3},"title":"MAR CHIQUITA: EL FRENTE DE TODOS RATIFIC\u00d3 SU TRIUNFO","author":"Alejandro Sosa Ruda","date":"15 noviembre, 2021","format":false,"excerpt":"MAR CHIQUITA -\u00a0 Tal como sucedi\u00f3 en las PASO, el Frente de Todos fue la boleta m\u00e1s votada en el vecino partido de Mar Chiquita. En septiembre, la lista \u00fanica que encabez\u00f3 Leandro Barone\u00a0y que impuls\u00f3 el intendente\u00a0Jorge Paredi,\u00a0super\u00f3 en el total de votos a la suma de las tres\u2026","rel":"","context":"En \u00abPOLITICA\u00bb","block_context":{"text":"POLITICA","link":"https:\/\/larevistadigital.com.ar\/blog\/category\/politica\/"},"img":{"alt_text":"","src":"https:\/\/i0.wp.com\/larevistadigital.com.ar\/blog\/wp-content\/uploads\/Captura-de-pantalla-2021-11-15-010322-e1636974722945.jpg?fit=666%2C551&ssl=1&resize=350%2C200","width":350,"height":200,"srcset":"https:\/\/i0.wp.com\/larevistadigital.com.ar\/blog\/wp-content\/uploads\/Captura-de-pantalla-2021-11-15-010322-e1636974722945.jpg?fit=666%2C551&ssl=1&resize=350%2C200 1x, https:\/\/i0.wp.com\/larevistadigital.com.ar\/blog\/wp-content\/uploads\/Captura-de-pantalla-2021-11-15-010322-e1636974722945.jpg?fit=666%2C551&ssl=1&resize=525%2C300 1.5x"},"classes":[]},{"id":24549,"url":"https:\/\/larevistadigital.com.ar\/blog\/mar-chiquita-muere-turista-tras-ingresar-al-mar-en-su-kayak\/","url_meta":{"origin":39079,"position":4},"title":"MAR CHIQUITA: MUERE TURISTA TRAS INGRESAR AL MAR EN SU KAYAK","author":"Alejandro Sosa Ruda","date":"12 marzo, 2022","format":false,"excerpt":"Sucedi\u00f3 despu\u00e9s del mediod\u00eda. Los guardavidas lo sacaron del agua e intentaron reanimarlo pero falleci\u00f3. MAR CHIQUITA -\u00a0 Un hombre que se meti\u00f3 al mar en su kayak muri\u00f3 este s\u00e1bado pasado el mediod\u00eda en las playas del partido de Mar Chiquita. Seg\u00fan los primeros testimonios, el hombre de 39\u2026","rel":"","context":"En \u00abREGIONALES\u00bb","block_context":{"text":"REGIONALES","link":"https:\/\/larevistadigital.com.ar\/blog\/category\/regionales\/"},"img":{"alt_text":"","src":"https:\/\/i0.wp.com\/larevistadigital.com.ar\/blog\/wp-content\/uploads\/MAR-CHIQUITA.jpg?fit=750%2C393&ssl=1&resize=350%2C200","width":350,"height":200,"srcset":"https:\/\/i0.wp.com\/larevistadigital.com.ar\/blog\/wp-content\/uploads\/MAR-CHIQUITA.jpg?fit=750%2C393&ssl=1&resize=350%2C200 1x, https:\/\/i0.wp.com\/larevistadigital.com.ar\/blog\/wp-content\/uploads\/MAR-CHIQUITA.jpg?fit=750%2C393&ssl=1&resize=525%2C300 1.5x, https:\/\/i0.wp.com\/larevistadigital.com.ar\/blog\/wp-content\/uploads\/MAR-CHIQUITA.jpg?fit=750%2C393&ssl=1&resize=700%2C400 2x"},"classes":[]},{"id":38043,"url":"https:\/\/larevistadigital.com.ar\/blog\/38043-2\/","url_meta":{"origin":39079,"position":5},"title":"Intendentes de la 5ta regi\u00f3n, contra las pol\u00edticas del gobierno de Milei","author":"Alejandro Sosa Ruda","date":"30 noviembre, 2024","format":false,"excerpt":"La situaci\u00f3n econ\u00f3mica y social fue uno de los puntos clave del encuentro. 30 de Noviembre de 2024 Los Intendentes de la Quinta Secci\u00f3n Electoral que conforman el denominado \"Grupo de los 12\", volvieron a reunirse, en esta oportunidad el encuentro fue en la localidad de Castelli y estuvieron presente\u2026","rel":"","context":"En \u00abPOLITICA\u00bb","block_context":{"text":"POLITICA","link":"https:\/\/larevistadigital.com.ar\/blog\/category\/politica\/"},"img":{"alt_text":"","src":"https:\/\/i0.wp.com\/larevistadigital.com.ar\/blog\/wp-content\/uploads\/442c5a66c50977ee4171a7bab25eeea2dcfea2d5.jpg?fit=1111%2C900&ssl=1&resize=350%2C200","width":350,"height":200,"srcset":"https:\/\/i0.wp.com\/larevistadigital.com.ar\/blog\/wp-content\/uploads\/442c5a66c50977ee4171a7bab25eeea2dcfea2d5.jpg?fit=1111%2C900&ssl=1&resize=350%2C200 1x, https:\/\/i0.wp.com\/larevistadigital.com.ar\/blog\/wp-content\/uploads\/442c5a66c50977ee4171a7bab25eeea2dcfea2d5.jpg?fit=1111%2C900&ssl=1&resize=525%2C300 1.5x, https:\/\/i0.wp.com\/larevistadigital.com.ar\/blog\/wp-content\/uploads\/442c5a66c50977ee4171a7bab25eeea2dcfea2d5.jpg?fit=1111%2C900&ssl=1&resize=700%2C400 2x, https:\/\/i0.wp.com\/larevistadigital.com.ar\/blog\/wp-content\/uploads\/442c5a66c50977ee4171a7bab25eeea2dcfea2d5.jpg?fit=1111%2C900&ssl=1&resize=1050%2C600 3x"},"classes":[]}],"_links":{"self":[{"href":"https:\/\/larevistadigital.com.ar\/blog\/wp-json\/wp\/v2\/posts\/39079","targetHints":{"allow":["GET"]}}],"collection":[{"href":"https:\/\/larevistadigital.com.ar\/blog\/wp-json\/wp\/v2\/posts"}],"about":[{"href":"https:\/\/larevistadigital.com.ar\/blog\/wp-json\/wp\/v2\/types\/post"}],"author":[{"embeddable":true,"href":"https:\/\/larevistadigital.com.ar\/blog\/wp-json\/wp\/v2\/users\/3"}],"replies":[{"embeddable":true,"href":"https:\/\/larevistadigital.com.ar\/blog\/wp-json\/wp\/v2\/comments?post=39079"}],"version-history":[{"count":1,"href":"https:\/\/larevistadigital.com.ar\/blog\/wp-json\/wp\/v2\/posts\/39079\/revisions"}],"predecessor-version":[{"id":39081,"href":"https:\/\/larevistadigital.com.ar\/blog\/wp-json\/wp\/v2\/posts\/39079\/revisions\/39081"}],"wp:featuredmedia":[{"embeddable":true,"href":"https:\/\/larevistadigital.com.ar\/blog\/wp-json\/wp\/v2\/media\/39080"}],"wp:attachment":[{"href":"https:\/\/larevistadigital.com.ar\/blog\/wp-json\/wp\/v2\/media?parent=39079"}],"wp:term":[{"taxonomy":"category","embeddable":true,"href":"https:\/\/larevistadigital.com.ar\/blog\/wp-json\/wp\/v2\/categories?post=39079"},{"taxonomy":"post_tag","embeddable":true,"href":"https:\/\/larevistadigital.com.ar\/blog\/wp-json\/wp\/v2\/tags?post=39079"}],"curies":[{"name":"wp","href":"https:\/\/api.w.org\/{rel}","templated":true}]}}