{"id":39082,"date":"2025-03-22T16:33:32","date_gmt":"2025-03-22T19:33:32","guid":{"rendered":"https:\/\/larevistadigital.com.ar\/blog\/?p=39082"},"modified":"2025-03-22T16:33:32","modified_gmt":"2025-03-22T19:33:32","slug":"kicillof-inauguro-la-puesta-en-valor-del-espacio-para-la-memoria-de-la-ex-comisaria-5ta","status":"publish","type":"post","link":"https:\/\/larevistadigital.com.ar\/blog\/kicillof-inauguro-la-puesta-en-valor-del-espacio-para-la-memoria-de-la-ex-comisaria-5ta\/","title":{"rendered":"Kicillof inaugur\u00f3 la puesta en valor del espacio para la memoria de la ex comisar\u00eda 5ta"},"content":{"rendered":"<h2>En el mismo edificio funcionar\u00e1 la Unidad Provincial Especializada en b\u00fasqueda de personas apropiadas durante la \u00faltima dictadura c\u00edvico-militar.<\/h2>\n<p>22 de Marzo de 2025<\/p>\n<p><strong>LA PLATA &#8211;\u00a0 \u00a0<\/strong>En el marco del mes de la <strong>Memoria, la Verdad y la Justicia<\/strong>, el gobernador de la provincia de Buenos Aires, <strong>Axel Kicillof<\/strong>, encabez\u00f3 este viernes el acto de inauguraci\u00f3n de las obras de puesta en valor del Espacio para la Memoria y la Promoci\u00f3n de los Derechos Humanos &#8211; Ex centro clandestino de detenci\u00f3n, tortura y exterminio \u201cComisar\u00eda 5ta\u201d de La Plata. Fue junto al subsecretario de Derechos Humanos, Mat\u00edas Moreno; el intendente local, <strong>Julio Alak<\/strong>; la presidenta de Abuelas de Plaza de Mayo, <strong>Estela de Carlotto<\/strong>; y el subsecretario de Derechos Humanos de La Plata y nieto recuperado, <strong>Leonardo Fossati Ortega<\/strong>.<\/p>\n<p>En ese marco, <strong>Kicillof<\/strong> afirm\u00f3: <em><strong>\u201cRecorro cada rinc\u00f3n de la provincia de Buenos Aires y puedo asegurar que los discursos de odio, de olvido y de complicidad respecto de lo que ocurri\u00f3 en nuestro pa\u00eds no han logrado penetrar: pueden intentar reabrir discusiones que ya estaban saldadas, pero los y las bonaerenses vivimos en un territorio de memoria, de verdad y de justicia\u201d.<\/strong><\/em><\/p>\n<p>Con una inversi\u00f3n de $211 millones, la puesta en valor, mantenimiento y adecuaci\u00f3n del edificio hist\u00f3rico incluy\u00f3 tambi\u00e9n la instalaci\u00f3n de nueva muestra gr\u00e1fica y la renovaci\u00f3n del memorial. En el primer piso funcionar\u00e1 la oficina de la Unidad Provincial Especializada para la b\u00fasqueda de personas apropiadas durante la \u00faltima dictadura c\u00edvico-militar, creada como respuesta al desmantelamiento de la Comisi\u00f3n Nacional por el Derecho a la Identidad (CONADI), para continuar con el trabajo de Abuelas de Plaza de Mayo.<\/p>\n<p><strong>\u201cLas pol\u00edticas de derechos humanos son un punto nodal y un patrimonio central de la democracia argentina: digan lo que digan, nuestro pueblo ya decidi\u00f3 que va a seguir transitando por este camino de lucha y justicia\u201d<\/strong>, expres\u00f3 el Gobernador y a\u00f1adi\u00f3: <strong><em>\u201cDesde la provincia acompa\u00f1amos esa decisi\u00f3n con medidas que buscan tambi\u00e9n compensar la deserci\u00f3n del Estado nacional: nos llena de orgullo estar junto a Estela de Carlotto para apoyar la causa y el trabajo de las Abuelas de Plaza de Mayo\u201d.<\/em><\/strong><\/p>\n<blockquote>\n<h3>Asimismo, se suscribi\u00f3 un convenio marco de colaboraci\u00f3n entre Abuelas de Plaza de Mayo y el Banco de la Provincia con el fin de desarrollar acciones y actividades de promoci\u00f3n y protecci\u00f3n de los derechos humanos con especial \u00e9nfasis en el derecho a la identidad.<\/h3>\n<\/blockquote>\n<p>Al respecto, <strong>Estela de Carlotto<\/strong> remarc\u00f3: <em><strong>\u00abEl dolor que llevamos durante tantos a\u00f1os las Madres, las Abuelas y el pueblo argentino lo hemos transformado en lucha y en reparaci\u00f3n\u201d. \u201cEste lugar que fue siniestro, hoy es un ejemplo de lo que no debe volver a ser: nuestro camino consiste en nunca olvidar nuestra historia y seguir cuidando la democracia\u201d<\/strong><\/em>, agreg\u00f3.<\/p>\n<blockquote>\n<h3>Las reformas del espacio de memoria incluyeron el cambio del techo y reposici\u00f3n de cielorrasos, reparaci\u00f3n de aberturas y pisos, instalaci\u00f3n de ascensor, adecuaci\u00f3n de accesibilidad para personas con discapacidad, y conservaci\u00f3n de los recintos que integraron el circuito represivo y de la maternidad clandestina.<\/h3>\n<\/blockquote>\n<p><strong><em>\u201cNo solo estamos cumpliendo la ley, sino que hacemos algo a\u00fan m\u00e1s importante: tomamos la decisi\u00f3n pol\u00edtica de invertir y destinar los recursos que sean necesarios para recuperar y poner en valor los espacios de la memoria\u201d<\/em><\/strong>, concluy\u00f3 <strong>Kicillof<\/strong>.<\/p>\n<p>Por su parte, <strong>Moreno<\/strong> remarc\u00f3: <strong><em>\u201cEsta inauguraci\u00f3n forma parte de una transformaci\u00f3n que iniciamos hace cinco a\u00f1os en la Provincia para poner en valor distintos sitios y espacios de la memoria que son visitados por la comunidad\u201d. \u201cEntre otras pol\u00edticas reparatorias, la Provincia es querellante en todas las causas de lesa humanidad: estamos reivindicando el lugar que ocupa nuestro pa\u00eds en materia de derechos humanos\u201d<\/em><\/strong>, subray\u00f3.<\/p>\n<p><strong><em>\u201cLa reparaci\u00f3n de este espacio transforma el terror en un lugar digno y educativo: ahora es uno de los centros para la memoria m\u00e1s importantes de nuestra ciudad\u201d<\/em><\/strong>, sostuvo <strong>Alak<\/strong> y agreg\u00f3:<strong><em> \u201cEn momentos en que vuelve a recorrer nuestra patria el fantasma del negacionismo, acciones como estas reparan las injusticias que se cometen desde el Gobierno nacional\u201d.<\/em><\/strong><\/p>\n<p><em><strong>\u00abEs una enorme alegr\u00eda haber concretado el proceso de recuperaci\u00f3n de este espacio: convertir este sue\u00f1o en una realidad no hubiese sido posible sin un Estado comprometido cuyas pol\u00edticas posibilitan que las nuevas generaciones conozcan la historia de nuestro pa\u00eds\u00bb<\/strong><\/em>, remarc\u00f3 <strong>Fossati Ortega<\/strong>.<\/p>\n<p>Estuvieron presentes el ministro de Seguridad, Javier Alonso; la ministra de H\u00e1bitat y Desarrollo Urbano, Silvina Batakis; el director general de Cultura y Educaci\u00f3n, Alberto Sileoni; el presidente del Banco Provincia, Juan Cuattromo; la directora Ejecutiva de OPISU, Romina Barrios; los subsecretarios de Justicia, Inti Nahuel P\u00e9rez Aznar; de Pol\u00edtica Criminal, Lisandro Pellegrini; de Control Interno, Nazareno Castro; y su par de Promoci\u00f3n Sociocultural, Lorena Riesgo; el director ejecutivo de la Agencia de Asistencia T\u00e9cnico Legislativa, Pablo Barbuto; la directora de Sitios y Espacios de Memoria, Lorena Battistiol; las senadoras provinciales Sabrina Bastida y Mar\u00eda Rosa Mart\u00ednez; y su par Pedro Borgini; la diputada bonaerense Luc\u00eda Ia\u00f1ez; su par, Juan Mart\u00edn Malpeli; el diputado de Espa\u00f1a, Gerardo Pisarello; nietas y nietos recuperados; familiares de desaparecidos; sobrevivientes detenidos de la excomisar\u00eda 5\u00aa; y representantes de organismos de Derechos Humanos.<\/p>\n","protected":false},"excerpt":{"rendered":"<div class=\"mh-excerpt\"><p>En el mismo edificio funcionar\u00e1 la Unidad Provincial Especializada en b\u00fasqueda de personas apropiadas durante la \u00faltima dictadura c\u00edvico-militar. 22 de Marzo de 2025 LA PLATA &#8211;\u00a0 \u00a0En el marco del mes de la Memoria, <a class=\"mh-excerpt-more\" href=\"https:\/\/larevistadigital.com.ar\/blog\/kicillof-inauguro-la-puesta-en-valor-del-espacio-para-la-memoria-de-la-ex-comisaria-5ta\/\" title=\"Kicillof inaugur\u00f3 la puesta en valor del espacio para la memoria de la ex comisar\u00eda 5ta\">[Leer M\u00e1s]<\/a><\/p>\n<\/div>","protected":false},"author":3,"featured_media":39083,"comment_status":"open","ping_status":"open","sticky":false,"template":"","format":"standard","meta":{"_jetpack_memberships_contains_paid_content":false,"footnotes":"","jetpack_publicize_message":"","jetpack_publicize_feature_enabled":true,"jetpack_social_post_already_shared":true,"jetpack_social_options":{"image_generator_settings":{"template":"highway","default_image_id":0,"font":"","enabled":false},"version":2}},"categories":[50,24],"tags":[],"class_list":{"0":"post-39082","1":"post","2":"type-post","3":"status-publish","4":"format-standard","5":"has-post-thumbnail","7":"category-interes-general","8":"category-politica-provincial"},"jetpack_publicize_connections":[],"jetpack_featured_media_url":"https:\/\/i0.wp.com\/larevistadigital.com.ar\/blog\/wp-content\/uploads\/Axel-Kicillof_93.jpg?fit=743%2C530&ssl=1","jetpack_sharing_enabled":true,"jetpack_shortlink":"https:\/\/wp.me\/p8qtrQ-aam","jetpack-related-posts":[{"id":39098,"url":"https:\/\/larevistadigital.com.ar\/blog\/julio-alak-y-axel-kicillof-conmemoraron-el-dia-de-la-memoria-y-rechazaron-el-negacionismo\/","url_meta":{"origin":39082,"position":0},"title":"Julio Alak y Axel Kicillof conmemoraron el D\u00eda de la Memoria y rechazaron el negacionismo","author":"Alejandro Sosa Ruda","date":"24 marzo, 2025","format":false,"excerpt":"El intendente de La Plata, Julio Alak, y el gobernador Axel Kicillof recordaron a los 30.000 desaparecidos y destacaron la importancia de las pol\u00edticas de memoria. 24 De Marzo de 2025 A 49 a\u00f1os del golpe: compromiso con la memoria y el reclamo por justicia En un nuevo aniversario del\u2026","rel":"","context":"En \u00abDESTACADAS\u00bb","block_context":{"text":"DESTACADAS","link":"https:\/\/larevistadigital.com.ar\/blog\/category\/destacadas\/"},"img":{"alt_text":"","src":"https:\/\/i0.wp.com\/larevistadigital.com.ar\/blog\/wp-content\/uploads\/Captura-de-pantalla-2025-03-24-153825.jpg?fit=839%2C530&ssl=1&resize=350%2C200","width":350,"height":200,"srcset":"https:\/\/i0.wp.com\/larevistadigital.com.ar\/blog\/wp-content\/uploads\/Captura-de-pantalla-2025-03-24-153825.jpg?fit=839%2C530&ssl=1&resize=350%2C200 1x, https:\/\/i0.wp.com\/larevistadigital.com.ar\/blog\/wp-content\/uploads\/Captura-de-pantalla-2025-03-24-153825.jpg?fit=839%2C530&ssl=1&resize=525%2C300 1.5x, https:\/\/i0.wp.com\/larevistadigital.com.ar\/blog\/wp-content\/uploads\/Captura-de-pantalla-2025-03-24-153825.jpg?fit=839%2C530&ssl=1&resize=700%2C400 2x"},"classes":[]},{"id":44686,"url":"https:\/\/larevistadigital.com.ar\/blog\/kicillof-y-magario-reivindicaron-el-nunca-mas-y-cuestionaron-el-negacionismo\/","url_meta":{"origin":39082,"position":1},"title":"Kicillof y Magario reivindicaron el \u201cNunca M\u00e1s\u201d y cuestionaron el negacionismo","author":"Alejandro Sosa Ruda","date":"24 marzo, 2026","format":false,"excerpt":"El gobernador y la vicegobernadora bonaerense publicaron mensajes por el 24 de marzo con foco en la memoria, los derechos humanos y el impacto econ\u00f3mico de la dictadura. 24 de marzo de 2026 En el marco del\u00a0D\u00eda Nacional de la Memoria por la Verdad y la Justicia,\u00a0y al cumplirse 50\u2026","rel":"","context":"En \u00abINTERES GENERAL\u00bb","block_context":{"text":"INTERES GENERAL","link":"https:\/\/larevistadigital.com.ar\/blog\/category\/interes-general\/"},"img":{"alt_text":"","src":"https:\/\/i0.wp.com\/larevistadigital.com.ar\/blog\/wp-content\/uploads\/Captura-de-pantalla-2026-03-24-203014.jpg?fit=866%2C502&ssl=1&resize=350%2C200","width":350,"height":200,"srcset":"https:\/\/i0.wp.com\/larevistadigital.com.ar\/blog\/wp-content\/uploads\/Captura-de-pantalla-2026-03-24-203014.jpg?fit=866%2C502&ssl=1&resize=350%2C200 1x, https:\/\/i0.wp.com\/larevistadigital.com.ar\/blog\/wp-content\/uploads\/Captura-de-pantalla-2026-03-24-203014.jpg?fit=866%2C502&ssl=1&resize=525%2C300 1.5x, https:\/\/i0.wp.com\/larevistadigital.com.ar\/blog\/wp-content\/uploads\/Captura-de-pantalla-2026-03-24-203014.jpg?fit=866%2C502&ssl=1&resize=700%2C400 2x"},"classes":[]},{"id":43858,"url":"https:\/\/larevistadigital.com.ar\/blog\/una-grave-denuncia-sacude-al-municipio-de-mar-del-plata-y-una-diputada-libertaria-salio-a-la-defensa\/","url_meta":{"origin":39082,"position":2},"title":"Una grave denuncia sacude al Municipio de Mar del Plata y una diputada libertaria sali\u00f3 a la defensa","author":"Alejandro Sosa Ruda","date":"7 febrero, 2026","format":false,"excerpt":"La Comisi\u00f3n Provincial por la Memoria present\u00f3 una nueva demanda judicial por el accionar de la Patrulla Municipal marplatense y la pol\u00edtica de orden urbano del gobierno local, tras esto, tanto Sof\u00eda Pomponio como Agust\u00edn Neme rechazaron la acusaci\u00f3n. 07 de febrero de 2026 Sof\u00eda Pomponio,\u00a0diputada bonaerense\u00a0del bloque\u00a0La Libertad Avanza,\u2026","rel":"","context":"En \u00abREGIONALES\u00bb","block_context":{"text":"REGIONALES","link":"https:\/\/larevistadigital.com.ar\/blog\/category\/regionales\/"},"img":{"alt_text":"","src":"https:\/\/i0.wp.com\/larevistadigital.com.ar\/blog\/wp-content\/uploads\/Captura-de-pantalla-2026-02-07-145356.jpg?fit=792%2C453&ssl=1&resize=350%2C200","width":350,"height":200,"srcset":"https:\/\/i0.wp.com\/larevistadigital.com.ar\/blog\/wp-content\/uploads\/Captura-de-pantalla-2026-02-07-145356.jpg?fit=792%2C453&ssl=1&resize=350%2C200 1x, https:\/\/i0.wp.com\/larevistadigital.com.ar\/blog\/wp-content\/uploads\/Captura-de-pantalla-2026-02-07-145356.jpg?fit=792%2C453&ssl=1&resize=525%2C300 1.5x, https:\/\/i0.wp.com\/larevistadigital.com.ar\/blog\/wp-content\/uploads\/Captura-de-pantalla-2026-02-07-145356.jpg?fit=792%2C453&ssl=1&resize=700%2C400 2x"},"classes":[]},{"id":42013,"url":"https:\/\/larevistadigital.com.ar\/blog\/chascomus-jovenes-de-envion-participaron-del-cierre-provincial-del-programa-futuro-y-memoria\/","url_meta":{"origin":39082,"position":3},"title":"Chascom\u00fas: J\u00f3venes de Envi\u00f3n participaron del cierre provincial del programa Futuro y Memoria","author":"Alejandro Sosa Ruda","date":"16 octubre, 2025","format":false,"excerpt":"Los grupos de las sedes 30 de Mayo y San Cayetano compartieron una jornada de aprendizaje y encuentro en la Rep\u00fablica de los Ni\u00f1os. 16 de Octubre de 2025 CHASCOM\u00daS -\u00a0 \u00a0El cierre anual del programa provincial Futuro y Memoria, impulsado por la Subsecretar\u00eda de Derechos Humanos de la provincia\u2026","rel":"","context":"En \u00abCHASCOM\u00daS\u00bb","block_context":{"text":"CHASCOM\u00daS","link":"https:\/\/larevistadigital.com.ar\/blog\/category\/chascomus\/"},"img":{"alt_text":"","src":"https:\/\/i0.wp.com\/larevistadigital.com.ar\/blog\/wp-content\/uploads\/68f125c949f9c.png?fit=668%2C445&ssl=1&resize=350%2C200","width":350,"height":200,"srcset":"https:\/\/i0.wp.com\/larevistadigital.com.ar\/blog\/wp-content\/uploads\/68f125c949f9c.png?fit=668%2C445&ssl=1&resize=350%2C200 1x, https:\/\/i0.wp.com\/larevistadigital.com.ar\/blog\/wp-content\/uploads\/68f125c949f9c.png?fit=668%2C445&ssl=1&resize=525%2C300 1.5x"},"classes":[]},{"id":36229,"url":"https:\/\/larevistadigital.com.ar\/blog\/kicillof-participo-de-la-asuncion-de-las-nuevas-autoridades-del-colegio-de-abogados\/","url_meta":{"origin":39082,"position":4},"title":"KICILLOF PARTICIP\u00d3 DE LA ASUNCI\u00d3N DE LAS NUEVAS AUTORIDADES DEL COLEGIO DE ABOGADOS","author":"Alejandro Sosa Ruda","date":"5 junio, 2024","format":false,"excerpt":"5 DE JUNIO DE 2024 LA PLATA -\u00a0 El gobernador de la provincia de Buenos Aires, Axel Kicillof, particip\u00f3 este lunes de la ceremonia de asunci\u00f3n de la nueva presidenta del Colegio de la Abogac\u00eda de La Plata, Marina Mongiardino. Estuvieron presentes el intendente de La Plata, Julio Alak; el\u2026","rel":"","context":"En \u00abPOLITICA PROVINCIAL\u00bb","block_context":{"text":"POLITICA PROVINCIAL","link":"https:\/\/larevistadigital.com.ar\/blog\/category\/politica\/politica-provincial\/"},"img":{"alt_text":"","src":"https:\/\/i0.wp.com\/larevistadigital.com.ar\/blog\/wp-content\/uploads\/Captura-de-pantalla-2024-06-05-004142.png?fit=746%2C437&ssl=1&resize=350%2C200","width":350,"height":200,"srcset":"https:\/\/i0.wp.com\/larevistadigital.com.ar\/blog\/wp-content\/uploads\/Captura-de-pantalla-2024-06-05-004142.png?fit=746%2C437&ssl=1&resize=350%2C200 1x, https:\/\/i0.wp.com\/larevistadigital.com.ar\/blog\/wp-content\/uploads\/Captura-de-pantalla-2024-06-05-004142.png?fit=746%2C437&ssl=1&resize=525%2C300 1.5x, https:\/\/i0.wp.com\/larevistadigital.com.ar\/blog\/wp-content\/uploads\/Captura-de-pantalla-2024-06-05-004142.png?fit=746%2C437&ssl=1&resize=700%2C400 2x"},"classes":[]},{"id":31347,"url":"https:\/\/larevistadigital.com.ar\/blog\/alak-y-larroque-trabajaran-juntos-por-los-derechos-de-las-nineces-y-adolescencias\/","url_meta":{"origin":39082,"position":5},"title":"ALAK Y LARROQUE TRABAJAR\u00c1N JUNTOS POR LOS  DERECHOS DE LAS NI\u00d1ECES Y ADOLESCENCIAS","author":"Alejandro Sosa Ruda","date":"4 mayo, 2023","format":false,"excerpt":"El ministro de Justicia y Derechos Humanos bonaerense, Julio Alak, y su par de Desarrollo de la Comunidad, Andr\u00e9s Larroque, actuar\u00e1n en conjunto para evitar la vulneraci\u00f3n de derechos en el marco del Pacto por las Ni\u00f1eces y Adolescencias lanzado por el gobernador Axel Kicillof el 19 de agosto de\u2026","rel":"","context":"En \u00abINTERES GENERAL\u00bb","block_context":{"text":"INTERES GENERAL","link":"https:\/\/larevistadigital.com.ar\/blog\/category\/interes-general\/"},"img":{"alt_text":"","src":"https:\/\/i0.wp.com\/larevistadigital.com.ar\/blog\/wp-content\/uploads\/04.05.23-Alak-Larroque.jpg?fit=1200%2C869&ssl=1&resize=350%2C200","width":350,"height":200,"srcset":"https:\/\/i0.wp.com\/larevistadigital.com.ar\/blog\/wp-content\/uploads\/04.05.23-Alak-Larroque.jpg?fit=1200%2C869&ssl=1&resize=350%2C200 1x, https:\/\/i0.wp.com\/larevistadigital.com.ar\/blog\/wp-content\/uploads\/04.05.23-Alak-Larroque.jpg?fit=1200%2C869&ssl=1&resize=525%2C300 1.5x, https:\/\/i0.wp.com\/larevistadigital.com.ar\/blog\/wp-content\/uploads\/04.05.23-Alak-Larroque.jpg?fit=1200%2C869&ssl=1&resize=700%2C400 2x, https:\/\/i0.wp.com\/larevistadigital.com.ar\/blog\/wp-content\/uploads\/04.05.23-Alak-Larroque.jpg?fit=1200%2C869&ssl=1&resize=1050%2C600 3x"},"classes":[]}],"_links":{"self":[{"href":"https:\/\/larevistadigital.com.ar\/blog\/wp-json\/wp\/v2\/posts\/39082","targetHints":{"allow":["GET"]}}],"collection":[{"href":"https:\/\/larevistadigital.com.ar\/blog\/wp-json\/wp\/v2\/posts"}],"about":[{"href":"https:\/\/larevistadigital.com.ar\/blog\/wp-json\/wp\/v2\/types\/post"}],"author":[{"embeddable":true,"href":"https:\/\/larevistadigital.com.ar\/blog\/wp-json\/wp\/v2\/users\/3"}],"replies":[{"embeddable":true,"href":"https:\/\/larevistadigital.com.ar\/blog\/wp-json\/wp\/v2\/comments?post=39082"}],"version-history":[{"count":1,"href":"https:\/\/larevistadigital.com.ar\/blog\/wp-json\/wp\/v2\/posts\/39082\/revisions"}],"predecessor-version":[{"id":39084,"href":"https:\/\/larevistadigital.com.ar\/blog\/wp-json\/wp\/v2\/posts\/39082\/revisions\/39084"}],"wp:featuredmedia":[{"embeddable":true,"href":"https:\/\/larevistadigital.com.ar\/blog\/wp-json\/wp\/v2\/media\/39083"}],"wp:attachment":[{"href":"https:\/\/larevistadigital.com.ar\/blog\/wp-json\/wp\/v2\/media?parent=39082"}],"wp:term":[{"taxonomy":"category","embeddable":true,"href":"https:\/\/larevistadigital.com.ar\/blog\/wp-json\/wp\/v2\/categories?post=39082"},{"taxonomy":"post_tag","embeddable":true,"href":"https:\/\/larevistadigital.com.ar\/blog\/wp-json\/wp\/v2\/tags?post=39082"}],"curies":[{"name":"wp","href":"https:\/\/api.w.org\/{rel}","templated":true}]}}