{"id":39085,"date":"2025-03-22T17:03:04","date_gmt":"2025-03-22T20:03:04","guid":{"rendered":"https:\/\/larevistadigital.com.ar\/blog\/?p=39085"},"modified":"2025-03-22T17:03:04","modified_gmt":"2025-03-22T20:03:04","slug":"kicillof-y-susbielles-recorrieron-las-obras-del-plan-de-reconstruccion-integral-de-bahia-blanca","status":"publish","type":"post","link":"https:\/\/larevistadigital.com.ar\/blog\/kicillof-y-susbielles-recorrieron-las-obras-del-plan-de-reconstruccion-integral-de-bahia-blanca\/","title":{"rendered":"Kicillof y Susbielles recorrieron las obras del Plan de Reconstrucci\u00f3n Integral de Bah\u00eda Blanca"},"content":{"rendered":"<h2>Adem\u00e1s, el Gobernador entreg\u00f3 nuevos patrulleros y ambulancias; y anunci\u00f3 el financiamiento de 1.000 mejoramientos habitacionales en las zonas afectadas.<\/h2>\n<p>22 de Marzo de 2025<\/p>\n<p><strong>BUENOS AIRES &#8211;\u00a0 <\/strong>El gobernador de la provincia de Buenos Aires, <strong>Axel Kicillof<\/strong>, recorri\u00f3 este jueves junto al intendente de Bah\u00eda Blanca, <strong>Federico Susbielles<\/strong>, los avances de las obras de reparaci\u00f3n del sistema hidr\u00e1ulico del Canal Maldonado y de refuncionalizaci\u00f3n del Hospital Interzonal \u201cDr Jos\u00e9 Penna\u201d; y anunci\u00f3 nuevas medidas de apoyo del Gobierno provincial para la reconstrucci\u00f3n de la ciudad, tras las inundaciones. Fue junto a los ministros de Seguridad, <strong>Javier Alonso<\/strong>; de Desarrollo de la Comunidad, <strong>Andr\u00e9s Larroque<\/strong>; de Desarrollo Agrario, <strong>Javier Rodr\u00edguez<\/strong>; de Infraestructura y Servicios P\u00fablicos, <strong>Gabriel Katopodis<\/strong>; y de Salud, <strong>Nicol\u00e1s Kreplak<\/strong>.<\/p>\n<blockquote>\n<h3>En ese marco, se llev\u00f3 adelante la entrega de 10 ambulancias y 20 patrulleros; kits de Qunita Bonaerense para familias de la ciudad y 20.000 guardapolvos para estudiantes. Adem\u00e1s, se suscribieron convenios para mil mejoramientos habitacionales y para la adhesi\u00f3n del distrito al Fondo Municipal de Fortalecimiento de la Seguridad.<\/h3>\n<\/blockquote>\n<p><em><strong>\u201cCuando vinimos la semana pasada presentamos 10 medidas y dijimos que la Provincia iba a seguir estando presente en Bah\u00eda Blanca cuando se fueran las c\u00e1maras de los canales de televisi\u00f3n: hoy estamos nuevamente en la ciudad y tras recorrer las obras podemos afirmar que, fruto de un gran esfuerzo, todos nuestros proyectos y los compromisos que asumimos est\u00e1n en marcha\u201d<\/strong><\/em>, remarc\u00f3 <strong>Kicillof<\/strong>.<\/p>\n<p><em><strong>\u201cSabemos que la reconstrucci\u00f3n de Bah\u00eda Blanca va a llevar mucho tiempo, pero con las m\u00e1quinas trabajando y el enorme esfuerzo de muchos sectores involucrados, la ciudad poco a poco se va acercando a una situaci\u00f3n de m\u00e1s normalidad\u201d<\/strong><\/em>, sostuvo el Gobernador. <em><strong>\u201cEsta cat\u00e1strofe nos demuestra que sin la presencia de un Estado presente, que llegue a cada uno de los rincones de la provincia, es imposible de resolver: necesitamos un Estado que proteja y que promueva y genere las obras necesarias para el desarrollo\u201d<\/strong><\/em>, a\u00f1adi\u00f3.<\/p>\n<blockquote>\n<h3>Las obras se llevan a cabo en el marco del Plan de Reconstrucci\u00f3n Integral de Bah\u00eda Blanca que impulsa el Ministerio de Infraestructura y Servicios P\u00fablicos a trav\u00e9s de una inversi\u00f3n de $192.000 millones. En materia hidr\u00e1ulica se est\u00e1 abordando una primera etapa de emergencia para poner en funcionamiento de manera preventiva el partidor de caudales entre el Canal Maldonado y el Arroyo Napost\u00e1 Grande, en tanto que se avanza con el an\u00e1lisis necesario para su reconstrucci\u00f3n integral.<\/h3>\n<\/blockquote>\n<p>En lo que respecta al hospital Penna, contin\u00faan los trabajos para la puesta en funcionamiento del sector m\u00e1s afectado, el subsuelo, donde se encuentran los servicios de guardia y emergencias, quir\u00f3fano central, neonatolog\u00eda y laboratorio. El proyecto de refuncionalizaci\u00f3n cuenta con un plan de acci\u00f3n que incluye la ampliaci\u00f3n del centro de salud y el reordenamiento de \u00e1reas cr\u00edticas.<\/p>\n<p>Por su parte, <strong>Susbielles<\/strong> remarc\u00f3: <em><strong>\u201cDesde el primer d\u00eda el Gobierno provincial tom\u00f3 la decisi\u00f3n de estar presente en un momento tan dif\u00edcil para Bah\u00eda Blanca: primero trabajando para la estabilidad y, luego, buscando carriles de normalidad y de reconstrucci\u00f3n\u201d. \u201cHemos recibido grandes vol\u00famenes de ayuda y solidaridad que quiero agradecer en nombre de todo el pueblo bahiense\u201d<\/strong><\/em>, agreg\u00f3.<\/p>\n<blockquote>\n<h3>En tanto, mediante el Banco Provincia se llevan invertidos m\u00e1s de $12.000 millones entre cr\u00e9ditos espec\u00edficos para familias y empresas locales, y financiamiento en 36 cuotas a trav\u00e9s del portal Provincia Compras. Asimismo, ya se abri\u00f3 la inscripci\u00f3n y son m\u00e1s de 10.000 los registrados para obtener el subsidio no reembolsable de $800.000 para hogares de menores ingresos.<\/h3>\n<\/blockquote>\n<p><em><strong>\u201cHa sido una jornada intensa de trabajo y una visita muy importante del Gobernador porque nos marca una l\u00ednea de trabajo que estamos llevando adelante todos los d\u00edas con los diferentes ministerios de la provincia\u201d, explic\u00f3 el intendente, al tiempo que subray\u00f3 que \u201ccon este acompa\u00f1amiento y trabajando todos juntos, empujando para el mismo lado, no tengo dudas de que vamos a salir adelante\u201d<\/strong><\/em>.<\/p>\n<p>Por \u00faltimo, <strong>Kicillof<\/strong> destac\u00f3: <em><strong>\u201cEstamos trabajando para que la reconstrucci\u00f3n de Bah\u00eda Blanca nos permita no solo dejar atr\u00e1s la tragedia, sino tambi\u00e9n mejorar y brindar mejores perspectivas para la ciudad en el futuro\u201d. \u201cHay mucho por hacer y pueden contar con el Gobierno de la provincia de Buenos Aires: el pueblo de Bah\u00eda Blanca nos ha demostrado una vez m\u00e1s que, a\u00fan en los peores momentos, nadie se salva solo\u201d<\/strong><\/em>, concluy\u00f3.<\/p>\n<blockquote>\n<h3>Finalmente, las autoridades se acercaron hasta la sede de la Uni\u00f3n Ferroviaria de Bah\u00eda Blanca para saludar a cooperativistas y agradecer a los 300 voluntarios del programa Bonaerenses Solidarios y Solidarias por su trabajo en la ciudad.<\/h3>\n<\/blockquote>\n<p>Estuvieron presentes tambi\u00e9n los\u00a0subsecretarios de Infraestructura Escolar, Ariel Lambezat;\u00a0de Recursos H\u00eddricos, N\u00e9stor \u00c1lvarez; y de Organizaci\u00f3n Comunitaria, Santiago Fidanza; el director provincial de Coordinaci\u00f3n de la Gesti\u00f3n Territorial Interior Sur de la Jefatura de Asesores del Gobernador, Gabriel Godoy; la senadora provincial, Ayel\u00e9n Dur\u00e1n;\u00a0los secretarios locales de Obras P\u00fablicas, Gustavo Trankels; y de Salud, Federico Bugatti; y funcionarios provinciales y municipales.<\/p>\n","protected":false},"excerpt":{"rendered":"<div class=\"mh-excerpt\"><p>Adem\u00e1s, el Gobernador entreg\u00f3 nuevos patrulleros y ambulancias; y anunci\u00f3 el financiamiento de 1.000 mejoramientos habitacionales en las zonas afectadas. 22 de Marzo de 2025 BUENOS AIRES &#8211;\u00a0 El gobernador de la provincia de Buenos <a class=\"mh-excerpt-more\" href=\"https:\/\/larevistadigital.com.ar\/blog\/kicillof-y-susbielles-recorrieron-las-obras-del-plan-de-reconstruccion-integral-de-bahia-blanca\/\" title=\"Kicillof y Susbielles recorrieron las obras del Plan de Reconstrucci\u00f3n Integral de Bah\u00eda Blanca\">[Leer M\u00e1s]<\/a><\/p>\n<\/div>","protected":false},"author":3,"featured_media":39086,"comment_status":"open","ping_status":"open","sticky":false,"template":"","format":"standard","meta":{"_jetpack_memberships_contains_paid_content":false,"footnotes":"","jetpack_publicize_message":"","jetpack_publicize_feature_enabled":true,"jetpack_social_post_already_shared":true,"jetpack_social_options":{"image_generator_settings":{"template":"highway","default_image_id":0,"font":"","enabled":false},"version":2}},"categories":[41],"tags":[],"class_list":{"0":"post-39085","1":"post","2":"type-post","3":"status-publish","4":"format-standard","5":"has-post-thumbnail","7":"category-destacadas"},"jetpack_publicize_connections":[],"jetpack_featured_media_url":"https:\/\/i0.wp.com\/larevistadigital.com.ar\/blog\/wp-content\/uploads\/DSC8046ED.jpg?fit=743%2C530&ssl=1","jetpack_sharing_enabled":true,"jetpack_shortlink":"https:\/\/wp.me\/p8qtrQ-aap","jetpack-related-posts":[{"id":44612,"url":"https:\/\/larevistadigital.com.ar\/blog\/kicillof-entrego-101-viviendas-a-familias-de-bahia-blanca\/","url_meta":{"origin":39085,"position":0},"title":"Kicillof entreg\u00f3 101 viviendas a familias de Bah\u00eda Blanca","author":"Alejandro Sosa Ruda","date":"18 marzo, 2026","format":false,"excerpt":"Adem\u00e1s, el Gobernador recorri\u00f3 obras de refuncionalizaci\u00f3n en el Canal Maldonado y visit\u00f3 una residencia para el abordaje de consumos problem\u00e1ticos en el Hospital Penna. 18 de marzo de 2026 BUENOS AIRES -\u00a0 \u00a0El gobernador de la provincia de Buenos Aires, Axel Kicillof, encabez\u00f3 este mi\u00e9rcoles el acto de entrega\u2026","rel":"","context":"En \u00abINTERES GENERAL\u00bb","block_context":{"text":"INTERES GENERAL","link":"https:\/\/larevistadigital.com.ar\/blog\/category\/interes-general\/"},"img":{"alt_text":"","src":"https:\/\/i0.wp.com\/larevistadigital.com.ar\/blog\/wp-content\/uploads\/SGE7449-scaled.jpg?fit=1200%2C802&ssl=1&resize=350%2C200","width":350,"height":200,"srcset":"https:\/\/i0.wp.com\/larevistadigital.com.ar\/blog\/wp-content\/uploads\/SGE7449-scaled.jpg?fit=1200%2C802&ssl=1&resize=350%2C200 1x, https:\/\/i0.wp.com\/larevistadigital.com.ar\/blog\/wp-content\/uploads\/SGE7449-scaled.jpg?fit=1200%2C802&ssl=1&resize=525%2C300 1.5x, https:\/\/i0.wp.com\/larevistadigital.com.ar\/blog\/wp-content\/uploads\/SGE7449-scaled.jpg?fit=1200%2C802&ssl=1&resize=700%2C400 2x, https:\/\/i0.wp.com\/larevistadigital.com.ar\/blog\/wp-content\/uploads\/SGE7449-scaled.jpg?fit=1200%2C802&ssl=1&resize=1050%2C600 3x"},"classes":[]},{"id":34442,"url":"https:\/\/larevistadigital.com.ar\/blog\/kicillof-si-gana-milei-no-vamos-a-poder-hacer-ni-un-metro-de-asfalto\/","url_meta":{"origin":39085,"position":1},"title":"KICILLOF: \u00abSI GANA MILEI NO VAMOS A PODER HACER NI UN METRO DE ASFALTO\u00bb","author":"Alejandro Sosa Ruda","date":"8 noviembre, 2023","format":false,"excerpt":"El gobernador advirti\u00f3 sobre las dificultades que podr\u00edan tener en la provincia de Buenos Aires con un eventual gobierno libertario y su anunciada eliminaci\u00f3n de la coparticipaci\u00f3n federal. 8 De Noviembre de 2023 BUENOS AIRES -\u00a0 El gobernador bonaerense, Axel Kicillof, asegur\u00f3 este mi\u00e9rcoles en Bah\u00eda Blanca que en materia\u2026","rel":"","context":"En \u00abDESTACADAS\u00bb","block_context":{"text":"DESTACADAS","link":"https:\/\/larevistadigital.com.ar\/blog\/category\/destacadas\/"},"img":{"alt_text":"","src":"https:\/\/i0.wp.com\/larevistadigital.com.ar\/blog\/wp-content\/uploads\/654bd5ef50a4f_1200.jpg?fit=1200%2C675&ssl=1&resize=350%2C200","width":350,"height":200,"srcset":"https:\/\/i0.wp.com\/larevistadigital.com.ar\/blog\/wp-content\/uploads\/654bd5ef50a4f_1200.jpg?fit=1200%2C675&ssl=1&resize=350%2C200 1x, https:\/\/i0.wp.com\/larevistadigital.com.ar\/blog\/wp-content\/uploads\/654bd5ef50a4f_1200.jpg?fit=1200%2C675&ssl=1&resize=525%2C300 1.5x, https:\/\/i0.wp.com\/larevistadigital.com.ar\/blog\/wp-content\/uploads\/654bd5ef50a4f_1200.jpg?fit=1200%2C675&ssl=1&resize=700%2C400 2x, https:\/\/i0.wp.com\/larevistadigital.com.ar\/blog\/wp-content\/uploads\/654bd5ef50a4f_1200.jpg?fit=1200%2C675&ssl=1&resize=1050%2C600 3x"},"classes":[]},{"id":33345,"url":"https:\/\/larevistadigital.com.ar\/blog\/kicillof-en-bahia-blanca-vuelven-con-ideas-que-fracasaron-porque-quieren-quedarse-con-vaca-muerta\/","url_meta":{"origin":39085,"position":2},"title":"KICILLOF EN BAH\u00cdA BLANCA: \u00abVUELVEN CON IDEAS QUE FRACASARON PORQUE QUIEREN QUEDARSE CON VACA MUERTA\u00bb","author":"Alejandro Sosa Ruda","date":"7 septiembre, 2023","format":false,"excerpt":"El gobernador bonaerense encabez\u00f3 el cierre de la Jornada por el Derecho al Desarrollo Energ\u00e9tico, en donde destac\u00f3 los avances del Estado en pol\u00edticas energ\u00e9ticas y critic\u00f3 las aspiraciones privatizadoras de Juntos pr el Cambio. 7 De Septiembre de 2023 BAH\u00cdA BLANCA - Telam -\u00a0 El gobernador bonaerense,\u00a0Axel Kicillof, asever\u00f3\u2026","rel":"","context":"En \u00abPOLITICA PROVINCIAL\u00bb","block_context":{"text":"POLITICA PROVINCIAL","link":"https:\/\/larevistadigital.com.ar\/blog\/category\/politica\/politica-provincial\/"},"img":{"alt_text":"","src":"https:\/\/i0.wp.com\/larevistadigital.com.ar\/blog\/wp-content\/uploads\/64f90a2fb3788_1200.jpg?fit=1200%2C675&ssl=1&resize=350%2C200","width":350,"height":200,"srcset":"https:\/\/i0.wp.com\/larevistadigital.com.ar\/blog\/wp-content\/uploads\/64f90a2fb3788_1200.jpg?fit=1200%2C675&ssl=1&resize=350%2C200 1x, https:\/\/i0.wp.com\/larevistadigital.com.ar\/blog\/wp-content\/uploads\/64f90a2fb3788_1200.jpg?fit=1200%2C675&ssl=1&resize=525%2C300 1.5x, https:\/\/i0.wp.com\/larevistadigital.com.ar\/blog\/wp-content\/uploads\/64f90a2fb3788_1200.jpg?fit=1200%2C675&ssl=1&resize=700%2C400 2x, https:\/\/i0.wp.com\/larevistadigital.com.ar\/blog\/wp-content\/uploads\/64f90a2fb3788_1200.jpg?fit=1200%2C675&ssl=1&resize=1050%2C600 3x"},"classes":[]},{"id":32520,"url":"https:\/\/larevistadigital.com.ar\/blog\/bahia-blanca-avanzan-las-obras-de-la-provincia-en-la-avenida-de-circunvalacion-norte\/","url_meta":{"origin":39085,"position":3},"title":"BAH\u00cdA BLANCA: AVANZAN LAS OBRAS DE LA PROVINCIA EN LA AVENIDA DE CIRCUNVALACI\u00d3N NORTE","author":"Alejandro Sosa Ruda","date":"20 julio, 2023","format":false,"excerpt":"Contin\u00faa la construcci\u00f3n de los puentes sobre el Arroyo Napost\u00e1 Grande y sobre el Camino de La Carrindanga. 20 de julio de 2023 BAH\u00cdA BLANCA -\u00a0 La Direcci\u00f3n de Vialidad de la Provincia de Buenos Aires contin\u00faa avanzando en una obra clave para la conectividad y el desarrollo productivo de\u2026","rel":"","context":"En \u00abPOLITICA PROVINCIAL\u00bb","block_context":{"text":"POLITICA PROVINCIAL","link":"https:\/\/larevistadigital.com.ar\/blog\/category\/politica\/politica-provincial\/"},"img":{"alt_text":"","src":"https:\/\/i0.wp.com\/larevistadigital.com.ar\/blog\/wp-content\/uploads\/202307181204100.5.jpg?fit=1200%2C800&ssl=1&resize=350%2C200","width":350,"height":200,"srcset":"https:\/\/i0.wp.com\/larevistadigital.com.ar\/blog\/wp-content\/uploads\/202307181204100.5.jpg?fit=1200%2C800&ssl=1&resize=350%2C200 1x, https:\/\/i0.wp.com\/larevistadigital.com.ar\/blog\/wp-content\/uploads\/202307181204100.5.jpg?fit=1200%2C800&ssl=1&resize=525%2C300 1.5x, https:\/\/i0.wp.com\/larevistadigital.com.ar\/blog\/wp-content\/uploads\/202307181204100.5.jpg?fit=1200%2C800&ssl=1&resize=700%2C400 2x, https:\/\/i0.wp.com\/larevistadigital.com.ar\/blog\/wp-content\/uploads\/202307181204100.5.jpg?fit=1200%2C800&ssl=1&resize=1050%2C600 3x"},"classes":[]},{"id":42880,"url":"https:\/\/larevistadigital.com.ar\/blog\/bahia-blanca-kicillof-recorrio-los-avances-de-las-obras-del-plan-hidrico\/","url_meta":{"origin":39085,"position":4},"title":"Bah\u00eda Blanca: Kicillof recorri\u00f3 los avances de las obras del plan h\u00eddrico","author":"Alejandro Sosa Ruda","date":"12 diciembre, 2025","format":false,"excerpt":"Adem\u00e1s, el Gobernador entreg\u00f3 viviendas para familias del barrio UOM y suscribi\u00f3 convenios para el desarrollo de infraestructura social b\u00e1sica. 12 de Diciembre de 2025 El gobernador de la provincia de Buenos Aires, Axel Kicillof, recorri\u00f3 este viernes los avances de las obras de construcci\u00f3n del acueducto Planta Patagonia -\u2026","rel":"","context":"En \u00abPOLITICA PROVINCIAL\u00bb","block_context":{"text":"POLITICA PROVINCIAL","link":"https:\/\/larevistadigital.com.ar\/blog\/category\/politica\/politica-provincial\/"},"img":{"alt_text":"","src":"https:\/\/i0.wp.com\/larevistadigital.com.ar\/blog\/wp-content\/uploads\/DON_0468-scaled.jpg?fit=1200%2C800&ssl=1&resize=350%2C200","width":350,"height":200,"srcset":"https:\/\/i0.wp.com\/larevistadigital.com.ar\/blog\/wp-content\/uploads\/DON_0468-scaled.jpg?fit=1200%2C800&ssl=1&resize=350%2C200 1x, https:\/\/i0.wp.com\/larevistadigital.com.ar\/blog\/wp-content\/uploads\/DON_0468-scaled.jpg?fit=1200%2C800&ssl=1&resize=525%2C300 1.5x, https:\/\/i0.wp.com\/larevistadigital.com.ar\/blog\/wp-content\/uploads\/DON_0468-scaled.jpg?fit=1200%2C800&ssl=1&resize=700%2C400 2x, https:\/\/i0.wp.com\/larevistadigital.com.ar\/blog\/wp-content\/uploads\/DON_0468-scaled.jpg?fit=1200%2C800&ssl=1&resize=1050%2C600 3x"},"classes":[]},{"id":34864,"url":"https:\/\/larevistadigital.com.ar\/blog\/el-gobernador-kicillof-decreto-el-estado-de-emergencia-y-duelo-por-las-proximas-72-hs-en-buenos-aires\/","url_meta":{"origin":39085,"position":5},"title":"EL GOBERNADOR KICILLOF DECRET\u00d3 EL \u00abESTADO DE EMERGENCIA Y DUELO\u00bb POR LAS PR\u00d3XIMAS 72 HS. EN BUENOS AIRES","author":"Alejandro Sosa Ruda","date":"18 diciembre, 2023","format":false,"excerpt":"El Gobierno de la provincia de Buenos Aires declar\u00f3 hoy el \"estado de emergencia en todo el territorio provincial y duelo para las pr\u00f3ximas 72 horas\" debido a los anegamientos y da\u00f1os de extrema gravedad que ocasion\u00f3 la fuerte tormenta de los \u00faltimos d\u00edas. 18 de diciembre de 2023 BUENOS\u2026","rel":"","context":"En \u00abPOLITICA PROVINCIAL\u00bb","block_context":{"text":"POLITICA PROVINCIAL","link":"https:\/\/larevistadigital.com.ar\/blog\/category\/politica\/politica-provincial\/"},"img":{"alt_text":"","src":"https:\/\/i0.wp.com\/larevistadigital.com.ar\/blog\/wp-content\/uploads\/20231218100048_kicillof-emergenci-duelo.jpg?fit=880%2C512&ssl=1&resize=350%2C200","width":350,"height":200,"srcset":"https:\/\/i0.wp.com\/larevistadigital.com.ar\/blog\/wp-content\/uploads\/20231218100048_kicillof-emergenci-duelo.jpg?fit=880%2C512&ssl=1&resize=350%2C200 1x, https:\/\/i0.wp.com\/larevistadigital.com.ar\/blog\/wp-content\/uploads\/20231218100048_kicillof-emergenci-duelo.jpg?fit=880%2C512&ssl=1&resize=525%2C300 1.5x, https:\/\/i0.wp.com\/larevistadigital.com.ar\/blog\/wp-content\/uploads\/20231218100048_kicillof-emergenci-duelo.jpg?fit=880%2C512&ssl=1&resize=700%2C400 2x"},"classes":[]}],"_links":{"self":[{"href":"https:\/\/larevistadigital.com.ar\/blog\/wp-json\/wp\/v2\/posts\/39085","targetHints":{"allow":["GET"]}}],"collection":[{"href":"https:\/\/larevistadigital.com.ar\/blog\/wp-json\/wp\/v2\/posts"}],"about":[{"href":"https:\/\/larevistadigital.com.ar\/blog\/wp-json\/wp\/v2\/types\/post"}],"author":[{"embeddable":true,"href":"https:\/\/larevistadigital.com.ar\/blog\/wp-json\/wp\/v2\/users\/3"}],"replies":[{"embeddable":true,"href":"https:\/\/larevistadigital.com.ar\/blog\/wp-json\/wp\/v2\/comments?post=39085"}],"version-history":[{"count":1,"href":"https:\/\/larevistadigital.com.ar\/blog\/wp-json\/wp\/v2\/posts\/39085\/revisions"}],"predecessor-version":[{"id":39087,"href":"https:\/\/larevistadigital.com.ar\/blog\/wp-json\/wp\/v2\/posts\/39085\/revisions\/39087"}],"wp:featuredmedia":[{"embeddable":true,"href":"https:\/\/larevistadigital.com.ar\/blog\/wp-json\/wp\/v2\/media\/39086"}],"wp:attachment":[{"href":"https:\/\/larevistadigital.com.ar\/blog\/wp-json\/wp\/v2\/media?parent=39085"}],"wp:term":[{"taxonomy":"category","embeddable":true,"href":"https:\/\/larevistadigital.com.ar\/blog\/wp-json\/wp\/v2\/categories?post=39085"},{"taxonomy":"post_tag","embeddable":true,"href":"https:\/\/larevistadigital.com.ar\/blog\/wp-json\/wp\/v2\/tags?post=39085"}],"curies":[{"name":"wp","href":"https:\/\/api.w.org\/{rel}","templated":true}]}}