{"id":39088,"date":"2025-03-22T17:22:41","date_gmt":"2025-03-22T20:22:41","guid":{"rendered":"https:\/\/larevistadigital.com.ar\/blog\/?p=39088"},"modified":"2025-03-22T17:22:41","modified_gmt":"2025-03-22T20:22:41","slug":"ruta-2-viajaban-cuatro-en-una-moto-chocaron-los-atropellaron-y-murieron","status":"publish","type":"post","link":"https:\/\/larevistadigital.com.ar\/blog\/ruta-2-viajaban-cuatro-en-una-moto-chocaron-los-atropellaron-y-murieron\/","title":{"rendered":"Ruta 2: viajaban cuatro en una moto, chocaron, los atropellaron y murieron"},"content":{"rendered":"<h2 class=\"story-subtitle-restyling color-text font-arial-regular m0\">El accidente ocurri\u00f3 en la madrugada del s\u00e1bado en La Plata. La moto ten\u00eda pedido de captura por hurto en Lan\u00fas. Chocaron contra un cami\u00f3n y una camioneta los embisti\u00f3.<\/h2>\n<p>22 de Marzo de 2025<\/p>\n<p><strong>BUENOS AIRES &#8211;\u00a0 <\/strong>Un impactante accidente ocurrido en la madrugada del s\u00e1bado en la Ruta 2, a la altura de La Plata, dej\u00f3 un saldo fatal de cuatro personas fallecidas. Viajaban todos en la misma motocicleta, que choc\u00f3 contra un cami\u00f3n y, tras la ca\u00edda, fueron atropellados por una camioneta.<\/p>\n<blockquote>\n<h3>El siniestro tuvo lugar en el kil\u00f3metro 50 de la autov\u00eda, en sentido hacia la Ciudad de Buenos Aires. De acuerdo con las primeras investigaciones, la motocicleta, una Rouser NS 160 de color gris, impact\u00f3 violentamente contra la parte trasera de un cami\u00f3n Scania conducido por un hombre de 36 a\u00f1os.<\/h3>\n<\/blockquote>\n<p>El golpe hizo que los cuatro ocupantes del veh\u00edculo menor, un hombre y tres mujeres, cayeran sobre el asfalto. Segundos despu\u00e9s, una camioneta Ford Ranger, manejada por un hombre de 70 a\u00f1os, no logr\u00f3 esquivarlos y los arroll\u00f3, provocando la muerte inmediata de los motociclistas debido a la gravedad de sus heridas.<\/p>\n<blockquote>\n<h3>Testigos del hecho alertaron de inmediato a las autoridades, y efectivos policiales desplegaron un operativo para desviar el tr\u00e1fico en la zona. Personal de emergencias confirm\u00f3 los decesos y hall\u00f3 uno de los cuerpos debajo de la Ford Ranger.<\/h3>\n<\/blockquote>\n<p>Las pericias realizadas en el lugar revelaron un dato clave: <strong>la motocicleta Rouser NS 160 ten\u00eda un pedido de captura activo por \u00abhurto agravado de motoveh\u00edculo\u00bb en Lan\u00fas desde el 2 de marzo.<\/strong> La causa se encontraba en tr\u00e1mite en un juzgado de ese municipio del conurbano bonaerense.<\/p>\n<p>La investigaci\u00f3n del caso qued\u00f3 en manos de la Unidad Funcional de Instrucci\u00f3n (UFI) de turno del Departamento Judicial de La Plata, bajo la car\u00e1tula de homicidio culposo. Se espera el an\u00e1lisis de las c\u00e1maras de seguridad y los peritajes accidentol\u00f3gicos para esclarecer las circunstancias del tr\u00e1gico hecho.<\/p>\n","protected":false},"excerpt":{"rendered":"<div class=\"mh-excerpt\"><p>El accidente ocurri\u00f3 en la madrugada del s\u00e1bado en La Plata. La moto ten\u00eda pedido de captura por hurto en Lan\u00fas. Chocaron contra un cami\u00f3n y una camioneta los embisti\u00f3. 22 de Marzo de 2025 <a class=\"mh-excerpt-more\" href=\"https:\/\/larevistadigital.com.ar\/blog\/ruta-2-viajaban-cuatro-en-una-moto-chocaron-los-atropellaron-y-murieron\/\" title=\"Ruta 2: viajaban cuatro en una moto, chocaron, los atropellaron y murieron\">[Leer M\u00e1s]<\/a><\/p>\n<\/div>","protected":false},"author":3,"featured_media":39089,"comment_status":"open","ping_status":"open","sticky":false,"template":"","format":"standard","meta":{"_jetpack_memberships_contains_paid_content":false,"footnotes":"","jetpack_publicize_message":"","jetpack_publicize_feature_enabled":true,"jetpack_social_post_already_shared":true,"jetpack_social_options":{"image_generator_settings":{"template":"highway","default_image_id":0,"font":"","enabled":false},"version":2}},"categories":[44,51],"tags":[],"class_list":{"0":"post-39088","1":"post","2":"type-post","3":"status-publish","4":"format-standard","5":"has-post-thumbnail","7":"category-policiales","8":"category-regionales"},"jetpack_publicize_connections":[],"jetpack_featured_media_url":"https:\/\/i0.wp.com\/larevistadigital.com.ar\/blog\/wp-content\/uploads\/Captura-de-pantalla-2025-03-22-171915.jpg?fit=614%2C407&ssl=1","jetpack_sharing_enabled":true,"jetpack_shortlink":"https:\/\/wp.me\/p8qtrQ-aas","jetpack-related-posts":[{"id":35711,"url":"https:\/\/larevistadigital.com.ar\/blog\/ruta-3-triple-choque-con-dos-jovenes-muertos-a-la-altura-de-tres-arroyos\/","url_meta":{"origin":39088,"position":0},"title":"RUTA 3: TRIPLE CHOQUE CON DOS JOVENES MUERTOS A LA ALTURA DE TRES ARROYOS","author":"Alejandro Sosa Ruda","date":"24 marzo, 2024","format":false,"excerpt":"Hubo cuatro heridos. Dos que iban en el mismo que los que fallecieron y un matrimonio de Neuqu\u00e9n que iba en una camioneta. 24 de marzo de 2024 BUENOS AIRES -\u00a0 \u00a0En un tr\u00e1gico suceso ocurrido en la ruta 3, cerca de Cascallares, en el partido de Tres Arroyos, lamentablemente\u2026","rel":"","context":"En \u00abPOLICIALES\u00bb","block_context":{"text":"POLICIALES","link":"https:\/\/larevistadigital.com.ar\/blog\/category\/policiales\/"},"img":{"alt_text":"","src":"https:\/\/i0.wp.com\/larevistadigital.com.ar\/blog\/wp-content\/uploads\/Captura-de-pantalla-2024-03-24-232309.png?fit=1092%2C521&ssl=1&resize=350%2C200","width":350,"height":200,"srcset":"https:\/\/i0.wp.com\/larevistadigital.com.ar\/blog\/wp-content\/uploads\/Captura-de-pantalla-2024-03-24-232309.png?fit=1092%2C521&ssl=1&resize=350%2C200 1x, https:\/\/i0.wp.com\/larevistadigital.com.ar\/blog\/wp-content\/uploads\/Captura-de-pantalla-2024-03-24-232309.png?fit=1092%2C521&ssl=1&resize=525%2C300 1.5x, https:\/\/i0.wp.com\/larevistadigital.com.ar\/blog\/wp-content\/uploads\/Captura-de-pantalla-2024-03-24-232309.png?fit=1092%2C521&ssl=1&resize=700%2C400 2x, https:\/\/i0.wp.com\/larevistadigital.com.ar\/blog\/wp-content\/uploads\/Captura-de-pantalla-2024-03-24-232309.png?fit=1092%2C521&ssl=1&resize=1050%2C600 3x"},"classes":[]},{"id":9339,"url":"https:\/\/larevistadigital.com.ar\/blog\/mueren-9-personas-en-tragico-accidente-en-el-cruce-de-rutas-51-y-7\/","url_meta":{"origin":39088,"position":1},"title":"MUEREN 9 PERSONAS EN TR\u00c1GICO ACCIDENTE EN EL CRUCE DE RUTAS 51 Y  7","author":"Alejandro Sosa Ruda","date":"25 marzo, 2019","format":false,"excerpt":"Un cami\u00f3n de gran porte choc\u00f3 contra una camioneta en la ruta provincial 51, a la altura de Carmen de Areco, y\u00a0nueve personas murieron por el impacto, cinco\u00a0de ellos menores de edad. El accidente se registr\u00f3 esta tarde en el cruce de la ruta provincial con la ruta nacional n\u00famero\u2026","rel":"","context":"En \u00abPOLICIALES\u00bb","block_context":{"text":"POLICIALES","link":"https:\/\/larevistadigital.com.ar\/blog\/category\/policiales\/"},"img":{"alt_text":"","src":"https:\/\/i0.wp.com\/larevistadigital.com.ar\/blog\/wp-content\/uploads\/2019\/03\/7G-Uihy9X_1256x620__2.jpg?fit=1200%2C592&ssl=1&resize=350%2C200","width":350,"height":200,"srcset":"https:\/\/i0.wp.com\/larevistadigital.com.ar\/blog\/wp-content\/uploads\/2019\/03\/7G-Uihy9X_1256x620__2.jpg?fit=1200%2C592&ssl=1&resize=350%2C200 1x, https:\/\/i0.wp.com\/larevistadigital.com.ar\/blog\/wp-content\/uploads\/2019\/03\/7G-Uihy9X_1256x620__2.jpg?fit=1200%2C592&ssl=1&resize=525%2C300 1.5x, https:\/\/i0.wp.com\/larevistadigital.com.ar\/blog\/wp-content\/uploads\/2019\/03\/7G-Uihy9X_1256x620__2.jpg?fit=1200%2C592&ssl=1&resize=700%2C400 2x, https:\/\/i0.wp.com\/larevistadigital.com.ar\/blog\/wp-content\/uploads\/2019\/03\/7G-Uihy9X_1256x620__2.jpg?fit=1200%2C592&ssl=1&resize=1050%2C600 3x"},"classes":[]},{"id":18022,"url":"https:\/\/larevistadigital.com.ar\/blog\/ruta-29-chocaron-uncamion-y-una-camioneta\/","url_meta":{"origin":39088,"position":2},"title":"RUTA 29: CHOCARON UN CAMI\u00d3N Y UNA CAMIONETA","author":"Alejandro Sosa Ruda","date":"10 diciembre, 2020","format":false,"excerpt":"Los tres ocupantes de una camioneta VW Amarok y el conductor de un cami\u00f3n, tuvieron que ser hospitalizados tras protagonizar un choque este martes por la noche, en Ruta 29 en cercan\u00edas a Solanet. Seg\u00fan pudimos averiguar desde nuestro portal, los ocupantes de la camioneta, un matrimonio y un menor,\u2026","rel":"","context":"En \u00abREGIONALES\u00bb","block_context":{"text":"REGIONALES","link":"https:\/\/larevistadigital.com.ar\/blog\/category\/regionales\/"},"img":{"alt_text":"","src":"https:\/\/i0.wp.com\/larevistadigital.com.ar\/blog\/wp-content\/uploads\/4F3EA2ED-267C-467F-AA31-DD8BB10EAFA4.jpeg?fit=1152%2C864&ssl=1&resize=350%2C200","width":350,"height":200,"srcset":"https:\/\/i0.wp.com\/larevistadigital.com.ar\/blog\/wp-content\/uploads\/4F3EA2ED-267C-467F-AA31-DD8BB10EAFA4.jpeg?fit=1152%2C864&ssl=1&resize=350%2C200 1x, https:\/\/i0.wp.com\/larevistadigital.com.ar\/blog\/wp-content\/uploads\/4F3EA2ED-267C-467F-AA31-DD8BB10EAFA4.jpeg?fit=1152%2C864&ssl=1&resize=525%2C300 1.5x, https:\/\/i0.wp.com\/larevistadigital.com.ar\/blog\/wp-content\/uploads\/4F3EA2ED-267C-467F-AA31-DD8BB10EAFA4.jpeg?fit=1152%2C864&ssl=1&resize=700%2C400 2x, https:\/\/i0.wp.com\/larevistadigital.com.ar\/blog\/wp-content\/uploads\/4F3EA2ED-267C-467F-AA31-DD8BB10EAFA4.jpeg?fit=1152%2C864&ssl=1&resize=1050%2C600 3x"},"classes":[]},{"id":14291,"url":"https:\/\/larevistadigital.com.ar\/blog\/toro-suelto-causa-accidente-en-la-ruta-2-hay-3-heridos\/","url_meta":{"origin":39088,"position":3},"title":"TORO SUELTO CAUSA ACCIDENTE EN LA RUTA 2: HAY 3 HERIDOS","author":"Alejandro Sosa Ruda","date":"23 enero, 2020","format":false,"excerpt":"Ocurri\u00f3 en horas de la madrugada de este jueves. Una camioneta embisti\u00f3 al animal, que qued\u00f3 tendido en la calzada y luego tambi\u00e9n fue impactado por un cami\u00f3n, que a su vez colision\u00f3 con una ambulancia y volc\u00f3. Un toro suelto caus\u00f3 un triple choque en la ruta 2 y\u2026","rel":"","context":"En \u00abDESTACADAS\u00bb","block_context":{"text":"DESTACADAS","link":"https:\/\/larevistadigital.com.ar\/blog\/category\/destacadas\/"},"img":{"alt_text":"","src":"https:\/\/i0.wp.com\/larevistadigital.com.ar\/blog\/wp-content\/uploads\/Screenshot_1-87.jpg?fit=843%2C472&ssl=1&resize=350%2C200","width":350,"height":200,"srcset":"https:\/\/i0.wp.com\/larevistadigital.com.ar\/blog\/wp-content\/uploads\/Screenshot_1-87.jpg?fit=843%2C472&ssl=1&resize=350%2C200 1x, https:\/\/i0.wp.com\/larevistadigital.com.ar\/blog\/wp-content\/uploads\/Screenshot_1-87.jpg?fit=843%2C472&ssl=1&resize=525%2C300 1.5x, https:\/\/i0.wp.com\/larevistadigital.com.ar\/blog\/wp-content\/uploads\/Screenshot_1-87.jpg?fit=843%2C472&ssl=1&resize=700%2C400 2x"},"classes":[]},{"id":21309,"url":"https:\/\/larevistadigital.com.ar\/blog\/tragedia-en-la-ruta-41-un-muerto-y-un-herido-en-choque-entre-camioneta-y-camion\/","url_meta":{"origin":39088,"position":4},"title":"TRAGEDIA EN LA RUTA 41, UN MUERTO Y UN HERIDO EN CHOQUE ENTRE CAMIONETA Y CAMI\u00d3N","author":"Alejandro Sosa Ruda","date":"30 julio, 2021","format":false,"excerpt":"El accidente se produjo a la altura de Castelli. Los efectivos eran oriundos del Partido de La Costa y volv\u00edan de prestar servicio en La Matanza. CASTELLI - Un joven efectivo policial falleci\u00f3 y otro se encuentra en grave estado tras chocar en la camioneta en que viajan contra un\u2026","rel":"","context":"En \u00abDESTACADAS\u00bb","block_context":{"text":"DESTACADAS","link":"https:\/\/larevistadigital.com.ar\/blog\/category\/destacadas\/"},"img":{"alt_text":"","src":"https:\/\/i0.wp.com\/larevistadigital.com.ar\/blog\/wp-content\/uploads\/d41074a186274508a605875d7452aff790827f44.jpg?fit=1140%2C775&ssl=1&resize=350%2C200","width":350,"height":200,"srcset":"https:\/\/i0.wp.com\/larevistadigital.com.ar\/blog\/wp-content\/uploads\/d41074a186274508a605875d7452aff790827f44.jpg?fit=1140%2C775&ssl=1&resize=350%2C200 1x, https:\/\/i0.wp.com\/larevistadigital.com.ar\/blog\/wp-content\/uploads\/d41074a186274508a605875d7452aff790827f44.jpg?fit=1140%2C775&ssl=1&resize=525%2C300 1.5x, https:\/\/i0.wp.com\/larevistadigital.com.ar\/blog\/wp-content\/uploads\/d41074a186274508a605875d7452aff790827f44.jpg?fit=1140%2C775&ssl=1&resize=700%2C400 2x, https:\/\/i0.wp.com\/larevistadigital.com.ar\/blog\/wp-content\/uploads\/d41074a186274508a605875d7452aff790827f44.jpg?fit=1140%2C775&ssl=1&resize=1050%2C600 3x"},"classes":[]},{"id":41719,"url":"https:\/\/larevistadigital.com.ar\/blog\/tragedia-en-la-plata-un-joven-perdio-la-vida-tras-chocar-en-moto-contra-un-camion\/","url_meta":{"origin":39088,"position":5},"title":"Tragedia en La Plata: un joven perdi\u00f3 la vida tras chocar en moto contra un cami\u00f3n","author":"Alejandro Sosa Ruda","date":"3 octubre, 2025","format":false,"excerpt":"El accidente ocurri\u00f3 en la localidad de Etcheverry, en el cruce de la Ruta 215 y calle 238. La v\u00edctima ten\u00eda 21 a\u00f1os. En lo que va del a\u00f1o, ya murieron m\u00e1s de 60 personas en siniestros viales en la regi\u00f3n. 03 de octubre de 2025 LA PLATA -\u00a0 \u00a0Un\u2026","rel":"","context":"En \u00abPOLICIALES\u00bb","block_context":{"text":"POLICIALES","link":"https:\/\/larevistadigital.com.ar\/blog\/category\/policiales\/"},"img":{"alt_text":"","src":"https:\/\/i0.wp.com\/larevistadigital.com.ar\/blog\/wp-content\/uploads\/Captura-de-pantalla-2025-10-03-133433.jpg?fit=868%2C426&ssl=1&resize=350%2C200","width":350,"height":200,"srcset":"https:\/\/i0.wp.com\/larevistadigital.com.ar\/blog\/wp-content\/uploads\/Captura-de-pantalla-2025-10-03-133433.jpg?fit=868%2C426&ssl=1&resize=350%2C200 1x, https:\/\/i0.wp.com\/larevistadigital.com.ar\/blog\/wp-content\/uploads\/Captura-de-pantalla-2025-10-03-133433.jpg?fit=868%2C426&ssl=1&resize=525%2C300 1.5x, https:\/\/i0.wp.com\/larevistadigital.com.ar\/blog\/wp-content\/uploads\/Captura-de-pantalla-2025-10-03-133433.jpg?fit=868%2C426&ssl=1&resize=700%2C400 2x"},"classes":[]}],"_links":{"self":[{"href":"https:\/\/larevistadigital.com.ar\/blog\/wp-json\/wp\/v2\/posts\/39088","targetHints":{"allow":["GET"]}}],"collection":[{"href":"https:\/\/larevistadigital.com.ar\/blog\/wp-json\/wp\/v2\/posts"}],"about":[{"href":"https:\/\/larevistadigital.com.ar\/blog\/wp-json\/wp\/v2\/types\/post"}],"author":[{"embeddable":true,"href":"https:\/\/larevistadigital.com.ar\/blog\/wp-json\/wp\/v2\/users\/3"}],"replies":[{"embeddable":true,"href":"https:\/\/larevistadigital.com.ar\/blog\/wp-json\/wp\/v2\/comments?post=39088"}],"version-history":[{"count":1,"href":"https:\/\/larevistadigital.com.ar\/blog\/wp-json\/wp\/v2\/posts\/39088\/revisions"}],"predecessor-version":[{"id":39090,"href":"https:\/\/larevistadigital.com.ar\/blog\/wp-json\/wp\/v2\/posts\/39088\/revisions\/39090"}],"wp:featuredmedia":[{"embeddable":true,"href":"https:\/\/larevistadigital.com.ar\/blog\/wp-json\/wp\/v2\/media\/39089"}],"wp:attachment":[{"href":"https:\/\/larevistadigital.com.ar\/blog\/wp-json\/wp\/v2\/media?parent=39088"}],"wp:term":[{"taxonomy":"category","embeddable":true,"href":"https:\/\/larevistadigital.com.ar\/blog\/wp-json\/wp\/v2\/categories?post=39088"},{"taxonomy":"post_tag","embeddable":true,"href":"https:\/\/larevistadigital.com.ar\/blog\/wp-json\/wp\/v2\/tags?post=39088"}],"curies":[{"name":"wp","href":"https:\/\/api.w.org\/{rel}","templated":true}]}}