{"id":39094,"date":"2025-03-24T14:01:01","date_gmt":"2025-03-24T17:01:01","guid":{"rendered":"https:\/\/larevistadigital.com.ar\/blog\/?p=39094"},"modified":"2025-03-24T14:01:01","modified_gmt":"2025-03-24T17:01:01","slug":"peligro-en-la-ruta-2-una-mujer-volco-con-su-auto-bajo-una-intensa-lluvia","status":"publish","type":"post","link":"https:\/\/larevistadigital.com.ar\/blog\/peligro-en-la-ruta-2-una-mujer-volco-con-su-auto-bajo-una-intensa-lluvia\/","title":{"rendered":"Peligro en la Ruta 2: una mujer volc\u00f3 con su auto bajo una intensa lluvia"},"content":{"rendered":"<article class=\"group\/turn w-full text-token-text-primary focus-visible:outline-2 focus-visible:outline-offset-[-4px]\" dir=\"auto\" data-testid=\"conversation-turn-244\" data-scroll-anchor=\"true\">\n<div class=\"text-base my-auto mx-auto py-[18px] px-6\">\n<div class=\"mx-auto flex flex-1 text-base gap-4 md:gap-5 lg:gap-6 md:max-w-3xl lg:max-w-[40rem] xl:max-w-[48rem]\">\n<div class=\"group\/conversation-turn relative flex w-full min-w-0 flex-col agent-turn @xs\/thread:px-0 @sm\/thread:px-1.5 @md\/thread:px-4\">\n<div class=\"flex-col gap-1 md:gap-3\">\n<div class=\"flex max-w-full flex-col flex-grow\">\n<div class=\"min-h-8 text-message relative flex w-full flex-col items-end gap-2 whitespace-normal break-words text-start [.text-message+&amp;]:mt-5\" dir=\"auto\" data-message-author-role=\"assistant\" data-message-id=\"6d25bc85-b22b-464f-956f-eb1c243eab6c\" data-message-model-slug=\"gpt-4o\">\n<div class=\"flex w-full flex-col gap-1 empty:hidden first:pt-[3px]\">\n<div class=\"markdown prose w-full break-words dark:prose-invert light\">\n<h4 class=\"\" data-start=\"195\" data-end=\"336\"><strong data-start=\"200\" data-end=\"334\">El accidente ocurri\u00f3 a la altura de Dolores. La conductora, oriunda de Mar del Plata, fue trasladada para recibir atenci\u00f3n m\u00e9dica.<\/strong><\/h4>\n<p>24 de Marzo de 2025<\/p>\n<p class=\"\" data-start=\"338\" data-end=\"567\"><strong>DOLORES &#8211;\u00a0<\/strong> Un violento accidente de tr\u00e1nsito tuvo lugar este lunes en la Ruta 2, a la altura del kil\u00f3metro 213, en jurisdicci\u00f3n de Dolores. Una mujer, que viajaba sola en su veh\u00edculo, perdi\u00f3 el control y termin\u00f3 volcando en plena calzada.<\/p>\n<blockquote>\n<h3 data-start=\"569\" data-end=\"767\">El siniestro ocurri\u00f3 en un tramo de la autov\u00eda donde la lluvia ca\u00eda con fuerza, lo que habr\u00eda complicado la visibilidad y adherencia del pavimento. A\u00fan se investigan las causas exactas del vuelco.<\/h3>\n<\/blockquote>\n<p class=\"\" data-start=\"769\" data-end=\"1029\">Personal de la Polic\u00eda Vial, Bomberos, el Sistema de Emergencias M\u00e9dicas y AUBASA trabajaron en el lugar para asistir a la conductora y restablecer la circulaci\u00f3n. Debido al operativo, el tr\u00e1nsito estuvo reducido en el carril con sentido hacia Mar del Plata.<\/p>\n<blockquote>\n<h3 data-start=\"1031\" data-end=\"1138\">La mujer, cuya identidad no trascendi\u00f3, fue trasladada a un centro de salud para recibir atenci\u00f3n m\u00e9dica.<\/h3>\n<\/blockquote>\n<p class=\"\" data-start=\"1140\" data-end=\"1395\">El accidente reaviva la importancia de extremar las precauciones al volante, especialmente en condiciones clim\u00e1ticas adversas. La Ruta 2, uno de los principales corredores tur\u00edsticos del pa\u00eds, suele presentar riesgos adicionales en d\u00edas de lluvia intensa.<\/p>\n<\/div>\n<\/div>\n<\/div>\n<\/div>\n<div class=\"mb-2 flex gap-3 -ml-2\">\n<div class=\"flex items-center justify-start rounded-xl p-1\">\n<div>\n<div class=\"flex items-center\"><button class=\"rounded-lg text-token-text-secondary hover:bg-token-main-surface-secondary\" aria-label=\"Copiar\" data-testid=\"copy-turn-action-button\"><\/button><\/p>\n<div class=\"flex\"><\/div>\n<p><button class=\"rounded-lg text-token-text-secondary hover:bg-token-main-surface-secondary\" aria-label=\"Leer en voz alta\" data-testid=\"voice-play-turn-action-button\"><\/button><button class=\"rounded-lg text-token-text-secondary hover:bg-token-main-surface-secondary\" aria-label=\"Editar en un lienzo\"><\/button><\/div>\n<\/div>\n<\/div>\n<\/div>\n<div class=\"mt-3 w-full empty:hidden\">\n<div class=\"text-center\"><\/div>\n<\/div>\n<\/div>\n<div class=\"absolute\">\n<div class=\"flex items-center justify-center\"><\/div>\n<\/div>\n<\/div>\n<\/div>\n<\/div>\n<\/article>\n<div class=\"pointer-events-none h-px w-px\" aria-hidden=\"true\" data-edge=\"true\"><\/div>\n","protected":false},"excerpt":{"rendered":"<div class=\"mh-excerpt\"><p>El accidente ocurri\u00f3 a la altura de Dolores. La conductora, oriunda de Mar del Plata, fue trasladada para recibir atenci\u00f3n m\u00e9dica. 24 de Marzo de 2025 DOLORES &#8211;\u00a0 Un violento accidente de tr\u00e1nsito tuvo lugar <a class=\"mh-excerpt-more\" href=\"https:\/\/larevistadigital.com.ar\/blog\/peligro-en-la-ruta-2-una-mujer-volco-con-su-auto-bajo-una-intensa-lluvia\/\" title=\"Peligro en la Ruta 2: una mujer volc\u00f3 con su auto bajo una intensa lluvia\">[Leer M\u00e1s]<\/a><\/p>\n<\/div>","protected":false},"author":3,"featured_media":39095,"comment_status":"open","ping_status":"open","sticky":false,"template":"","format":"standard","meta":{"_jetpack_memberships_contains_paid_content":false,"footnotes":"","jetpack_publicize_message":"","jetpack_publicize_feature_enabled":true,"jetpack_social_post_already_shared":true,"jetpack_social_options":{"image_generator_settings":{"template":"highway","default_image_id":0,"font":"","enabled":false},"version":2}},"categories":[43,44,51],"tags":[],"class_list":{"0":"post-39094","1":"post","2":"type-post","3":"status-publish","4":"format-standard","5":"has-post-thumbnail","7":"category-dolores","8":"category-policiales","9":"category-regionales"},"jetpack_publicize_connections":[],"jetpack_featured_media_url":"https:\/\/i0.wp.com\/larevistadigital.com.ar\/blog\/wp-content\/uploads\/7c9586409e4b052f03bbdd86c6dc20aacb1f6426.jpg?fit=1140%2C858&ssl=1","jetpack_sharing_enabled":true,"jetpack_shortlink":"https:\/\/wp.me\/p8qtrQ-aay","jetpack-related-posts":[{"id":41916,"url":"https:\/\/larevistadigital.com.ar\/blog\/41916-2\/","url_meta":{"origin":39094,"position":0},"title":"Volc\u00f3 con su auto bajo la lluvia en la ruta entre Mar del Plata y Bat\u00e1n, pero sali\u00f3 ileso","author":"Alejandro Sosa Ruda","date":"12 octubre, 2025","format":false,"excerpt":"\u00a0 Volc\u00f3 con su auto bajo la lluvia en la ruta entre Mar del Plata y Bat\u00e1n, pero sali\u00f3 ilesoEl conductor perdi\u00f3 el control de su veh\u00edculo en la madrugada del domingo y termin\u00f3 con el auto dado vuelta en la banquina. Milagrosamente, no sufri\u00f3 heridas. 12 De Octubre de\u2026","rel":"","context":"En \u00abPOLICIALES\u00bb","block_context":{"text":"POLICIALES","link":"https:\/\/larevistadigital.com.ar\/blog\/category\/policiales\/"},"img":{"alt_text":"","src":"https:\/\/i0.wp.com\/larevistadigital.com.ar\/blog\/wp-content\/uploads\/Captura-de-pantalla-2025-10-12-162044.jpg?fit=748%2C358&ssl=1&resize=350%2C200","width":350,"height":200,"srcset":"https:\/\/i0.wp.com\/larevistadigital.com.ar\/blog\/wp-content\/uploads\/Captura-de-pantalla-2025-10-12-162044.jpg?fit=748%2C358&ssl=1&resize=350%2C200 1x, https:\/\/i0.wp.com\/larevistadigital.com.ar\/blog\/wp-content\/uploads\/Captura-de-pantalla-2025-10-12-162044.jpg?fit=748%2C358&ssl=1&resize=525%2C300 1.5x, https:\/\/i0.wp.com\/larevistadigital.com.ar\/blog\/wp-content\/uploads\/Captura-de-pantalla-2025-10-12-162044.jpg?fit=748%2C358&ssl=1&resize=700%2C400 2x"},"classes":[]},{"id":30459,"url":"https:\/\/larevistadigital.com.ar\/blog\/dolores-muere-una-mujer-en-un-accidente-fatal-en-la-ruta-63\/","url_meta":{"origin":39094,"position":1},"title":"DOLORES: MUERE UNA MUJER EN UN ACCIDENTE FATAL  EN LA RUTA 63","author":"Alejandro Sosa Ruda","date":"8 marzo, 2023","format":false,"excerpt":"La joven de 26 a\u00f1os perdi\u00f3 el control del veh\u00edculo, despist\u00f3 y volc\u00f3. 8 de marzo de 2023 DOLORES -\u00a0 Una mujer de 26 a\u00f1os, falleci\u00f3 como consecuencia de un tr\u00e1gico accidente se registr\u00f3 en la Ruta 63 a la altura de Dolores. La joven perdi\u00f3 el control del veh\u00edculo,\u2026","rel":"","context":"En \u00abDOLORES\u00bb","block_context":{"text":"DOLORES","link":"https:\/\/larevistadigital.com.ar\/blog\/category\/dolores\/"},"img":{"alt_text":"","src":"https:\/\/i0.wp.com\/larevistadigital.com.ar\/blog\/wp-content\/uploads\/f63ea82b4e3f22caa1f2022f314c373f8fb7eb32.jpg?fit=1140%2C706&ssl=1&resize=350%2C200","width":350,"height":200,"srcset":"https:\/\/i0.wp.com\/larevistadigital.com.ar\/blog\/wp-content\/uploads\/f63ea82b4e3f22caa1f2022f314c373f8fb7eb32.jpg?fit=1140%2C706&ssl=1&resize=350%2C200 1x, https:\/\/i0.wp.com\/larevistadigital.com.ar\/blog\/wp-content\/uploads\/f63ea82b4e3f22caa1f2022f314c373f8fb7eb32.jpg?fit=1140%2C706&ssl=1&resize=525%2C300 1.5x, https:\/\/i0.wp.com\/larevistadigital.com.ar\/blog\/wp-content\/uploads\/f63ea82b4e3f22caa1f2022f314c373f8fb7eb32.jpg?fit=1140%2C706&ssl=1&resize=700%2C400 2x, https:\/\/i0.wp.com\/larevistadigital.com.ar\/blog\/wp-content\/uploads\/f63ea82b4e3f22caa1f2022f314c373f8fb7eb32.jpg?fit=1140%2C706&ssl=1&resize=1050%2C600 3x"},"classes":[]},{"id":20313,"url":"https:\/\/larevistadigital.com.ar\/blog\/rauch-volco-un-auto-en-la-ruta-30-y-el-conductor-tenia-covid\/","url_meta":{"origin":39094,"position":2},"title":"RAUCH: VOLC\u00d3 UN AUTO EN LA RUTA 30 Y EL CONDUCTOR TEN\u00cdA COVID","author":"Alejandro Sosa Ruda","date":"17 mayo, 2021","format":false,"excerpt":"D\u00edas pasados un autom\u00f3vil Chevrolet Corsa dominio JQC 063 que viajaba por la Ruta 30, en direcci\u00f3n Rauch \u2013 Las Flores. Los dos ocupantes fueron trasladados al Hospital Municipal. Uno de ellos era COVID positivo. Tras ser asistidos por una unidad de Bomberos Voluntarios, la pareja que ocupaba el veh\u00edculo\u2026","rel":"","context":"En \u00abPOLICIALES\u00bb","block_context":{"text":"POLICIALES","link":"https:\/\/larevistadigital.com.ar\/blog\/category\/policiales\/"},"img":{"alt_text":"","src":"https:\/\/i0.wp.com\/larevistadigital.com.ar\/blog\/wp-content\/uploads\/vuelco-corsa-10-5-2021.jpg?fit=800%2C443&ssl=1&resize=350%2C200","width":350,"height":200,"srcset":"https:\/\/i0.wp.com\/larevistadigital.com.ar\/blog\/wp-content\/uploads\/vuelco-corsa-10-5-2021.jpg?fit=800%2C443&ssl=1&resize=350%2C200 1x, https:\/\/i0.wp.com\/larevistadigital.com.ar\/blog\/wp-content\/uploads\/vuelco-corsa-10-5-2021.jpg?fit=800%2C443&ssl=1&resize=525%2C300 1.5x, https:\/\/i0.wp.com\/larevistadigital.com.ar\/blog\/wp-content\/uploads\/vuelco-corsa-10-5-2021.jpg?fit=800%2C443&ssl=1&resize=700%2C400 2x"},"classes":[]},{"id":30820,"url":"https:\/\/larevistadigital.com.ar\/blog\/ruta-2-fallece-un-joven-y-hay-tres-heridos-en-un-vuelco\/","url_meta":{"origin":39094,"position":3},"title":"RUTA 2: FALLECE UN JOVEN Y HAY TRES HERIDOS EN UN VUELCO","author":"Alejandro Sosa Ruda","date":"31 marzo, 2023","format":false,"excerpt":"Ten\u00eda 17 a\u00f1os y falleci\u00f3 producto de las heridas sufridas en el vuelco del auto, ocurrido en el kil\u00f3metro 188. El conductor se encuentra grave y los otros dos ocupantes est\u00e1n fuera de peligro. 31 de marzo de 2023 CASTELLI -\u00a0 Durante la madrugada se produjo un fatal accidente a\u2026","rel":"","context":"En \u00abPOLICIALES\u00bb","block_context":{"text":"POLICIALES","link":"https:\/\/larevistadigital.com.ar\/blog\/category\/policiales\/"},"img":{"alt_text":"","src":"https:\/\/i0.wp.com\/larevistadigital.com.ar\/blog\/wp-content\/uploads\/e2d35f4119020ddf797dcdc9e7a8a1e4275c0e16.jpg?fit=1140%2C661&ssl=1&resize=350%2C200","width":350,"height":200,"srcset":"https:\/\/i0.wp.com\/larevistadigital.com.ar\/blog\/wp-content\/uploads\/e2d35f4119020ddf797dcdc9e7a8a1e4275c0e16.jpg?fit=1140%2C661&ssl=1&resize=350%2C200 1x, https:\/\/i0.wp.com\/larevistadigital.com.ar\/blog\/wp-content\/uploads\/e2d35f4119020ddf797dcdc9e7a8a1e4275c0e16.jpg?fit=1140%2C661&ssl=1&resize=525%2C300 1.5x, https:\/\/i0.wp.com\/larevistadigital.com.ar\/blog\/wp-content\/uploads\/e2d35f4119020ddf797dcdc9e7a8a1e4275c0e16.jpg?fit=1140%2C661&ssl=1&resize=700%2C400 2x, https:\/\/i0.wp.com\/larevistadigital.com.ar\/blog\/wp-content\/uploads\/e2d35f4119020ddf797dcdc9e7a8a1e4275c0e16.jpg?fit=1140%2C661&ssl=1&resize=1050%2C600 3x"},"classes":[]},{"id":30604,"url":"https:\/\/larevistadigital.com.ar\/blog\/accidente-fatal-en-la-ruta-88-murio-una-mujer-en-accidente-entre-camion-y-auto\/","url_meta":{"origin":39094,"position":4},"title":"ACCIDENTE FATAL EN LA RUTA 88: MURI\u00d3 UNA MUJER EN ACCIDENTE ENTRE CAMI\u00d3N Y AUTO","author":"Alejandro Sosa Ruda","date":"15 marzo, 2023","format":false,"excerpt":"La mujer ten\u00eda 69 a\u00f1os, y el camionero sali\u00f3 ileso. Sucedi\u00f3 en el km. 106 de la ruta que une Mar del Plata con Necochea. 15 de marzo de 2023 QUEQUEN -\u00a0 Ayer por la tarde, sucedi\u00f3 un grave accidente entre un autom\u00f3vil y un cami\u00f3n Dimex con acoplado y\u2026","rel":"","context":"En \u00abPOLICIALES\u00bb","block_context":{"text":"POLICIALES","link":"https:\/\/larevistadigital.com.ar\/blog\/category\/policiales\/"},"img":{"alt_text":"","src":"https:\/\/i0.wp.com\/larevistadigital.com.ar\/blog\/wp-content\/uploads\/0bea1e187568c0af4b2b76bab0b7884af95d3bd7.jpg?fit=1140%2C605&ssl=1&resize=350%2C200","width":350,"height":200,"srcset":"https:\/\/i0.wp.com\/larevistadigital.com.ar\/blog\/wp-content\/uploads\/0bea1e187568c0af4b2b76bab0b7884af95d3bd7.jpg?fit=1140%2C605&ssl=1&resize=350%2C200 1x, https:\/\/i0.wp.com\/larevistadigital.com.ar\/blog\/wp-content\/uploads\/0bea1e187568c0af4b2b76bab0b7884af95d3bd7.jpg?fit=1140%2C605&ssl=1&resize=525%2C300 1.5x, https:\/\/i0.wp.com\/larevistadigital.com.ar\/blog\/wp-content\/uploads\/0bea1e187568c0af4b2b76bab0b7884af95d3bd7.jpg?fit=1140%2C605&ssl=1&resize=700%2C400 2x, https:\/\/i0.wp.com\/larevistadigital.com.ar\/blog\/wp-content\/uploads\/0bea1e187568c0af4b2b76bab0b7884af95d3bd7.jpg?fit=1140%2C605&ssl=1&resize=1050%2C600 3x"},"classes":[]},{"id":40527,"url":"https:\/\/larevistadigital.com.ar\/blog\/lluvia-asfalto-mojado-y-un-vuelco-en-ruta-11-rescatan-a-una-mujer-atrapada-en-su-vehiculo\/","url_meta":{"origin":39094,"position":5},"title":"Lluvia, asfalto mojado y un vuelco en Ruta 11: rescatan a una mujer atrapada en su veh\u00edculo","author":"Alejandro Sosa Ruda","date":"18 julio, 2025","format":false,"excerpt":"El siniestro ocurri\u00f3 en el Partido de La Costa. La conductora fue asistida por los bomberos y trasladada\u00a0 al hospital. 18 de Julio de 2025 PARTIDO DE LA COSTA -\u00a0 Una maniobra desafortunada en medio de la calzada h\u00fameda por la lluvia termin\u00f3 con un importante siniestro vial este lunes\u2026","rel":"","context":"En \u00abPOLICIALES\u00bb","block_context":{"text":"POLICIALES","link":"https:\/\/larevistadigital.com.ar\/blog\/category\/policiales\/"},"img":{"alt_text":"","src":"https:\/\/i0.wp.com\/larevistadigital.com.ar\/blog\/wp-content\/uploads\/b16d51e1454f5f1ae67b61fb9ddc373057450616.jpg?fit=1140%2C700&ssl=1&resize=350%2C200","width":350,"height":200,"srcset":"https:\/\/i0.wp.com\/larevistadigital.com.ar\/blog\/wp-content\/uploads\/b16d51e1454f5f1ae67b61fb9ddc373057450616.jpg?fit=1140%2C700&ssl=1&resize=350%2C200 1x, https:\/\/i0.wp.com\/larevistadigital.com.ar\/blog\/wp-content\/uploads\/b16d51e1454f5f1ae67b61fb9ddc373057450616.jpg?fit=1140%2C700&ssl=1&resize=525%2C300 1.5x, https:\/\/i0.wp.com\/larevistadigital.com.ar\/blog\/wp-content\/uploads\/b16d51e1454f5f1ae67b61fb9ddc373057450616.jpg?fit=1140%2C700&ssl=1&resize=700%2C400 2x, https:\/\/i0.wp.com\/larevistadigital.com.ar\/blog\/wp-content\/uploads\/b16d51e1454f5f1ae67b61fb9ddc373057450616.jpg?fit=1140%2C700&ssl=1&resize=1050%2C600 3x"},"classes":[]}],"_links":{"self":[{"href":"https:\/\/larevistadigital.com.ar\/blog\/wp-json\/wp\/v2\/posts\/39094","targetHints":{"allow":["GET"]}}],"collection":[{"href":"https:\/\/larevistadigital.com.ar\/blog\/wp-json\/wp\/v2\/posts"}],"about":[{"href":"https:\/\/larevistadigital.com.ar\/blog\/wp-json\/wp\/v2\/types\/post"}],"author":[{"embeddable":true,"href":"https:\/\/larevistadigital.com.ar\/blog\/wp-json\/wp\/v2\/users\/3"}],"replies":[{"embeddable":true,"href":"https:\/\/larevistadigital.com.ar\/blog\/wp-json\/wp\/v2\/comments?post=39094"}],"version-history":[{"count":1,"href":"https:\/\/larevistadigital.com.ar\/blog\/wp-json\/wp\/v2\/posts\/39094\/revisions"}],"predecessor-version":[{"id":39096,"href":"https:\/\/larevistadigital.com.ar\/blog\/wp-json\/wp\/v2\/posts\/39094\/revisions\/39096"}],"wp:featuredmedia":[{"embeddable":true,"href":"https:\/\/larevistadigital.com.ar\/blog\/wp-json\/wp\/v2\/media\/39095"}],"wp:attachment":[{"href":"https:\/\/larevistadigital.com.ar\/blog\/wp-json\/wp\/v2\/media?parent=39094"}],"wp:term":[{"taxonomy":"category","embeddable":true,"href":"https:\/\/larevistadigital.com.ar\/blog\/wp-json\/wp\/v2\/categories?post=39094"},{"taxonomy":"post_tag","embeddable":true,"href":"https:\/\/larevistadigital.com.ar\/blog\/wp-json\/wp\/v2\/tags?post=39094"}],"curies":[{"name":"wp","href":"https:\/\/api.w.org\/{rel}","templated":true}]}}