{"id":39098,"date":"2025-03-24T15:52:14","date_gmt":"2025-03-24T18:52:14","guid":{"rendered":"https:\/\/larevistadigital.com.ar\/blog\/?p=39098"},"modified":"2025-03-24T15:52:14","modified_gmt":"2025-03-24T18:52:14","slug":"julio-alak-y-axel-kicillof-conmemoraron-el-dia-de-la-memoria-y-rechazaron-el-negacionismo","status":"publish","type":"post","link":"https:\/\/larevistadigital.com.ar\/blog\/julio-alak-y-axel-kicillof-conmemoraron-el-dia-de-la-memoria-y-rechazaron-el-negacionismo\/","title":{"rendered":"Julio Alak y Axel Kicillof conmemoraron el D\u00eda de la Memoria y rechazaron el negacionismo"},"content":{"rendered":"<h2>El intendente de La Plata, Julio Alak, y el gobernador Axel Kicillof recordaron a los 30.000 desaparecidos y destacaron la importancia de las pol\u00edticas de memoria.<\/h2>\n<p>24 De Marzo de 2025<\/p>\n<p data-pm-slice=\"1 1 []\"><strong>A 49 a\u00f1os del golpe: compromiso con la memoria y el reclamo por justicia<\/strong><\/p>\n<p>En un nuevo aniversario del golpe de Estado de 1976, el gobernador <strong>Axel Kicillof<\/strong> y el intendente de La Plata, <strong>Julio Alak<\/strong>, reafirmaron el compromiso con la memoria, la verdad y la justicia. Mientras <strong>Kicillof<\/strong> destac\u00f3 que <strong><em>\u00ablos discursos de odio, de complicidad y de olvido no tienen lugar en el pueblo bonaerense\u00bb<\/em><\/strong>, <strong>Alak<\/strong> exigi\u00f3 acelerar los juicios a represores y sostener las pol\u00edticas de derechos humanos.<\/p>\n<h3><strong>Kicillof: \u00abSon 30.000 los desaparecidos y nunca m\u00e1s pueden repetirse los hechos\u00bb<\/strong><\/h3>\n<p>El gobernador de la Provincia se expres\u00f3 a trav\u00e9s de sus redes sociales en el marco del D\u00eda de la Memoria, la Verdad y la Justicia. En su mensaje, reafirm\u00f3 que <em><strong>\u00abson 30.000 los desaparecidos<\/strong><\/em>\u00bb y que <em><strong>\u00abnunca m\u00e1s se pueden repetir los hechos\u00bb<\/strong><\/em>. Adem\u00e1s, desde su gesti\u00f3n remarcaron que la memoria, la verdad y la justicia <strong><em>\u00abson banderas que nos marcan el rumbo\u00bb<\/em><\/strong> y que el compromiso con la democracia sigue siendo inquebrantable.<\/p>\n<h3><strong>Julio Alak: \u00abSeguimos luchando contra la impunidad\u00bb<\/strong><\/h3>\n<p>El intendente de La Plata tambi\u00e9n se sum\u00f3 a la conmemoraci\u00f3n y pidi\u00f3 que se aceleren los juicios a los genocidas que a\u00fan no han sido condenados. En su mensaje, Alak destac\u00f3 los avances en la restituci\u00f3n de identidad de los nietos recuperados, aunque advirti\u00f3 que <strong><em>\u00aba\u00fan nos falta encontrar a m\u00e1s de 300 hombres y mujeres que fueron robados a sus familias\u00bb<\/em><\/strong>. En ese sentido, exigi\u00f3 al Estado nacional que mantenga las pol\u00edticas p\u00fablicas para continuar con las restituciones.<\/p>\n<h3><strong>Movilizaciones y repudio al negacionismo<\/strong><\/h3>\n<p>Desde las 14, organismos de derechos humanos y agrupaciones pol\u00edticas marchar\u00e1n en la tradicional movilizaci\u00f3n por el D\u00eda de la Memoria. Este a\u00f1o, una de las consignas principales ser\u00e1 el rechazo al negacionismo que, seg\u00fan denuncian, es promovido por el gobierno de Javier Milei y Victoria Villarruel.<\/p>\n<blockquote>\n<h3>A las 16, en Plaza de Mayo, se llevar\u00e1 a cabo un acto encabezado por la Mesa de Organismos de Derechos Humanos y el Encuentro Memoria, Verdad y Justicia (EMVJ). Durante la jornada, referentes hist\u00f3ricos como Estela de Carlotto, Taty Almeida, Elia Espen y Adolfo P\u00e9rez Esquivel leer\u00e1n un documento con fuertes cr\u00edticas al Gobierno y un llamado a sostener las pol\u00edticas de memoria.<\/h3>\n<\/blockquote>\n<p>Por su parte, el Frente de Izquierda de los Trabajadores (FIT) y otras agrupaciones del EMVJ marchar\u00e1n desde el Congreso hasta Plaza de Mayo. En su propio documento, expresar\u00e1n su oposici\u00f3n tanto al gobierno de Milei como al r\u00e9gimen pol\u00edtico de las \u00faltimas d\u00e9cadas.<\/p>\n<h3><strong>Una lucha que sigue vigente<\/strong><\/h3>\n<p>Las manifestaciones de este 24 de marzo vuelven a poner en el centro del debate la lucha por los derechos humanos y el reclamo de justicia. En un contexto donde sectores del oficialismo han cuestionado las cifras de desaparecidos y relativizado los cr\u00edmenes de la dictadura, la movilizaci\u00f3n popular refuerza el mensaje de que la memoria sigue viva y que el \u00abNunca M\u00e1s\u00bb es un compromiso inquebrantable.<\/p>\n<p>&nbsp;<\/p>\n","protected":false},"excerpt":{"rendered":"<div class=\"mh-excerpt\"><p>El intendente de La Plata, Julio Alak, y el gobernador Axel Kicillof recordaron a los 30.000 desaparecidos y destacaron la importancia de las pol\u00edticas de memoria. 24 De Marzo de 2025 A 49 a\u00f1os del <a class=\"mh-excerpt-more\" href=\"https:\/\/larevistadigital.com.ar\/blog\/julio-alak-y-axel-kicillof-conmemoraron-el-dia-de-la-memoria-y-rechazaron-el-negacionismo\/\" title=\"Julio Alak y Axel Kicillof conmemoraron el D\u00eda de la Memoria y rechazaron el negacionismo\">[Leer M\u00e1s]<\/a><\/p>\n<\/div>","protected":false},"author":3,"featured_media":39099,"comment_status":"open","ping_status":"open","sticky":false,"template":"","format":"standard","meta":{"_jetpack_memberships_contains_paid_content":false,"footnotes":"","jetpack_publicize_message":"","jetpack_publicize_feature_enabled":true,"jetpack_social_post_already_shared":true,"jetpack_social_options":{"image_generator_settings":{"template":"highway","default_image_id":0,"font":"","enabled":false},"version":2}},"categories":[41,12],"tags":[],"class_list":{"0":"post-39098","1":"post","2":"type-post","3":"status-publish","4":"format-standard","5":"has-post-thumbnail","7":"category-destacadas","8":"category-politica"},"jetpack_publicize_connections":[],"jetpack_featured_media_url":"https:\/\/i0.wp.com\/larevistadigital.com.ar\/blog\/wp-content\/uploads\/Captura-de-pantalla-2025-03-24-153825.jpg?fit=839%2C530&ssl=1","jetpack_sharing_enabled":true,"jetpack_shortlink":"https:\/\/wp.me\/p8qtrQ-aaC","jetpack-related-posts":[{"id":34137,"url":"https:\/\/larevistadigital.com.ar\/blog\/axel-kicillof-cerro-la-campana-junto-a-julio-alak-mario-secco-y-fabian-cagliardi\/","url_meta":{"origin":39098,"position":0},"title":"AXEL KICILLOF CERR\u00d3 LA CAMPA\u00d1A JUNTO A JULIO ALAK, MARIO SECCO Y FABI\u00c1N CAGLIARDI","author":"Alejandro Sosa Ruda","date":"19 octubre, 2023","format":false,"excerpt":"El candidato a intendente de La Plata de UxP firm\u00f3 un acta compromiso junto a los intendentes de Berisso y Ensenada para fomentar el desarrollo de la regi\u00f3n. 19 de Octubre de 2023 BUENOS AIRES -\u00a0 El candidato a intendente de\u00a0Uni\u00f3n por la Patria,\u00a0Julio Alak, cerr\u00f3 este jueves su campa\u00f1a\u2026","rel":"","context":"En \u00abDESTACADAS\u00bb","block_context":{"text":"DESTACADAS","link":"https:\/\/larevistadigital.com.ar\/blog\/category\/destacadas\/"},"img":{"alt_text":"","src":"https:\/\/i0.wp.com\/larevistadigital.com.ar\/blog\/wp-content\/uploads\/Captura-de-pantalla-2023-10-19-232941.png?fit=881%2C425&ssl=1&resize=350%2C200","width":350,"height":200,"srcset":"https:\/\/i0.wp.com\/larevistadigital.com.ar\/blog\/wp-content\/uploads\/Captura-de-pantalla-2023-10-19-232941.png?fit=881%2C425&ssl=1&resize=350%2C200 1x, https:\/\/i0.wp.com\/larevistadigital.com.ar\/blog\/wp-content\/uploads\/Captura-de-pantalla-2023-10-19-232941.png?fit=881%2C425&ssl=1&resize=525%2C300 1.5x, https:\/\/i0.wp.com\/larevistadigital.com.ar\/blog\/wp-content\/uploads\/Captura-de-pantalla-2023-10-19-232941.png?fit=881%2C425&ssl=1&resize=700%2C400 2x"},"classes":[]},{"id":33010,"url":"https:\/\/larevistadigital.com.ar\/blog\/kicillof-y-alak-entregaron-401-escrituras-en-el-barrio-justicia-social-de-la-plata\/","url_meta":{"origin":39098,"position":1},"title":"KICILLOF Y ALAK ENTREGARON 401 ESCRITURAS EN EL BARRIO JUSTICIA SOCIAL DE LA PLATA","author":"Alejandro Sosa Ruda","date":"26 agosto, 2023","format":false,"excerpt":"26 de agosto de 2023 El gobernador Axel Kicillof encabez\u00f3 el jueves junto al ministro de Justicia y Derechos Humanos Julio Alak, una jornada de firma y entrega de escrituras en La Plata, para los vecinos del barrio \u201cJusticia Social\u201d de Tolosa. En este marco se entregaron 401 t\u00edtulos de\u2026","rel":"","context":"En \u00abINTERES GENERAL\u00bb","block_context":{"text":"INTERES GENERAL","link":"https:\/\/larevistadigital.com.ar\/blog\/category\/interes-general\/"},"img":{"alt_text":"","src":"https:\/\/i0.wp.com\/larevistadigital.com.ar\/blog\/wp-content\/uploads\/ALAK-KICILLOF-ENTREGA-DE-ESCRITURAS-EN-LA-PLATA-2.jpeg?fit=1200%2C800&ssl=1&resize=350%2C200","width":350,"height":200,"srcset":"https:\/\/i0.wp.com\/larevistadigital.com.ar\/blog\/wp-content\/uploads\/ALAK-KICILLOF-ENTREGA-DE-ESCRITURAS-EN-LA-PLATA-2.jpeg?fit=1200%2C800&ssl=1&resize=350%2C200 1x, https:\/\/i0.wp.com\/larevistadigital.com.ar\/blog\/wp-content\/uploads\/ALAK-KICILLOF-ENTREGA-DE-ESCRITURAS-EN-LA-PLATA-2.jpeg?fit=1200%2C800&ssl=1&resize=525%2C300 1.5x, https:\/\/i0.wp.com\/larevistadigital.com.ar\/blog\/wp-content\/uploads\/ALAK-KICILLOF-ENTREGA-DE-ESCRITURAS-EN-LA-PLATA-2.jpeg?fit=1200%2C800&ssl=1&resize=700%2C400 2x, https:\/\/i0.wp.com\/larevistadigital.com.ar\/blog\/wp-content\/uploads\/ALAK-KICILLOF-ENTREGA-DE-ESCRITURAS-EN-LA-PLATA-2.jpeg?fit=1200%2C800&ssl=1&resize=1050%2C600 3x"},"classes":[]},{"id":33863,"url":"https:\/\/larevistadigital.com.ar\/blog\/axel-kicillof-encabezara-una-caravana-desde-berisso-hasta-la-matanza\/","url_meta":{"origin":39098,"position":2},"title":"AXEL KICILLOF ENCABEZAR\u00c1 UNA CARAVANA DESDE BERISSO HASTA LA MATANZA","author":"Alejandro Sosa Ruda","date":"5 octubre, 2023","format":false,"excerpt":"La movilizaci\u00f3n partir\u00e1 desde el famoso \"kil\u00f3metro cero del peronismo\". Axel Kicillof dar\u00e1 un discurso junto a Julio Alak y Fabi\u00e1n Cagliardi. 05 de Otubre de 2023 BUENOS AIRES -\u00a0 El gobernador y candidato a la reelecci\u00f3n de la provincia de Buenos Aires por Uni\u00f3n por la Patria (UxP), Axel\u2026","rel":"","context":"En \u00abDESTACADAS\u00bb","block_context":{"text":"DESTACADAS","link":"https:\/\/larevistadigital.com.ar\/blog\/category\/destacadas\/"},"img":{"alt_text":"","src":"https:\/\/i0.wp.com\/larevistadigital.com.ar\/blog\/wp-content\/uploads\/Captura-de-pantalla-2023-10-05-210030.png?fit=887%2C520&ssl=1&resize=350%2C200","width":350,"height":200,"srcset":"https:\/\/i0.wp.com\/larevistadigital.com.ar\/blog\/wp-content\/uploads\/Captura-de-pantalla-2023-10-05-210030.png?fit=887%2C520&ssl=1&resize=350%2C200 1x, https:\/\/i0.wp.com\/larevistadigital.com.ar\/blog\/wp-content\/uploads\/Captura-de-pantalla-2023-10-05-210030.png?fit=887%2C520&ssl=1&resize=525%2C300 1.5x, https:\/\/i0.wp.com\/larevistadigital.com.ar\/blog\/wp-content\/uploads\/Captura-de-pantalla-2023-10-05-210030.png?fit=887%2C520&ssl=1&resize=700%2C400 2x"},"classes":[]},{"id":32810,"url":"https:\/\/larevistadigital.com.ar\/blog\/kicillof-cerro-con-una-mateada-la-campana-del-peronismo-platense\/","url_meta":{"origin":39098,"position":3},"title":"KICILLOF CERR\u00d3 CON UNA MATEADA LA CAMPA\u00d1A DEL PERONISMO PLATENSE","author":"Alejandro Sosa Ruda","date":"8 agosto, 2023","format":false,"excerpt":"\u201cLa capital de la provincia de Buenos Aires est\u00e1 siendo gobernada por una fuerza que no cree en su destino de producci\u00f3n, trabajo, salud y educaci\u00f3n: para dejar atr\u00e1s esa etapa, la \u00fanica boleta que vale es la boleta completa de Uni\u00f3n por la Patria\u201d, expres\u00f3 este domingo el gobernador\u2026","rel":"","context":"En \u00abDESTACADAS\u00bb","block_context":{"text":"DESTACADAS","link":"https:\/\/larevistadigital.com.ar\/blog\/category\/destacadas\/"},"img":{"alt_text":"","src":"https:\/\/i0.wp.com\/larevistadigital.com.ar\/blog\/wp-content\/uploads\/20230807124529_kicillof-campana-peronismo-platense.jpg?fit=880%2C512&ssl=1&resize=350%2C200","width":350,"height":200,"srcset":"https:\/\/i0.wp.com\/larevistadigital.com.ar\/blog\/wp-content\/uploads\/20230807124529_kicillof-campana-peronismo-platense.jpg?fit=880%2C512&ssl=1&resize=350%2C200 1x, https:\/\/i0.wp.com\/larevistadigital.com.ar\/blog\/wp-content\/uploads\/20230807124529_kicillof-campana-peronismo-platense.jpg?fit=880%2C512&ssl=1&resize=525%2C300 1.5x, https:\/\/i0.wp.com\/larevistadigital.com.ar\/blog\/wp-content\/uploads\/20230807124529_kicillof-campana-peronismo-platense.jpg?fit=880%2C512&ssl=1&resize=700%2C400 2x"},"classes":[]},{"id":39894,"url":"https:\/\/larevistadigital.com.ar\/blog\/kicillof-inauguro-mejoras-en-el-hospital-de-ninos-y-en-plaza-dardo-rocha-de-la-plata\/","url_meta":{"origin":39098,"position":4},"title":"Kicillof inaugur\u00f3 mejoras en el Hospital de Ni\u00f1os y en Plaza Dardo Rocha de La Plata","author":"Alejandro Sosa Ruda","date":"25 mayo, 2025","format":false,"excerpt":"El gobernador Axel Kicillof, junto al ministro de Salud Nicol\u00e1s Kreplak y el intendente Julio Alak, present\u00f3 este viernes nuevas mejoras para el Hospital de Ni\u00f1os Sor Mar\u00eda Ludovica y dio por inaugurada la remodelaci\u00f3n de la Plaza Dardo Rocha. LA PLATA -\u00a0 Durante el acto, Kicillof destac\u00f3 la importancia\u2026","rel":"","context":"En \u00abPOLITICA PROVINCIAL\u00bb","block_context":{"text":"POLITICA PROVINCIAL","link":"https:\/\/larevistadigital.com.ar\/blog\/category\/politica\/politica-provincial\/"},"img":{"alt_text":"","src":"https:\/\/i0.wp.com\/larevistadigital.com.ar\/blog\/wp-content\/uploads\/20250523162138_kicillof-alak-equipamiento-hospital-ninos-sor-maria-ludovica.jpg?fit=880%2C512&ssl=1&resize=350%2C200","width":350,"height":200,"srcset":"https:\/\/i0.wp.com\/larevistadigital.com.ar\/blog\/wp-content\/uploads\/20250523162138_kicillof-alak-equipamiento-hospital-ninos-sor-maria-ludovica.jpg?fit=880%2C512&ssl=1&resize=350%2C200 1x, https:\/\/i0.wp.com\/larevistadigital.com.ar\/blog\/wp-content\/uploads\/20250523162138_kicillof-alak-equipamiento-hospital-ninos-sor-maria-ludovica.jpg?fit=880%2C512&ssl=1&resize=525%2C300 1.5x, https:\/\/i0.wp.com\/larevistadigital.com.ar\/blog\/wp-content\/uploads\/20250523162138_kicillof-alak-equipamiento-hospital-ninos-sor-maria-ludovica.jpg?fit=880%2C512&ssl=1&resize=700%2C400 2x"},"classes":[]},{"id":44981,"url":"https:\/\/larevistadigital.com.ar\/blog\/kicillof-participo-de-una-charla-con-estudiantes-sobre-las-politicas-economicas-de-la-dictadura-militar\/","url_meta":{"origin":39098,"position":5},"title":"Kicillof particip\u00f3 de una charla con estudiantes sobre las pol\u00edticas econ\u00f3micas de la dictadura militar","author":"Alejandro Sosa Ruda","date":"7 abril, 2026","format":false,"excerpt":"El gobernador de la provincia de Buenos Aires, Axel Kicillof, particip\u00f3 este martes de una charla abierta con alumnos y alumnas de 5\u00ba y 6\u00ba a\u00f1o del Colegio Nacional de La Plata sobre las pol\u00edticas econ\u00f3micas aplicadas durante la \u00faltima dictadura c\u00edvico-militar. 07 de abril de 2026 En el marco\u2026","rel":"","context":"En \u00abINTERES GENERAL\u00bb","block_context":{"text":"INTERES GENERAL","link":"https:\/\/larevistadigital.com.ar\/blog\/category\/interes-general\/"},"img":{"alt_text":"","src":"https:\/\/i0.wp.com\/larevistadigital.com.ar\/blog\/wp-content\/uploads\/AR12264-1.jpg-scaled.jpeg?fit=1200%2C800&ssl=1&resize=350%2C200","width":350,"height":200,"srcset":"https:\/\/i0.wp.com\/larevistadigital.com.ar\/blog\/wp-content\/uploads\/AR12264-1.jpg-scaled.jpeg?fit=1200%2C800&ssl=1&resize=350%2C200 1x, https:\/\/i0.wp.com\/larevistadigital.com.ar\/blog\/wp-content\/uploads\/AR12264-1.jpg-scaled.jpeg?fit=1200%2C800&ssl=1&resize=525%2C300 1.5x, https:\/\/i0.wp.com\/larevistadigital.com.ar\/blog\/wp-content\/uploads\/AR12264-1.jpg-scaled.jpeg?fit=1200%2C800&ssl=1&resize=700%2C400 2x, https:\/\/i0.wp.com\/larevistadigital.com.ar\/blog\/wp-content\/uploads\/AR12264-1.jpg-scaled.jpeg?fit=1200%2C800&ssl=1&resize=1050%2C600 3x"},"classes":[]}],"_links":{"self":[{"href":"https:\/\/larevistadigital.com.ar\/blog\/wp-json\/wp\/v2\/posts\/39098","targetHints":{"allow":["GET"]}}],"collection":[{"href":"https:\/\/larevistadigital.com.ar\/blog\/wp-json\/wp\/v2\/posts"}],"about":[{"href":"https:\/\/larevistadigital.com.ar\/blog\/wp-json\/wp\/v2\/types\/post"}],"author":[{"embeddable":true,"href":"https:\/\/larevistadigital.com.ar\/blog\/wp-json\/wp\/v2\/users\/3"}],"replies":[{"embeddable":true,"href":"https:\/\/larevistadigital.com.ar\/blog\/wp-json\/wp\/v2\/comments?post=39098"}],"version-history":[{"count":1,"href":"https:\/\/larevistadigital.com.ar\/blog\/wp-json\/wp\/v2\/posts\/39098\/revisions"}],"predecessor-version":[{"id":39101,"href":"https:\/\/larevistadigital.com.ar\/blog\/wp-json\/wp\/v2\/posts\/39098\/revisions\/39101"}],"wp:featuredmedia":[{"embeddable":true,"href":"https:\/\/larevistadigital.com.ar\/blog\/wp-json\/wp\/v2\/media\/39099"}],"wp:attachment":[{"href":"https:\/\/larevistadigital.com.ar\/blog\/wp-json\/wp\/v2\/media?parent=39098"}],"wp:term":[{"taxonomy":"category","embeddable":true,"href":"https:\/\/larevistadigital.com.ar\/blog\/wp-json\/wp\/v2\/categories?post=39098"},{"taxonomy":"post_tag","embeddable":true,"href":"https:\/\/larevistadigital.com.ar\/blog\/wp-json\/wp\/v2\/tags?post=39098"}],"curies":[{"name":"wp","href":"https:\/\/api.w.org\/{rel}","templated":true}]}}