{"id":39102,"date":"2025-03-24T16:05:04","date_gmt":"2025-03-24T19:05:04","guid":{"rendered":"https:\/\/larevistadigital.com.ar\/blog\/?p=39102"},"modified":"2025-03-24T16:05:04","modified_gmt":"2025-03-24T19:05:04","slug":"pensamiento-lateral-acertijo-para-resolver-te-animas","status":"publish","type":"post","link":"https:\/\/larevistadigital.com.ar\/blog\/pensamiento-lateral-acertijo-para-resolver-te-animas\/","title":{"rendered":"(\u00abPensamiento Lateral\u00bb) Acertijo para resolver. \u00bfTe anim\u00e1s?"},"content":{"rendered":"<h3>El pensamiento lateral es un concepto creado por el fil\u00f3sofo Edward de Bono. Es una t\u00e9cnica que invita a dejar de lado la l\u00f3gica para encontrar soluciones creativas.<\/h3>\n<p>24 de Marzo de 2025<\/p>\n<p>\u00bfTe suena el concepto de\u00a0<em>pensamiento lateral<\/em>? Su otro nombre es\u00a0<a title=\"C\u00f3mo ser creativo en 30 segundos\" href=\"https:\/\/www.businessinsider.es\/moran-cerf-explica-como-ser-creativo-30-segundos-790015\"><em>pensamiento creativo<\/em><\/a>, y el padre es <strong>Edward de Bono, escritor, m\u00e9dico, psic\u00f3logo, fil\u00f3sofo, profesor y entrenador de pensamiento<\/strong>\u00a0que tristemente falleci\u00f3 el pasado 9 de junio de 2021.<\/p>\n<blockquote>\n<h3>En su libro\u00a0<em>El pensamiento lateral: Manual de creatividad<\/em>, de Bono defiende un tipo de t\u00e9cnica para resolver situaciones que usa un enfoque creativo e imaginativo. Consiste en evitar completamente el pensamiento m\u00e1s l\u00f3gico, romper con el patr\u00f3n habitual de causa-efecto para<strong>\u00a0buscar la soluci\u00f3n de forma indirecta e incluso absurda.<\/strong><\/h3>\n<\/blockquote>\n<p>Aunque la teor\u00eda es muy bonita, seguro que te cuesta horrores practicar el pensamiento lateral. Entra a escena Paul Sloane, escritor que dedic\u00f3 a\u00f1os de su vida a encontrar y\u00a0<a title=\"Acertijos dif\u00edciles solo para personas inteligentes\" href=\"https:\/\/www.businessinsider.es\/11-problemas-acertijos-dificiles-personas-inteligentes-376447\">recopilar los mejores acertijos<\/a>\u00a0que requieren de creatividad para ser resueltos.\u00a0<strong>Su libro se titula acertadamente\u00a0<\/strong><em><strong>Ejercicios de pensamiento lateral<\/strong><\/em><strong>.<\/strong><\/p>\n<p><strong>ACERTIJO:<\/strong><\/p>\n<h3>\u00a0El hombre en el ascensor<\/h3>\n<p>Este es\u00a0<strong>uno de los acertijos de pensamiento lateral m\u00e1s cl\u00e1sicos<\/strong>. Como adem\u00e1s es de dificultad f\u00e1cil, es id\u00f3neo para empezar. Toma nota.<\/p>\n<p>Un hombre vive en el d\u00e9cimo piso de un edificio. Cada d\u00eda coge el\u00a0<a title=\"Pasos que debes hacer si te quedas encerrado en el ascensor\" href=\"https:\/\/www.businessinsider.es\/sigue-estos-pasos-te-quedas-encerrado-ascensor-546561\">ascensor<\/a>\u00a0hasta la planta baja para dirigirse al trabajo o para ir de compras. Cuando regresa, siempre sube en el ascensor hasta el s\u00e9ptimo piso y luego sube por la escalera los 3 pisos que quedan hasta llegar a su apartamento, el d\u00e9cimo.\u00a0<strong>\u00bfPor qu\u00e9 lo hace?<\/strong><\/p>\n<p>Respuesta en el pr\u00f3ximo acertijo!<\/p>\n<p>&nbsp;<\/p>\n","protected":false},"excerpt":{"rendered":"<div class=\"mh-excerpt\"><p>El pensamiento lateral es un concepto creado por el fil\u00f3sofo Edward de Bono. Es una t\u00e9cnica que invita a dejar de lado la l\u00f3gica para encontrar soluciones creativas. 24 de Marzo de 2025 \u00bfTe suena <a class=\"mh-excerpt-more\" href=\"https:\/\/larevistadigital.com.ar\/blog\/pensamiento-lateral-acertijo-para-resolver-te-animas\/\" title=\"(\u00abPensamiento Lateral\u00bb) Acertijo para resolver. \u00bfTe anim\u00e1s?\">[Leer M\u00e1s]<\/a><\/p>\n<\/div>","protected":false},"author":3,"featured_media":39105,"comment_status":"open","ping_status":"open","sticky":false,"template":"","format":"standard","meta":{"_jetpack_memberships_contains_paid_content":false,"footnotes":"","jetpack_publicize_message":"","jetpack_publicize_feature_enabled":true,"jetpack_social_post_already_shared":true,"jetpack_social_options":{"image_generator_settings":{"template":"highway","default_image_id":0,"font":"","enabled":false},"version":2}},"categories":[50],"tags":[],"class_list":{"0":"post-39102","1":"post","2":"type-post","3":"status-publish","4":"format-standard","5":"has-post-thumbnail","7":"category-interes-general"},"jetpack_publicize_connections":[],"jetpack_featured_media_url":"https:\/\/i0.wp.com\/larevistadigital.com.ar\/blog\/wp-content\/uploads\/pensamiento-lateral.jpg?fit=1200%2C830&ssl=1","jetpack_sharing_enabled":true,"jetpack_shortlink":"https:\/\/wp.me\/p8qtrQ-aaG","jetpack-related-posts":[{"id":45134,"url":"https:\/\/larevistadigital.com.ar\/blog\/kicillof-la-idea-de-que-el-mercado-y-el-capitalismo-pueden-funcionar-sin-estado-es-una-enorme-estafa\/","url_meta":{"origin":39102,"position":0},"title":"Kicillof: \u00abLa idea de que el mercado y el capitalismo pueden funcionar sin Estado es una enorme estafa\u00bb","author":"Alejandro Sosa Ruda","date":"16 abril, 2026","format":false,"excerpt":"En el marco de su visita a Espa\u00f1a, el gobernador Axel Kicillof present\u00f3 este jueves su libro \u201cDe Smith a Keynes. Siete lecciones de historia del pensamiento econ\u00f3mico\u201d, en la instituci\u00f3n cultural El Ateneo de Madrid, junto al polit\u00f3logo Pablo Sim\u00f3n. 16 de abril de 2026 Al respecto, Kicillof afirm\u00f3:\u2026","rel":"","context":"En \u00abDESTACADAS\u00bb","block_context":{"text":"DESTACADAS","link":"https:\/\/larevistadigital.com.ar\/blog\/category\/destacadas\/"},"img":{"alt_text":"","src":"https:\/\/i0.wp.com\/larevistadigital.com.ar\/blog\/wp-content\/uploads\/DSC7214-scaled.jpg?fit=1200%2C800&ssl=1&resize=350%2C200","width":350,"height":200,"srcset":"https:\/\/i0.wp.com\/larevistadigital.com.ar\/blog\/wp-content\/uploads\/DSC7214-scaled.jpg?fit=1200%2C800&ssl=1&resize=350%2C200 1x, https:\/\/i0.wp.com\/larevistadigital.com.ar\/blog\/wp-content\/uploads\/DSC7214-scaled.jpg?fit=1200%2C800&ssl=1&resize=525%2C300 1.5x, https:\/\/i0.wp.com\/larevistadigital.com.ar\/blog\/wp-content\/uploads\/DSC7214-scaled.jpg?fit=1200%2C800&ssl=1&resize=700%2C400 2x, https:\/\/i0.wp.com\/larevistadigital.com.ar\/blog\/wp-content\/uploads\/DSC7214-scaled.jpg?fit=1200%2C800&ssl=1&resize=1050%2C600 3x"},"classes":[]},{"id":911,"url":"https:\/\/larevistadigital.com.ar\/blog\/se-crea-chascomus-instituto-formacion-politicas-publicas-raul-alfonsin\/","url_meta":{"origin":39102,"position":1},"title":"Se crea en Chascom\u00fas el Instituto de Formaci\u00f3n en Pol\u00edticas P\u00fablicas Ra\u00fal Alfons\u00edn","author":"Alejandro Sosa Ruda","date":"10 marzo, 2017","format":false,"excerpt":"Con el prop\u00f3sito de poner en alto las banderas hist\u00f3ricas de la Uni\u00f3n C\u00edvica Radical; esos ideales que forjaron nuestros pr\u00f3ceres y de generar una usina de pensamiento radical como herramienta de fortalecimiento de nuestro centenario partido , el Comit\u00e9 de la Uni\u00f3n C\u00edvica Radical de Chascom\u00fas formalizar\u00e1 la creaci\u00f3n\u2026","rel":"","context":"En \u00abCHASCOM\u00daS\u00bb","block_context":{"text":"CHASCOM\u00daS","link":"https:\/\/larevistadigital.com.ar\/blog\/category\/chascomus\/"},"img":{"alt_text":"","src":"https:\/\/i0.wp.com\/larevistadigital.com.ar\/blog\/wp-content\/uploads\/2017\/03\/UCR.jpg?fit=1200%2C675&ssl=1&resize=350%2C200","width":350,"height":200,"srcset":"https:\/\/i0.wp.com\/larevistadigital.com.ar\/blog\/wp-content\/uploads\/2017\/03\/UCR.jpg?fit=1200%2C675&ssl=1&resize=350%2C200 1x, https:\/\/i0.wp.com\/larevistadigital.com.ar\/blog\/wp-content\/uploads\/2017\/03\/UCR.jpg?fit=1200%2C675&ssl=1&resize=525%2C300 1.5x, https:\/\/i0.wp.com\/larevistadigital.com.ar\/blog\/wp-content\/uploads\/2017\/03\/UCR.jpg?fit=1200%2C675&ssl=1&resize=700%2C400 2x, https:\/\/i0.wp.com\/larevistadigital.com.ar\/blog\/wp-content\/uploads\/2017\/03\/UCR.jpg?fit=1200%2C675&ssl=1&resize=1050%2C600 3x"},"classes":[]},{"id":17446,"url":"https:\/\/larevistadigital.com.ar\/blog\/adoctrinamiento-a-ninos-despidieron-a-la-funcionaria-responsable-del-portal-educativo-que-difundio-el-cuento-el-gorila-gorilon\/","url_meta":{"origin":39102,"position":2},"title":"ADOCTRINAMIENTO A NI\u00d1OS: DESPIDIERON A LA FUNCIONARIA RESPONSABLE DEL PORTAL EDUCATIVO QUE DIFUNDI\u00d3 EL CUENTO \u00abEL GORILA GORILON\u00bb","author":"Alejandro Sosa Ruda","date":"5 noviembre, 2020","format":false,"excerpt":"El material estaba destinado a chicos de jard\u00edn y cuestiona la idea del m\u00e9rito. Un grupo de diputados radicales realiz\u00f3 una declaraci\u00f3n de repudio y las autoridades provinciales eliminaron el contenido Desde el portal\u00a0Aprender\u00a0y de la publicaci\u00f3n de los contenidos de ese espacio, en las \u00faltimas horas, fue separada de\u2026","rel":"","context":"En \u00abSin categor\u00eda\u00bb","block_context":{"text":"Sin categor\u00eda","link":"https:\/\/larevistadigital.com.ar\/blog\/category\/sin-categoria\/"},"img":{"alt_text":"","src":"https:\/\/i0.wp.com\/larevistadigital.com.ar\/blog\/wp-content\/uploads\/el-gorila-gorilon-ya-no-esta-disponible-el-portal-aprender.jpg?fit=1200%2C675&ssl=1&resize=350%2C200","width":350,"height":200,"srcset":"https:\/\/i0.wp.com\/larevistadigital.com.ar\/blog\/wp-content\/uploads\/el-gorila-gorilon-ya-no-esta-disponible-el-portal-aprender.jpg?fit=1200%2C675&ssl=1&resize=350%2C200 1x, https:\/\/i0.wp.com\/larevistadigital.com.ar\/blog\/wp-content\/uploads\/el-gorila-gorilon-ya-no-esta-disponible-el-portal-aprender.jpg?fit=1200%2C675&ssl=1&resize=525%2C300 1.5x, https:\/\/i0.wp.com\/larevistadigital.com.ar\/blog\/wp-content\/uploads\/el-gorila-gorilon-ya-no-esta-disponible-el-portal-aprender.jpg?fit=1200%2C675&ssl=1&resize=700%2C400 2x, https:\/\/i0.wp.com\/larevistadigital.com.ar\/blog\/wp-content\/uploads\/el-gorila-gorilon-ya-no-esta-disponible-el-portal-aprender.jpg?fit=1200%2C675&ssl=1&resize=1050%2C600 3x"},"classes":[]},{"id":29576,"url":"https:\/\/larevistadigital.com.ar\/blog\/trabajadoras-de-casas-particulares-cobraran-el-bono-de-fin-de-ano\/","url_meta":{"origin":39102,"position":3},"title":"TRABAJADORAS DE CASAS PARTICULARES COBRAR\u00c1N EL BONO DE FIN DE A\u00d1O","author":"Alejandro Sosa Ruda","date":"21 diciembre, 2022","format":false,"excerpt":"Las trabajadoras de casas particulares recibir\u00e1n el bono de fin de a\u00f1o que anunci\u00f3 el presidente de la Naci\u00f3n, Alberto Fern\u00e1ndez. Mientras que las familias empleadoras inscriptas en el Programa Registradas no alcanzadas por el impuesto a las ganancias percibir\u00e1n una retribuci\u00f3n autom\u00e1tica del 50 % de monto total abonado\u2026","rel":"","context":"En \u00abINTERES GENERAL\u00bb","block_context":{"text":"INTERES GENERAL","link":"https:\/\/larevistadigital.com.ar\/blog\/category\/interes-general\/"},"img":{"alt_text":"","src":"https:\/\/i0.wp.com\/larevistadigital.com.ar\/blog\/wp-content\/uploads\/20221220203539_trabajadoras-de-casas-particulares-cobraran-el-bono-de-fin-de-ano.jpg?fit=880%2C512&ssl=1&resize=350%2C200","width":350,"height":200,"srcset":"https:\/\/i0.wp.com\/larevistadigital.com.ar\/blog\/wp-content\/uploads\/20221220203539_trabajadoras-de-casas-particulares-cobraran-el-bono-de-fin-de-ano.jpg?fit=880%2C512&ssl=1&resize=350%2C200 1x, https:\/\/i0.wp.com\/larevistadigital.com.ar\/blog\/wp-content\/uploads\/20221220203539_trabajadoras-de-casas-particulares-cobraran-el-bono-de-fin-de-ano.jpg?fit=880%2C512&ssl=1&resize=525%2C300 1.5x, https:\/\/i0.wp.com\/larevistadigital.com.ar\/blog\/wp-content\/uploads\/20221220203539_trabajadoras-de-casas-particulares-cobraran-el-bono-de-fin-de-ano.jpg?fit=880%2C512&ssl=1&resize=700%2C400 2x"},"classes":[]},{"id":22833,"url":"https:\/\/larevistadigital.com.ar\/blog\/maipu-el-intendente-anuncio-un-bono-de-14-000-para-los-municipales\/","url_meta":{"origin":39102,"position":4},"title":"MAIP\u00da: EL INTENDENTE ANUNCI\u00d3 UN BONO DE $14.000.- PARA LOS MUNICIPALES","author":"Alejandro Sosa Ruda","date":"5 diciembre, 2021","format":false,"excerpt":"MAIP\u00da -\u00a0 Durante la fiesta del empleado municipal que se llevo a cabo en el Club Independiente, el Intendente Municipal de Maip\u00fa, Mat\u00edas Rappallini, anunci\u00f3 un bono de fin de a\u00f1o de 14.000 pesos adem\u00e1s que particip\u00f3 del brindis con los empleados y agradeci\u00f3 por su labor diaria. fuente: ayacucho\u2026","rel":"","context":"En \u00abREGIONALES\u00bb","block_context":{"text":"REGIONALES","link":"https:\/\/larevistadigital.com.ar\/blog\/category\/regionales\/"},"img":{"alt_text":"","src":"https:\/\/i0.wp.com\/larevistadigital.com.ar\/blog\/wp-content\/uploads\/93097E8E-FEFF-41BA-8D66-620AD637FB1F.jpeg?fit=1200%2C900&ssl=1&resize=350%2C200","width":350,"height":200,"srcset":"https:\/\/i0.wp.com\/larevistadigital.com.ar\/blog\/wp-content\/uploads\/93097E8E-FEFF-41BA-8D66-620AD637FB1F.jpeg?fit=1200%2C900&ssl=1&resize=350%2C200 1x, https:\/\/i0.wp.com\/larevistadigital.com.ar\/blog\/wp-content\/uploads\/93097E8E-FEFF-41BA-8D66-620AD637FB1F.jpeg?fit=1200%2C900&ssl=1&resize=525%2C300 1.5x, https:\/\/i0.wp.com\/larevistadigital.com.ar\/blog\/wp-content\/uploads\/93097E8E-FEFF-41BA-8D66-620AD637FB1F.jpeg?fit=1200%2C900&ssl=1&resize=700%2C400 2x, https:\/\/i0.wp.com\/larevistadigital.com.ar\/blog\/wp-content\/uploads\/93097E8E-FEFF-41BA-8D66-620AD637FB1F.jpeg?fit=1200%2C900&ssl=1&resize=1050%2C600 3x"},"classes":[]},{"id":3217,"url":"https:\/\/larevistadigital.com.ar\/blog\/chascomus-mientras-el-intendente-gaston-veto-el-pago-de-un-bono-a-los-municipales-en-pila-anuncian-un-tercer-bono-por-2-000\/","url_meta":{"origin":39102,"position":5},"title":"CHASCOM\u00daS: MIENTRAS EL INTENDENTE GAST\u00d3N VET\u00d3 EL PAGO DE UN BONO A LOS MUNICIPALES, EN PILA ANUNCIAN UN TERCER BONO POR $2.000.-","author":"Alejandro Sosa Ruda","date":"27 agosto, 2017","format":false,"excerpt":"A diferencia de otros distritos, como por ejemplo del de Chascom\u00fas, en donde se aprob\u00f3 en el Concejo Deliberante el pago de un bono a los empleados Municipales, pero luego fue vetado de manera insensible por el Intendente de Unidad por Chascom\u00fas Javier Gast\u00f3n, en otros partidos, quienes ejercen el\u2026","rel":"","context":"En \u00abCHASCOM\u00daS\u00bb","block_context":{"text":"CHASCOM\u00daS","link":"https:\/\/larevistadigital.com.ar\/blog\/category\/chascomus\/"},"img":{"alt_text":"","src":"https:\/\/i0.wp.com\/larevistadigital.com.ar\/blog\/wp-content\/uploads\/2017\/08\/chapa-of-thrones.jpg?fit=650%2C415&ssl=1&resize=350%2C200","width":350,"height":200,"srcset":"https:\/\/i0.wp.com\/larevistadigital.com.ar\/blog\/wp-content\/uploads\/2017\/08\/chapa-of-thrones.jpg?fit=650%2C415&ssl=1&resize=350%2C200 1x, https:\/\/i0.wp.com\/larevistadigital.com.ar\/blog\/wp-content\/uploads\/2017\/08\/chapa-of-thrones.jpg?fit=650%2C415&ssl=1&resize=525%2C300 1.5x"},"classes":[]}],"_links":{"self":[{"href":"https:\/\/larevistadigital.com.ar\/blog\/wp-json\/wp\/v2\/posts\/39102","targetHints":{"allow":["GET"]}}],"collection":[{"href":"https:\/\/larevistadigital.com.ar\/blog\/wp-json\/wp\/v2\/posts"}],"about":[{"href":"https:\/\/larevistadigital.com.ar\/blog\/wp-json\/wp\/v2\/types\/post"}],"author":[{"embeddable":true,"href":"https:\/\/larevistadigital.com.ar\/blog\/wp-json\/wp\/v2\/users\/3"}],"replies":[{"embeddable":true,"href":"https:\/\/larevistadigital.com.ar\/blog\/wp-json\/wp\/v2\/comments?post=39102"}],"version-history":[{"count":1,"href":"https:\/\/larevistadigital.com.ar\/blog\/wp-json\/wp\/v2\/posts\/39102\/revisions"}],"predecessor-version":[{"id":39106,"href":"https:\/\/larevistadigital.com.ar\/blog\/wp-json\/wp\/v2\/posts\/39102\/revisions\/39106"}],"wp:featuredmedia":[{"embeddable":true,"href":"https:\/\/larevistadigital.com.ar\/blog\/wp-json\/wp\/v2\/media\/39105"}],"wp:attachment":[{"href":"https:\/\/larevistadigital.com.ar\/blog\/wp-json\/wp\/v2\/media?parent=39102"}],"wp:term":[{"taxonomy":"category","embeddable":true,"href":"https:\/\/larevistadigital.com.ar\/blog\/wp-json\/wp\/v2\/categories?post=39102"},{"taxonomy":"post_tag","embeddable":true,"href":"https:\/\/larevistadigital.com.ar\/blog\/wp-json\/wp\/v2\/tags?post=39102"}],"curies":[{"name":"wp","href":"https:\/\/api.w.org\/{rel}","templated":true}]}}