{"id":39108,"date":"2025-03-24T18:07:12","date_gmt":"2025-03-24T21:07:12","guid":{"rendered":"https:\/\/larevistadigital.com.ar\/blog\/?p=39108"},"modified":"2025-03-24T18:07:12","modified_gmt":"2025-03-24T21:07:12","slug":"buenos-aires-desde-manana-cambiara-el-horario-de-atencion-bancaria","status":"publish","type":"post","link":"https:\/\/larevistadigital.com.ar\/blog\/buenos-aires-desde-manana-cambiara-el-horario-de-atencion-bancaria\/","title":{"rendered":"Buenos Aires: Desde ma\u00f1ana, cambiar\u00e1 el horario de atenci\u00f3n bancaria"},"content":{"rendered":"<h2>Finaliz\u00f3 el \u00abhorario de verano\u00bb, por lo que las entidades bancarias retomar\u00e1n su horario habitual.<\/h2>\n<p>24 de Marzo de 2025<\/p>\n<p><strong>BUENOS AIRES &#8211;\u00a0 <\/strong>Tras casi cuatro meses de horario reducido, las entidades bancarias de gran parte del territorio bonaerense retoman su esquema habitual de atenci\u00f3n al p\u00fablico.<\/p>\n<blockquote>\n<h3 data-start=\"331\" data-end=\"574\">Luego del feriado del lunes por el D\u00eda Nacional de la Memoria por la Verdad y la Justicia , los bancos que hasta ahora operaban con horario de verano volver\u00e1n a atender en su franja horaria tradicional , de 10:00 a 15:00 .<\/h3>\n<\/blockquote>\n<p class=\"\" data-start=\"576\" data-end=\"841\">Desde diciembre, y en cumplimiento de la Resoluci\u00f3n N\u00b0, las sucursales hab\u00edan ajustado su funcionamiento de 8:00 a 13:00 horas, con el objetivo de evitar que clientes y trabajadores tuvieran que realizar tr\u00e1mites bancarios en las horas de mayor calor.<\/p>\n<blockquote>\n<h3 data-start=\"843\" data-end=\"1024\">A partir de este martes, todas las entidades que hab\u00edan implementado este esquema estacional retomar\u00e1n su cronograma habitual, normalizando el flujo de atenci\u00f3n en sus sucursales.<\/h3>\n<\/blockquote>\n<p class=\"\" data-start=\"1026\" data-end=\"1139\">Si ten\u00edas pendiente alguna gesti\u00f3n, registrar\u00e1 este cambio para organizar tu visita al banco sin inconvenientes .<\/p>\n","protected":false},"excerpt":{"rendered":"<div class=\"mh-excerpt\"><p>Finaliz\u00f3 el \u00abhorario de verano\u00bb, por lo que las entidades bancarias retomar\u00e1n su horario habitual. 24 de Marzo de 2025 BUENOS AIRES &#8211;\u00a0 Tras casi cuatro meses de horario reducido, las entidades bancarias de gran <a class=\"mh-excerpt-more\" href=\"https:\/\/larevistadigital.com.ar\/blog\/buenos-aires-desde-manana-cambiara-el-horario-de-atencion-bancaria\/\" title=\"Buenos Aires: Desde ma\u00f1ana, cambiar\u00e1 el horario de atenci\u00f3n bancaria\">[Leer M\u00e1s]<\/a><\/p>\n<\/div>","protected":false},"author":3,"featured_media":39110,"comment_status":"open","ping_status":"open","sticky":false,"template":"","format":"standard","meta":{"_jetpack_memberships_contains_paid_content":false,"footnotes":"","jetpack_publicize_message":"","jetpack_publicize_feature_enabled":true,"jetpack_social_post_already_shared":true,"jetpack_social_options":{"image_generator_settings":{"template":"highway","default_image_id":0,"font":"","enabled":false},"version":2}},"categories":[51],"tags":[],"class_list":{"0":"post-39108","1":"post","2":"type-post","3":"status-publish","4":"format-standard","5":"has-post-thumbnail","7":"category-regionales"},"jetpack_publicize_connections":[],"jetpack_featured_media_url":"https:\/\/i0.wp.com\/larevistadigital.com.ar\/blog\/wp-content\/uploads\/WhatsApp-Image-2024-10-24-at-4.59.41-PM-640x400-1.jpeg?fit=640%2C400&ssl=1","jetpack_sharing_enabled":true,"jetpack_shortlink":"https:\/\/wp.me\/p8qtrQ-aaM","jetpack-related-posts":[{"id":17891,"url":"https:\/\/larevistadigital.com.ar\/blog\/cambia-el-horario-bancario-por-la-temporada-de-verano\/","url_meta":{"origin":39108,"position":0},"title":"CAMBIA EL HORARIO BANCARIO POR LA TEMPORADA DE VERANO","author":"Alejandro Sosa Ruda","date":"30 noviembre, 2020","format":false,"excerpt":"El Gobierno de la Provincia de Buenos Aires dispuso que las entidades bancarias en municipios fuera del AMBA abran de lunes a viernes de 8 a 13. A partir de ma\u00f1ana y hasta el 4 de abril, plazo en el que se dispuso la temporada de verano en la provincia\u2026","rel":"","context":"En \u00abREGIONALES\u00bb","block_context":{"text":"REGIONALES","link":"https:\/\/larevistadigital.com.ar\/blog\/category\/regionales\/"},"img":{"alt_text":"","src":"https:\/\/i0.wp.com\/larevistadigital.com.ar\/blog\/wp-content\/uploads\/bancos.jpg?fit=1012%2C672&ssl=1&resize=350%2C200","width":350,"height":200,"srcset":"https:\/\/i0.wp.com\/larevistadigital.com.ar\/blog\/wp-content\/uploads\/bancos.jpg?fit=1012%2C672&ssl=1&resize=350%2C200 1x, https:\/\/i0.wp.com\/larevistadigital.com.ar\/blog\/wp-content\/uploads\/bancos.jpg?fit=1012%2C672&ssl=1&resize=525%2C300 1.5x, https:\/\/i0.wp.com\/larevistadigital.com.ar\/blog\/wp-content\/uploads\/bancos.jpg?fit=1012%2C672&ssl=1&resize=700%2C400 2x"},"classes":[]},{"id":16518,"url":"https:\/\/larevistadigital.com.ar\/blog\/lezama-el-municipio-retomo-el-horario-habitual\/","url_meta":{"origin":39108,"position":1},"title":"LEZAMA: EL MUNICIPIO RETOM\u00d3 EL HORARIO HABITUAL","author":"Alejandro Sosa Ruda","date":"26 septiembre, 2020","format":false,"excerpt":"A trav\u00e9s de su p\u00e1gina de Facebook, el Municipio de Lezama inform\u00f3 que retornar\u00e1 a su horario de atenci\u00f3n habitual, siendo el mismo de 8:00 a 13:00 horas, y que las cajas cierran a las 12.30, por tr\u00e1mites bancarios. \u00a0","rel":"","context":"En \u00abLEZAMA\u00bb","block_context":{"text":"LEZAMA","link":"https:\/\/larevistadigital.com.ar\/blog\/category\/lezama\/"},"img":{"alt_text":"","src":"https:\/\/i0.wp.com\/larevistadigital.com.ar\/blog\/wp-content\/uploads\/2019\/05\/59931493_1454351558090874_3533011660711133184_o.jpg?fit=1200%2C708&ssl=1&resize=350%2C200","width":350,"height":200,"srcset":"https:\/\/i0.wp.com\/larevistadigital.com.ar\/blog\/wp-content\/uploads\/2019\/05\/59931493_1454351558090874_3533011660711133184_o.jpg?fit=1200%2C708&ssl=1&resize=350%2C200 1x, https:\/\/i0.wp.com\/larevistadigital.com.ar\/blog\/wp-content\/uploads\/2019\/05\/59931493_1454351558090874_3533011660711133184_o.jpg?fit=1200%2C708&ssl=1&resize=525%2C300 1.5x, https:\/\/i0.wp.com\/larevistadigital.com.ar\/blog\/wp-content\/uploads\/2019\/05\/59931493_1454351558090874_3533011660711133184_o.jpg?fit=1200%2C708&ssl=1&resize=700%2C400 2x, https:\/\/i0.wp.com\/larevistadigital.com.ar\/blog\/wp-content\/uploads\/2019\/05\/59931493_1454351558090874_3533011660711133184_o.jpg?fit=1200%2C708&ssl=1&resize=1050%2C600 3x"},"classes":[]},{"id":28978,"url":"https:\/\/larevistadigital.com.ar\/blog\/bancoa-cambio-de-horario-en-95-distritos-bonaerenses\/","url_meta":{"origin":39108,"position":2},"title":"BANCOS: CAMBIO DE HORARIO EN 95 DISTRITOS BONAERENSES","author":"Alejandro Sosa Ruda","date":"22 noviembre, 2022","format":false,"excerpt":"El horario de verano funcionar\u00e1 hasta el 31 de marzo, cuando volver\u00e1 a ser de 10 a 15. Se trata de una modificaci\u00f3n en el esquema de atenci\u00f3n que responde a un criterio estacional y cl\u00e1sico. 22 de noviembre de 2022 Desde el 21 de noviembre, cambia el horario de\u2026","rel":"","context":"En \u00abINTERES GENERAL\u00bb","block_context":{"text":"INTERES GENERAL","link":"https:\/\/larevistadigital.com.ar\/blog\/category\/interes-general\/"},"img":{"alt_text":"","src":"https:\/\/i0.wp.com\/larevistadigital.com.ar\/blog\/wp-content\/uploads\/20221122145041_banc8.jpg?fit=880%2C512&ssl=1&resize=350%2C200","width":350,"height":200,"srcset":"https:\/\/i0.wp.com\/larevistadigital.com.ar\/blog\/wp-content\/uploads\/20221122145041_banc8.jpg?fit=880%2C512&ssl=1&resize=350%2C200 1x, https:\/\/i0.wp.com\/larevistadigital.com.ar\/blog\/wp-content\/uploads\/20221122145041_banc8.jpg?fit=880%2C512&ssl=1&resize=525%2C300 1.5x, https:\/\/i0.wp.com\/larevistadigital.com.ar\/blog\/wp-content\/uploads\/20221122145041_banc8.jpg?fit=880%2C512&ssl=1&resize=700%2C400 2x"},"classes":[]},{"id":41282,"url":"https:\/\/larevistadigital.com.ar\/blog\/chascomus-amplia-el-horario-de-atencion-el-registro-civil\/","url_meta":{"origin":39108,"position":3},"title":"Chascom\u00fas: Ampl\u00eda el horario de atenci\u00f3n el Registro Civil","author":"Alejandro Sosa Ruda","date":"3 septiembre, 2025","format":false,"excerpt":"La oficina estar\u00e1 abierta este fin de semana para el retiro de los documentos de identidad. 03 de septiembre de 2025 CHASCOM\u00daS -\u00a0 De cara a las elecciones legislativas el pr\u00f3ximo domingo en la Provincia de Buenos Aires, quienes hayan tramitado su DNI, tiene la posibilidad de retirarlos de la\u2026","rel":"","context":"En \u00abINTERES GENERAL\u00bb","block_context":{"text":"INTERES GENERAL","link":"https:\/\/larevistadigital.com.ar\/blog\/category\/interes-general\/"},"img":{"alt_text":"","src":"https:\/\/i0.wp.com\/larevistadigital.com.ar\/blog\/wp-content\/uploads\/68b87027bdad8.png?fit=668%2C445&ssl=1&resize=350%2C200","width":350,"height":200,"srcset":"https:\/\/i0.wp.com\/larevistadigital.com.ar\/blog\/wp-content\/uploads\/68b87027bdad8.png?fit=668%2C445&ssl=1&resize=350%2C200 1x, https:\/\/i0.wp.com\/larevistadigital.com.ar\/blog\/wp-content\/uploads\/68b87027bdad8.png?fit=668%2C445&ssl=1&resize=525%2C300 1.5x"},"classes":[]},{"id":5871,"url":"https:\/\/larevistadigital.com.ar\/blog\/nuevo-servicio-de-micros-hacia-y-desde-capital-federal\/","url_meta":{"origin":39108,"position":4},"title":"Nuevo servicio de micros hacia y desde Capital Federal","author":"admin","date":"25 junio, 2018","format":false,"excerpt":"Comenz\u00f3 a funcionar un nuevo servicio de autotransporte de pasajeros a la Ciudad Aut\u00f3noma de Buenos Aires, m\u00e1s precisamente a la Terminal de \u00d3mnibus de Retiro, desde la ciudad de General Belgrano. Se trata de la empresa V\u00eda TAC que ha establecido los siguientes horarios: Retiro \u2013 Gral. Belgrano\u00a0: 14:30\u2026","rel":"","context":"En \u00abGENERAL BELGRANO\u00bb","block_context":{"text":"GENERAL BELGRANO","link":"https:\/\/larevistadigital.com.ar\/blog\/category\/general-belgrano\/"},"img":{"alt_text":"","src":"https:\/\/i0.wp.com\/larevistadigital.com.ar\/blog\/wp-content\/uploads\/2018\/06\/VIA-TAC.jpeg?fit=848%2C477&ssl=1&resize=350%2C200","width":350,"height":200,"srcset":"https:\/\/i0.wp.com\/larevistadigital.com.ar\/blog\/wp-content\/uploads\/2018\/06\/VIA-TAC.jpeg?fit=848%2C477&ssl=1&resize=350%2C200 1x, https:\/\/i0.wp.com\/larevistadigital.com.ar\/blog\/wp-content\/uploads\/2018\/06\/VIA-TAC.jpeg?fit=848%2C477&ssl=1&resize=525%2C300 1.5x, https:\/\/i0.wp.com\/larevistadigital.com.ar\/blog\/wp-content\/uploads\/2018\/06\/VIA-TAC.jpeg?fit=848%2C477&ssl=1&resize=700%2C400 2x"},"classes":[]},{"id":38575,"url":"https:\/\/larevistadigital.com.ar\/blog\/la-feria-de-emprendedores-y-artesanos-amplia-su-horario-en-verano\/","url_meta":{"origin":39108,"position":5},"title":"La Feria de Emprendedores y Artesanos ampl\u00eda su horario en verano","author":"Alejandro Sosa Ruda","date":"29 enero, 2025","format":false,"excerpt":"Los visitantes tambi\u00e9n podr\u00e1n recorrer los viernes el tradicional paseo de la costanera. 29 de enero de\u00a0 2025 CHASCOM\u00daS -\u00a0 La Feria de Emprendedores y Artesanos de Chascom\u00fas, ubicada en Avenida Costanera Espa\u00f1a y Presidente Per\u00f3n, ampl\u00eda su horario de atenci\u00f3n durante la temporada de verano.\u00a0 Adem\u00e1s de los d\u00edas\u2026","rel":"","context":"En \u00abCHASCOM\u00daS\u00bb","block_context":{"text":"CHASCOM\u00daS","link":"https:\/\/larevistadigital.com.ar\/blog\/category\/chascomus\/"},"img":{"alt_text":"","src":"https:\/\/i0.wp.com\/larevistadigital.com.ar\/blog\/wp-content\/uploads\/67991270a6307.png?fit=668%2C445&ssl=1&resize=350%2C200","width":350,"height":200,"srcset":"https:\/\/i0.wp.com\/larevistadigital.com.ar\/blog\/wp-content\/uploads\/67991270a6307.png?fit=668%2C445&ssl=1&resize=350%2C200 1x, https:\/\/i0.wp.com\/larevistadigital.com.ar\/blog\/wp-content\/uploads\/67991270a6307.png?fit=668%2C445&ssl=1&resize=525%2C300 1.5x"},"classes":[]}],"_links":{"self":[{"href":"https:\/\/larevistadigital.com.ar\/blog\/wp-json\/wp\/v2\/posts\/39108","targetHints":{"allow":["GET"]}}],"collection":[{"href":"https:\/\/larevistadigital.com.ar\/blog\/wp-json\/wp\/v2\/posts"}],"about":[{"href":"https:\/\/larevistadigital.com.ar\/blog\/wp-json\/wp\/v2\/types\/post"}],"author":[{"embeddable":true,"href":"https:\/\/larevistadigital.com.ar\/blog\/wp-json\/wp\/v2\/users\/3"}],"replies":[{"embeddable":true,"href":"https:\/\/larevistadigital.com.ar\/blog\/wp-json\/wp\/v2\/comments?post=39108"}],"version-history":[{"count":1,"href":"https:\/\/larevistadigital.com.ar\/blog\/wp-json\/wp\/v2\/posts\/39108\/revisions"}],"predecessor-version":[{"id":39111,"href":"https:\/\/larevistadigital.com.ar\/blog\/wp-json\/wp\/v2\/posts\/39108\/revisions\/39111"}],"wp:featuredmedia":[{"embeddable":true,"href":"https:\/\/larevistadigital.com.ar\/blog\/wp-json\/wp\/v2\/media\/39110"}],"wp:attachment":[{"href":"https:\/\/larevistadigital.com.ar\/blog\/wp-json\/wp\/v2\/media?parent=39108"}],"wp:term":[{"taxonomy":"category","embeddable":true,"href":"https:\/\/larevistadigital.com.ar\/blog\/wp-json\/wp\/v2\/categories?post=39108"},{"taxonomy":"post_tag","embeddable":true,"href":"https:\/\/larevistadigital.com.ar\/blog\/wp-json\/wp\/v2\/tags?post=39108"}],"curies":[{"name":"wp","href":"https:\/\/api.w.org\/{rel}","templated":true}]}}