{"id":39112,"date":"2025-03-24T18:16:54","date_gmt":"2025-03-24T21:16:54","guid":{"rendered":"https:\/\/larevistadigital.com.ar\/blog\/?p=39112"},"modified":"2025-03-24T18:16:54","modified_gmt":"2025-03-24T21:16:54","slug":"la-provincia-comienza-a-aplicar-la-vacuna-antigripal-a-mayores-de-65","status":"publish","type":"post","link":"https:\/\/larevistadigital.com.ar\/blog\/la-provincia-comienza-a-aplicar-la-vacuna-antigripal-a-mayores-de-65\/","title":{"rendered":"La Provincia comienza a aplicar la vacuna antigripal a mayores de 65"},"content":{"rendered":"<h2>La primera etapa est\u00e1 dirigida tambi\u00e9n al personal de salud. A partir del 7 de abril, se ampliar\u00e1 la convocatoria para todos los grupos poblacionales de riesgo.<\/h2>\n<p>24 de Marzo de 2025<\/p>\n<p><strong>BUENOS AIRES &#8211;\u00a0 <\/strong>El ministerio de Salud de la Provincia pone en marcha la Campa\u00f1a Nacional de Vacunaci\u00f3n Antigripal 2025, destinada al personal de salud, mayores de 65 a\u00f1os, ni\u00f1as y ni\u00f1os de 6 a 24 meses, personas gestantes y pu\u00e9rperas, personas de 2 a 64 a\u00f1os con factores de riesgo, y personal estrat\u00e9gico. La inmunizaci\u00f3n estar\u00e1 disponible en forma gratuita en todos los vacunatorios bonaerenses (https:\/\/gba.gob.ar\/vacunacion\/).<\/p>\n<blockquote>\n<h3>La gripe o influenza es una enfermedad viral respiratoria muy transmisible ya que se transmite de una persona a otra, por el contacto de gotitas provenientes de la v\u00eda respiratoria de personas infectadas que se propagan al toser, estornudar o tambi\u00e9n a trav\u00e9s de superficies u objetos contaminados con estas secreciones.<\/h3>\n<\/blockquote>\n<p>Si bien, por lo general, la mayor\u00eda de los afectados se recupera en una o dos semanas, en los grupos poblaciones de riesgo puede ocasionar graves complicaciones. Por eso, con la vacunaci\u00f3n antigripal se apunta a reducir las complicaciones, hospitalizaciones, secuelas y muertes ocasionadas por la infecci\u00f3n por el virus influenza en la poblaci\u00f3n de riesgo.<br \/>\nEste a\u00f1o, la estrategia de vacunaci\u00f3n en territorio bonaerense se llevar\u00e1 a cabo de manera escalonada, de acuerdo a la poblaci\u00f3n m\u00e1s expuesta. La primera etapa, que comienza el martes 25 de marzo, est\u00e1 dirigida al personal de salud y mayores de 65 a\u00f1os.<\/p>\n<p>En tanto, desde el lunes 7 de abril, se comenzar\u00e1 a vacunar tambi\u00e9n a personas embarazadas (en cualquier trimestre), pu\u00e9rperas (en los 10 d\u00edas posteriores al parto, preferentemente antes del egreso de la maternidad), ni\u00f1os y ni\u00f1as de entre 6 meses y 2 a\u00f1os, personas de 2 a 64 a\u00f1os con factores de riesgo, y personal estrat\u00e9gico.<\/p>\n<blockquote>\n<h3>La vacuna no requiere orden m\u00e9dica y puede aplicarse junto con otras del Calendario Nacional. Para esto, es importante que toda persona que concurra al vacunatorio lleve su carnet y libreta de vacunaci\u00f3n, junto con la de sus hijos e hijas para su chequeo por parte del equipo de salud.<\/h3>\n<\/blockquote>\n<p><span style=\"color: #ff0000\"><strong>Para prevenir la gripe record\u00e1:<\/strong><\/span><\/p>\n<p>-Lavarte las manos regularmente o usar alcohol en gel.<br \/>\n-No compartir utensilios, mates ni otros objetos de uso personal.<br \/>\n-Ventilar los ambientes con frecuencia.<br \/>\n<span style=\"color: #ff0000\"><strong>Etapas de vacunaci\u00f3n antigripal 2025<\/strong><\/span><\/p>\n<p><strong>Primera etapa, desde el martes 25\/04, dirigida a:<\/strong><br \/>\n-Personal de salud.<br \/>\n-Mayores de 65 a\u00f1os.<\/p>\n<p><span style=\"color: #ff0000\"><strong>Segunda etapa, desde el lunes 07\/04 dirigida a:<\/strong><\/span><br \/>\n-Ni\u00f1as y ni\u00f1os de 6 a 24 meses.<br \/>\n-Personas gestantes en cualquier trimestre de gestaci\u00f3n.<br \/>\n-Pu\u00e9rperas (preferentemente antes del egreso de la maternidad).<br \/>\n-Personas de 2 a 64 a\u00f1os con factores de riesgo.<br \/>\n-Personal estrat\u00e9gico.<\/p>\n","protected":false},"excerpt":{"rendered":"<div class=\"mh-excerpt\"><p>La primera etapa est\u00e1 dirigida tambi\u00e9n al personal de salud. A partir del 7 de abril, se ampliar\u00e1 la convocatoria para todos los grupos poblacionales de riesgo. 24 de Marzo de 2025 BUENOS AIRES &#8211;\u00a0 <a class=\"mh-excerpt-more\" href=\"https:\/\/larevistadigital.com.ar\/blog\/la-provincia-comienza-a-aplicar-la-vacuna-antigripal-a-mayores-de-65\/\" title=\"La Provincia comienza a aplicar la vacuna antigripal a mayores de 65\">[Leer M\u00e1s]<\/a><\/p>\n<\/div>","protected":false},"author":3,"featured_media":39113,"comment_status":"open","ping_status":"open","sticky":false,"template":"","format":"standard","meta":{"_jetpack_memberships_contains_paid_content":false,"footnotes":"","jetpack_publicize_message":"","jetpack_publicize_feature_enabled":true,"jetpack_social_post_already_shared":true,"jetpack_social_options":{"image_generator_settings":{"template":"highway","default_image_id":0,"font":"","enabled":false},"version":2}},"categories":[51,29],"tags":[],"class_list":{"0":"post-39112","1":"post","2":"type-post","3":"status-publish","4":"format-standard","5":"has-post-thumbnail","7":"category-regionales","8":"category-sociedad"},"jetpack_publicize_connections":[],"jetpack_featured_media_url":"https:\/\/i0.wp.com\/larevistadigital.com.ar\/blog\/wp-content\/uploads\/vacuna-antigripal.jpg?fit=700%2C467&ssl=1","jetpack_sharing_enabled":true,"jetpack_shortlink":"https:\/\/wp.me\/p8qtrQ-aaQ","jetpack-related-posts":[{"id":35672,"url":"https:\/\/larevistadigital.com.ar\/blog\/comenzo-la-campana-de-vacunacion-antigripal-2024\/","url_meta":{"origin":39112,"position":0},"title":"COMENZ\u00d3 LA CAMPA\u00d1A DE VACUNACI\u00d3N ANTIGRIPAL 2024","author":"Alejandro Sosa Ruda","date":"23 marzo, 2024","format":false,"excerpt":"La vacunaci\u00f3n antigripal estar\u00e1 disponible desde el 21 de marzo y estar\u00e1 disponible en todos los vacunatorios de la Provincia de Buenos Aires. 23 de marzo de 2024 BUENOS AIRES -\u00a0 Desde el 21 de marzo, la vacuna antigripal est\u00e1 disponible y su aplicaci\u00f3n gratuita se realizar\u00e1 en forma escalonada,\u2026","rel":"","context":"En \u00abPOLITICA PROVINCIAL\u00bb","block_context":{"text":"POLITICA PROVINCIAL","link":"https:\/\/larevistadigital.com.ar\/blog\/category\/politica\/politica-provincial\/"},"img":{"alt_text":"","src":"https:\/\/i0.wp.com\/larevistadigital.com.ar\/blog\/wp-content\/uploads\/Captura-de-pantalla-2024-03-23-115147.png?fit=800%2C256&ssl=1&resize=350%2C200","width":350,"height":200,"srcset":"https:\/\/i0.wp.com\/larevistadigital.com.ar\/blog\/wp-content\/uploads\/Captura-de-pantalla-2024-03-23-115147.png?fit=800%2C256&ssl=1&resize=350%2C200 1x, https:\/\/i0.wp.com\/larevistadigital.com.ar\/blog\/wp-content\/uploads\/Captura-de-pantalla-2024-03-23-115147.png?fit=800%2C256&ssl=1&resize=525%2C300 1.5x, https:\/\/i0.wp.com\/larevistadigital.com.ar\/blog\/wp-content\/uploads\/Captura-de-pantalla-2024-03-23-115147.png?fit=800%2C256&ssl=1&resize=700%2C400 2x"},"classes":[]},{"id":44463,"url":"https:\/\/larevistadigital.com.ar\/blog\/chascomus-comienza-la-campana-de-vacunacion-antigripal\/","url_meta":{"origin":39112,"position":1},"title":"Chascom\u00fas: Comienza la campa\u00f1a de vacunaci\u00f3n antigripal","author":"Alejandro Sosa Ruda","date":"10 marzo, 2026","format":false,"excerpt":"Se implementar\u00e1 en dos etapas dando prioridad a personas con mayor riesgo de contraer la enfermedad. 10 de marzo de 2026 CHASCOM\u00daS -\u00a0 \u00a0Este mi\u00e9rcoles comienza la campa\u00f1a anual de vacunaci\u00f3n antigripal promovida desde el gobierno provincial. La inmunizaci\u00f3n tiene por objetivo reducir las complicaciones, secuelas y muertes ocasionadas por\u2026","rel":"","context":"En \u00abCHASCOM\u00daS\u00bb","block_context":{"text":"CHASCOM\u00daS","link":"https:\/\/larevistadigital.com.ar\/blog\/category\/chascomus\/"},"img":{"alt_text":"","src":"https:\/\/i0.wp.com\/larevistadigital.com.ar\/blog\/wp-content\/uploads\/69b0534e1ddfe.png?fit=668%2C445&ssl=1&resize=350%2C200","width":350,"height":200,"srcset":"https:\/\/i0.wp.com\/larevistadigital.com.ar\/blog\/wp-content\/uploads\/69b0534e1ddfe.png?fit=668%2C445&ssl=1&resize=350%2C200 1x, https:\/\/i0.wp.com\/larevistadigital.com.ar\/blog\/wp-content\/uploads\/69b0534e1ddfe.png?fit=668%2C445&ssl=1&resize=525%2C300 1.5x"},"classes":[]},{"id":35790,"url":"https:\/\/larevistadigital.com.ar\/blog\/comenzo-la-campana-de-vacunacion-antigripal-2024-2\/","url_meta":{"origin":39112,"position":2},"title":"COMENZ\u00d3 LA CAMPA\u00d1A DE VACUNACI\u00d3N ANTIGRIPAL 2024","author":"Alejandro Sosa Ruda","date":"9 abril, 2024","format":false,"excerpt":"Para una mejor organizaci\u00f3n, se habilitar\u00e1n dos sedes simult\u00e1neas de aplicaci\u00f3n . 9 de abril de 2024 CHASCOM\u00daS -\u00a0 Este lunes se inici\u00f3 la inoculaci\u00f3n de la vacuna antigripal para los grupos de riesgo, luego de haberse completado la inmunizaci\u00f3n para el personal de salud. Se administra de manera gratuita\u2026","rel":"","context":"En \u00abCHASCOM\u00daS\u00bb","block_context":{"text":"CHASCOM\u00daS","link":"https:\/\/larevistadigital.com.ar\/blog\/category\/chascomus\/"},"img":{"alt_text":"","src":"https:\/\/i0.wp.com\/larevistadigital.com.ar\/blog\/wp-content\/uploads\/2024_04_09_00_52_46_7413260.jpg?fit=600%2C400&ssl=1&resize=350%2C200","width":350,"height":200,"srcset":"https:\/\/i0.wp.com\/larevistadigital.com.ar\/blog\/wp-content\/uploads\/2024_04_09_00_52_46_7413260.jpg?fit=600%2C400&ssl=1&resize=350%2C200 1x, https:\/\/i0.wp.com\/larevistadigital.com.ar\/blog\/wp-content\/uploads\/2024_04_09_00_52_46_7413260.jpg?fit=600%2C400&ssl=1&resize=525%2C300 1.5x"},"classes":[]},{"id":19788,"url":"https:\/\/larevistadigital.com.ar\/blog\/desde-el-proximo-juever-se-aplicara-la-vacuna-antigripal-aca-los-lugares-donde-presentarse\/","url_meta":{"origin":39112,"position":3},"title":"DESDE EL PR\u00d3XIMO JUEVES SE APLICAR\u00c1 LA VACUNA ANTIGRIPAL: AC\u00c1 LOS LUGARES DONDE PRESENTARSE","author":"Alejandro Sosa Ruda","date":"21 abril, 2021","format":false,"excerpt":"Con el fin de brindar el acceso de la salud a toda la comunidad y en este contexto, evitar la circulaci\u00f3n y aglomeraci\u00f3n de las personas se dispuso descentralizar la vacunaci\u00f3n en distintos puntos estrat\u00e9gicos de la ciudad. En el marco de la pandemia, la descentralizaci\u00f3n de la salud cumple\u2026","rel":"","context":"En \u00abCHASCOM\u00daS\u00bb","block_context":{"text":"CHASCOM\u00daS","link":"https:\/\/larevistadigital.com.ar\/blog\/category\/chascomus\/"},"img":{"alt_text":"","src":"https:\/\/i0.wp.com\/larevistadigital.com.ar\/blog\/wp-content\/uploads\/VACUNACION-GRIPE.jpeg?fit=1200%2C1198&ssl=1&resize=350%2C200","width":350,"height":200,"srcset":"https:\/\/i0.wp.com\/larevistadigital.com.ar\/blog\/wp-content\/uploads\/VACUNACION-GRIPE.jpeg?fit=1200%2C1198&ssl=1&resize=350%2C200 1x, https:\/\/i0.wp.com\/larevistadigital.com.ar\/blog\/wp-content\/uploads\/VACUNACION-GRIPE.jpeg?fit=1200%2C1198&ssl=1&resize=525%2C300 1.5x, https:\/\/i0.wp.com\/larevistadigital.com.ar\/blog\/wp-content\/uploads\/VACUNACION-GRIPE.jpeg?fit=1200%2C1198&ssl=1&resize=700%2C400 2x, https:\/\/i0.wp.com\/larevistadigital.com.ar\/blog\/wp-content\/uploads\/VACUNACION-GRIPE.jpeg?fit=1200%2C1198&ssl=1&resize=1050%2C600 3x"},"classes":[]},{"id":40105,"url":"https:\/\/larevistadigital.com.ar\/blog\/enfermedades-respiratorias-prevencion-y-cuidados\/","url_meta":{"origin":39112,"position":4},"title":"Enfermedades respiratorias: Prevenci\u00f3n y cuidados","author":"Alejandro Sosa Ruda","date":"14 junio, 2025","format":false,"excerpt":"Con la baja de las temperaturas ante el inminente comienzo del invierno crece el riesgo de contraer estas enfermedades. 14 de Junio de 2025 CHASCOM\u00daS\u00a0 -\u00a0 Con el cambio de estaci\u00f3n y el descenso de las temperaturas t\u00edpico de la proximidad del per\u00edodo invernal, aumenta la circulaci\u00f3n de virus tipo\u2026","rel":"","context":"En \u00abINTERES GENERAL\u00bb","block_context":{"text":"INTERES GENERAL","link":"https:\/\/larevistadigital.com.ar\/blog\/category\/interes-general\/"},"img":{"alt_text":"","src":"https:\/\/i0.wp.com\/larevistadigital.com.ar\/blog\/wp-content\/uploads\/684c65d0427f4.png?fit=668%2C445&ssl=1&resize=350%2C200","width":350,"height":200,"srcset":"https:\/\/i0.wp.com\/larevistadigital.com.ar\/blog\/wp-content\/uploads\/684c65d0427f4.png?fit=668%2C445&ssl=1&resize=350%2C200 1x, https:\/\/i0.wp.com\/larevistadigital.com.ar\/blog\/wp-content\/uploads\/684c65d0427f4.png?fit=668%2C445&ssl=1&resize=525%2C300 1.5x"},"classes":[]},{"id":386,"url":"https:\/\/larevistadigital.com.ar\/blog\/vidal-recorrio-una-unidad-sanitaria-lanus-donde-funciona-centro-vacunacion\/","url_meta":{"origin":39112,"position":5},"title":"Vidal recorri\u00f3 una Unidad Sanitaria de Lan\u00fas donde funciona un centro de vacunaci\u00f3n","author":"editor","date":"20 febrero, 2017","format":false,"excerpt":"La gobernadora de la provincia de Buenos Aires, Mar\u00eda Eugenia Vidal, visit\u00f3 hoy la Unidad Sanitaria \u201cDr. N. Natiello\u201d de Lan\u00fas, donde funciona uno de los centros del Plan Anual de Vacunaci\u00f3n, y m\u00e1s de 5 mil vecinos por mes reciben asistencia m\u00e9dica. Junto al intendente N\u00e9stor Grindetti, el director\u2026","rel":"","context":"En \u00abPOLITICA\u00bb","block_context":{"text":"POLITICA","link":"https:\/\/larevistadigital.com.ar\/blog\/category\/politica\/"},"img":{"alt_text":"","src":"https:\/\/i0.wp.com\/larevistadigital.com.ar\/blog\/wp-content\/uploads\/2017\/02\/MV200217.jpg?fit=524%2C343&ssl=1&resize=350%2C200","width":350,"height":200},"classes":[]}],"_links":{"self":[{"href":"https:\/\/larevistadigital.com.ar\/blog\/wp-json\/wp\/v2\/posts\/39112","targetHints":{"allow":["GET"]}}],"collection":[{"href":"https:\/\/larevistadigital.com.ar\/blog\/wp-json\/wp\/v2\/posts"}],"about":[{"href":"https:\/\/larevistadigital.com.ar\/blog\/wp-json\/wp\/v2\/types\/post"}],"author":[{"embeddable":true,"href":"https:\/\/larevistadigital.com.ar\/blog\/wp-json\/wp\/v2\/users\/3"}],"replies":[{"embeddable":true,"href":"https:\/\/larevistadigital.com.ar\/blog\/wp-json\/wp\/v2\/comments?post=39112"}],"version-history":[{"count":1,"href":"https:\/\/larevistadigital.com.ar\/blog\/wp-json\/wp\/v2\/posts\/39112\/revisions"}],"predecessor-version":[{"id":39114,"href":"https:\/\/larevistadigital.com.ar\/blog\/wp-json\/wp\/v2\/posts\/39112\/revisions\/39114"}],"wp:featuredmedia":[{"embeddable":true,"href":"https:\/\/larevistadigital.com.ar\/blog\/wp-json\/wp\/v2\/media\/39113"}],"wp:attachment":[{"href":"https:\/\/larevistadigital.com.ar\/blog\/wp-json\/wp\/v2\/media?parent=39112"}],"wp:term":[{"taxonomy":"category","embeddable":true,"href":"https:\/\/larevistadigital.com.ar\/blog\/wp-json\/wp\/v2\/categories?post=39112"},{"taxonomy":"post_tag","embeddable":true,"href":"https:\/\/larevistadigital.com.ar\/blog\/wp-json\/wp\/v2\/tags?post=39112"}],"curies":[{"name":"wp","href":"https:\/\/api.w.org\/{rel}","templated":true}]}}