{"id":39117,"date":"2025-03-24T18:59:24","date_gmt":"2025-03-24T21:59:24","guid":{"rendered":"https:\/\/larevistadigital.com.ar\/blog\/?p=39117"},"modified":"2025-03-24T18:59:24","modified_gmt":"2025-03-24T21:59:24","slug":"falsos-alias-y-estafas-en-la-colecta-para-reconstruir-la-uns-en-bahia-blanca","status":"publish","type":"post","link":"https:\/\/larevistadigital.com.ar\/blog\/falsos-alias-y-estafas-en-la-colecta-para-reconstruir-la-uns-en-bahia-blanca\/","title":{"rendered":"Falsos alias y estafas en la colecta para reconstruir la UNS en Bah\u00eda Blanca"},"content":{"rendered":"<h2 class=\"\" data-start=\"124\" data-end=\"240\"><strong data-start=\"127\" data-end=\"238\"><span>Alertan sobre cuentas fraudulentas que buscan aprovecharse de la solidaridad tras la devastadora inundaci\u00f3n.<\/span><\/strong><\/h2>\n<p>24 de Marzo de 2025<\/p>\n<p class=\"\" data-start=\"242\" data-end=\"505\"><span><strong>BUENOS AIRES &#8211;\u00a0<\/strong> La Universidad Nacional del Sur (UNS) denunci\u00f3 que personas desconocidas est\u00e1n utilizando alias similares al de la colecta oficial para la reconstrucci\u00f3n de la casa de altos estudios en Bah\u00eda Blanca, gravemente afectada por la inundaci\u00f3n del pasado 7 de marzo.<\/span><\/p>\n<p class=\"\" data-start=\"507\" data-end=\"872\"><span>El desastre dej\u00f3 un saldo de <\/span><strong data-start=\"536\" data-end=\"562\"><span>70.000 libros perdidos<\/span><\/strong><span> , casi <\/span><strong data-start=\"569\" data-end=\"644\"><span>10.000 metros cuadrados de aulas, laboratorios y gabinetes inutilizados<\/span><\/strong><span> , adem\u00e1s de equipamiento docente y de investigaci\u00f3n completamente destruido. Ante semejante golpe, la instituci\u00f3n lanz\u00f3 una campa\u00f1a de donaciones bajo el nombre \u00abReconstruir la UNS\u00bb para afrontar las p\u00e9rdidas multimillonarias.<\/span><\/p>\n<p class=\"\" data-start=\"874\" data-end=\"1204\"><span>Sin embargo, inescrupulosos intentan aprovecharse de la solidaridad ajena. <strong><em>\u00abLa informaci\u00f3n es real y est\u00e1 verificada. Sabemos que estos alias suelen estar activos por un par de horas y luego los cambian, pero al menos en ese tiempo reciben posibles donaciones. En el comprobante est\u00e1n todos los datos\u00bb<\/em><\/strong>, advirtieron desde la UNS.<\/span><\/p>\n<h3 class=\"\" data-start=\"1206\" data-end=\"1254\"><span style=\"color: #ff0000\"><strong data-start=\"1210\" data-end=\"1252\">Cuentas falsas y enga\u00f1os con los alias<\/strong><\/span><\/h3>\n<p class=\"\" data-start=\"1256\" data-end=\"1600\"><span>Seg\u00fan la denuncia, <\/span><strong data-start=\"1275\" data-end=\"1343\"><span>los estafadores est\u00e1n usando variantes m\u00ednimas del alias oficial<\/span><\/strong><span> para confundir a los donantes. En uno de los comprobantes analizados, la destinataria figura como \u00abCLAUDIA NOEMI,BARRIONUEVO\u00bb con el alias \u00abrecontruir.uns\u00bb, mientras que en otro caso, el receptor aparece como \u00abValeria Vega\u00bb con el alias \u00abreconstrui.uns\u00bb.<\/span><\/p>\n<blockquote>\n<h3 data-start=\"1602\" data-end=\"1882\"><span>El cambio sutil en la escritura \u2013\u00bbrecontruir\u00bb y \u00abreconstrui\u00bb en lugar de \u00abreconstruir\u00bb\u2013 es la clave del enga\u00f1o. Desde la Universidad aclararon que a\u00fan desconocen si los nombres de los titulares son reales o ap\u00f3crifos, pero confirmaron que las cuentas fraudulentas est\u00e1n activas.<\/span><\/h3>\n<\/blockquote>\n<h3 class=\"\" data-start=\"1884\" data-end=\"1922\"><span style=\"color: #ff0000\"><strong data-start=\"1888\" data-end=\"1920\">C\u00f3mo ayudar de manera segura<\/strong><\/span><\/h3>\n<p class=\"\" data-start=\"1924\" data-end=\"2216\"><span>Para quienes realmente deseen colaborar con la reconstrucci\u00f3n de la UNS, la \u00fanica v\u00eda oficial es a trav\u00e9s del sitio web de la universidad: <\/span><strong data-start=\"2063\" data-end=\"2133\"><a href=\"https:\/\/reconstruir.uns.edu.ar\/\" target=\"_new\" rel=\"noopener\" data-start=\"2065\" data-end=\"2131\"><span>https:\/\/reconstruir.uns.edu.ar\/<\/span><\/a><\/strong><span> , donde se detallan las distintas formas de realizar donaciones de manera segura.<\/span><\/p>\n<h3 class=\"\" data-start=\"2218\" data-end=\"2255\"><span style=\"color: #ff0000\"><strong data-start=\"2222\" data-end=\"2253\">Un desastre sin precedentes<\/strong><\/span><\/h3>\n<p class=\"\" data-start=\"2257\" data-end=\"2566\"><span>Las p\u00e9rdidas en la UNS a causa de la inundaci\u00f3n superan los <\/span><strong data-start=\"2317\" data-end=\"2344\"><span>7.000 millones de pesos<\/span><\/strong><span> , seg\u00fan estimaciones preliminares. Los da\u00f1os m\u00e1s severos se registraron en los subsuelos del edificio hist\u00f3rico.<\/span><\/p>\n<p class=\"\" data-start=\"2568\" data-end=\"2941\"><span>Especialmente afectada result\u00f3 la Biblioteca Central, donde se perdi\u00f3 el <\/span><strong data-start=\"2641\" data-end=\"2663\"><span>60% de su material<\/span><\/strong><span> , incluyendo el invaluable<\/span><\/p>\n<p class=\"\" data-start=\"2943\" data-end=\"3201\"><span>En algunas zonas, el nivel del agua super\u00f3 los <\/span><strong data-start=\"2990\" data-end=\"3014\"><span>dos metros de altura<\/span><\/strong><span> , destruyendo todo a su paso. Mientras la comunidad universitaria trabaja en la recuperaci\u00f3n, la campa\u00f1a de donaciones es clave para ayudar a la instituci\u00f3n a ponerse nuevamente de pie.<\/span><\/p>\n<p class=\"\" data-start=\"3203\" data-end=\"3375\"><span>&#x1f449; <\/span><strong data-start=\"3206\" data-end=\"3281\"><span>Si vas a donar<\/span><\/strong><span>No permitamos que la tragedia de la UNS se convierta en una oportunidad para los estafadores.<\/span><\/p>\n","protected":false},"excerpt":{"rendered":"<div class=\"mh-excerpt\"><p>Alertan sobre cuentas fraudulentas que buscan aprovecharse de la solidaridad tras la devastadora inundaci\u00f3n. 24 de Marzo de 2025 BUENOS AIRES &#8211;\u00a0 La Universidad Nacional del Sur (UNS) denunci\u00f3 que personas desconocidas est\u00e1n utilizando alias <a class=\"mh-excerpt-more\" href=\"https:\/\/larevistadigital.com.ar\/blog\/falsos-alias-y-estafas-en-la-colecta-para-reconstruir-la-uns-en-bahia-blanca\/\" title=\"Falsos alias y estafas en la colecta para reconstruir la UNS en Bah\u00eda Blanca\">[Leer M\u00e1s]<\/a><\/p>\n<\/div>","protected":false},"author":3,"featured_media":39118,"comment_status":"open","ping_status":"open","sticky":false,"template":"","format":"standard","meta":{"_jetpack_memberships_contains_paid_content":false,"footnotes":"","jetpack_publicize_message":"","jetpack_publicize_feature_enabled":true,"jetpack_social_post_already_shared":true,"jetpack_social_options":{"image_generator_settings":{"template":"highway","default_image_id":0,"font":"","enabled":false},"version":2}},"categories":[44,51],"tags":[],"class_list":{"0":"post-39117","1":"post","2":"type-post","3":"status-publish","4":"format-standard","5":"has-post-thumbnail","7":"category-policiales","8":"category-regionales"},"jetpack_publicize_connections":[],"jetpack_featured_media_url":"https:\/\/i0.wp.com\/larevistadigital.com.ar\/blog\/wp-content\/uploads\/inundacion_uns_bahia_blanca_1.jpg?fit=1200%2C717&ssl=1","jetpack_sharing_enabled":true,"jetpack_shortlink":"https:\/\/wp.me\/p8qtrQ-aaV","jetpack-related-posts":[{"id":39177,"url":"https:\/\/larevistadigital.com.ar\/blog\/chascomus-por-bahia-blanca\/","url_meta":{"origin":39117,"position":0},"title":"Chascom\u00fas por Bah\u00eda Blanca","author":"Alejandro Sosa Ruda","date":"28 marzo, 2025","format":false,"excerpt":"En el marco de la Fiesta de Cierre de la Temporada, se realizar\u00e1 una colecta solidaria para ayudar a las familias de Bah\u00eda Blanca 28 de Marzo de 2025 CHASCOM\u00daS -\u00a0 El fin de semana del 5 y 6 de abril, se llevar\u00e1 a cabo la gran Fiesta de Cierre\u2026","rel":"","context":"En \u00abINTERES GENERAL\u00bb","block_context":{"text":"INTERES GENERAL","link":"https:\/\/larevistadigital.com.ar\/blog\/category\/interes-general\/"},"img":{"alt_text":"","src":"https:\/\/i0.wp.com\/larevistadigital.com.ar\/blog\/wp-content\/uploads\/67e6d66acba0f.png?fit=668%2C445&ssl=1&resize=350%2C200","width":350,"height":200,"srcset":"https:\/\/i0.wp.com\/larevistadigital.com.ar\/blog\/wp-content\/uploads\/67e6d66acba0f.png?fit=668%2C445&ssl=1&resize=350%2C200 1x, https:\/\/i0.wp.com\/larevistadigital.com.ar\/blog\/wp-content\/uploads\/67e6d66acba0f.png?fit=668%2C445&ssl=1&resize=525%2C300 1.5x"},"classes":[]},{"id":30679,"url":"https:\/\/larevistadigital.com.ar\/blog\/a-dos-semanas-de-la-vuelta-descarrilo-tren-de-pasajeros-que-une-capital-con-bahia-blanca\/","url_meta":{"origin":39117,"position":1},"title":"A DOS SEMANAS DE LA VUELTA&#8230; DESCARRIL\u00d3 TREN DE PASAJEROS QUE UNE CAPITAL CON  BAH\u00cdA BLANCA","author":"Alejandro Sosa Ruda","date":"22 marzo, 2023","format":false,"excerpt":"Seg\u00fan se inform\u00f3, el incidente se produjo minutos antes de la medianoche del martes. No hubo heridos. Cabe recordar que este ramal volvi\u00f3 a funcionar el 10 de marzo. 22 de marzo de 2023 BAH\u00cdA BLANCA -\u00a0 \u00a0Un nuevo incidente en la formaci\u00f3n ferroviaria tuvo lugar en las \u00faltimas horas,\u2026","rel":"","context":"En \u00abINTERES GENERAL\u00bb","block_context":{"text":"INTERES GENERAL","link":"https:\/\/larevistadigital.com.ar\/blog\/category\/interes-general\/"},"img":{"alt_text":"","src":"https:\/\/i0.wp.com\/larevistadigital.com.ar\/blog\/wp-content\/uploads\/20230322170255_tren-bahia-bs-as.jpg?fit=880%2C512&ssl=1&resize=350%2C200","width":350,"height":200,"srcset":"https:\/\/i0.wp.com\/larevistadigital.com.ar\/blog\/wp-content\/uploads\/20230322170255_tren-bahia-bs-as.jpg?fit=880%2C512&ssl=1&resize=350%2C200 1x, https:\/\/i0.wp.com\/larevistadigital.com.ar\/blog\/wp-content\/uploads\/20230322170255_tren-bahia-bs-as.jpg?fit=880%2C512&ssl=1&resize=525%2C300 1.5x, https:\/\/i0.wp.com\/larevistadigital.com.ar\/blog\/wp-content\/uploads\/20230322170255_tren-bahia-bs-as.jpg?fit=880%2C512&ssl=1&resize=700%2C400 2x"},"classes":[]},{"id":36374,"url":"https:\/\/larevistadigital.com.ar\/blog\/un-joven-de-villa-gesell-murio-en-brasil-atropellado-por-un-auto-y-su-familia-hace-una-colecta-para-traer-sus-restos\/","url_meta":{"origin":39117,"position":2},"title":"UN JOVEN DE VILLA GESELL MURI\u00d3 EN BRASIL ATROPELLADO POR UN AUTO, Y SU FAMILIA HACE UNA COLECTA PARA TRAER SUS RESTOS","author":"Alejandro Sosa Ruda","date":"21 junio, 2024","format":false,"excerpt":"Ariel Cabral un chico geselino, sufri\u00f3 un accidente fatal en Brasil, su familia geselina , esta destrozada por lo ocurrido. Se realizaron los tr\u00e1mites correspondientes, mediante v\u00eda Cancilleria y las autoridades locales de Brasil, para traer los restos del joven, la familia debe costear el traslado en su totalidad, y\u2026","rel":"","context":"En \u00abREGIONALES\u00bb","block_context":{"text":"REGIONALES","link":"https:\/\/larevistadigital.com.ar\/blog\/category\/regionales\/"},"img":{"alt_text":"","src":"https:\/\/i0.wp.com\/larevistadigital.com.ar\/blog\/wp-content\/uploads\/2-19.jpg?fit=700%2C700&ssl=1&resize=350%2C200","width":350,"height":200,"srcset":"https:\/\/i0.wp.com\/larevistadigital.com.ar\/blog\/wp-content\/uploads\/2-19.jpg?fit=700%2C700&ssl=1&resize=350%2C200 1x, https:\/\/i0.wp.com\/larevistadigital.com.ar\/blog\/wp-content\/uploads\/2-19.jpg?fit=700%2C700&ssl=1&resize=525%2C300 1.5x, https:\/\/i0.wp.com\/larevistadigital.com.ar\/blog\/wp-content\/uploads\/2-19.jpg?fit=700%2C700&ssl=1&resize=700%2C400 2x"},"classes":[]},{"id":35480,"url":"https:\/\/larevistadigital.com.ar\/blog\/bahia-blanca-denuncian-un-nuevo-derrame-de-hidrocarburos\/","url_meta":{"origin":39117,"position":3},"title":"BAH\u00cdA BLANCA: DENUNCIAN UN NUEVO DERRAME DE HIDROCARBUROS.","author":"Alejandro Sosa Ruda","date":"10 marzo, 2024","format":false,"excerpt":"Desde fines del 2023 la Estaci\u00f3n de Rescate de Fauna Marina (ERFAM ) viene manifestando p\u00fablicamente su preocupaci\u00f3n por los reiterados derrames de hidrocarburos en el estuario de la bah\u00eda Blanca. 10 de marzo de 2024 BAH\u00cdA BLANCA -\u00a0 La composici\u00f3n de im\u00e1genes satelitales elaboradas por el Observatorio de Sismicidad\u2026","rel":"","context":"En \u00abREGIONALES\u00bb","block_context":{"text":"REGIONALES","link":"https:\/\/larevistadigital.com.ar\/blog\/category\/regionales\/"},"img":{"alt_text":"","src":"https:\/\/i0.wp.com\/larevistadigital.com.ar\/blog\/wp-content\/uploads\/20240309153850_cuarto-derrame-hidrocarburos-estuario-bahia-blanca.jpg?fit=880%2C512&ssl=1&resize=350%2C200","width":350,"height":200,"srcset":"https:\/\/i0.wp.com\/larevistadigital.com.ar\/blog\/wp-content\/uploads\/20240309153850_cuarto-derrame-hidrocarburos-estuario-bahia-blanca.jpg?fit=880%2C512&ssl=1&resize=350%2C200 1x, https:\/\/i0.wp.com\/larevistadigital.com.ar\/blog\/wp-content\/uploads\/20240309153850_cuarto-derrame-hidrocarburos-estuario-bahia-blanca.jpg?fit=880%2C512&ssl=1&resize=525%2C300 1.5x, https:\/\/i0.wp.com\/larevistadigital.com.ar\/blog\/wp-content\/uploads\/20240309153850_cuarto-derrame-hidrocarburos-estuario-bahia-blanca.jpg?fit=880%2C512&ssl=1&resize=700%2C400 2x"},"classes":[]},{"id":44612,"url":"https:\/\/larevistadigital.com.ar\/blog\/kicillof-entrego-101-viviendas-a-familias-de-bahia-blanca\/","url_meta":{"origin":39117,"position":4},"title":"Kicillof entreg\u00f3 101 viviendas a familias de Bah\u00eda Blanca","author":"Alejandro Sosa Ruda","date":"18 marzo, 2026","format":false,"excerpt":"Adem\u00e1s, el Gobernador recorri\u00f3 obras de refuncionalizaci\u00f3n en el Canal Maldonado y visit\u00f3 una residencia para el abordaje de consumos problem\u00e1ticos en el Hospital Penna. 18 de marzo de 2026 BUENOS AIRES -\u00a0 \u00a0El gobernador de la provincia de Buenos Aires, Axel Kicillof, encabez\u00f3 este mi\u00e9rcoles el acto de entrega\u2026","rel":"","context":"En \u00abINTERES GENERAL\u00bb","block_context":{"text":"INTERES GENERAL","link":"https:\/\/larevistadigital.com.ar\/blog\/category\/interes-general\/"},"img":{"alt_text":"","src":"https:\/\/i0.wp.com\/larevistadigital.com.ar\/blog\/wp-content\/uploads\/SGE7449-scaled.jpg?fit=1200%2C802&ssl=1&resize=350%2C200","width":350,"height":200,"srcset":"https:\/\/i0.wp.com\/larevistadigital.com.ar\/blog\/wp-content\/uploads\/SGE7449-scaled.jpg?fit=1200%2C802&ssl=1&resize=350%2C200 1x, https:\/\/i0.wp.com\/larevistadigital.com.ar\/blog\/wp-content\/uploads\/SGE7449-scaled.jpg?fit=1200%2C802&ssl=1&resize=525%2C300 1.5x, https:\/\/i0.wp.com\/larevistadigital.com.ar\/blog\/wp-content\/uploads\/SGE7449-scaled.jpg?fit=1200%2C802&ssl=1&resize=700%2C400 2x, https:\/\/i0.wp.com\/larevistadigital.com.ar\/blog\/wp-content\/uploads\/SGE7449-scaled.jpg?fit=1200%2C802&ssl=1&resize=1050%2C600 3x"},"classes":[]},{"id":27954,"url":"https:\/\/larevistadigital.com.ar\/blog\/bahia-blanca-dicen-que-volvio-a-chocar-el-dueno-de-la-drogueria-sur\/","url_meta":{"origin":39117,"position":5},"title":"BAH\u00cdA BLANCA: DICEN QUE VOLVI\u00d3 A CHOCAR EL DUE\u00d1O DE LA DROGUER\u00cdA SUR","author":"Alejandro Sosa Ruda","date":"21 septiembre, 2022","format":false,"excerpt":"No es la primera vez que protagoniza un accidente. 21 de septiembre de 2022 BAH\u00cdA BLANCA -\u00a0 Carlos Carlavan de 65 a\u00f1os volvi\u00f3 a protagonizar otro accidente en Bah\u00eda Blanca. Esta vez impact\u00f3 contra el cartel de la ciudad ubicado en Av. Alfons\u00edn y Cabrera. Fuentes del Municipio aseguran que\u2026","rel":"","context":"En \u00abPOLICIALES\u00bb","block_context":{"text":"POLICIALES","link":"https:\/\/larevistadigital.com.ar\/blog\/category\/policiales\/"},"img":{"alt_text":"","src":"https:\/\/i0.wp.com\/larevistadigital.com.ar\/blog\/wp-content\/uploads\/WhatsApp-Image-2022-09-20-at-16.14.15.jpeg?fit=720%2C405&ssl=1&resize=350%2C200","width":350,"height":200,"srcset":"https:\/\/i0.wp.com\/larevistadigital.com.ar\/blog\/wp-content\/uploads\/WhatsApp-Image-2022-09-20-at-16.14.15.jpeg?fit=720%2C405&ssl=1&resize=350%2C200 1x, https:\/\/i0.wp.com\/larevistadigital.com.ar\/blog\/wp-content\/uploads\/WhatsApp-Image-2022-09-20-at-16.14.15.jpeg?fit=720%2C405&ssl=1&resize=525%2C300 1.5x, https:\/\/i0.wp.com\/larevistadigital.com.ar\/blog\/wp-content\/uploads\/WhatsApp-Image-2022-09-20-at-16.14.15.jpeg?fit=720%2C405&ssl=1&resize=700%2C400 2x"},"classes":[]}],"_links":{"self":[{"href":"https:\/\/larevistadigital.com.ar\/blog\/wp-json\/wp\/v2\/posts\/39117","targetHints":{"allow":["GET"]}}],"collection":[{"href":"https:\/\/larevistadigital.com.ar\/blog\/wp-json\/wp\/v2\/posts"}],"about":[{"href":"https:\/\/larevistadigital.com.ar\/blog\/wp-json\/wp\/v2\/types\/post"}],"author":[{"embeddable":true,"href":"https:\/\/larevistadigital.com.ar\/blog\/wp-json\/wp\/v2\/users\/3"}],"replies":[{"embeddable":true,"href":"https:\/\/larevistadigital.com.ar\/blog\/wp-json\/wp\/v2\/comments?post=39117"}],"version-history":[{"count":1,"href":"https:\/\/larevistadigital.com.ar\/blog\/wp-json\/wp\/v2\/posts\/39117\/revisions"}],"predecessor-version":[{"id":39119,"href":"https:\/\/larevistadigital.com.ar\/blog\/wp-json\/wp\/v2\/posts\/39117\/revisions\/39119"}],"wp:featuredmedia":[{"embeddable":true,"href":"https:\/\/larevistadigital.com.ar\/blog\/wp-json\/wp\/v2\/media\/39118"}],"wp:attachment":[{"href":"https:\/\/larevistadigital.com.ar\/blog\/wp-json\/wp\/v2\/media?parent=39117"}],"wp:term":[{"taxonomy":"category","embeddable":true,"href":"https:\/\/larevistadigital.com.ar\/blog\/wp-json\/wp\/v2\/categories?post=39117"},{"taxonomy":"post_tag","embeddable":true,"href":"https:\/\/larevistadigital.com.ar\/blog\/wp-json\/wp\/v2\/tags?post=39117"}],"curies":[{"name":"wp","href":"https:\/\/api.w.org\/{rel}","templated":true}]}}