{"id":39170,"date":"2025-03-27T22:35:41","date_gmt":"2025-03-28T01:35:41","guid":{"rendered":"https:\/\/larevistadigital.com.ar\/blog\/?p=39170"},"modified":"2025-03-27T22:35:41","modified_gmt":"2025-03-28T01:35:41","slug":"piden-declarar-la-emergencia-agropecuaria-en-distritos-del-centro-bonaerense","status":"publish","type":"post","link":"https:\/\/larevistadigital.com.ar\/blog\/piden-declarar-la-emergencia-agropecuaria-en-distritos-del-centro-bonaerense\/","title":{"rendered":"Piden declarar la emergencia agropecuaria en distritos del centro bonaerense"},"content":{"rendered":"<h2 class=\"fparrafo ctext fz18 lh25\">El diputado provincial Mart\u00edn Endere present\u00f3 un proyecto de declaraci\u00f3n para que el Ejecutivo Provincial declare la emergencia agropecuaria en los distritos de Bol\u00edvar, General Alvear, Tapalqu\u00e9, Azul y Olavarr\u00eda, debido a las intensas lluvias registradas en la regi\u00f3n durante los primeros d\u00edas de marzo.<\/h2>\n<p>Endere destac\u00f3 la importancia de esta medida para que los productores afectados puedan acceder a beneficios impositivos y crediticios, permiti\u00e9ndoles as\u00ed recuperar sus unidades productivas.<\/p>\n<blockquote>\n<h3>Seg\u00fan reporta el medio, Central de Noticias, el legislador oriundo de Olavarr\u00eda se\u00f1al\u00f3 que, tras recorrer la zona, pudo constatar que muchos establecimientos rurales son inaccesibles debido al mal estado de los caminos, lo que impacta en la producci\u00f3n.<\/h3>\n<\/blockquote>\n<p><em><strong>\u201cEstamos iniciando la parici\u00f3n de oto\u00f1o, un per\u00edodo cr\u00edtico que requiere un control constante de las madres al momento del parto y de las cr\u00edas al nacer\u201d<\/strong><\/em>, explic\u00f3 <strong>Endere<\/strong>, resaltando la urgencia de la situaci\u00f3n.<\/p>\n<p>En su declaraci\u00f3n, el diputado hace un llamado a la acci\u00f3n del gobierno provincial, enfatizando que en la semana del 1 al 8 de marzo cayeron m\u00e1s de 300 mil\u00edmetros de lluvia, lo que agrav\u00f3 las condiciones del sector agropecuario.<\/p>\n<p><em><strong>\u201cEs fundamental que el gobierno provincial brinde apoyo a los productores y ejecute obras de infraestructura que permitan mejorar el acceso a los campos de la regi\u00f3n\u201d<\/strong><\/em>, concluy\u00f3.\u00a0<b>(InfoGEI)Jd<\/b><\/p>\n","protected":false},"excerpt":{"rendered":"<div class=\"mh-excerpt\"><p>El diputado provincial Mart\u00edn Endere present\u00f3 un proyecto de declaraci\u00f3n para que el Ejecutivo Provincial declare la emergencia agropecuaria en los distritos de Bol\u00edvar, General Alvear, Tapalqu\u00e9, Azul y Olavarr\u00eda, debido a las intensas lluvias <a class=\"mh-excerpt-more\" href=\"https:\/\/larevistadigital.com.ar\/blog\/piden-declarar-la-emergencia-agropecuaria-en-distritos-del-centro-bonaerense\/\" title=\"Piden declarar la emergencia agropecuaria en distritos del centro bonaerense\">[Leer M\u00e1s]<\/a><\/p>\n<\/div>","protected":false},"author":3,"featured_media":39171,"comment_status":"open","ping_status":"open","sticky":false,"template":"","format":"standard","meta":{"_jetpack_memberships_contains_paid_content":false,"footnotes":"","jetpack_publicize_message":"","jetpack_publicize_feature_enabled":true,"jetpack_social_post_already_shared":true,"jetpack_social_options":{"image_generator_settings":{"template":"highway","default_image_id":0,"font":"","enabled":false},"version":2}},"categories":[51],"tags":[],"class_list":{"0":"post-39170","1":"post","2":"type-post","3":"status-publish","4":"format-standard","5":"has-post-thumbnail","7":"category-regionales"},"jetpack_publicize_connections":[],"jetpack_featured_media_url":"https:\/\/i0.wp.com\/larevistadigital.com.ar\/blog\/wp-content\/uploads\/20250327160641_campos-inundados-tapalque.jpg?fit=880%2C512&ssl=1","jetpack_sharing_enabled":true,"jetpack_shortlink":"https:\/\/wp.me\/p8qtrQ-abM","jetpack-related-posts":[{"id":26162,"url":"https:\/\/larevistadigital.com.ar\/blog\/declaran-la-emergencia-agropecuaria-para-chascomus-y-general-paz\/","url_meta":{"origin":39170,"position":0},"title":"DECLARAN LA EMERGENCIA AGROPECUARIA PARA CHASCOM\u00daS Y GENERAL PAZ","author":"Alejandro Sosa Ruda","date":"27 junio, 2022","format":false,"excerpt":"El Gobierno bonaerense decret\u00f3 el estado de emergencia y\/o desastre agropecuario en otros dos distritos de la provincia de Buenos Aires afectados por las sequ\u00edas. Es de car\u00e1cter individual y tendr\u00e1 beneficios tributarios y crediticios bancarios. Mediante las resoluciones N\u00ba 202-MDAGP-2022 y N\u00ba 199-MDAGP-2022 firmadas por el ministro de Desarrollo\u2026","rel":"","context":"En \u00abINTERES GENERAL\u00bb","block_context":{"text":"INTERES GENERAL","link":"https:\/\/larevistadigital.com.ar\/blog\/category\/interes-general\/"},"img":{"alt_text":"","src":"https:\/\/i0.wp.com\/larevistadigital.com.ar\/blog\/wp-content\/uploads\/20220627170046_declaran-la-emergencia-agropecuaria-para-productores-de-chascomus-y-general-paz.png?fit=880%2C512&ssl=1&resize=350%2C200","width":350,"height":200,"srcset":"https:\/\/i0.wp.com\/larevistadigital.com.ar\/blog\/wp-content\/uploads\/20220627170046_declaran-la-emergencia-agropecuaria-para-productores-de-chascomus-y-general-paz.png?fit=880%2C512&ssl=1&resize=350%2C200 1x, https:\/\/i0.wp.com\/larevistadigital.com.ar\/blog\/wp-content\/uploads\/20220627170046_declaran-la-emergencia-agropecuaria-para-productores-de-chascomus-y-general-paz.png?fit=880%2C512&ssl=1&resize=525%2C300 1.5x, https:\/\/i0.wp.com\/larevistadigital.com.ar\/blog\/wp-content\/uploads\/20220627170046_declaran-la-emergencia-agropecuaria-para-productores-de-chascomus-y-general-paz.png?fit=880%2C512&ssl=1&resize=700%2C400 2x"},"classes":[]},{"id":44791,"url":"https:\/\/larevistadigital.com.ar\/blog\/olavarria-un-temporal-dejo-casas-inundadas-y-calles-anegadas-en-la-ciudad\/","url_meta":{"origin":39170,"position":1},"title":"Olavarr\u00eda: un temporal dej\u00f3 casas inundadas y calles anegadas en la ciudad","author":"Alejandro Sosa Ruda","date":"30 marzo, 2026","format":false,"excerpt":"Por el colapso del sistema pluvial, varios sectores de la ciudad de Olavarr\u00eda se anegaron. El municipio pidi\u00f3 a los vecinos que no salgan de sus casas. Un fuerte temporal pas\u00f3 por la ciudad de\u00a0Olavarr\u00eda\u00a0y dej\u00f3 este domingo a la madrugada un escenario cr\u00edtico, con casas inundadas y calles anegadas\u2026","rel":"","context":"En \u00abREGIONALES\u00bb","block_context":{"text":"REGIONALES","link":"https:\/\/larevistadigital.com.ar\/blog\/category\/regionales\/"},"img":{"alt_text":"","src":"https:\/\/i0.wp.com\/larevistadigital.com.ar\/blog\/wp-content\/uploads\/Captura-de-pantalla-2026-03-30-001626.jpg?fit=621%2C313&ssl=1&resize=350%2C200","width":350,"height":200,"srcset":"https:\/\/i0.wp.com\/larevistadigital.com.ar\/blog\/wp-content\/uploads\/Captura-de-pantalla-2026-03-30-001626.jpg?fit=621%2C313&ssl=1&resize=350%2C200 1x, https:\/\/i0.wp.com\/larevistadigital.com.ar\/blog\/wp-content\/uploads\/Captura-de-pantalla-2026-03-30-001626.jpg?fit=621%2C313&ssl=1&resize=525%2C300 1.5x"},"classes":[]},{"id":23519,"url":"https:\/\/larevistadigital.com.ar\/blog\/patagones-declaran-la-emergencia-y-desastre-agropecuario\/","url_meta":{"origin":39170,"position":2},"title":"PATAGONES: DECLARAN LA EMERGENCIA Y DESASTRE AGROPECUARIO","author":"Alejandro Sosa Ruda","date":"22 enero, 2022","format":false,"excerpt":"El gobierno bonaerense declar\u00f3 el estado de emergencia y desastre agropecuario por sequ\u00eda en el partido de Patagones, con excepci\u00f3n de las zonas bajo riego, entre el 1\u00b0 de enero y el 31 de diciembre del 2021. PATAGONES -\u00a0 Lo hizo mediante el decreto 22 publicado hoy en el Bolet\u00edn\u2026","rel":"","context":"En \u00abREGIONALES\u00bb","block_context":{"text":"REGIONALES","link":"https:\/\/larevistadigital.com.ar\/blog\/category\/regionales\/"},"img":{"alt_text":"","src":"https:\/\/i0.wp.com\/larevistadigital.com.ar\/blog\/wp-content\/uploads\/20220122084111_sequia-patagones-emergencia-agropecuaria.jpg?fit=880%2C512&ssl=1&resize=350%2C200","width":350,"height":200,"srcset":"https:\/\/i0.wp.com\/larevistadigital.com.ar\/blog\/wp-content\/uploads\/20220122084111_sequia-patagones-emergencia-agropecuaria.jpg?fit=880%2C512&ssl=1&resize=350%2C200 1x, https:\/\/i0.wp.com\/larevistadigital.com.ar\/blog\/wp-content\/uploads\/20220122084111_sequia-patagones-emergencia-agropecuaria.jpg?fit=880%2C512&ssl=1&resize=525%2C300 1.5x, https:\/\/i0.wp.com\/larevistadigital.com.ar\/blog\/wp-content\/uploads\/20220122084111_sequia-patagones-emergencia-agropecuaria.jpg?fit=880%2C512&ssl=1&resize=700%2C400 2x"},"classes":[]},{"id":38762,"url":"https:\/\/larevistadigital.com.ar\/blog\/38762-2\/","url_meta":{"origin":39170,"position":3},"title":"Reuni\u00f3n de la Comisi\u00f3n de Emergencia Agropecuaria local","author":"Alejandro Sosa Ruda","date":"20 febrero, 2025","format":false,"excerpt":"La escasez de lluvias complica la situaci\u00f3n de productores locales 20 De Febrero de 2025 CHASCOM\u00daS -\u00a0 Se realiz\u00f3 la primera reuni\u00f3n de la Comisi\u00f3n de emergencia agropecuaria local donde se eligieron sus nuevas autoridades: Presidente, Pablo Gianollini (ARCh); Vicepresidente, Cipriano P\u00e9rez del Cerro (MdeCh); Tesorero, Alejandro Reinoso (ARCh); Secretaria,\u2026","rel":"","context":"En \u00abCHASCOM\u00daS\u00bb","block_context":{"text":"CHASCOM\u00daS","link":"https:\/\/larevistadigital.com.ar\/blog\/category\/chascomus\/"},"img":{"alt_text":"","src":"https:\/\/i0.wp.com\/larevistadigital.com.ar\/blog\/wp-content\/uploads\/67b60ea8475d5.png?fit=668%2C445&ssl=1&resize=350%2C200","width":350,"height":200,"srcset":"https:\/\/i0.wp.com\/larevistadigital.com.ar\/blog\/wp-content\/uploads\/67b60ea8475d5.png?fit=668%2C445&ssl=1&resize=350%2C200 1x, https:\/\/i0.wp.com\/larevistadigital.com.ar\/blog\/wp-content\/uploads\/67b60ea8475d5.png?fit=668%2C445&ssl=1&resize=525%2C300 1.5x"},"classes":[]},{"id":35696,"url":"https:\/\/larevistadigital.com.ar\/blog\/importante-asistencia-del-gobierno-de-kicillof-a-municipios-afectados-por-los-fuertes-temporales\/","url_meta":{"origin":39170,"position":4},"title":"IMPORTANTE ASISTENCIA DEL GOBIERNO DE KICILLOF A MUNICIPIOS AFECTADOS POR LOS FUERTES TEMPORALES","author":"Alejandro Sosa Ruda","date":"23 marzo, 2024","format":false,"excerpt":"Una importante medida para los municipios que fueron seriamente afectados por el temporal que provoc\u00f3 da\u00f1os y destrozos. 23 de marzo de 2024 BUENOS AIRES -\u00a0 El Ministerio de Desarrollo de la Comunidad est\u00e1 en contacto con los distritos para atender las necesidades provocadas por el fen\u00f3meno clim\u00e1tico, que contin\u00faa\u2026","rel":"","context":"En \u00abDESTACADAS\u00bb","block_context":{"text":"DESTACADAS","link":"https:\/\/larevistadigital.com.ar\/blog\/category\/destacadas\/"},"img":{"alt_text":"","src":"https:\/\/i0.wp.com\/larevistadigital.com.ar\/blog\/wp-content\/uploads\/WhatsApp-Image-2024-03-20-at-13.54.59.jpeg?fit=700%2C466&ssl=1&resize=350%2C200","width":350,"height":200,"srcset":"https:\/\/i0.wp.com\/larevistadigital.com.ar\/blog\/wp-content\/uploads\/WhatsApp-Image-2024-03-20-at-13.54.59.jpeg?fit=700%2C466&ssl=1&resize=350%2C200 1x, https:\/\/i0.wp.com\/larevistadigital.com.ar\/blog\/wp-content\/uploads\/WhatsApp-Image-2024-03-20-at-13.54.59.jpeg?fit=700%2C466&ssl=1&resize=525%2C300 1.5x, https:\/\/i0.wp.com\/larevistadigital.com.ar\/blog\/wp-content\/uploads\/WhatsApp-Image-2024-03-20-at-13.54.59.jpeg?fit=700%2C466&ssl=1&resize=700%2C400 2x"},"classes":[]},{"id":41043,"url":"https:\/\/larevistadigital.com.ar\/blog\/impulsan-medidas-cautelares-contra-las-fumigaciones-con-agrotoxicos-en-olavarria-y-junin\/","url_meta":{"origin":39170,"position":5},"title":"Impulsan medidas cautelares contra las fumigaciones con agrot\u00f3xicos en Olavarr\u00eda y Jun\u00edn","author":"Alejandro Sosa Ruda","date":"22 agosto, 2025","format":false,"excerpt":"El Jefe de Fiscales de la Provincia de Buenos Aires, recomend\u00f3 a la Suprema Corte bonaerense suspender art\u00edculos de ordenanzas de Olavarr\u00eda y Jun\u00edn que permiten las fumigaciones a\u00e9reas con agrot\u00f3xicos por debajo del piso provincial y autorizan las terrestres a metros de viviendas, escuelas y pozos de agua, solicitando\u2026","rel":"","context":"En \u00abREGIONALES\u00bb","block_context":{"text":"REGIONALES","link":"https:\/\/larevistadigital.com.ar\/blog\/category\/regionales\/"},"img":{"alt_text":"","src":"https:\/\/i0.wp.com\/larevistadigital.com.ar\/blog\/wp-content\/uploads\/20250821172743_procuderia-fumigaciones-agrotoxicos-olavarria-junin-1.jpg?fit=880%2C512&ssl=1&resize=350%2C200","width":350,"height":200,"srcset":"https:\/\/i0.wp.com\/larevistadigital.com.ar\/blog\/wp-content\/uploads\/20250821172743_procuderia-fumigaciones-agrotoxicos-olavarria-junin-1.jpg?fit=880%2C512&ssl=1&resize=350%2C200 1x, https:\/\/i0.wp.com\/larevistadigital.com.ar\/blog\/wp-content\/uploads\/20250821172743_procuderia-fumigaciones-agrotoxicos-olavarria-junin-1.jpg?fit=880%2C512&ssl=1&resize=525%2C300 1.5x, https:\/\/i0.wp.com\/larevistadigital.com.ar\/blog\/wp-content\/uploads\/20250821172743_procuderia-fumigaciones-agrotoxicos-olavarria-junin-1.jpg?fit=880%2C512&ssl=1&resize=700%2C400 2x"},"classes":[]}],"_links":{"self":[{"href":"https:\/\/larevistadigital.com.ar\/blog\/wp-json\/wp\/v2\/posts\/39170","targetHints":{"allow":["GET"]}}],"collection":[{"href":"https:\/\/larevistadigital.com.ar\/blog\/wp-json\/wp\/v2\/posts"}],"about":[{"href":"https:\/\/larevistadigital.com.ar\/blog\/wp-json\/wp\/v2\/types\/post"}],"author":[{"embeddable":true,"href":"https:\/\/larevistadigital.com.ar\/blog\/wp-json\/wp\/v2\/users\/3"}],"replies":[{"embeddable":true,"href":"https:\/\/larevistadigital.com.ar\/blog\/wp-json\/wp\/v2\/comments?post=39170"}],"version-history":[{"count":1,"href":"https:\/\/larevistadigital.com.ar\/blog\/wp-json\/wp\/v2\/posts\/39170\/revisions"}],"predecessor-version":[{"id":39172,"href":"https:\/\/larevistadigital.com.ar\/blog\/wp-json\/wp\/v2\/posts\/39170\/revisions\/39172"}],"wp:featuredmedia":[{"embeddable":true,"href":"https:\/\/larevistadigital.com.ar\/blog\/wp-json\/wp\/v2\/media\/39171"}],"wp:attachment":[{"href":"https:\/\/larevistadigital.com.ar\/blog\/wp-json\/wp\/v2\/media?parent=39170"}],"wp:term":[{"taxonomy":"category","embeddable":true,"href":"https:\/\/larevistadigital.com.ar\/blog\/wp-json\/wp\/v2\/categories?post=39170"},{"taxonomy":"post_tag","embeddable":true,"href":"https:\/\/larevistadigital.com.ar\/blog\/wp-json\/wp\/v2\/tags?post=39170"}],"curies":[{"name":"wp","href":"https:\/\/api.w.org\/{rel}","templated":true}]}}