{"id":39174,"date":"2025-03-28T16:14:37","date_gmt":"2025-03-28T19:14:37","guid":{"rendered":"https:\/\/larevistadigital.com.ar\/blog\/?p=39174"},"modified":"2025-03-28T16:14:37","modified_gmt":"2025-03-28T19:14:37","slug":"el-ministro-de-educacion-visito-chascomus-y-mantuvo-un-encuentro-con-el-intendente-gaston","status":"publish","type":"post","link":"https:\/\/larevistadigital.com.ar\/blog\/el-ministro-de-educacion-visito-chascomus-y-mantuvo-un-encuentro-con-el-intendente-gaston\/","title":{"rendered":"El ministro de Educaci\u00f3n visit\u00f3 Chascom\u00fas y mantuvo un encuentro con el intendente Gast\u00f3n"},"content":{"rendered":"<h3 class=\"excerpt\">Alberto Sileoni dialog\u00f3 sobre pol\u00edticas educativas y recorri\u00f3 la Escuela Municipal N\u00ba 2.<\/h3>\n<p>28 de Marzo de 2025<\/p>\n<div id=\"miDiv1\" class=\"text\">\n<p><strong>CHASCOM\u00daS &#8211;<\/strong>\u00a0 <strong>Alberto Sileoni<\/strong> dialog\u00f3 sobre pol\u00edticas educativas y recorri\u00f3 la Escuela Municipal N\u00ba 2.<\/p>\n<p>El intendente <strong>Javier Gast\u00f3n<\/strong> recibi\u00f3 en su despacho al director general de Cultura y Educaci\u00f3n de la provincia de Buenos Aires, <strong>Alberto Sileoni<\/strong>, en el marco de su visita a Chascom\u00fas. En la reuni\u00f3n tambi\u00e9n participaron la secretaria de Desarrollo Social y Educaci\u00f3n,<strong> Yanina Gazzaniga<\/strong>, y el subsecretario de Infancias y Juventudes, <strong>Lucio Alfons\u00edn<\/strong>.<\/p>\n<blockquote>\n<h3>Durante el encuentro, los funcionarios abordaron el panorama educativo local y analizaron pol\u00edticas p\u00fablicas destinadas a las infancias y juventudes.<\/h3>\n<\/blockquote>\n<p>Adem\u00e1s, dialogaron sobre acciones conjuntas entre la municipalidad y el ministerio provincial para fortalecer el sistema educativo en el distrito.<\/p>\n<blockquote>\n<h3>Sileoni hab\u00eda llegado a Chascom\u00fas el viernes por la ma\u00f1ana para participar del acto por el 50\u00ba aniversario de la Escuela Municipal N\u00ba 2, que finalmente fue suspendido hasta el lunes pr\u00f3ximo debido a la fuerte tormenta registrada en la ciudad.<\/h3>\n<\/blockquote>\n<p>Sin embargo, tras la reuni\u00f3n en la municipalidad, el ministro y el intendente se dirigieron a la instituci\u00f3n ubicada en Alvear y 25 de Mayo, donde convers\u00f3 con el personal docente y auxiliar y descubri\u00f3 dos placas en homenaje a la trayectoria del establecimiento educativo.<\/p>\n<\/div>\n","protected":false},"excerpt":{"rendered":"<div class=\"mh-excerpt\"><p>Alberto Sileoni dialog\u00f3 sobre pol\u00edticas educativas y recorri\u00f3 la Escuela Municipal N\u00ba 2. 28 de Marzo de 2025 CHASCOM\u00daS &#8211;\u00a0 Alberto Sileoni dialog\u00f3 sobre pol\u00edticas educativas y recorri\u00f3 la Escuela Municipal N\u00ba 2. El intendente <a class=\"mh-excerpt-more\" href=\"https:\/\/larevistadigital.com.ar\/blog\/el-ministro-de-educacion-visito-chascomus-y-mantuvo-un-encuentro-con-el-intendente-gaston\/\" title=\"El ministro de Educaci\u00f3n visit\u00f3 Chascom\u00fas y mantuvo un encuentro con el intendente Gast\u00f3n\">[Leer M\u00e1s]<\/a><\/p>\n<\/div>","protected":false},"author":3,"featured_media":39175,"comment_status":"open","ping_status":"open","sticky":false,"template":"","format":"standard","meta":{"_jetpack_memberships_contains_paid_content":false,"footnotes":"","jetpack_publicize_message":"","jetpack_publicize_feature_enabled":true,"jetpack_social_post_already_shared":true,"jetpack_social_options":{"image_generator_settings":{"template":"highway","default_image_id":0,"font":"","enabled":false},"version":2}},"categories":[6],"tags":[],"class_list":{"0":"post-39174","1":"post","2":"type-post","3":"status-publish","4":"format-standard","5":"has-post-thumbnail","7":"category-chascomus"},"jetpack_publicize_connections":[],"jetpack_featured_media_url":"https:\/\/i0.wp.com\/larevistadigital.com.ar\/blog\/wp-content\/uploads\/67e6d6488055e.png?fit=668%2C445&ssl=1","jetpack_sharing_enabled":true,"jetpack_shortlink":"https:\/\/wp.me\/p8qtrQ-abQ","jetpack-related-posts":[{"id":38405,"url":"https:\/\/larevistadigital.com.ar\/blog\/el-ministro-de-educacion-de-la-provincia-recorrio-la-escuela-abierta-de-verano-en-chascomus\/","url_meta":{"origin":39174,"position":0},"title":"El ministro de Educaci\u00f3n de la provincia recorri\u00f3 la Escuela Abierta de Verano en Chascom\u00fas","author":"Alejandro Sosa Ruda","date":"8 enero, 2025","format":false,"excerpt":"Acompa\u00f1ado por el intendente Javier Gast\u00f3n, Alberto Sileoni comparti\u00f3 una jornada donde destac\u00f3 el trabajo conjunto entre la Provincia y la Municipalidad para garantizar actividades recreativas y educativas durante el verano. 08 de Enero de 2025 CHASCOM\u00daS -\u00a0 El director general de Cultura y Educaci\u00f3n de la provincia de Buenos\u2026","rel":"","context":"En \u00abCHASCOM\u00daS\u00bb","block_context":{"text":"CHASCOM\u00daS","link":"https:\/\/larevistadigital.com.ar\/blog\/category\/chascomus\/"},"img":{"alt_text":"","src":"https:\/\/i0.wp.com\/larevistadigital.com.ar\/blog\/wp-content\/uploads\/677da7258c485.png?fit=668%2C445&ssl=1&resize=350%2C200","width":350,"height":200,"srcset":"https:\/\/i0.wp.com\/larevistadigital.com.ar\/blog\/wp-content\/uploads\/677da7258c485.png?fit=668%2C445&ssl=1&resize=350%2C200 1x, https:\/\/i0.wp.com\/larevistadigital.com.ar\/blog\/wp-content\/uploads\/677da7258c485.png?fit=668%2C445&ssl=1&resize=525%2C300 1.5x"},"classes":[]},{"id":42856,"url":"https:\/\/larevistadigital.com.ar\/blog\/chascomus-egresados-de-la-escuela-secundaria-municipal-recibieron-sus-diplomas\/","url_meta":{"origin":39174,"position":1},"title":"Chascom\u00fas: Egresados de la Escuela Secundaria Municipal recibieron sus diplomas","author":"Alejandro Sosa Ruda","date":"12 diciembre, 2025","format":false,"excerpt":"El intendente Javier Gast\u00f3n acompa\u00f1\u00f3 el cierre del ciclo lectivo en el establecimiento educativo. 12 de Diciembre de 2025 CHASCOM\u00daS -\u00a0 \u00a0 En la Escuela Secundaria Municipal \u201cElo\u00edsa Gonz\u00e1lez de Soler\u201d, se realiz\u00f3 el acto de entrega de diplomas a los estudiantes que completaron sus estudios. La ceremonia cont\u00f3 con\u2026","rel":"","context":"En \u00abCHASCOM\u00daS\u00bb","block_context":{"text":"CHASCOM\u00daS","link":"https:\/\/larevistadigital.com.ar\/blog\/category\/chascomus\/"},"img":{"alt_text":"","src":"https:\/\/i0.wp.com\/larevistadigital.com.ar\/blog\/wp-content\/uploads\/693c56841a86a.png?fit=668%2C445&ssl=1&resize=350%2C200","width":350,"height":200,"srcset":"https:\/\/i0.wp.com\/larevistadigital.com.ar\/blog\/wp-content\/uploads\/693c56841a86a.png?fit=668%2C445&ssl=1&resize=350%2C200 1x, https:\/\/i0.wp.com\/larevistadigital.com.ar\/blog\/wp-content\/uploads\/693c56841a86a.png?fit=668%2C445&ssl=1&resize=525%2C300 1.5x"},"classes":[]},{"id":40981,"url":"https:\/\/larevistadigital.com.ar\/blog\/chascomus-la-escuela-no-16-recibio-oficialmente-los-planos-de-su-edificio-y-del-sum\/","url_meta":{"origin":39174,"position":2},"title":"Chascom\u00fas: La Escuela N\u00ba 16 recibi\u00f3 oficialmente los planos de su edificio y del SUM","author":"Alejandro Sosa Ruda","date":"20 agosto, 2025","format":false,"excerpt":"El intendente Javier Gast\u00f3n y el subsecretario de Infancias y Juventudes, Lucio Alfons\u00edn, visitaron la instituci\u00f3n ubicada en el paraje El Recreo y entregaron la documentaci\u00f3n a la comunidad educativa. 20 de agosto de 2025 CHASCOM\u00daS -\u00a0 \u00a0La Escuela Primaria N\u00ba 16 \u201cJulio Argentino Roca\u201d recibi\u00f3 los planos oficiales del\u2026","rel":"","context":"En \u00abCHASCOM\u00daS\u00bb","block_context":{"text":"CHASCOM\u00daS","link":"https:\/\/larevistadigital.com.ar\/blog\/category\/chascomus\/"},"img":{"alt_text":"","src":"https:\/\/i0.wp.com\/larevistadigital.com.ar\/blog\/wp-content\/uploads\/planos-escuela-16.png?fit=668%2C445&ssl=1&resize=350%2C200","width":350,"height":200,"srcset":"https:\/\/i0.wp.com\/larevistadigital.com.ar\/blog\/wp-content\/uploads\/planos-escuela-16.png?fit=668%2C445&ssl=1&resize=350%2C200 1x, https:\/\/i0.wp.com\/larevistadigital.com.ar\/blog\/wp-content\/uploads\/planos-escuela-16.png?fit=668%2C445&ssl=1&resize=525%2C300 1.5x"},"classes":[]},{"id":36541,"url":"https:\/\/larevistadigital.com.ar\/blog\/mas-de-60-proyectos-se-presentaron-en-la-feria-de-educacion-artes-ciencias-y-tecnologia\/","url_meta":{"origin":39174,"position":3},"title":"M\u00c1S DE 60 PROYECTOS SE PRESENTARON EN LA FERIA DE EDUCACI\u00d3N, ARTES, CIENCIAS Y TECNOLOG\u00cdA","author":"Alejandro Sosa Ruda","date":"2 julio, 2024","format":false,"excerpt":"El intendente Javier Gast\u00f3n y el subsecretario de Infancias y Juventudes, Lucio Alfons\u00edn, acompa\u00f1aron a las y los estudiantes durante la etapa distrital. 02 de Julio de 2024 CHASCOM\u00daS -\u00a0 Esta propuesta educativa, que depende de la Direcci\u00f3n de Pol\u00edticas Socio Educativas provincial, convoca a alumnos y alumnas de todos\u2026","rel":"","context":"En \u00abCHASCOM\u00daS\u00bb","block_context":{"text":"CHASCOM\u00daS","link":"https:\/\/larevistadigital.com.ar\/blog\/category\/chascomus\/"},"img":{"alt_text":"","src":"https:\/\/i0.wp.com\/larevistadigital.com.ar\/blog\/wp-content\/uploads\/2024_07_03_01_00_20_486387.jpg?fit=600%2C400&ssl=1&resize=350%2C200","width":350,"height":200,"srcset":"https:\/\/i0.wp.com\/larevistadigital.com.ar\/blog\/wp-content\/uploads\/2024_07_03_01_00_20_486387.jpg?fit=600%2C400&ssl=1&resize=350%2C200 1x, https:\/\/i0.wp.com\/larevistadigital.com.ar\/blog\/wp-content\/uploads\/2024_07_03_01_00_20_486387.jpg?fit=600%2C400&ssl=1&resize=525%2C300 1.5x"},"classes":[]},{"id":41161,"url":"https:\/\/larevistadigital.com.ar\/blog\/chascomus-fue-sede-de-la-primera-jornada-distrital-del-dia-de-la-educacion-artistica\/","url_meta":{"origin":39174,"position":4},"title":"Chascom\u00fas fue sede de la primera jornada distrital del D\u00eda de la Educaci\u00f3n Art\u00edstica","author":"Alejandro Sosa Ruda","date":"30 agosto, 2025","format":false,"excerpt":"Instituciones locales y regionales participar\u00e1n con talleres, muestras y conciertos. 30 de agosto de 2025 CHASCOM\u00daS -\u00a0 \u00a0En la plaza Independencia se llev\u00f3 a cabo este jueves la primera jornada distrital de celebraci\u00f3n del D\u00eda de la Educaci\u00f3n Art\u00edstica, con la presencia de autoridades municipales y educativas, y la participaci\u00f3n\u2026","rel":"","context":"En \u00abCHASCOM\u00daS\u00bb","block_context":{"text":"CHASCOM\u00daS","link":"https:\/\/larevistadigital.com.ar\/blog\/category\/chascomus\/"},"img":{"alt_text":"","src":"https:\/\/i0.wp.com\/larevistadigital.com.ar\/blog\/wp-content\/uploads\/68b1d9688ad65.png?fit=668%2C445&ssl=1&resize=350%2C200","width":350,"height":200,"srcset":"https:\/\/i0.wp.com\/larevistadigital.com.ar\/blog\/wp-content\/uploads\/68b1d9688ad65.png?fit=668%2C445&ssl=1&resize=350%2C200 1x, https:\/\/i0.wp.com\/larevistadigital.com.ar\/blog\/wp-content\/uploads\/68b1d9688ad65.png?fit=668%2C445&ssl=1&resize=525%2C300 1.5x"},"classes":[]},{"id":38312,"url":"https:\/\/larevistadigital.com.ar\/blog\/bordalecou-y-alfonsin-participaron-del-acto-de-egreso-en-la-escuela-municipal-n-1\/","url_meta":{"origin":39174,"position":5},"title":"Bordalecou y Alfons\u00edn participaron del acto de egreso en la Escuela Municipal N\u00b0 1","author":"Alejandro Sosa Ruda","date":"18 diciembre, 2024","format":false,"excerpt":"Particip\u00f3 del acto de fin de curso acompa\u00f1ando la despedida a los egresados 18 de Diciembre de 2024 CHASCOM\u00daS -\u00a0 El intendente interino Leandro Bordalecou junto al subsecretario de Infancias y Juventudes, Lucio Alfons\u00edn, participaron esta ma\u00f1ana del acto de fin de curso de la Escuela Municipal N\u00b0 1 \u201cJuan\u2026","rel":"","context":"En \u00abCHASCOM\u00daS\u00bb","block_context":{"text":"CHASCOM\u00daS","link":"https:\/\/larevistadigital.com.ar\/blog\/category\/chascomus\/"},"img":{"alt_text":"","src":"https:\/\/i0.wp.com\/larevistadigital.com.ar\/blog\/wp-content\/uploads\/6763033f5d2ca.png?fit=668%2C445&ssl=1&resize=350%2C200","width":350,"height":200,"srcset":"https:\/\/i0.wp.com\/larevistadigital.com.ar\/blog\/wp-content\/uploads\/6763033f5d2ca.png?fit=668%2C445&ssl=1&resize=350%2C200 1x, https:\/\/i0.wp.com\/larevistadigital.com.ar\/blog\/wp-content\/uploads\/6763033f5d2ca.png?fit=668%2C445&ssl=1&resize=525%2C300 1.5x"},"classes":[]}],"_links":{"self":[{"href":"https:\/\/larevistadigital.com.ar\/blog\/wp-json\/wp\/v2\/posts\/39174","targetHints":{"allow":["GET"]}}],"collection":[{"href":"https:\/\/larevistadigital.com.ar\/blog\/wp-json\/wp\/v2\/posts"}],"about":[{"href":"https:\/\/larevistadigital.com.ar\/blog\/wp-json\/wp\/v2\/types\/post"}],"author":[{"embeddable":true,"href":"https:\/\/larevistadigital.com.ar\/blog\/wp-json\/wp\/v2\/users\/3"}],"replies":[{"embeddable":true,"href":"https:\/\/larevistadigital.com.ar\/blog\/wp-json\/wp\/v2\/comments?post=39174"}],"version-history":[{"count":1,"href":"https:\/\/larevistadigital.com.ar\/blog\/wp-json\/wp\/v2\/posts\/39174\/revisions"}],"predecessor-version":[{"id":39176,"href":"https:\/\/larevistadigital.com.ar\/blog\/wp-json\/wp\/v2\/posts\/39174\/revisions\/39176"}],"wp:featuredmedia":[{"embeddable":true,"href":"https:\/\/larevistadigital.com.ar\/blog\/wp-json\/wp\/v2\/media\/39175"}],"wp:attachment":[{"href":"https:\/\/larevistadigital.com.ar\/blog\/wp-json\/wp\/v2\/media?parent=39174"}],"wp:term":[{"taxonomy":"category","embeddable":true,"href":"https:\/\/larevistadigital.com.ar\/blog\/wp-json\/wp\/v2\/categories?post=39174"},{"taxonomy":"post_tag","embeddable":true,"href":"https:\/\/larevistadigital.com.ar\/blog\/wp-json\/wp\/v2\/tags?post=39174"}],"curies":[{"name":"wp","href":"https:\/\/api.w.org\/{rel}","templated":true}]}}