{"id":39177,"date":"2025-03-28T16:28:52","date_gmt":"2025-03-28T19:28:52","guid":{"rendered":"https:\/\/larevistadigital.com.ar\/blog\/?p=39177"},"modified":"2025-03-28T16:28:52","modified_gmt":"2025-03-28T19:28:52","slug":"chascomus-por-bahia-blanca","status":"publish","type":"post","link":"https:\/\/larevistadigital.com.ar\/blog\/chascomus-por-bahia-blanca\/","title":{"rendered":"Chascom\u00fas por Bah\u00eda Blanca"},"content":{"rendered":"<h3 class=\"excerpt\">En el marco de la Fiesta de Cierre de la Temporada, se realizar\u00e1 una colecta solidaria para ayudar a las familias de Bah\u00eda Blanca<\/h3>\n<p>28 de Marzo de 2025<\/p>\n<div id=\"miDiv1\" class=\"text\">\n<p><strong>CHASCOM\u00daS &#8211;<\/strong>\u00a0 El fin de semana del 5 y 6 de abril, se llevar\u00e1 a cabo la gran Fiesta de Cierre de la Temporada, en el Parque de los Libres del Sur, donde se recibir\u00e1n donaciones para ayudar a los habitantes de Bah\u00eda Blanca.<\/p>\n<p>Los elementos que est\u00e1n necesitando son: productos de cuidado de beb\u00e9s (mamaderas y chupetes, pa\u00f1ales de todos los tama\u00f1os, leche maternizada), adem\u00e1s de ropa interior y medias nuevas, art\u00edculos de higiene personal femenina, jab\u00f3n de tocador, toallas, cepillo de dientes y dent\u00edfrico, m\u00e1quina de afeitar, \u00fatiles escolares, productos de limpieza y repelente.<\/p>\n<blockquote>\n<h3>Es por ello, que se solicita a los vecinos que al stand solidario que se montar\u00e1 en el Parque de los Libres del Sur, durante las dos jornadas mencionadas, se acerquen donaciones con los productos antes mencionados.<\/h3>\n<\/blockquote>\n<p>Por otra parte, se recuerda que el Cierre de Temporada es una propuesta recreativa, para que disfrute toda la familia, donde habr\u00e1 shows en vivo, patio gastron\u00f3mico con carros de emprendedores locales, stands municipales, talleres, m\u00fasica y juegos.<\/p>\n<\/div>\n","protected":false},"excerpt":{"rendered":"<div class=\"mh-excerpt\"><p>En el marco de la Fiesta de Cierre de la Temporada, se realizar\u00e1 una colecta solidaria para ayudar a las familias de Bah\u00eda Blanca 28 de Marzo de 2025 CHASCOM\u00daS &#8211;\u00a0 El fin de semana <a class=\"mh-excerpt-more\" href=\"https:\/\/larevistadigital.com.ar\/blog\/chascomus-por-bahia-blanca\/\" title=\"Chascom\u00fas por Bah\u00eda Blanca\">[Leer M\u00e1s]<\/a><\/p>\n<\/div>","protected":false},"author":3,"featured_media":39178,"comment_status":"open","ping_status":"open","sticky":false,"template":"","format":"standard","meta":{"_jetpack_memberships_contains_paid_content":false,"footnotes":"","jetpack_publicize_message":"","jetpack_publicize_feature_enabled":true,"jetpack_social_post_already_shared":true,"jetpack_social_options":{"image_generator_settings":{"template":"highway","default_image_id":0,"font":"","enabled":false},"version":2}},"categories":[50],"tags":[],"class_list":{"0":"post-39177","1":"post","2":"type-post","3":"status-publish","4":"format-standard","5":"has-post-thumbnail","7":"category-interes-general"},"jetpack_publicize_connections":[],"jetpack_featured_media_url":"https:\/\/i0.wp.com\/larevistadigital.com.ar\/blog\/wp-content\/uploads\/67e6d66acba0f.png?fit=668%2C445&ssl=1","jetpack_sharing_enabled":true,"jetpack_shortlink":"https:\/\/wp.me\/p8qtrQ-abT","jetpack-related-posts":[{"id":27928,"url":"https:\/\/larevistadigital.com.ar\/blog\/bahia-blanca-libres-del-sur-consiguio-mas-de-6-000-firmas-por-el-proyecto-de-ley-que-congele-precios-basicos-y-tarifas-durante-un-ano\/","url_meta":{"origin":39177,"position":0},"title":"BAH\u00cdA BLANCA: LIBRES DEL SUR CONSIGUI\u00d3 M\u00c1S DE 6.000 FIRMAS POR EL PROYECTO DE LEY QUE CONGELE PRECIOS B\u00c1SICOS Y TARIFAS DURANTE UN A\u00d1O","author":"Alejandro Sosa Ruda","date":"20 septiembre, 2022","format":false,"excerpt":"Un gran trabajo de Richard Rebolledo, referente local, junto a\u00a0 Maira Stemphelet y los militantes bahienses de Libres del Sur. El objetivo: conseguir un mill\u00f3n de firmas para presentar un proyecto de ley para congelar los precios y servicios durante un a\u00f1o. 20 de septiembre de 2022 BAH\u00cdA BLANCA -\u00a0\u2026","rel":"","context":"En \u00abSOCIEDAD\u00bb","block_context":{"text":"SOCIEDAD","link":"https:\/\/larevistadigital.com.ar\/blog\/category\/sociedad\/"},"img":{"alt_text":"","src":"https:\/\/i0.wp.com\/larevistadigital.com.ar\/blog\/wp-content\/uploads\/111.jpg?fit=720%2C992&ssl=1&resize=350%2C200","width":350,"height":200,"srcset":"https:\/\/i0.wp.com\/larevistadigital.com.ar\/blog\/wp-content\/uploads\/111.jpg?fit=720%2C992&ssl=1&resize=350%2C200 1x, https:\/\/i0.wp.com\/larevistadigital.com.ar\/blog\/wp-content\/uploads\/111.jpg?fit=720%2C992&ssl=1&resize=525%2C300 1.5x, https:\/\/i0.wp.com\/larevistadigital.com.ar\/blog\/wp-content\/uploads\/111.jpg?fit=720%2C992&ssl=1&resize=700%2C400 2x"},"classes":[]},{"id":27915,"url":"https:\/\/larevistadigital.com.ar\/blog\/bahia-blanca-se-viene-el-festival-de-cultura-china-promocionado-como-el-mas-importante-del-pais\/","url_meta":{"origin":39177,"position":1},"title":"BAH\u00cdA BLANCA: SE VIENE EL FESTIVAL DE CULTURA CHINA PROMOCIONADO COMO EL M\u00c1S IMPORTANTE DEL PA\u00cdS","author":"Alejandro Sosa Ruda","date":"20 septiembre, 2022","format":false,"excerpt":"La celebraci\u00f3n se llevar\u00e1 a cabo en octubre y promete ser un espect\u00e1culo imperdible. 20 de septiembre de 2022 BAH\u00cdA BLANCA -\u00a0\u00a0Se viene el Festival de Cultura China en la ciudad, y ya est\u00e1n con todos los preparativos necesarios para hacer el m\u00e1s importante de todo el pa\u00eds. Todo comenzar\u00e1\u2026","rel":"","context":"En \u00abCULTURA\u00bb","block_context":{"text":"CULTURA","link":"https:\/\/larevistadigital.com.ar\/blog\/category\/cultura\/"},"img":{"alt_text":"","src":"https:\/\/i0.wp.com\/larevistadigital.com.ar\/blog\/wp-content\/uploads\/WhatsApp-Image-2022-09-19-at-14.28.32.jpeg?fit=720%2C480&ssl=1&resize=350%2C200","width":350,"height":200,"srcset":"https:\/\/i0.wp.com\/larevistadigital.com.ar\/blog\/wp-content\/uploads\/WhatsApp-Image-2022-09-19-at-14.28.32.jpeg?fit=720%2C480&ssl=1&resize=350%2C200 1x, https:\/\/i0.wp.com\/larevistadigital.com.ar\/blog\/wp-content\/uploads\/WhatsApp-Image-2022-09-19-at-14.28.32.jpeg?fit=720%2C480&ssl=1&resize=525%2C300 1.5x, https:\/\/i0.wp.com\/larevistadigital.com.ar\/blog\/wp-content\/uploads\/WhatsApp-Image-2022-09-19-at-14.28.32.jpeg?fit=720%2C480&ssl=1&resize=700%2C400 2x"},"classes":[]},{"id":20412,"url":"https:\/\/larevistadigital.com.ar\/blog\/segun-las-medidas-del-gobierno-chascomus-deberia-ir-al-cierre-casi-total\/","url_meta":{"origin":39177,"position":2},"title":"SEG\u00daN LAS MEDIDAS DEL GOBIERNO, CHASCOM\u00daS DEBER\u00cdA IR AL CIERRE CASI TOTAL","author":"Alejandro Sosa Ruda","date":"21 mayo, 2021","format":false,"excerpt":"De acuerdo a las medidas adoptadas por el gobierno nacional, y al encuadre de los diferentes distritos, Chascom\u00fas tendr\u00eda que estar entre los que ir\u00edan al cierre total por el lapso de 9 d\u00edas. En la Provincia de Buenos Aires, los distritos enmarcados como \"alto riesgo epidemiol\u00f3gico y sanitario\" y\u2026","rel":"","context":"En \u00abCHASCOM\u00daS\u00bb","block_context":{"text":"CHASCOM\u00daS","link":"https:\/\/larevistadigital.com.ar\/blog\/category\/chascomus\/"},"img":{"alt_text":"","src":"https:\/\/i0.wp.com\/larevistadigital.com.ar\/blog\/wp-content\/uploads\/municipalidad-de-chascomus.jpg?fit=1200%2C800&ssl=1&resize=350%2C200","width":350,"height":200,"srcset":"https:\/\/i0.wp.com\/larevistadigital.com.ar\/blog\/wp-content\/uploads\/municipalidad-de-chascomus.jpg?fit=1200%2C800&ssl=1&resize=350%2C200 1x, https:\/\/i0.wp.com\/larevistadigital.com.ar\/blog\/wp-content\/uploads\/municipalidad-de-chascomus.jpg?fit=1200%2C800&ssl=1&resize=525%2C300 1.5x, https:\/\/i0.wp.com\/larevistadigital.com.ar\/blog\/wp-content\/uploads\/municipalidad-de-chascomus.jpg?fit=1200%2C800&ssl=1&resize=700%2C400 2x, https:\/\/i0.wp.com\/larevistadigital.com.ar\/blog\/wp-content\/uploads\/municipalidad-de-chascomus.jpg?fit=1200%2C800&ssl=1&resize=1050%2C600 3x"},"classes":[]},{"id":42595,"url":"https:\/\/larevistadigital.com.ar\/blog\/chascomus-accidente-en-alfonsin-y-bahia-blanca-entre-una-moto-y-una-camioneta\/","url_meta":{"origin":39177,"position":3},"title":"Chascom\u00fas: Accidente en Alfons\u00edn y Bah\u00eda Blanca entre una moto y una camioneta","author":"Alejandro Sosa Ruda","date":"24 noviembre, 2025","format":false,"excerpt":"Ocurri\u00f3 cerca de las 22 hs. Debi\u00f3 intervenir una ambulancia. 24 de Noviembre de 2025 CHASCOM\u00daS-\u00a0\u00a0Nos llegan imagenes de un accidente ocurrido ayer, en la intersecci\u00f3n de Av. Alfons\u00edn y Bah\u00eda Blanca entre una camioneta y una motocicleta. Intervino personal de Inspector\u00eda y lleg\u00f3 al lugar una ambulancia del Hospital\u2026","rel":"","context":"En \u00abINTERES GENERAL\u00bb","block_context":{"text":"INTERES GENERAL","link":"https:\/\/larevistadigital.com.ar\/blog\/category\/interes-general\/"},"img":{"alt_text":"","src":"https:\/\/i0.wp.com\/larevistadigital.com.ar\/blog\/wp-content\/uploads\/ACC-ALFONSIN-Y-B-BLANCA-scaled.jpg?fit=1200%2C978&ssl=1&resize=350%2C200","width":350,"height":200,"srcset":"https:\/\/i0.wp.com\/larevistadigital.com.ar\/blog\/wp-content\/uploads\/ACC-ALFONSIN-Y-B-BLANCA-scaled.jpg?fit=1200%2C978&ssl=1&resize=350%2C200 1x, https:\/\/i0.wp.com\/larevistadigital.com.ar\/blog\/wp-content\/uploads\/ACC-ALFONSIN-Y-B-BLANCA-scaled.jpg?fit=1200%2C978&ssl=1&resize=525%2C300 1.5x, https:\/\/i0.wp.com\/larevistadigital.com.ar\/blog\/wp-content\/uploads\/ACC-ALFONSIN-Y-B-BLANCA-scaled.jpg?fit=1200%2C978&ssl=1&resize=700%2C400 2x, https:\/\/i0.wp.com\/larevistadigital.com.ar\/blog\/wp-content\/uploads\/ACC-ALFONSIN-Y-B-BLANCA-scaled.jpg?fit=1200%2C978&ssl=1&resize=1050%2C600 3x"},"classes":[]},{"id":39051,"url":"https:\/\/larevistadigital.com.ar\/blog\/integrantes-de-la-cooperativa-nuevos-horizontes-viajaron-a-ayudar-a-la-gente-inundada-en-bahia-blanca\/","url_meta":{"origin":39177,"position":4},"title":"Integrantes de la Cooperativa \u00abNuevos Horizontes\u00bb, viajaron a ayudar a la gente inundada en Bah\u00eda Blanca","author":"Alejandro Sosa Ruda","date":"18 marzo, 2025","format":false,"excerpt":"Protagonizaron una emotiva nota, que mostr\u00f3 la solidaridad, y la desaz\u00f3n de gente que en unas horas perdi\u00f3 todo lo que ten\u00eda\u00a0 en la vida. Quieren y piensan volver. 18 de Marzo de 2025 CHASCOM\u00daS -\u00a0 Los cooperarios Carlos Moran, Maxi Suarez, Luc\u00eda Chappa, Danielo Benedetti y Juan Jos\u00e9 Miranda,\u2026","rel":"","context":"En \u00abATAQUE DE RADIO\u00bb","block_context":{"text":"ATAQUE DE RADIO","link":"https:\/\/larevistadigital.com.ar\/blog\/category\/ataque-de-radio\/"},"img":{"alt_text":"","src":"https:\/\/i0.wp.com\/larevistadigital.com.ar\/blog\/wp-content\/uploads\/Captura-de-pantalla-2025-03-18-213710.jpg?fit=849%2C478&ssl=1&resize=350%2C200","width":350,"height":200,"srcset":"https:\/\/i0.wp.com\/larevistadigital.com.ar\/blog\/wp-content\/uploads\/Captura-de-pantalla-2025-03-18-213710.jpg?fit=849%2C478&ssl=1&resize=350%2C200 1x, https:\/\/i0.wp.com\/larevistadigital.com.ar\/blog\/wp-content\/uploads\/Captura-de-pantalla-2025-03-18-213710.jpg?fit=849%2C478&ssl=1&resize=525%2C300 1.5x, https:\/\/i0.wp.com\/larevistadigital.com.ar\/blog\/wp-content\/uploads\/Captura-de-pantalla-2025-03-18-213710.jpg?fit=849%2C478&ssl=1&resize=700%2C400 2x"},"classes":[]},{"id":20451,"url":"https:\/\/larevistadigital.com.ar\/blog\/vuelan-un-local-de-la-campora-en-bahia-blanca\/","url_meta":{"origin":39177,"position":5},"title":"VUELAN UN LOCAL DE LA CAMPORA EN BAH\u00cdA BLANCA","author":"Alejandro Sosa Ruda","date":"25 mayo, 2021","format":false,"excerpt":"El hecho ocurri\u00f3 a las 3, en Bah\u00eda Blanca. Los atacantes dejaron amenazas contra militantes, periodistas, sindicalistas y jueces. No hubo heridos. BAH\u00cdA BLANCA - Un local de la agrupaci\u00f3n pol\u00edtica oficialista La C\u00e1mpora fue parcialmente destruido en la ciudad bonaerense de Bah\u00eda Blanca por medio de un artefacto explosivo\u2026","rel":"","context":"En \u00abINTERES GENERAL\u00bb","block_context":{"text":"INTERES GENERAL","link":"https:\/\/larevistadigital.com.ar\/blog\/category\/interes-general\/"},"img":{"alt_text":"","src":"https:\/\/i0.wp.com\/larevistadigital.com.ar\/blog\/wp-content\/uploads\/WhatsApp-Image-2021-05-25-at-12.01.35.jpeg?fit=675%2C1200&ssl=1&resize=350%2C200","width":350,"height":200,"srcset":"https:\/\/i0.wp.com\/larevistadigital.com.ar\/blog\/wp-content\/uploads\/WhatsApp-Image-2021-05-25-at-12.01.35.jpeg?fit=675%2C1200&ssl=1&resize=350%2C200 1x, https:\/\/i0.wp.com\/larevistadigital.com.ar\/blog\/wp-content\/uploads\/WhatsApp-Image-2021-05-25-at-12.01.35.jpeg?fit=675%2C1200&ssl=1&resize=525%2C300 1.5x"},"classes":[]}],"_links":{"self":[{"href":"https:\/\/larevistadigital.com.ar\/blog\/wp-json\/wp\/v2\/posts\/39177","targetHints":{"allow":["GET"]}}],"collection":[{"href":"https:\/\/larevistadigital.com.ar\/blog\/wp-json\/wp\/v2\/posts"}],"about":[{"href":"https:\/\/larevistadigital.com.ar\/blog\/wp-json\/wp\/v2\/types\/post"}],"author":[{"embeddable":true,"href":"https:\/\/larevistadigital.com.ar\/blog\/wp-json\/wp\/v2\/users\/3"}],"replies":[{"embeddable":true,"href":"https:\/\/larevistadigital.com.ar\/blog\/wp-json\/wp\/v2\/comments?post=39177"}],"version-history":[{"count":1,"href":"https:\/\/larevistadigital.com.ar\/blog\/wp-json\/wp\/v2\/posts\/39177\/revisions"}],"predecessor-version":[{"id":39179,"href":"https:\/\/larevistadigital.com.ar\/blog\/wp-json\/wp\/v2\/posts\/39177\/revisions\/39179"}],"wp:featuredmedia":[{"embeddable":true,"href":"https:\/\/larevistadigital.com.ar\/blog\/wp-json\/wp\/v2\/media\/39178"}],"wp:attachment":[{"href":"https:\/\/larevistadigital.com.ar\/blog\/wp-json\/wp\/v2\/media?parent=39177"}],"wp:term":[{"taxonomy":"category","embeddable":true,"href":"https:\/\/larevistadigital.com.ar\/blog\/wp-json\/wp\/v2\/categories?post=39177"},{"taxonomy":"post_tag","embeddable":true,"href":"https:\/\/larevistadigital.com.ar\/blog\/wp-json\/wp\/v2\/tags?post=39177"}],"curies":[{"name":"wp","href":"https:\/\/api.w.org\/{rel}","templated":true}]}}