{"id":39180,"date":"2025-03-28T20:10:29","date_gmt":"2025-03-28T23:10:29","guid":{"rendered":"https:\/\/larevistadigital.com.ar\/blog\/?p=39180"},"modified":"2025-03-28T20:10:29","modified_gmt":"2025-03-28T23:10:29","slug":"inicio-del-ciclo-2025-de-cursos-de-formacion-profesional","status":"publish","type":"post","link":"https:\/\/larevistadigital.com.ar\/blog\/inicio-del-ciclo-2025-de-cursos-de-formacion-profesional\/","title":{"rendered":"Inicio del ciclo 2025 de cursos de formaci\u00f3n profesional"},"content":{"rendered":"<h3 class=\"excerpt\">El intendente Javier Gast\u00f3n acompa\u00f1\u00f3 el comienzo de los cursos de formaci\u00f3n profesional, que esta semana dieron sus primeras clases en distintos puntos de la ciudad.<\/h3>\n<p>28 de Marzo de 2025<\/p>\n<div id=\"miDiv1\" class=\"text\">\n<p><strong>CHASCOM\u00daS &#8211;\u00a0<\/strong> En este marco, comenz\u00f3 la capacitaci\u00f3n en \u201cCocineros\/as para comedores\u201d, que se dicta en la Escuela N\u00ba 17, y el curso de \u201cLimpieza Institucional\u201d, desarrollado en la sede de la Escuela Municipal N\u00ba 2.<\/p>\n<blockquote>\n<h3>Javier Gast\u00f3n acompa\u00f1\u00f3 a alumnos, alumnas y docentes y los alent\u00f3 a seguir form\u00e1ndose a trav\u00e9s de las clases gratuitas que se ofrecen.<\/h3>\n<\/blockquote>\n<p>Estas propuestas de formaci\u00f3n se enmarcan en las acciones de capacitaci\u00f3n impulsadas por la Municipalidad de Chascom\u00fas, a partir del convenio celebrado con el Centro Regional de Formaci\u00f3n N\u00ba 402 &#8211; UPCN.<\/p>\n<\/div>\n","protected":false},"excerpt":{"rendered":"<div class=\"mh-excerpt\"><p>El intendente Javier Gast\u00f3n acompa\u00f1\u00f3 el comienzo de los cursos de formaci\u00f3n profesional, que esta semana dieron sus primeras clases en distintos puntos de la ciudad. 28 de Marzo de 2025 CHASCOM\u00daS &#8211;\u00a0 En este <a class=\"mh-excerpt-more\" href=\"https:\/\/larevistadigital.com.ar\/blog\/inicio-del-ciclo-2025-de-cursos-de-formacion-profesional\/\" title=\"Inicio del ciclo 2025 de cursos de formaci\u00f3n profesional\">[Leer M\u00e1s]<\/a><\/p>\n<\/div>","protected":false},"author":3,"featured_media":39181,"comment_status":"open","ping_status":"open","sticky":false,"template":"","format":"standard","meta":{"_jetpack_memberships_contains_paid_content":false,"footnotes":"","jetpack_publicize_message":"","jetpack_publicize_feature_enabled":true,"jetpack_social_post_already_shared":true,"jetpack_social_options":{"image_generator_settings":{"template":"highway","default_image_id":0,"font":"","enabled":false},"version":2}},"categories":[6],"tags":[],"class_list":{"0":"post-39180","1":"post","2":"type-post","3":"status-publish","4":"format-standard","5":"has-post-thumbnail","7":"category-chascomus"},"jetpack_publicize_connections":[],"jetpack_featured_media_url":"https:\/\/i0.wp.com\/larevistadigital.com.ar\/blog\/wp-content\/uploads\/67e6d32ec41d6.png?fit=668%2C445&ssl=1","jetpack_sharing_enabled":true,"jetpack_shortlink":"https:\/\/wp.me\/p8qtrQ-abW","jetpack-related-posts":[{"id":41859,"url":"https:\/\/larevistadigital.com.ar\/blog\/exitosa-edicion-de-la-expo-educativa-2025-en-chascomus\/","url_meta":{"origin":39180,"position":0},"title":"Exitosa edici\u00f3n de la Expo Educativa 2025 en Chascom\u00fas","author":"Alejandro Sosa Ruda","date":"9 octubre, 2025","format":false,"excerpt":"Este jueves, se llev\u00f3 a cabo la Expo Educativa 2025, una plaza abierta que reuni\u00f3 a instituciones del nivel secundario y superior, junto a actividades culturales, radio en vivo y espacios de orientaci\u00f3n vocacional. 09 de Octubre de 2025 CAHSCOM\u00daS\u00a0 -\u00a0 \u00a0El evento, organizado por la Jefatura Distrital de Educaci\u00f3n\u2026","rel":"","context":"En \u00abCHASCOM\u00daS\u00bb","block_context":{"text":"CHASCOM\u00daS","link":"https:\/\/larevistadigital.com.ar\/blog\/category\/chascomus\/"},"img":{"alt_text":"","src":"https:\/\/i0.wp.com\/larevistadigital.com.ar\/blog\/wp-content\/uploads\/68e7ebdf888b8.png?fit=668%2C445&ssl=1&resize=350%2C200","width":350,"height":200,"srcset":"https:\/\/i0.wp.com\/larevistadigital.com.ar\/blog\/wp-content\/uploads\/68e7ebdf888b8.png?fit=668%2C445&ssl=1&resize=350%2C200 1x, https:\/\/i0.wp.com\/larevistadigital.com.ar\/blog\/wp-content\/uploads\/68e7ebdf888b8.png?fit=668%2C445&ssl=1&resize=525%2C300 1.5x"},"classes":[]},{"id":36550,"url":"https:\/\/larevistadigital.com.ar\/blog\/chascomus-capacitacion-para-el-sector-turistico-local\/","url_meta":{"origin":39180,"position":1},"title":"CHASCOM\u00daS: CAPACITACI\u00d3N PARA EL SECTOR TUR\u00cdSTICO LOCAL","author":"Alejandro Sosa Ruda","date":"3 julio, 2024","format":false,"excerpt":"Javier Gast\u00f3n dio inicio a las jornadas de capacitaci\u00f3n en el Howard Johnson 03\u00a0 de Julio de 2024 En el marco del convenio firmado entre la municipalidad y la Federaci\u00f3n Empresaria Hotelera Gastron\u00f3mica de la Rep\u00fablica Argentina (FEHGRA), se realiz\u00f3 hoy en el hotel Howard Johnson, una capacitaci\u00f3n destinada a\u2026","rel":"","context":"En \u00abCHASCOM\u00daS\u00bb","block_context":{"text":"CHASCOM\u00daS","link":"https:\/\/larevistadigital.com.ar\/blog\/category\/chascomus\/"},"img":{"alt_text":"","src":"https:\/\/i0.wp.com\/larevistadigital.com.ar\/blog\/wp-content\/uploads\/2024_07_03_01_02_59_6085424.jpg?fit=600%2C400&ssl=1&resize=350%2C200","width":350,"height":200,"srcset":"https:\/\/i0.wp.com\/larevistadigital.com.ar\/blog\/wp-content\/uploads\/2024_07_03_01_02_59_6085424.jpg?fit=600%2C400&ssl=1&resize=350%2C200 1x, https:\/\/i0.wp.com\/larevistadigital.com.ar\/blog\/wp-content\/uploads\/2024_07_03_01_02_59_6085424.jpg?fit=600%2C400&ssl=1&resize=525%2C300 1.5x"},"classes":[]},{"id":32137,"url":"https:\/\/larevistadigital.com.ar\/blog\/jornada-de-capacitacion-en-tecnologias-aplicadas-a-la-investigacion-criminal\/","url_meta":{"origin":39180,"position":2},"title":"JORNADA DE CAPACITACI\u00d3N EN TECNOLOG\u00cdAS APLICADAS A LA INVESTIGACI\u00d3N CRIMINAL","author":"Alejandro Sosa Ruda","date":"27 junio, 2023","format":false,"excerpt":"La iniciativa surge como respuesta a la necesidad de contar con herramientas tecnol\u00f3gicas que permitan una investigaci\u00f3n m\u00e1s eficiente en la lucha contra el crimen organizado. 27 de junio de 2023 CHASCOM\u00daS -\u00a0 Este martes, se llev\u00f3 adelante en nuestra ciudad dicha capacitaci\u00f3n que estuvo a cargo del Director de\u2026","rel":"","context":"En \u00abDESTACADAS\u00bb","block_context":{"text":"DESTACADAS","link":"https:\/\/larevistadigital.com.ar\/blog\/category\/destacadas\/"},"img":{"alt_text":"","src":"https:\/\/i0.wp.com\/larevistadigital.com.ar\/blog\/wp-content\/uploads\/WhatsApp-Image-2023-06-27-at-14.34.49.jpeg?fit=1200%2C540&ssl=1&resize=350%2C200","width":350,"height":200,"srcset":"https:\/\/i0.wp.com\/larevistadigital.com.ar\/blog\/wp-content\/uploads\/WhatsApp-Image-2023-06-27-at-14.34.49.jpeg?fit=1200%2C540&ssl=1&resize=350%2C200 1x, https:\/\/i0.wp.com\/larevistadigital.com.ar\/blog\/wp-content\/uploads\/WhatsApp-Image-2023-06-27-at-14.34.49.jpeg?fit=1200%2C540&ssl=1&resize=525%2C300 1.5x, https:\/\/i0.wp.com\/larevistadigital.com.ar\/blog\/wp-content\/uploads\/WhatsApp-Image-2023-06-27-at-14.34.49.jpeg?fit=1200%2C540&ssl=1&resize=700%2C400 2x, https:\/\/i0.wp.com\/larevistadigital.com.ar\/blog\/wp-content\/uploads\/WhatsApp-Image-2023-06-27-at-14.34.49.jpeg?fit=1200%2C540&ssl=1&resize=1050%2C600 3x"},"classes":[]},{"id":44415,"url":"https:\/\/larevistadigital.com.ar\/blog\/chascomus-inicio-del-ciclo-lectivo-en-la-escuela-secundaria-municipal-eloisa-gonzalez-de-soler\/","url_meta":{"origin":39180,"position":3},"title":"Chascom\u00fas: Inicio del ciclo lectivo en la Escuela Secundaria Municipal \u201cElo\u00edsa Gonz\u00e1lez de Soler\u201d","author":"Alejandro Sosa Ruda","date":"9 marzo, 2026","format":false,"excerpt":"El intendente Javier Gast\u00f3n particip\u00f3 del acto realizado en el establecimiento del acceso norte. 09 de marzo2026 CHASCOM\u00daS -\u00a0 \u00a0Este lunes comenz\u00f3 el ciclo lectivo en la Escuela Secundaria Municipal \u201cElo\u00edsa Gonz\u00e1lez de Soler\u201d, ubicada en la intersecci\u00f3n de Juli\u00e1n Quintana y 25 de Mayo, en el acceso norte de\u2026","rel":"","context":"En \u00abCHASCOM\u00daS\u00bb","block_context":{"text":"CHASCOM\u00daS","link":"https:\/\/larevistadigital.com.ar\/blog\/category\/chascomus\/"},"img":{"alt_text":"","src":"https:\/\/i0.wp.com\/larevistadigital.com.ar\/blog\/wp-content\/uploads\/69af0a7cafd12.png?fit=668%2C445&ssl=1&resize=350%2C200","width":350,"height":200,"srcset":"https:\/\/i0.wp.com\/larevistadigital.com.ar\/blog\/wp-content\/uploads\/69af0a7cafd12.png?fit=668%2C445&ssl=1&resize=350%2C200 1x, https:\/\/i0.wp.com\/larevistadigital.com.ar\/blog\/wp-content\/uploads\/69af0a7cafd12.png?fit=668%2C445&ssl=1&resize=525%2C300 1.5x"},"classes":[]},{"id":39733,"url":"https:\/\/larevistadigital.com.ar\/blog\/javier-gaston-recibio-al-secretario-de-derechos-humanos-de-avellaneda\/","url_meta":{"origin":39180,"position":4},"title":"Javier Gast\u00f3n recibi\u00f3 al secretario de Derechos Humanos de Avellaneda","author":"Alejandro Sosa Ruda","date":"10 mayo, 2025","format":false,"excerpt":"En el encuentro analizaron posibles acciones conjuntas en el marco del programa \u201cChascom\u00fas Km 0 de la Democracia\u201d. 09 de Mayo de 2025 CHASCOM\u00daS -\u00a0 En el despacho comunal, el intendente Javier Gast\u00f3n recibi\u00f3 la visita del secretario de Derechos Humanos de la Municipalidad de Avellaneda, Claudio Yacoy. La reuni\u00f3n\u2026","rel":"","context":"En \u00abCHASCOM\u00daS\u00bb","block_context":{"text":"CHASCOM\u00daS","link":"https:\/\/larevistadigital.com.ar\/blog\/category\/chascomus\/"},"img":{"alt_text":"","src":"https:\/\/i0.wp.com\/larevistadigital.com.ar\/blog\/wp-content\/uploads\/681e3a5bad067.png?fit=668%2C445&ssl=1&resize=350%2C200","width":350,"height":200,"srcset":"https:\/\/i0.wp.com\/larevistadigital.com.ar\/blog\/wp-content\/uploads\/681e3a5bad067.png?fit=668%2C445&ssl=1&resize=350%2C200 1x, https:\/\/i0.wp.com\/larevistadigital.com.ar\/blog\/wp-content\/uploads\/681e3a5bad067.png?fit=668%2C445&ssl=1&resize=525%2C300 1.5x"},"classes":[]},{"id":44310,"url":"https:\/\/larevistadigital.com.ar\/blog\/chascomus-el-intendente-javier-gaston-articulo-una-agenda-educativa-con-inspectoras-en-el-inicio-del-ciclo-lectivo\/","url_meta":{"origin":39180,"position":5},"title":"Chascom\u00fas: El intendente Javier Gast\u00f3n articul\u00f3 una agenda educativa con inspectoras en el inicio del ciclo lectivo","author":"Alejandro Sosa Ruda","date":"5 marzo, 2026","format":false,"excerpt":"Se hizo hincapi\u00e9 en la importancia de profundizar el trabajo interinstitucional como estrategia para garantizar m\u00e1s y mejores oportunidades educativas. 05 de Marzo de 2026 CHASCOM\u00daS -\u00a0 \u00a0En el marco del comienzo del ciclo lectivo 2026, el intendente Javier Gast\u00f3n mantuvo una reuni\u00f3n de trabajo con la Inspectora Jefa Regional\u2026","rel":"","context":"En \u00abCHASCOM\u00daS\u00bb","block_context":{"text":"CHASCOM\u00daS","link":"https:\/\/larevistadigital.com.ar\/blog\/category\/chascomus\/"},"img":{"alt_text":"","src":"https:\/\/i0.wp.com\/larevistadigital.com.ar\/blog\/wp-content\/uploads\/69a878c82a849.png?fit=668%2C445&ssl=1&resize=350%2C200","width":350,"height":200,"srcset":"https:\/\/i0.wp.com\/larevistadigital.com.ar\/blog\/wp-content\/uploads\/69a878c82a849.png?fit=668%2C445&ssl=1&resize=350%2C200 1x, https:\/\/i0.wp.com\/larevistadigital.com.ar\/blog\/wp-content\/uploads\/69a878c82a849.png?fit=668%2C445&ssl=1&resize=525%2C300 1.5x"},"classes":[]}],"_links":{"self":[{"href":"https:\/\/larevistadigital.com.ar\/blog\/wp-json\/wp\/v2\/posts\/39180","targetHints":{"allow":["GET"]}}],"collection":[{"href":"https:\/\/larevistadigital.com.ar\/blog\/wp-json\/wp\/v2\/posts"}],"about":[{"href":"https:\/\/larevistadigital.com.ar\/blog\/wp-json\/wp\/v2\/types\/post"}],"author":[{"embeddable":true,"href":"https:\/\/larevistadigital.com.ar\/blog\/wp-json\/wp\/v2\/users\/3"}],"replies":[{"embeddable":true,"href":"https:\/\/larevistadigital.com.ar\/blog\/wp-json\/wp\/v2\/comments?post=39180"}],"version-history":[{"count":1,"href":"https:\/\/larevistadigital.com.ar\/blog\/wp-json\/wp\/v2\/posts\/39180\/revisions"}],"predecessor-version":[{"id":39182,"href":"https:\/\/larevistadigital.com.ar\/blog\/wp-json\/wp\/v2\/posts\/39180\/revisions\/39182"}],"wp:featuredmedia":[{"embeddable":true,"href":"https:\/\/larevistadigital.com.ar\/blog\/wp-json\/wp\/v2\/media\/39181"}],"wp:attachment":[{"href":"https:\/\/larevistadigital.com.ar\/blog\/wp-json\/wp\/v2\/media?parent=39180"}],"wp:term":[{"taxonomy":"category","embeddable":true,"href":"https:\/\/larevistadigital.com.ar\/blog\/wp-json\/wp\/v2\/categories?post=39180"},{"taxonomy":"post_tag","embeddable":true,"href":"https:\/\/larevistadigital.com.ar\/blog\/wp-json\/wp\/v2\/tags?post=39180"}],"curies":[{"name":"wp","href":"https:\/\/api.w.org\/{rel}","templated":true}]}}