{"id":39183,"date":"2025-03-28T20:17:50","date_gmt":"2025-03-28T23:17:50","guid":{"rendered":"https:\/\/larevistadigital.com.ar\/blog\/?p=39183"},"modified":"2025-03-28T20:17:50","modified_gmt":"2025-03-28T23:17:50","slug":"defensa-civil-permanece-en-alerta-ante-el-pronostico-de-nuevas-tormentas","status":"publish","type":"post","link":"https:\/\/larevistadigital.com.ar\/blog\/defensa-civil-permanece-en-alerta-ante-el-pronostico-de-nuevas-tormentas\/","title":{"rendered":"Defensa Civil permanece en alerta ante el pron\u00f3stico de nuevas tormentas"},"content":{"rendered":"<h3 class=\"excerpt\">En pocos minutos, m\u00e1s de 40 mil\u00edmetros de lluvia cayeron sobre la ciudad, generando anegamientos temporarios en diversos sectores debido a la dificultad para el r\u00e1pido escurrimiento del agua.<\/h3>\n<p>28 de Marzo de 2025<\/p>\n<div id=\"miDiv1\" class=\"text\">\n<p><strong>CHASCOM\u00daS &#8211;\u00a0<\/strong> Ante esta situaci\u00f3n, el Servicio Meteorol\u00f3gico Nacional mantiene el estado de alerta por posibles tormentas de gran intensidad durante el resto de la jornada, por lo que Defensa Civil y los equipos municipales se encuentran en estado de alerta.<\/p>\n<blockquote>\n<h3>Durante la tormenta, la l\u00ednea de emergencias 103 recibi\u00f3 dos llamados.<\/h3>\n<\/blockquote>\n<p>En uno de los casos, se asisti\u00f3 a una familia afectada por filtraciones en su vivienda, entreg\u00e1ndose nylon para su resguardo. En el otro, se auxili\u00f3 a otro grupo familiar tras el ingreso de agua en su hogar.<\/p>\n<blockquote>\n<h3>Desde la Municipalidad se recomienda a los vecinos y vecinas evitar la circulaci\u00f3n innecesaria en la v\u00eda p\u00fablica y a mantenerse informados a trav\u00e9s de los canales oficiales.<\/h3>\n<\/blockquote>\n<p>Asimismo, se recomienda revisar canaletas y desag\u00fces, retirar residuos u objetos que puedan obstruir el drenaje del agua y asegurar elementos que puedan ser desplazados por el viento.<\/p>\n<blockquote>\n<h3>En caso de emergencia, se encuentra disponible la l\u00ednea 103 de la Secretar\u00eda de Seguridad Ciudadana.<\/h3>\n<\/blockquote>\n<p>Se prev\u00e9 que las condiciones clim\u00e1ticas mejoren durante la madrugada del s\u00e1bado.<\/p>\n<\/div>\n","protected":false},"excerpt":{"rendered":"<div class=\"mh-excerpt\"><p>En pocos minutos, m\u00e1s de 40 mil\u00edmetros de lluvia cayeron sobre la ciudad, generando anegamientos temporarios en diversos sectores debido a la dificultad para el r\u00e1pido escurrimiento del agua. 28 de Marzo de 2025 CHASCOM\u00daS <a class=\"mh-excerpt-more\" href=\"https:\/\/larevistadigital.com.ar\/blog\/defensa-civil-permanece-en-alerta-ante-el-pronostico-de-nuevas-tormentas\/\" title=\"Defensa Civil permanece en alerta ante el pron\u00f3stico de nuevas tormentas\">[Leer M\u00e1s]<\/a><\/p>\n<\/div>","protected":false},"author":3,"featured_media":39184,"comment_status":"open","ping_status":"open","sticky":false,"template":"","format":"standard","meta":{"_jetpack_memberships_contains_paid_content":false,"footnotes":"","jetpack_publicize_message":"","jetpack_publicize_feature_enabled":true,"jetpack_social_post_already_shared":true,"jetpack_social_options":{"image_generator_settings":{"template":"highway","default_image_id":0,"font":"","enabled":false},"version":2}},"categories":[6],"tags":[],"class_list":{"0":"post-39183","1":"post","2":"type-post","3":"status-publish","4":"format-standard","5":"has-post-thumbnail","7":"category-chascomus"},"jetpack_publicize_connections":[],"jetpack_featured_media_url":"https:\/\/i0.wp.com\/larevistadigital.com.ar\/blog\/wp-content\/uploads\/67e6d678e994a.png?fit=668%2C445&ssl=1","jetpack_sharing_enabled":true,"jetpack_shortlink":"https:\/\/wp.me\/p8qtrQ-abZ","jetpack-related-posts":[{"id":38598,"url":"https:\/\/larevistadigital.com.ar\/blog\/alerta-naranja-por-tormentas-fuertes-en-chascomus-y-la-region\/","url_meta":{"origin":39183,"position":0},"title":"Alerta naranja por tormentas fuertes en Chascom\u00fas y la regi\u00f3n","author":"Alejandro Sosa Ruda","date":"5 febrero, 2025","format":false,"excerpt":"Se recomienda evitar la circulaci\u00f3n y estar atentos a las actualizaciones del pron\u00f3stico. 05 de Febrero de 2025 CHASCOM\u00daS -\u00a0 El Servicio Meteorol\u00f3gico Nacional (SMN) mantiene vigente una alerta naranja para Chascom\u00fas y la regi\u00f3n, que advierte sobre la posible llegada de tormentas fuertes despu\u00e9s del mediod\u00eda de este mi\u00e9rcoles.\u2026","rel":"","context":"En \u00abDESTACADAS\u00bb","block_context":{"text":"DESTACADAS","link":"https:\/\/larevistadigital.com.ar\/blog\/category\/destacadas\/"},"img":{"alt_text":"","src":"https:\/\/i0.wp.com\/larevistadigital.com.ar\/blog\/wp-content\/uploads\/67a39f1f350ea.png?fit=668%2C445&ssl=1&resize=350%2C200","width":350,"height":200,"srcset":"https:\/\/i0.wp.com\/larevistadigital.com.ar\/blog\/wp-content\/uploads\/67a39f1f350ea.png?fit=668%2C445&ssl=1&resize=350%2C200 1x, https:\/\/i0.wp.com\/larevistadigital.com.ar\/blog\/wp-content\/uploads\/67a39f1f350ea.png?fit=668%2C445&ssl=1&resize=525%2C300 1.5x"},"classes":[]},{"id":8784,"url":"https:\/\/larevistadigital.com.ar\/blog\/atencion-defensa-civil-envia-alerta-de-tormentas-para-chascomus-y-la-zona\/","url_meta":{"origin":39183,"position":1},"title":"ATENCI\u00d3N: DEFENSA CIVIL ENV\u00cdA ALERTA DE TORMENTAS PARA CHASCOM\u00daS Y LA ZONA","author":"Alejandro Sosa Ruda","date":"27 febrero, 2019","format":false,"excerpt":"Desde la cuenta de facebook de \"Defensa Civil Chascom\u00fas\", se dio a conocer una alerta meteorol\u00f3gica que advierte por probables tormentas en la regi\u00f3n., CON VIENTOS Y OCASIONAL CA\u00cdDA DE GRANIZO. EL COMUNICADO: AVISO METEOROL\u00d3GICO\u00a0A MUY CORTO PLAZO FECHA Y HORA DE EMISI\u00d3N: 27\/02\/2019 a las 16:52 HOA. VALIDEZ HASTA:\u2026","rel":"","context":"En \u00abPOLITICA\u00bb","block_context":{"text":"POLITICA","link":"https:\/\/larevistadigital.com.ar\/blog\/category\/politica\/"},"img":{"alt_text":"","src":"https:\/\/i0.wp.com\/larevistadigital.com.ar\/blog\/wp-content\/uploads\/2019\/02\/Screenshot_3-2.jpg?fit=718%2C564&ssl=1&resize=350%2C200","width":350,"height":200,"srcset":"https:\/\/i0.wp.com\/larevistadigital.com.ar\/blog\/wp-content\/uploads\/2019\/02\/Screenshot_3-2.jpg?fit=718%2C564&ssl=1&resize=350%2C200 1x, https:\/\/i0.wp.com\/larevistadigital.com.ar\/blog\/wp-content\/uploads\/2019\/02\/Screenshot_3-2.jpg?fit=718%2C564&ssl=1&resize=525%2C300 1.5x, https:\/\/i0.wp.com\/larevistadigital.com.ar\/blog\/wp-content\/uploads\/2019\/02\/Screenshot_3-2.jpg?fit=718%2C564&ssl=1&resize=700%2C400 2x"},"classes":[]},{"id":41164,"url":"https:\/\/larevistadigital.com.ar\/blog\/41164-2\/","url_meta":{"origin":39183,"position":2},"title":"SE VIENE \u00abSANTA ROSA\u00bb: ALERTA POR TORMENTASFUERTES","author":"Alejandro Sosa Ruda","date":"30 agosto, 2025","format":false,"excerpt":"Defensa Civil advirti\u00f3 que se esperan lluvias intensas, r\u00e1fagas y acumulaciones que podr\u00edan superar los 70 mil\u00edmetros. 30 de agosto de 2025 CHASCOM\u00daS -\u00a0 La Municipalidad de Chascom\u00fas activ\u00f3 los protocolos de prevenci\u00f3n ante el nuevo temporal pronosticado por el Servicio Meteorol\u00f3gico Nacional (SMN), que prev\u00e9 lluvias intensas, fuertes r\u00e1fagas\u2026","rel":"","context":"En \u00abDESTACADAS\u00bb","block_context":{"text":"DESTACADAS","link":"https:\/\/larevistadigital.com.ar\/blog\/category\/destacadas\/"},"img":{"alt_text":"","src":"https:\/\/i0.wp.com\/larevistadigital.com.ar\/blog\/wp-content\/uploads\/68b1db17a1a1e.png?fit=668%2C445&ssl=1&resize=350%2C200","width":350,"height":200,"srcset":"https:\/\/i0.wp.com\/larevistadigital.com.ar\/blog\/wp-content\/uploads\/68b1db17a1a1e.png?fit=668%2C445&ssl=1&resize=350%2C200 1x, https:\/\/i0.wp.com\/larevistadigital.com.ar\/blog\/wp-content\/uploads\/68b1db17a1a1e.png?fit=668%2C445&ssl=1&resize=525%2C300 1.5x"},"classes":[]},{"id":9536,"url":"https:\/\/larevistadigital.com.ar\/blog\/el-municipio-difunde-alerta-meteorologico\/","url_meta":{"origin":39183,"position":3},"title":"EL MUNICIPIO DIFUNDE ALERTA METEOROL\u00d3GICO","author":"Alejandro Sosa Ruda","date":"4 abril, 2019","format":false,"excerpt":"La Municipalidad de Chascom\u00fas, a trav\u00e9s de su grupo de Prensa de Whatsapp, y su p\u00e1gina de Facebook, hizo llegar una alerta meteorol\u00f3gica para que la ciudadan\u00eda tome los recaudos necesarios. El mensaje: #AHORA ALERTA METEOROL\u00d3GICO FUERTES TORMENTAS El Servicio Meteorol\u00f3gico Nacional emiti\u00f3 el siguiente Alerta Meteorol\u00f3gico para Centro, Norte\u2026","rel":"","context":"En \u00abCHASCOM\u00daS\u00bb","block_context":{"text":"CHASCOM\u00daS","link":"https:\/\/larevistadigital.com.ar\/blog\/category\/chascomus\/"},"img":{"alt_text":"","src":"https:\/\/i0.wp.com\/larevistadigital.com.ar\/blog\/wp-content\/uploads\/2019\/04\/WhatsApp-Image-2019-04-04-at-12.01.27.jpeg?fit=1200%2C676&ssl=1&resize=350%2C200","width":350,"height":200,"srcset":"https:\/\/i0.wp.com\/larevistadigital.com.ar\/blog\/wp-content\/uploads\/2019\/04\/WhatsApp-Image-2019-04-04-at-12.01.27.jpeg?fit=1200%2C676&ssl=1&resize=350%2C200 1x, https:\/\/i0.wp.com\/larevistadigital.com.ar\/blog\/wp-content\/uploads\/2019\/04\/WhatsApp-Image-2019-04-04-at-12.01.27.jpeg?fit=1200%2C676&ssl=1&resize=525%2C300 1.5x, https:\/\/i0.wp.com\/larevistadigital.com.ar\/blog\/wp-content\/uploads\/2019\/04\/WhatsApp-Image-2019-04-04-at-12.01.27.jpeg?fit=1200%2C676&ssl=1&resize=700%2C400 2x, https:\/\/i0.wp.com\/larevistadigital.com.ar\/blog\/wp-content\/uploads\/2019\/04\/WhatsApp-Image-2019-04-04-at-12.01.27.jpeg?fit=1200%2C676&ssl=1&resize=1050%2C600 3x"},"classes":[]},{"id":35815,"url":"https:\/\/larevistadigital.com.ar\/blog\/alerta-por-intensas-lluvias-y-fuertes-tormentas-para-los-proximos-dias\/","url_meta":{"origin":39183,"position":4},"title":"ALERTA POR INTENSAS LLUVIAS Y FUERTES TORMENTAS PARA LOS PR\u00d3XIMOS D\u00cdAS","author":"Alejandro Sosa Ruda","date":"12 abril, 2024","format":false,"excerpt":"Ante esta situaci\u00f3n, desde la Municipalidad de Chascom\u00fas solicitamos a vecinos y vecinas extremar los cuidados y precauciones. 12 de abril de 2024 CHASCOM\u00daS -\u00a0 El Servicio Meteorol\u00f3gico Nacional emiti\u00f3 una advertencia por fuertes tormentas originadas por un sistema de baja presi\u00f3n, denominado ciclog\u00e9nesis, que se formar\u00e1 en el centro\u2026","rel":"","context":"En \u00abDESTACADAS\u00bb","block_context":{"text":"DESTACADAS","link":"https:\/\/larevistadigital.com.ar\/blog\/category\/destacadas\/"},"img":{"alt_text":"","src":"https:\/\/i0.wp.com\/larevistadigital.com.ar\/blog\/wp-content\/uploads\/2024_04_13_01_32_42_8989745.jpg?fit=600%2C380&ssl=1&resize=350%2C200","width":350,"height":200,"srcset":"https:\/\/i0.wp.com\/larevistadigital.com.ar\/blog\/wp-content\/uploads\/2024_04_13_01_32_42_8989745.jpg?fit=600%2C380&ssl=1&resize=350%2C200 1x, https:\/\/i0.wp.com\/larevistadigital.com.ar\/blog\/wp-content\/uploads\/2024_04_13_01_32_42_8989745.jpg?fit=600%2C380&ssl=1&resize=525%2C300 1.5x"},"classes":[]},{"id":36913,"url":"https:\/\/larevistadigital.com.ar\/blog\/mar-del-plata-emiten-alerta-amarilla-por-tormentas-para-el-martes\/","url_meta":{"origin":39183,"position":5},"title":"MAR DEL PLATA: EMITEN ALERTA AMARILLA POR TORMENTAS PARA EL MARTES","author":"Alejandro Sosa Ruda","date":"5 agosto, 2024","format":false,"excerpt":"Seg\u00fan datos del Servicio Meteorol\u00f3gico Nacional, se espera abundante ca\u00edda de agua, actividad el\u00e9ctrica y r\u00e1fagas de hasta 50 kil\u00f3metros por hora. 05 de Agosto de 2024 MAR DEL PLATA -\u00a0 El Servicio Meteorol\u00f3gico Nacional (SMN) emiti\u00f3 una alerta amarilla por tormentas fuertes para este martes en Mar del Plata,\u2026","rel":"","context":"En \u00abREGIONALES\u00bb","block_context":{"text":"REGIONALES","link":"https:\/\/larevistadigital.com.ar\/blog\/category\/regionales\/"},"img":{"alt_text":"","src":"https:\/\/i0.wp.com\/larevistadigital.com.ar\/blog\/wp-content\/uploads\/ALERTA-METEOROLOGICO.jpg?fit=1140%2C758&ssl=1&resize=350%2C200","width":350,"height":200,"srcset":"https:\/\/i0.wp.com\/larevistadigital.com.ar\/blog\/wp-content\/uploads\/ALERTA-METEOROLOGICO.jpg?fit=1140%2C758&ssl=1&resize=350%2C200 1x, https:\/\/i0.wp.com\/larevistadigital.com.ar\/blog\/wp-content\/uploads\/ALERTA-METEOROLOGICO.jpg?fit=1140%2C758&ssl=1&resize=525%2C300 1.5x, https:\/\/i0.wp.com\/larevistadigital.com.ar\/blog\/wp-content\/uploads\/ALERTA-METEOROLOGICO.jpg?fit=1140%2C758&ssl=1&resize=700%2C400 2x, https:\/\/i0.wp.com\/larevistadigital.com.ar\/blog\/wp-content\/uploads\/ALERTA-METEOROLOGICO.jpg?fit=1140%2C758&ssl=1&resize=1050%2C600 3x"},"classes":[]}],"_links":{"self":[{"href":"https:\/\/larevistadigital.com.ar\/blog\/wp-json\/wp\/v2\/posts\/39183","targetHints":{"allow":["GET"]}}],"collection":[{"href":"https:\/\/larevistadigital.com.ar\/blog\/wp-json\/wp\/v2\/posts"}],"about":[{"href":"https:\/\/larevistadigital.com.ar\/blog\/wp-json\/wp\/v2\/types\/post"}],"author":[{"embeddable":true,"href":"https:\/\/larevistadigital.com.ar\/blog\/wp-json\/wp\/v2\/users\/3"}],"replies":[{"embeddable":true,"href":"https:\/\/larevistadigital.com.ar\/blog\/wp-json\/wp\/v2\/comments?post=39183"}],"version-history":[{"count":1,"href":"https:\/\/larevistadigital.com.ar\/blog\/wp-json\/wp\/v2\/posts\/39183\/revisions"}],"predecessor-version":[{"id":39185,"href":"https:\/\/larevistadigital.com.ar\/blog\/wp-json\/wp\/v2\/posts\/39183\/revisions\/39185"}],"wp:featuredmedia":[{"embeddable":true,"href":"https:\/\/larevistadigital.com.ar\/blog\/wp-json\/wp\/v2\/media\/39184"}],"wp:attachment":[{"href":"https:\/\/larevistadigital.com.ar\/blog\/wp-json\/wp\/v2\/media?parent=39183"}],"wp:term":[{"taxonomy":"category","embeddable":true,"href":"https:\/\/larevistadigital.com.ar\/blog\/wp-json\/wp\/v2\/categories?post=39183"},{"taxonomy":"post_tag","embeddable":true,"href":"https:\/\/larevistadigital.com.ar\/blog\/wp-json\/wp\/v2\/tags?post=39183"}],"curies":[{"name":"wp","href":"https:\/\/api.w.org\/{rel}","templated":true}]}}