{"id":39189,"date":"2025-03-29T16:33:16","date_gmt":"2025-03-29T19:33:16","guid":{"rendered":"https:\/\/larevistadigital.com.ar\/blog\/?p=39189"},"modified":"2025-03-29T16:35:17","modified_gmt":"2025-03-29T19:35:17","slug":"locura-total-se-viene-la-3-guerra-mundial-la-ue-aconsejo-comprar-un-kit-de-supervivencia","status":"publish","type":"post","link":"https:\/\/larevistadigital.com.ar\/blog\/locura-total-se-viene-la-3-guerra-mundial-la-ue-aconsejo-comprar-un-kit-de-supervivencia\/","title":{"rendered":"Locura total&#8230; \u00bfSe viene la 3\u00b0 Guerra Mundial?. La UE aconsej\u00f3 comprar un kit de supervivencia"},"content":{"rendered":"<h2 class=\"com-subhead --bajada --m-xs-\">El bloque present\u00f3 su Estrategia de Preparaci\u00f3n para crisis, que podr\u00edan ser desde desastres naturales hasta una potencial agresi\u00f3n a uno de los 27 pa\u00edses miembros<\/h2>\n<p>29 de Marzo de 2025<\/p>\n<p data-pm-slice=\"1 1 []\">Un kit de emergencia con f\u00f3sforos, navaja suiza, documentos y un mazo de cartas. Lo que parece una recomendaci\u00f3n para una excursi\u00f3n de camping es, en realidad, el paquete de supervivencia que la comisaria europea de Preparaci\u00f3n y Gesti\u00f3n de Crisis, <strong>Hadja Lahbib<\/strong>, sugiri\u00f3 a los ciudadanos del bloque en un reciente video que desat\u00f3 todo tipo de reacciones. Esta ins\u00f3lita presentaci\u00f3n form\u00f3 parte del lanzamiento de la Estrategia de Preparaci\u00f3n para Crisis de la Uni\u00f3n Europea (UE), un plan que, lejos de tranquilizar, encendi\u00f3 las alarmas sobre el sombr\u00edo panorama que Bruselas proyecta para el futuro inmediato.<\/p>\n<p>El documento oficial advierte sobre <strong>cuatro tipos de amenazas: desastres naturales, crisis sanitarias, ataques cibern\u00e9ticos y conflictos armados<\/strong>. Sin embargo, la verdadera preocupaci\u00f3n de la UE parece residir en la \u00faltima categor\u00eda: la posibilidad de una guerra en su propio territorio. El endurecimiento de la ret\u00f3rica b\u00e9lica, el distanciamiento de Estados Unidos bajo la posible presidencia de Donald Trump y la creciente tensi\u00f3n con Rusia configuran un escenario peligroso, en el que algunos sectores parecen m\u00e1s interesados en alimentar el miedo que en garantizar la estabilidad.<\/p>\n<p>La presentaci\u00f3n del plan coincidi\u00f3 con la revelaci\u00f3n de un chat interno de la administraci\u00f3n estadounidense, en el que altos funcionarios cuestionaban el compromiso europeo con su propia seguridad. <em><strong>\u00abEl garroneo europeo en defensa es pat\u00e9tico\u00bb<\/strong><\/em>, habr\u00eda dicho <strong>Pete Hegseth<\/strong>, secretario de Defensa de Trump. Mientras tanto, Washington abre canales de di\u00e1logo directo con Mosc\u00fa, dejando a la UE en una posici\u00f3n inc\u00f3moda. En este contexto, las autoridades comunitarias han optado por una estrategia que no disimula su intenci\u00f3n: preparar a la ciudadan\u00eda para lo peor y, de paso, justificar un aumento masivo en el gasto militar.<\/p>\n<p>El plan incluye medidas como ejercicios de simulaci\u00f3n con fuerzas armadas y la creaci\u00f3n de un \u00abcentro de crisis\u00bb en Bruselas, mientras promueve la elaboraci\u00f3n de estrategias nacionales de abastecimiento de equipos de emergencia y suministros m\u00e9dicos. Adem\u00e1s, pa\u00edses como Francia y las naciones n\u00f3rdicas han publicado manuales de preparaci\u00f3n en caso de un \u00abaccidente nuclear\u00bb, reforzando el clima de incertidumbre.<\/p>\n<h3>El miedo como herramienta pol\u00edtica<\/h3>\n<p>Lejos de ser un llamado a la calma, este proyecto parece dise\u00f1ado para convencer a los europeos de que deben resignarse a un futuro marcado por el conflicto. Con el trasfondo de la guerra en Ucrania y el deterioro de las relaciones internacionales, la UE impulsa un alarmante plan de rearme de 800.000 millones de euros. Para financiarlo, se abre la posibilidad de una deuda com\u00fan, una idea que divide profundamente a los pa\u00edses miembros, especialmente aquellos m\u00e1s alejados de la frontera rusa, que ven con recelo esta militarizaci\u00f3n acelerada.<\/p>\n<p>El temor de muchos es que este movimiento no busque realmente la protecci\u00f3n de los ciudadanos, sino que funcione como un mecanismo de presi\u00f3n para aumentar el gasto en defensa. <em><strong>\u00abLa idea no es asustar a la gente, sino dar tranquilidad\u00bb<\/strong><\/em>, intent\u00f3 justificar la vicepresidenta para Derechos Sociales, Roxana Minzatu. Sin embargo, la narrativa de la \u00abamenaza inminente\u00bb se impone con fuerza en el discurso oficial, mientras los debates en torno a la soberan\u00eda y la seguridad europea adquieren un tono cada vez m\u00e1s belicista.<\/p>\n<p>En Espa\u00f1a, el presidente <strong>Pedro S\u00e1nchez<\/strong> ya anunci\u00f3 que su pa\u00eds destinar\u00e1 el 2% del PBI a defensa para 2029, garantizando que <em><strong>\u00abno se tocar\u00e1 un c\u00e9ntimo del gasto social o medioambiental\u00bb<\/strong><\/em>. Pero las dudas sobre el impacto real de este desv\u00edo presupuestario persisten. Mientras tanto, figuras como la eurodiputada <strong>Diana Riba I Giner<\/strong> advierten sobre la necesidad de establecer l\u00edmites claros: <strong><em>\u00abSi juntamos todo lo que gastamos en seguridad y defensa en Europa, triplicamos lo que gasta Rusia. A lo mejor, con un espacio de seguridad y defensa \u00fanico no tendr\u00edamos que poner los 800.000 millones de euros, sino que incluso ahorrar\u00edamos\u00bb.<\/em><\/strong><\/p>\n<h3>\u00bfPreparaci\u00f3n o manipulaci\u00f3n?<\/h3>\n<p>La pregunta que queda flotando es si la UE realmente est\u00e1 prepar\u00e1ndose para una crisis o si est\u00e1 contribuyendo a construir el escenario de una. El refuerzo del miedo y la incertidumbre parece m\u00e1s funcional a ciertos intereses pol\u00edticos y econ\u00f3micos que a una estrategia genuina de protecci\u00f3n. Mientras los ciudadanos son llamados a armar su kit de emergencia y aprender estrategias de supervivencia, los l\u00edderes europeos siguen sin responder la gran inc\u00f3gnita: \u00bfest\u00e1n buscando prevenir una guerra o allanando el camino para una nueva confrontaci\u00f3n global?<\/p>\n<p>&nbsp;<\/p>\n","protected":false},"excerpt":{"rendered":"<div class=\"mh-excerpt\"><p>El bloque present\u00f3 su Estrategia de Preparaci\u00f3n para crisis, que podr\u00edan ser desde desastres naturales hasta una potencial agresi\u00f3n a uno de los 27 pa\u00edses miembros 29 de Marzo de 2025 Un kit de emergencia <a class=\"mh-excerpt-more\" href=\"https:\/\/larevistadigital.com.ar\/blog\/locura-total-se-viene-la-3-guerra-mundial-la-ue-aconsejo-comprar-un-kit-de-supervivencia\/\" title=\"Locura total&#8230; \u00bfSe viene la 3\u00b0 Guerra Mundial?. La UE aconsej\u00f3 comprar un kit de supervivencia\">[Leer M\u00e1s]<\/a><\/p>\n<\/div>","protected":false},"author":3,"featured_media":39190,"comment_status":"open","ping_status":"open","sticky":false,"template":"","format":"standard","meta":{"_jetpack_memberships_contains_paid_content":false,"footnotes":"","jetpack_publicize_message":"","jetpack_publicize_feature_enabled":true,"jetpack_social_post_already_shared":true,"jetpack_social_options":{"image_generator_settings":{"template":"highway","default_image_id":0,"font":"","enabled":false},"version":2}},"categories":[41],"tags":[],"class_list":{"0":"post-39189","1":"post","2":"type-post","3":"status-publish","4":"format-standard","5":"has-post-thumbnail","7":"category-destacadas"},"jetpack_publicize_connections":[],"jetpack_featured_media_url":"https:\/\/i0.wp.com\/larevistadigital.com.ar\/blog\/wp-content\/uploads\/Captura-de-pantalla-2025-03-29-163218.jpg?fit=983%2C518&ssl=1","jetpack_sharing_enabled":true,"jetpack_shortlink":"https:\/\/wp.me\/p8qtrQ-ac5","jetpack-related-posts":[{"id":15018,"url":"https:\/\/larevistadigital.com.ar\/blog\/chascomus-se-crearon-dos-comites-de-crisis-por-un-decreto-del-ejecutivo\/","url_meta":{"origin":39189,"position":0},"title":"CHASCOM\u00daS: SE CREARON DOS COMIT\u00c9S DE CRISIS POR UN DECRETO DEL EJECUTIVO","author":"Alejandro Sosa Ruda","date":"30 marzo, 2020","format":false,"excerpt":"El diario El Fuerte de Chascom\u00fas, inform\u00f3 de la creaci\u00f3n de dos \"Comit\u00e9s de Crisis\" por un decreto del intendente Javier Gast\u00f3n, con fecha 22\/3, es decir, tres d\u00edas despu\u00e9s de que comenzara la cuarentena y aislamiento obligatorio dictado por el presidente de la Naci\u00f3n. Esto, c\u00f3mo m\u00ednimo es novedoso,\u2026","rel":"","context":"En \u00abCHASCOM\u00daS\u00bb","block_context":{"text":"CHASCOM\u00daS","link":"https:\/\/larevistadigital.com.ar\/blog\/category\/chascomus\/"},"img":{"alt_text":"","src":"https:\/\/i0.wp.com\/larevistadigital.com.ar\/blog\/wp-content\/uploads\/municipio-copia.jpg?fit=1200%2C795&ssl=1&resize=350%2C200","width":350,"height":200,"srcset":"https:\/\/i0.wp.com\/larevistadigital.com.ar\/blog\/wp-content\/uploads\/municipio-copia.jpg?fit=1200%2C795&ssl=1&resize=350%2C200 1x, https:\/\/i0.wp.com\/larevistadigital.com.ar\/blog\/wp-content\/uploads\/municipio-copia.jpg?fit=1200%2C795&ssl=1&resize=525%2C300 1.5x, https:\/\/i0.wp.com\/larevistadigital.com.ar\/blog\/wp-content\/uploads\/municipio-copia.jpg?fit=1200%2C795&ssl=1&resize=700%2C400 2x, https:\/\/i0.wp.com\/larevistadigital.com.ar\/blog\/wp-content\/uploads\/municipio-copia.jpg?fit=1200%2C795&ssl=1&resize=1050%2C600 3x"},"classes":[]},{"id":19167,"url":"https:\/\/larevistadigital.com.ar\/blog\/ramiro-ferrante-afirmo-que-el-gobierno-local-no-escucha-a-todos-los-sectores-ni-busca-consensos\/","url_meta":{"origin":39189,"position":1},"title":"RAMIRO FERRANTE AFIRM\u00d3 QUE EL GOBIERNO LOCAL NO ESCUCHA A TODOS LOS SECTORES NI BUSCA CONSENSOS","author":"Alejandro Sosa Ruda","date":"4 marzo, 2021","format":false,"excerpt":"Ramiro Ferrante, presidente del bloque de concejales Cambiemos Chascom\u00fas, fue entrevistado en el programa \u00abAM Show\u00bb que conduce Alberto Morel, donde se refiri\u00f3 a lo que fue el discurso del Intendente Municipal en la apertura de las Sesiones Ordinarias del Concejo Deliberante. Lament\u00f3 que el intendente en lugar de ocuparse\u2026","rel":"","context":"En \u00abINTERES GENERAL\u00bb","block_context":{"text":"INTERES GENERAL","link":"https:\/\/larevistadigital.com.ar\/blog\/category\/interes-general\/"},"img":{"alt_text":"","src":"https:\/\/i0.wp.com\/larevistadigital.com.ar\/blog\/wp-content\/uploads\/20429646_674361972769299_639982001727396773_n.jpg?fit=617%2C617&ssl=1&resize=350%2C200","width":350,"height":200,"srcset":"https:\/\/i0.wp.com\/larevistadigital.com.ar\/blog\/wp-content\/uploads\/20429646_674361972769299_639982001727396773_n.jpg?fit=617%2C617&ssl=1&resize=350%2C200 1x, https:\/\/i0.wp.com\/larevistadigital.com.ar\/blog\/wp-content\/uploads\/20429646_674361972769299_639982001727396773_n.jpg?fit=617%2C617&ssl=1&resize=525%2C300 1.5x"},"classes":[]},{"id":44860,"url":"https:\/\/larevistadigital.com.ar\/blog\/en-medio-de-la-crisis-en-la-rosada-hablan-de-una-jugada-de-milei-para-adelantar-las-elecciones-2027\/","url_meta":{"origin":39189,"position":2},"title":"En medio de la crisis, en La Rosada hablan de una jugada de Milei para adelantar las elecciones 2027","author":"Alejandro Sosa Ruda","date":"1 abril, 2026","format":false,"excerpt":"El oficialismo analiza alternativas electorales en medio de presiones econ\u00f3micas y c\u00e1lculos de supervivencia libertaria. 01 de abril de 2026 En la\u00a0Casa Rosada\u00a0empez\u00f3 a circular una hip\u00f3tesis que, de momento, nadie se anima a oficializar pero que ya genera ruido en todos los campamentos: la posibilidad de mover piezas del\u00a0calendario\u2026","rel":"","context":"En \u00abINTERES GENERAL\u00bb","block_context":{"text":"INTERES GENERAL","link":"https:\/\/larevistadigital.com.ar\/blog\/category\/interes-general\/"},"img":{"alt_text":"","src":"https:\/\/i0.wp.com\/larevistadigital.com.ar\/blog\/wp-content\/uploads\/Captura-de-pantalla-2026-04-01-142354.jpg?fit=788%2C455&ssl=1&resize=350%2C200","width":350,"height":200,"srcset":"https:\/\/i0.wp.com\/larevistadigital.com.ar\/blog\/wp-content\/uploads\/Captura-de-pantalla-2026-04-01-142354.jpg?fit=788%2C455&ssl=1&resize=350%2C200 1x, https:\/\/i0.wp.com\/larevistadigital.com.ar\/blog\/wp-content\/uploads\/Captura-de-pantalla-2026-04-01-142354.jpg?fit=788%2C455&ssl=1&resize=525%2C300 1.5x, https:\/\/i0.wp.com\/larevistadigital.com.ar\/blog\/wp-content\/uploads\/Captura-de-pantalla-2026-04-01-142354.jpg?fit=788%2C455&ssl=1&resize=700%2C400 2x"},"classes":[]},{"id":17786,"url":"https:\/\/larevistadigital.com.ar\/blog\/llega-el-presidente-fernandez-a-chapadmalal\/","url_meta":{"origin":39189,"position":3},"title":"LLEGA EL PRESIDENTE FERNANDEZ A CHAPADMALAL","author":"Alejandro Sosa Ruda","date":"20 noviembre, 2020","format":false,"excerpt":"El presidente utilizar\u00e1 la residencia oficial para disertar en la cumbre que se desarrollar\u00e1 entre s\u00e1bado y domingo. El presidente Alberto Fern\u00e1ndez participar\u00e1 este fin de semana de la Cumbre del Grupo de los 20 (G-20) por videoconferencia desde la Residencia de Chapadmalal, en en Mar del Plata, en el\u2026","rel":"","context":"En \u00abPOLITICA\u00bb","block_context":{"text":"POLITICA","link":"https:\/\/larevistadigital.com.ar\/blog\/category\/politica\/"},"img":{"alt_text":"","src":"https:\/\/i0.wp.com\/larevistadigital.com.ar\/blog\/wp-content\/uploads\/Screenshot_5-16.jpg?fit=989%2C560&ssl=1&resize=350%2C200","width":350,"height":200,"srcset":"https:\/\/i0.wp.com\/larevistadigital.com.ar\/blog\/wp-content\/uploads\/Screenshot_5-16.jpg?fit=989%2C560&ssl=1&resize=350%2C200 1x, https:\/\/i0.wp.com\/larevistadigital.com.ar\/blog\/wp-content\/uploads\/Screenshot_5-16.jpg?fit=989%2C560&ssl=1&resize=525%2C300 1.5x, https:\/\/i0.wp.com\/larevistadigital.com.ar\/blog\/wp-content\/uploads\/Screenshot_5-16.jpg?fit=989%2C560&ssl=1&resize=700%2C400 2x"},"classes":[]},{"id":35316,"url":"https:\/\/larevistadigital.com.ar\/blog\/reconocimiento-y-agradecimiento-a-quienes-participaron-de-la-organizacion-del-carnaval-infantil\/","url_meta":{"origin":39189,"position":4},"title":"RECONOCIMIENTO Y AGRADECIMIENTO A QUIENES PARTICIPARON DE LA ORGANIZACI\u00d3N DEL CARNAVAL INFANTIL","author":"Alejandro Sosa Ruda","date":"22 febrero, 2024","format":false,"excerpt":"El martes, el intendente Javier Gast\u00f3n, junto al secretario de Desarrollo Tur\u00edstico, Productivo y Cultural, Pablo N\u00e1poli, se reuni\u00f3 con quienes participaron de la organizaci\u00f3n del Carnaval Infantil. 22 de febrero de 2024 CHASCOM\u00daS -\u00a0 El d\u00eda comenz\u00f3 con un desayuno con referentes municipales de diversas \u00e1reas, quienes tuvieron un\u2026","rel":"","context":"En \u00abCHASCOM\u00daS\u00bb","block_context":{"text":"CHASCOM\u00daS","link":"https:\/\/larevistadigital.com.ar\/blog\/category\/chascomus\/"},"img":{"alt_text":"","src":"https:\/\/i0.wp.com\/larevistadigital.com.ar\/blog\/wp-content\/uploads\/AGRADECIMIENTO-DE-GASTON-CORSOS.jpg?fit=700%2C467&ssl=1&resize=350%2C200","width":350,"height":200,"srcset":"https:\/\/i0.wp.com\/larevistadigital.com.ar\/blog\/wp-content\/uploads\/AGRADECIMIENTO-DE-GASTON-CORSOS.jpg?fit=700%2C467&ssl=1&resize=350%2C200 1x, https:\/\/i0.wp.com\/larevistadigital.com.ar\/blog\/wp-content\/uploads\/AGRADECIMIENTO-DE-GASTON-CORSOS.jpg?fit=700%2C467&ssl=1&resize=525%2C300 1.5x, https:\/\/i0.wp.com\/larevistadigital.com.ar\/blog\/wp-content\/uploads\/AGRADECIMIENTO-DE-GASTON-CORSOS.jpg?fit=700%2C467&ssl=1&resize=700%2C400 2x"},"classes":[]},{"id":6125,"url":"https:\/\/larevistadigital.com.ar\/blog\/destacable-gesto-del-intendente-de-chascomus-javier-gaston-y-su-bloque-de-concejales\/","url_meta":{"origin":39189,"position":5},"title":"DESTACABLE GESTO DEL INTENDENTE DE CHASCOM\u00daS, JAVIER GAST\u00d3N Y SU BLOQUE DE CONCEJALES","author":"Alejandro Sosa Ruda","date":"3 agosto, 2018","format":false,"excerpt":"El intendente de Chascom\u00fas, Javier Gast\u00f3n y el bloque de concejales de Unidad por Chascom\u00fas, se hicieron presentes en el Congreso Nacional a efectos de apoyar a los Bomberos Voluntarios de la ciudad y el pa\u00eds en su reclamo para que no se quiten los subsidios para el equipamiento y\u2026","rel":"","context":"En \u00abCHASCOM\u00daS\u00bb","block_context":{"text":"CHASCOM\u00daS","link":"https:\/\/larevistadigital.com.ar\/blog\/category\/chascomus\/"},"img":{"alt_text":"","src":"https:\/\/i0.wp.com\/larevistadigital.com.ar\/blog\/wp-content\/uploads\/2018\/08\/Screenshot_1.jpg?fit=670%2C556&ssl=1&resize=350%2C200","width":350,"height":200,"srcset":"https:\/\/i0.wp.com\/larevistadigital.com.ar\/blog\/wp-content\/uploads\/2018\/08\/Screenshot_1.jpg?fit=670%2C556&ssl=1&resize=350%2C200 1x, https:\/\/i0.wp.com\/larevistadigital.com.ar\/blog\/wp-content\/uploads\/2018\/08\/Screenshot_1.jpg?fit=670%2C556&ssl=1&resize=525%2C300 1.5x"},"classes":[]}],"_links":{"self":[{"href":"https:\/\/larevistadigital.com.ar\/blog\/wp-json\/wp\/v2\/posts\/39189","targetHints":{"allow":["GET"]}}],"collection":[{"href":"https:\/\/larevistadigital.com.ar\/blog\/wp-json\/wp\/v2\/posts"}],"about":[{"href":"https:\/\/larevistadigital.com.ar\/blog\/wp-json\/wp\/v2\/types\/post"}],"author":[{"embeddable":true,"href":"https:\/\/larevistadigital.com.ar\/blog\/wp-json\/wp\/v2\/users\/3"}],"replies":[{"embeddable":true,"href":"https:\/\/larevistadigital.com.ar\/blog\/wp-json\/wp\/v2\/comments?post=39189"}],"version-history":[{"count":1,"href":"https:\/\/larevistadigital.com.ar\/blog\/wp-json\/wp\/v2\/posts\/39189\/revisions"}],"predecessor-version":[{"id":39191,"href":"https:\/\/larevistadigital.com.ar\/blog\/wp-json\/wp\/v2\/posts\/39189\/revisions\/39191"}],"wp:featuredmedia":[{"embeddable":true,"href":"https:\/\/larevistadigital.com.ar\/blog\/wp-json\/wp\/v2\/media\/39190"}],"wp:attachment":[{"href":"https:\/\/larevistadigital.com.ar\/blog\/wp-json\/wp\/v2\/media?parent=39189"}],"wp:term":[{"taxonomy":"category","embeddable":true,"href":"https:\/\/larevistadigital.com.ar\/blog\/wp-json\/wp\/v2\/categories?post=39189"},{"taxonomy":"post_tag","embeddable":true,"href":"https:\/\/larevistadigital.com.ar\/blog\/wp-json\/wp\/v2\/tags?post=39189"}],"curies":[{"name":"wp","href":"https:\/\/api.w.org\/{rel}","templated":true}]}}