{"id":39192,"date":"2025-03-29T16:52:31","date_gmt":"2025-03-29T19:52:31","guid":{"rendered":"https:\/\/larevistadigital.com.ar\/blog\/?p=39192"},"modified":"2025-03-29T16:52:31","modified_gmt":"2025-03-29T19:52:31","slug":"impactante-accidente-en-mar-del-plata-un-auto-cayo-por-los-acantilados-y-una-mujer-lucha-por-su-vida","status":"publish","type":"post","link":"https:\/\/larevistadigital.com.ar\/blog\/impactante-accidente-en-mar-del-plata-un-auto-cayo-por-los-acantilados-y-una-mujer-lucha-por-su-vida\/","title":{"rendered":"Impactante accidente en Mar del Plata: un auto cay\u00f3 por los acantilados y una mujer lucha por su vida"},"content":{"rendered":"<h2 data-pm-slice=\"1 1 []\"><strong>La v\u00edctima sufri\u00f3 graves heridas tras el brutal impacto contra las rocas. Fue rescatada y trasladada de urgencia al Hospital Interzonal.<\/strong><\/h2>\n<p>29 de Marzo de 2025<\/p>\n<p><strong>MAR DEL PLATA &#8211;<\/strong>\u00a0 Un dram\u00e1tico accidente ocurri\u00f3 anoche en Mar del Plata, cuando un auto cay\u00f3 por los acantilados a pocos kil\u00f3metros de la entrada de Parque Camet. La \u00fanica ocupante del veh\u00edculo, una mujer cuya identidad no fue revelada, sufri\u00f3 heridas de gravedad y tuvo que ser rescatada en un operativo de alta complejidad.<\/p>\n<p>El siniestro tuvo lugar alrededor de las 22:00 en la Ruta 11, a la altura del kil\u00f3metro 509. Por razones que a\u00fan se investigan, el autom\u00f3vil perdi\u00f3 el control y se precipit\u00f3 por los acantilados, quedando volcado sobre las rocas. Un llamado al 911 alert\u00f3 a las autoridades sobre la emergencia, lo que dio inicio a un r\u00e1pido despliegue de fuerzas de rescate.<\/p>\n<p>Personal de Riesgos Especiales, bomberos, polic\u00edas y m\u00e9dicos del SAME trabajaron intensamente para sacar a la v\u00edctima del veh\u00edculo y luego subirla a la superficie. Posteriormente, fue trasladada en c\u00f3digo rojo al Hospital Interzonal General de Agudos (HIGA), donde se encuentra internada con una herida cortante en el cuero cabelludo y politraumatismos severos.<\/p>\n<p>Las autoridades trabajan para determinar las causas del accidente, mientras la comunidad sigue con preocupaci\u00f3n la evoluci\u00f3n del estado de salud de la v\u00edctima.<\/p>\n<p>fuente e imagen: entrel\u00edneas.info<\/p>\n<p>&nbsp;<\/p>\n","protected":false},"excerpt":{"rendered":"<div class=\"mh-excerpt\"><p>La v\u00edctima sufri\u00f3 graves heridas tras el brutal impacto contra las rocas. Fue rescatada y trasladada de urgencia al Hospital Interzonal. 29 de Marzo de 2025 MAR DEL PLATA &#8211;\u00a0 Un dram\u00e1tico accidente ocurri\u00f3 anoche <a class=\"mh-excerpt-more\" href=\"https:\/\/larevistadigital.com.ar\/blog\/impactante-accidente-en-mar-del-plata-un-auto-cayo-por-los-acantilados-y-una-mujer-lucha-por-su-vida\/\" title=\"Impactante accidente en Mar del Plata: un auto cay\u00f3 por los acantilados y una mujer lucha por su vida\">[Leer M\u00e1s]<\/a><\/p>\n<\/div>","protected":false},"author":3,"featured_media":39193,"comment_status":"open","ping_status":"open","sticky":false,"template":"","format":"standard","meta":{"_jetpack_memberships_contains_paid_content":false,"footnotes":"","jetpack_publicize_message":"","jetpack_publicize_feature_enabled":true,"jetpack_social_post_already_shared":true,"jetpack_social_options":{"image_generator_settings":{"template":"highway","default_image_id":0,"font":"","enabled":false},"version":2}},"categories":[44,51],"tags":[],"class_list":{"0":"post-39192","1":"post","2":"type-post","3":"status-publish","4":"format-standard","5":"has-post-thumbnail","7":"category-policiales","8":"category-regionales"},"jetpack_publicize_connections":[],"jetpack_featured_media_url":"https:\/\/i0.wp.com\/larevistadigital.com.ar\/blog\/wp-content\/uploads\/d5c773ff63ec7a036a8ae9fd257d616bda301f15.jpeg?fit=1140%2C641&ssl=1","jetpack_sharing_enabled":true,"jetpack_shortlink":"https:\/\/wp.me\/p8qtrQ-ac8","jetpack-related-posts":[{"id":18184,"url":"https:\/\/larevistadigital.com.ar\/blog\/mar-del-plata-una-chica-de-19-anos-se-tiro-por-los-acantilados-de-la-ruta-11\/","url_meta":{"origin":39192,"position":0},"title":"MAR DEL PLATA: UNA CHICA DE 19 A\u00d1OS SE TIR\u00d3 POR LOS ACANTILADOS DE LA RUTA 11","author":"Alejandro Sosa Ruda","date":"16 diciembre, 2020","format":false,"excerpt":"La mujer, que cay\u00f3 desde una altura de unos 15 metros, aparentemente sin la participaci\u00f3n de terceras personas, pese a la altura, afortunadamente no muri\u00f3 y fue rescatada con politraumatismos en las piernas. MAR DEL PLATA - Una joven de 19 a\u00f1os que se hab\u00eda tirado desde un acantilado fue\u2026","rel":"","context":"En \u00abINTERES GENERAL\u00bb","block_context":{"text":"INTERES GENERAL","link":"https:\/\/larevistadigital.com.ar\/blog\/category\/interes-general\/"},"img":{"alt_text":"","src":"https:\/\/i0.wp.com\/larevistadigital.com.ar\/blog\/wp-content\/uploads\/1ba3439f735bdd59ebeceaba35678ad5646fc62c.jpg?fit=1140%2C702&ssl=1&resize=350%2C200","width":350,"height":200,"srcset":"https:\/\/i0.wp.com\/larevistadigital.com.ar\/blog\/wp-content\/uploads\/1ba3439f735bdd59ebeceaba35678ad5646fc62c.jpg?fit=1140%2C702&ssl=1&resize=350%2C200 1x, https:\/\/i0.wp.com\/larevistadigital.com.ar\/blog\/wp-content\/uploads\/1ba3439f735bdd59ebeceaba35678ad5646fc62c.jpg?fit=1140%2C702&ssl=1&resize=525%2C300 1.5x, https:\/\/i0.wp.com\/larevistadigital.com.ar\/blog\/wp-content\/uploads\/1ba3439f735bdd59ebeceaba35678ad5646fc62c.jpg?fit=1140%2C702&ssl=1&resize=700%2C400 2x, https:\/\/i0.wp.com\/larevistadigital.com.ar\/blog\/wp-content\/uploads\/1ba3439f735bdd59ebeceaba35678ad5646fc62c.jpg?fit=1140%2C702&ssl=1&resize=1050%2C600 3x"},"classes":[]},{"id":17113,"url":"https:\/\/larevistadigital.com.ar\/blog\/mar-del-plata-video-impresionante-rescate-en-los-acantilados\/","url_meta":{"origin":39192,"position":1},"title":"MAR DEL PLATA: [VIDEO] IMPRESIONANTE RESCATE EN LOS ACANTILADOS","author":"Alejandro Sosa Ruda","date":"22 octubre, 2020","format":false,"excerpt":"Una joven mujer sufri\u00f3 graves lesiones al caer desde un acantilado. El hombre que la acompa\u00f1aba tambi\u00e9n debi\u00f3 ser rescatado al quedar atrapado en una saliente. Se investiga c\u00f3mo ocurrieron los hechos. Una joven mujer de 21 a\u00f1os sufri\u00f3 graves lesiones al caer desde lo alto de un barranco a\u2026","rel":"","context":"En \u00abREGIONALES\u00bb","block_context":{"text":"REGIONALES","link":"https:\/\/larevistadigital.com.ar\/blog\/category\/regionales\/"},"img":{"alt_text":"","src":"https:\/\/i0.wp.com\/larevistadigital.com.ar\/blog\/wp-content\/uploads\/Screenshot_2-113.jpg?fit=1011%2C572&ssl=1&resize=350%2C200","width":350,"height":200,"srcset":"https:\/\/i0.wp.com\/larevistadigital.com.ar\/blog\/wp-content\/uploads\/Screenshot_2-113.jpg?fit=1011%2C572&ssl=1&resize=350%2C200 1x, https:\/\/i0.wp.com\/larevistadigital.com.ar\/blog\/wp-content\/uploads\/Screenshot_2-113.jpg?fit=1011%2C572&ssl=1&resize=525%2C300 1.5x, https:\/\/i0.wp.com\/larevistadigital.com.ar\/blog\/wp-content\/uploads\/Screenshot_2-113.jpg?fit=1011%2C572&ssl=1&resize=700%2C400 2x"},"classes":[]},{"id":44909,"url":"https:\/\/larevistadigital.com.ar\/blog\/dramatico-rescate-en-los-acantilados-de-la-ruta-11-un-hombre-cayo-en-una-zona-peligrosa\/","url_meta":{"origin":39192,"position":2},"title":"Dram\u00e1tico rescate en los acantilados de la Ruta 11: un hombre cay\u00f3 en una zona peligrosa","author":"Alejandro Sosa Ruda","date":"3 abril, 2026","format":false,"excerpt":"Ocurri\u00f3 frente a la planta de efluentes cloacales, en el norte de Mar del Plata. Fue trasladado al HIGA tras un operativo de emergencia. 03 de abril de 2026 Un hombre de 34 a\u00f1os fue rescatado este viernes tras caer en la zona de acantilados ubicada sobre la Ruta 11,\u2026","rel":"","context":"En \u00abPOLICIALES\u00bb","block_context":{"text":"POLICIALES","link":"https:\/\/larevistadigital.com.ar\/blog\/category\/policiales\/"},"img":{"alt_text":"","src":"https:\/\/i0.wp.com\/larevistadigital.com.ar\/blog\/wp-content\/uploads\/Captura-de-pantalla-2026-04-03-234358.jpg?fit=808%2C403&ssl=1&resize=350%2C200","width":350,"height":200,"srcset":"https:\/\/i0.wp.com\/larevistadigital.com.ar\/blog\/wp-content\/uploads\/Captura-de-pantalla-2026-04-03-234358.jpg?fit=808%2C403&ssl=1&resize=350%2C200 1x, https:\/\/i0.wp.com\/larevistadigital.com.ar\/blog\/wp-content\/uploads\/Captura-de-pantalla-2026-04-03-234358.jpg?fit=808%2C403&ssl=1&resize=525%2C300 1.5x, https:\/\/i0.wp.com\/larevistadigital.com.ar\/blog\/wp-content\/uploads\/Captura-de-pantalla-2026-04-03-234358.jpg?fit=808%2C403&ssl=1&resize=700%2C400 2x"},"classes":[]},{"id":28626,"url":"https:\/\/larevistadigital.com.ar\/blog\/mar-del-plata-cayo-una-mamposteria-en-la-calle-y-una-mujer-resulto-herida\/","url_meta":{"origin":39192,"position":3},"title":"MAR DEL PLATA: CAY\u00d3 UNA MAMPOSTER\u00cdA EN LA CALLE Y UNA MUJER RESULT\u00d3 HERIDA","author":"Alejandro Sosa Ruda","date":"27 octubre, 2022","format":false,"excerpt":"El accidente sucedi\u00f3 en Bolivar y Jujuy, en la puerta de un comercio, donde se desprendieron tambi\u00e9n un cartel y un aire acondicionado. La mujer fue trasladada a la Cl\u00ednica Pueyrred\u00f3n con un traumatismo de cr\u00e1neo. 26 de octubre de 2022 MAR DEL PLATA -\u00a0 Este mi\u00e9rcoles, una mujer que\u2026","rel":"","context":"En \u00abREGIONALES\u00bb","block_context":{"text":"REGIONALES","link":"https:\/\/larevistadigital.com.ar\/blog\/category\/regionales\/"},"img":{"alt_text":"","src":"https:\/\/i0.wp.com\/larevistadigital.com.ar\/blog\/wp-content\/uploads\/20221026183000_desprendimiento-de-mamposteria.jpg?fit=880%2C512&ssl=1&resize=350%2C200","width":350,"height":200,"srcset":"https:\/\/i0.wp.com\/larevistadigital.com.ar\/blog\/wp-content\/uploads\/20221026183000_desprendimiento-de-mamposteria.jpg?fit=880%2C512&ssl=1&resize=350%2C200 1x, https:\/\/i0.wp.com\/larevistadigital.com.ar\/blog\/wp-content\/uploads\/20221026183000_desprendimiento-de-mamposteria.jpg?fit=880%2C512&ssl=1&resize=525%2C300 1.5x, https:\/\/i0.wp.com\/larevistadigital.com.ar\/blog\/wp-content\/uploads\/20221026183000_desprendimiento-de-mamposteria.jpg?fit=880%2C512&ssl=1&resize=700%2C400 2x"},"classes":[]},{"id":22194,"url":"https:\/\/larevistadigital.com.ar\/blog\/otra-vez-auto-cayo-sobra-las-rocas-en-mar-del-plata\/","url_meta":{"origin":39192,"position":4},"title":"OTRA VEZ: AUTO CAY\u00d3 SOBRA LAS ROCAS EN MAR DEL PLATA","author":"Alejandro Sosa Ruda","date":"30 septiembre, 2021","format":false,"excerpt":"Por segunda vez en una semana, un veh\u00edculo que transitaba por la costa a la altura del Cabo Corrientes se despist\u00f3 y cay\u00f3 sobre las rocas sin que su conductor sufriera lesiones de gravedad. El siniestro se produjo en la tarde de este jueves cuando, bajo circunstancias que ahora se\u2026","rel":"","context":"En \u00abPOLICIALES\u00bb","block_context":{"text":"POLICIALES","link":"https:\/\/larevistadigital.com.ar\/blog\/category\/policiales\/"},"img":{"alt_text":"","src":"https:\/\/i0.wp.com\/larevistadigital.com.ar\/blog\/wp-content\/uploads\/Captura-de-pantalla-2021-09-30-180058.jpg?fit=1012%2C568&ssl=1&resize=350%2C200","width":350,"height":200,"srcset":"https:\/\/i0.wp.com\/larevistadigital.com.ar\/blog\/wp-content\/uploads\/Captura-de-pantalla-2021-09-30-180058.jpg?fit=1012%2C568&ssl=1&resize=350%2C200 1x, https:\/\/i0.wp.com\/larevistadigital.com.ar\/blog\/wp-content\/uploads\/Captura-de-pantalla-2021-09-30-180058.jpg?fit=1012%2C568&ssl=1&resize=525%2C300 1.5x, https:\/\/i0.wp.com\/larevistadigital.com.ar\/blog\/wp-content\/uploads\/Captura-de-pantalla-2021-09-30-180058.jpg?fit=1012%2C568&ssl=1&resize=700%2C400 2x"},"classes":[]},{"id":31567,"url":"https:\/\/larevistadigital.com.ar\/blog\/mar-del-plata-confirmado-el-cuerpo-hallado-en-los-acantilados-era-tomas-montes-el-estudiante-buscado\/","url_meta":{"origin":39192,"position":5},"title":"MAR DEL PLATA: CONFIRMADO. EL CUERPO HALLADO EN LOS ACANTILADOS ERA TOM\u00c1S MONTES, EL ESTUDIANTE BUSCADO","author":"Alejandro Sosa Ruda","date":"15 mayo, 2023","format":false,"excerpt":"Se confirm\u00f3 que el cuerpo que se hall\u00f3 en Los Acantilados en avanzado estado de descomposici\u00f3n, se trababa de Tom\u00e1s Montes. 15 de mayo de 2023 MAR DEL PLATA -\u00a0 \u00a0Luego de la autopsia al cadaver encontrado en Los Acantilados, se confirm\u00f3 la sospecha: El cuerpo pertenec\u00eda al estudiante desaparecido\u2026","rel":"","context":"En \u00abPOLICIALES\u00bb","block_context":{"text":"POLICIALES","link":"https:\/\/larevistadigital.com.ar\/blog\/category\/policiales\/"},"img":{"alt_text":"","src":"https:\/\/i0.wp.com\/larevistadigital.com.ar\/blog\/wp-content\/uploads\/era-montes.png?fit=813%2C445&ssl=1&resize=350%2C200","width":350,"height":200,"srcset":"https:\/\/i0.wp.com\/larevistadigital.com.ar\/blog\/wp-content\/uploads\/era-montes.png?fit=813%2C445&ssl=1&resize=350%2C200 1x, https:\/\/i0.wp.com\/larevistadigital.com.ar\/blog\/wp-content\/uploads\/era-montes.png?fit=813%2C445&ssl=1&resize=525%2C300 1.5x, https:\/\/i0.wp.com\/larevistadigital.com.ar\/blog\/wp-content\/uploads\/era-montes.png?fit=813%2C445&ssl=1&resize=700%2C400 2x"},"classes":[]}],"_links":{"self":[{"href":"https:\/\/larevistadigital.com.ar\/blog\/wp-json\/wp\/v2\/posts\/39192","targetHints":{"allow":["GET"]}}],"collection":[{"href":"https:\/\/larevistadigital.com.ar\/blog\/wp-json\/wp\/v2\/posts"}],"about":[{"href":"https:\/\/larevistadigital.com.ar\/blog\/wp-json\/wp\/v2\/types\/post"}],"author":[{"embeddable":true,"href":"https:\/\/larevistadigital.com.ar\/blog\/wp-json\/wp\/v2\/users\/3"}],"replies":[{"embeddable":true,"href":"https:\/\/larevistadigital.com.ar\/blog\/wp-json\/wp\/v2\/comments?post=39192"}],"version-history":[{"count":1,"href":"https:\/\/larevistadigital.com.ar\/blog\/wp-json\/wp\/v2\/posts\/39192\/revisions"}],"predecessor-version":[{"id":39194,"href":"https:\/\/larevistadigital.com.ar\/blog\/wp-json\/wp\/v2\/posts\/39192\/revisions\/39194"}],"wp:featuredmedia":[{"embeddable":true,"href":"https:\/\/larevistadigital.com.ar\/blog\/wp-json\/wp\/v2\/media\/39193"}],"wp:attachment":[{"href":"https:\/\/larevistadigital.com.ar\/blog\/wp-json\/wp\/v2\/media?parent=39192"}],"wp:term":[{"taxonomy":"category","embeddable":true,"href":"https:\/\/larevistadigital.com.ar\/blog\/wp-json\/wp\/v2\/categories?post=39192"},{"taxonomy":"post_tag","embeddable":true,"href":"https:\/\/larevistadigital.com.ar\/blog\/wp-json\/wp\/v2\/tags?post=39192"}],"curies":[{"name":"wp","href":"https:\/\/api.w.org\/{rel}","templated":true}]}}