{"id":39195,"date":"2025-03-29T17:12:21","date_gmt":"2025-03-29T20:12:21","guid":{"rendered":"https:\/\/larevistadigital.com.ar\/blog\/?p=39195"},"modified":"2025-03-29T17:14:49","modified_gmt":"2025-03-29T20:14:49","slug":"megaoperativo-en-chascomus-incautan-800-plantas-de-marihuana-y-detienen-a-dos-personas","status":"publish","type":"post","link":"https:\/\/larevistadigital.com.ar\/blog\/megaoperativo-en-chascomus-incautan-800-plantas-de-marihuana-y-detienen-a-dos-personas\/","title":{"rendered":"Megaoperativo en Chascom\u00fas: incautan 800 plantas de marihuana y detienen a dos personas"},"content":{"rendered":"<h2 data-pm-slice=\"1 1 []\">Un impactante operativo policial en Chascom\u00fas dej\u00f3 como saldo el decomiso de 800 plantas de marihuana y la detenci\u00f3n de dos personas, en el marco de una investigaci\u00f3n sobre narcotr\u00e1fico en la regi\u00f3n.<\/h2>\n<p>29 de Marzo de 2025<\/p>\n<p><strong>Adela.- CHASCOM\u00daS &#8211;\u00a0<\/strong> El allanamiento se llev\u00f3 a cabo en una propiedad privada del Paraje Adela, ubicada en el kil\u00f3metro 129 de la Ruta 2. De acuerdo con fuentes oficiales, la intervenci\u00f3n judicial se produjo tras una exhaustiva pesquisa realizada por distintas divisiones de la Polic\u00eda del distrito, lo que permiti\u00f3 ubicar el lugar donde se desarrollaba el presunto cultivo ilegal a gran escala.<\/p>\n<blockquote>\n<h3>La causa est\u00e1 en manos de la Fiscal\u00eda N\u00b0 3 de Dolores, especializada en delitos relacionados con el narcotr\u00e1fico, que ahora profundiza las investigaciones para determinar el verdadero alcance de la actividad il\u00edcita y si existe una red de producci\u00f3n y distribuci\u00f3n en la zona.<\/h3>\n<\/blockquote>\n<p>Este golpe al narcotr\u00e1fico refuerza el compromiso de las fuerzas de seguridad en la lucha contra el delito, mientras se esperan m\u00e1s avances en la causa que podr\u00eda derivar en nuevas detenciones y medidas judiciales en los pr\u00f3ximos d\u00edas.<\/p>\n<p>fuente e imagen: diarioelcronista<\/p>\n","protected":false},"excerpt":{"rendered":"<div class=\"mh-excerpt\"><p>Un impactante operativo policial en Chascom\u00fas dej\u00f3 como saldo el decomiso de 800 plantas de marihuana y la detenci\u00f3n de dos personas, en el marco de una investigaci\u00f3n sobre narcotr\u00e1fico en la regi\u00f3n. 29 de <a class=\"mh-excerpt-more\" href=\"https:\/\/larevistadigital.com.ar\/blog\/megaoperativo-en-chascomus-incautan-800-plantas-de-marihuana-y-detienen-a-dos-personas\/\" title=\"Megaoperativo en Chascom\u00fas: incautan 800 plantas de marihuana y detienen a dos personas\">[Leer M\u00e1s]<\/a><\/p>\n<\/div>","protected":false},"author":3,"featured_media":39196,"comment_status":"open","ping_status":"open","sticky":false,"template":"","format":"standard","meta":{"_jetpack_memberships_contains_paid_content":false,"footnotes":"","jetpack_publicize_message":"","jetpack_publicize_feature_enabled":true,"jetpack_social_post_already_shared":true,"jetpack_social_options":{"image_generator_settings":{"template":"highway","default_image_id":0,"font":"","enabled":false},"version":2}},"categories":[44,51],"tags":[],"class_list":{"0":"post-39195","1":"post","2":"type-post","3":"status-publish","4":"format-standard","5":"has-post-thumbnail","7":"category-policiales","8":"category-regionales"},"jetpack_publicize_connections":[],"jetpack_featured_media_url":"https:\/\/i0.wp.com\/larevistadigital.com.ar\/blog\/wp-content\/uploads\/185a8297e4cad8439682dc60238f40a1ba07ab00.jpg?fit=1140%2C662&ssl=1","jetpack_sharing_enabled":true,"jetpack_shortlink":"https:\/\/wp.me\/p8qtrQ-acb","jetpack-related-posts":[{"id":42424,"url":"https:\/\/larevistadigital.com.ar\/blog\/informe-de-la-procuradoria-sobre-los-operativos-de-drogas-en-chascomus-durante-2025\/","url_meta":{"origin":39195,"position":0},"title":"Informe de la procurador\u00eda sobre los operativos de drogas en Chascom\u00fas durante 2025","author":"Alejandro Sosa Ruda","date":"7 noviembre, 2025","format":false,"excerpt":"CHASCOM\u00daS -\u00a0 \u00a0Seg\u00fan los datos oficiales de la Procuraci\u00f3n General de la Provincia en materia de estupefacientes, en Chascom\u00fas se realizaron 39 allanamientos durante el a\u00f1o 2025, todos bajo autorizaci\u00f3n del Juzgado de Garant\u00edas N\u00b05. De ese total, 27 operativos arrojaron resultados positivos, evidenciando la continuidad del trabajo policial y\u2026","rel":"","context":"En \u00abINTERES GENERAL\u00bb","block_context":{"text":"INTERES GENERAL","link":"https:\/\/larevistadigital.com.ar\/blog\/category\/interes-general\/"},"img":{"alt_text":"","src":"https:\/\/i0.wp.com\/larevistadigital.com.ar\/blog\/wp-content\/uploads\/cultivo-de-marihuana-en-balcones-y-terrazas.jpeg?fit=1024%2C768&ssl=1&resize=350%2C200","width":350,"height":200,"srcset":"https:\/\/i0.wp.com\/larevistadigital.com.ar\/blog\/wp-content\/uploads\/cultivo-de-marihuana-en-balcones-y-terrazas.jpeg?fit=1024%2C768&ssl=1&resize=350%2C200 1x, https:\/\/i0.wp.com\/larevistadigital.com.ar\/blog\/wp-content\/uploads\/cultivo-de-marihuana-en-balcones-y-terrazas.jpeg?fit=1024%2C768&ssl=1&resize=525%2C300 1.5x, https:\/\/i0.wp.com\/larevistadigital.com.ar\/blog\/wp-content\/uploads\/cultivo-de-marihuana-en-balcones-y-terrazas.jpeg?fit=1024%2C768&ssl=1&resize=700%2C400 2x"},"classes":[]},{"id":39243,"url":"https:\/\/larevistadigital.com.ar\/blog\/galeria-de-fotos-y-detalles-del-importante-operativo-en-chascomus-donde-se-secuestro-mas-de-800-plantas-de-marihuana-y-se-detuvo-a-dos-individuos\/","url_meta":{"origin":39195,"position":1},"title":"Galer\u00eda de fotos, y detalles del importante operativo en Chascom\u00fas, donde se secuestr\u00f3 m\u00e1s de 800 plantas de marihuana y se detuvo a dos individuos","author":"Alejandro Sosa Ruda","date":"1 abril, 2025","format":false,"excerpt":"Un impresionante operativo que logr\u00f3 desmantelar una plantaci\u00f3n clandestina de marihuana y distintos elementos para su producci\u00f3n y venta. 01 de Abril de 2025 CHASCOM\u00daS -\u00a0 El 27 de marzo pasado en horas de la ma\u00f1ana, personal policial de la divisi\u00f3n Unidad Operativa Federal de Chascom\u00fas dependiente de polic\u00eda federal\u2026","rel":"","context":"En \u00abINTERES GENERAL\u00bb","block_context":{"text":"INTERES GENERAL","link":"https:\/\/larevistadigital.com.ar\/blog\/category\/interes-general\/"},"img":{"alt_text":"","src":"https:\/\/i0.wp.com\/larevistadigital.com.ar\/blog\/wp-content\/uploads\/WhatsApp-Image-2025-03-31-at-11.53.25-2.jpeg?fit=1200%2C675&ssl=1&resize=350%2C200","width":350,"height":200,"srcset":"https:\/\/i0.wp.com\/larevistadigital.com.ar\/blog\/wp-content\/uploads\/WhatsApp-Image-2025-03-31-at-11.53.25-2.jpeg?fit=1200%2C675&ssl=1&resize=350%2C200 1x, https:\/\/i0.wp.com\/larevistadigital.com.ar\/blog\/wp-content\/uploads\/WhatsApp-Image-2025-03-31-at-11.53.25-2.jpeg?fit=1200%2C675&ssl=1&resize=525%2C300 1.5x, https:\/\/i0.wp.com\/larevistadigital.com.ar\/blog\/wp-content\/uploads\/WhatsApp-Image-2025-03-31-at-11.53.25-2.jpeg?fit=1200%2C675&ssl=1&resize=700%2C400 2x, https:\/\/i0.wp.com\/larevistadigital.com.ar\/blog\/wp-content\/uploads\/WhatsApp-Image-2025-03-31-at-11.53.25-2.jpeg?fit=1200%2C675&ssl=1&resize=1050%2C600 3x"},"classes":[]},{"id":30903,"url":"https:\/\/larevistadigital.com.ar\/blog\/chascomus-aprehenden-a-joven-con-6-plantas-de-marihuana\/","url_meta":{"origin":39195,"position":2},"title":"CHASCOM\u00daS: APREHENDEN A JOVEN CON 6 PLANTAS DE MARIHUANA","author":"Alejandro Sosa Ruda","date":"6 abril, 2023","format":false,"excerpt":"El aprehendido, se movilizaba con una bolsa tipo \"consorcio\" y al ver el m\u00f3vil policial intent\u00f3 esconderse. 6 de abril de 2023 CHASCOM\u00daS -\u00a0 La polic\u00eda estaba de recorrida, en prevenci\u00f3n de delitos y\/o faltas en gral. cuando observaron a una persona masculina que caminaba con una bolsa de color\u2026","rel":"","context":"En \u00abCHASCOM\u00daS\u00bb","block_context":{"text":"CHASCOM\u00daS","link":"https:\/\/larevistadigital.com.ar\/blog\/category\/chascomus\/"},"img":{"alt_text":"","src":"https:\/\/i0.wp.com\/larevistadigital.com.ar\/blog\/wp-content\/uploads\/WhatsApp-Image-2023-04-06-at-09.53.56-1-e1680790680135.jpeg?fit=720%2C774&ssl=1&resize=350%2C200","width":350,"height":200,"srcset":"https:\/\/i0.wp.com\/larevistadigital.com.ar\/blog\/wp-content\/uploads\/WhatsApp-Image-2023-04-06-at-09.53.56-1-e1680790680135.jpeg?fit=720%2C774&ssl=1&resize=350%2C200 1x, https:\/\/i0.wp.com\/larevistadigital.com.ar\/blog\/wp-content\/uploads\/WhatsApp-Image-2023-04-06-at-09.53.56-1-e1680790680135.jpeg?fit=720%2C774&ssl=1&resize=525%2C300 1.5x, https:\/\/i0.wp.com\/larevistadigital.com.ar\/blog\/wp-content\/uploads\/WhatsApp-Image-2023-04-06-at-09.53.56-1-e1680790680135.jpeg?fit=720%2C774&ssl=1&resize=700%2C400 2x"},"classes":[]},{"id":45294,"url":"https:\/\/larevistadigital.com.ar\/blog\/otro-golpe-al-narcotrafico-en-chascomus-la-policia-federal-detuvo-a-un-masculino-y-secuestro-drogas\/","url_meta":{"origin":39195,"position":3},"title":"Otro golpe al narcotr\u00e1fico en Chascom\u00fas: La polic\u00eda Federal detuvo a un masculino y secuestr\u00f3 drogas","author":"Alejandro Sosa Ruda","date":"24 abril, 2026","format":false,"excerpt":"24 De Abril de 2026 CHASCOM\u00daS\u00a0 -\u00a0 La Polic\u00eda Federal Argentina desarticul\u00f3 un punto de venta de drogas que operaba en la ciudad bonaerense de Chascom\u00fas, en el marco de una investigaci\u00f3n por infracci\u00f3n a la Ley N\u00b0 23.737. El operativo culmin\u00f3 con la detenci\u00f3n de un sospechoso y el\u2026","rel":"","context":"En \u00abDESTACADAS\u00bb","block_context":{"text":"DESTACADAS","link":"https:\/\/larevistadigital.com.ar\/blog\/category\/destacadas\/"},"img":{"alt_text":"","src":"https:\/\/i0.wp.com\/larevistadigital.com.ar\/blog\/wp-content\/uploads\/WhatsApp-Image-2026-04-24-at-12.52.30-1.jpeg?fit=710%2C425&ssl=1&resize=350%2C200","width":350,"height":200,"srcset":"https:\/\/i0.wp.com\/larevistadigital.com.ar\/blog\/wp-content\/uploads\/WhatsApp-Image-2026-04-24-at-12.52.30-1.jpeg?fit=710%2C425&ssl=1&resize=350%2C200 1x, https:\/\/i0.wp.com\/larevistadigital.com.ar\/blog\/wp-content\/uploads\/WhatsApp-Image-2026-04-24-at-12.52.30-1.jpeg?fit=710%2C425&ssl=1&resize=525%2C300 1.5x, https:\/\/i0.wp.com\/larevistadigital.com.ar\/blog\/wp-content\/uploads\/WhatsApp-Image-2026-04-24-at-12.52.30-1.jpeg?fit=710%2C425&ssl=1&resize=700%2C400 2x"},"classes":[]},{"id":12628,"url":"https:\/\/larevistadigital.com.ar\/blog\/dos-santos-participo-de-una-importante-reunion-por-la-seguridad-en-la-villa-1-11-14\/","url_meta":{"origin":39195,"position":4},"title":"DOS SANTOS PARTICIP\u00d3 DE UNA IMPORTANTE REUNI\u00d3N POR LA SEGURIDAD EN LA VILLA 1-11-14","author":"Alejandro Sosa Ruda","date":"15 octubre, 2019","format":false,"excerpt":"El m\u00e9dico cirujano y candidato a intendente de Juntos por el Cambio en Chascom\u00fas,\u00a0 Santiago Dos Santos acompa\u00f1o a Miguel \u00c1ngel Pichetto y Patricia Bullrich en la presentaci\u00f3n Programa Barrios Seguros en la villa 1-11-14. Esto indica un fuerte apoyo al m\u00e9dico cirujano en Chascom\u00fas. En la ma\u00f1ana de ayer,\u2026","rel":"","context":"En \u00abINTERES GENERAL\u00bb","block_context":{"text":"INTERES GENERAL","link":"https:\/\/larevistadigital.com.ar\/blog\/category\/interes-general\/"},"img":{"alt_text":"","src":"https:\/\/i0.wp.com\/larevistadigital.com.ar\/blog\/wp-content\/uploads\/72544527_136522644414564_7409268367460139008_n.jpg?fit=720%2C960&ssl=1&resize=350%2C200","width":350,"height":200,"srcset":"https:\/\/i0.wp.com\/larevistadigital.com.ar\/blog\/wp-content\/uploads\/72544527_136522644414564_7409268367460139008_n.jpg?fit=720%2C960&ssl=1&resize=350%2C200 1x, https:\/\/i0.wp.com\/larevistadigital.com.ar\/blog\/wp-content\/uploads\/72544527_136522644414564_7409268367460139008_n.jpg?fit=720%2C960&ssl=1&resize=525%2C300 1.5x, https:\/\/i0.wp.com\/larevistadigital.com.ar\/blog\/wp-content\/uploads\/72544527_136522644414564_7409268367460139008_n.jpg?fit=720%2C960&ssl=1&resize=700%2C400 2x"},"classes":[]},{"id":39270,"url":"https:\/\/larevistadigital.com.ar\/blog\/chascomus-se-secuestraron-estupefacientes-y-se-detuvo-a-un-individuo\/","url_meta":{"origin":39195,"position":5},"title":"Chascom\u00fas: Se secuestraron estupefacientes, y se detuvo a un individuo","author":"Alejandro Sosa Ruda","date":"3 abril, 2025","format":false,"excerpt":"Fue el corolario de una investigaci\u00f3n que demand\u00f3 unos meses. 03 de Abril de 2025 CHASCOM\u00daS -\u00a0\u00a0 Luego de meses de investigar el delito de Comercializaci\u00f3n de estupefacientes, la Subdelegaci\u00f3n de Narcotr\u00e1fico de Chascom\u00fas con intervenci\u00f3n de la U.F.I.J. 3 de Dolores y la Ayudant\u00eda Fiscal de Estupefacientes de chascom\u00fas\u2026","rel":"","context":"En \u00abDESTACADAS\u00bb","block_context":{"text":"DESTACADAS","link":"https:\/\/larevistadigital.com.ar\/blog\/category\/destacadas\/"},"img":{"alt_text":"","src":"https:\/\/i0.wp.com\/larevistadigital.com.ar\/blog\/wp-content\/uploads\/WhatsApp-Image-2025-04-03-at-16.01.44-1.jpeg?fit=900%2C1200&ssl=1&resize=350%2C200","width":350,"height":200,"srcset":"https:\/\/i0.wp.com\/larevistadigital.com.ar\/blog\/wp-content\/uploads\/WhatsApp-Image-2025-04-03-at-16.01.44-1.jpeg?fit=900%2C1200&ssl=1&resize=350%2C200 1x, https:\/\/i0.wp.com\/larevistadigital.com.ar\/blog\/wp-content\/uploads\/WhatsApp-Image-2025-04-03-at-16.01.44-1.jpeg?fit=900%2C1200&ssl=1&resize=525%2C300 1.5x, https:\/\/i0.wp.com\/larevistadigital.com.ar\/blog\/wp-content\/uploads\/WhatsApp-Image-2025-04-03-at-16.01.44-1.jpeg?fit=900%2C1200&ssl=1&resize=700%2C400 2x"},"classes":[]}],"_links":{"self":[{"href":"https:\/\/larevistadigital.com.ar\/blog\/wp-json\/wp\/v2\/posts\/39195","targetHints":{"allow":["GET"]}}],"collection":[{"href":"https:\/\/larevistadigital.com.ar\/blog\/wp-json\/wp\/v2\/posts"}],"about":[{"href":"https:\/\/larevistadigital.com.ar\/blog\/wp-json\/wp\/v2\/types\/post"}],"author":[{"embeddable":true,"href":"https:\/\/larevistadigital.com.ar\/blog\/wp-json\/wp\/v2\/users\/3"}],"replies":[{"embeddable":true,"href":"https:\/\/larevistadigital.com.ar\/blog\/wp-json\/wp\/v2\/comments?post=39195"}],"version-history":[{"count":3,"href":"https:\/\/larevistadigital.com.ar\/blog\/wp-json\/wp\/v2\/posts\/39195\/revisions"}],"predecessor-version":[{"id":39199,"href":"https:\/\/larevistadigital.com.ar\/blog\/wp-json\/wp\/v2\/posts\/39195\/revisions\/39199"}],"wp:featuredmedia":[{"embeddable":true,"href":"https:\/\/larevistadigital.com.ar\/blog\/wp-json\/wp\/v2\/media\/39196"}],"wp:attachment":[{"href":"https:\/\/larevistadigital.com.ar\/blog\/wp-json\/wp\/v2\/media?parent=39195"}],"wp:term":[{"taxonomy":"category","embeddable":true,"href":"https:\/\/larevistadigital.com.ar\/blog\/wp-json\/wp\/v2\/categories?post=39195"},{"taxonomy":"post_tag","embeddable":true,"href":"https:\/\/larevistadigital.com.ar\/blog\/wp-json\/wp\/v2\/tags?post=39195"}],"curies":[{"name":"wp","href":"https:\/\/api.w.org\/{rel}","templated":true}]}}