{"id":39200,"date":"2025-03-30T09:12:30","date_gmt":"2025-03-30T12:12:30","guid":{"rendered":"https:\/\/larevistadigital.com.ar\/blog\/?p=39200"},"modified":"2025-03-30T09:12:30","modified_gmt":"2025-03-30T12:12:30","slug":"alertas-por-tormentas-y-vientos-en-toda-la-region-y-gran-parte-del-pais","status":"publish","type":"post","link":"https:\/\/larevistadigital.com.ar\/blog\/alertas-por-tormentas-y-vientos-en-toda-la-region-y-gran-parte-del-pais\/","title":{"rendered":"Alertas por tormentas y vientos en toda la regi\u00f3n y gran parte del pa\u00eds"},"content":{"rendered":"<h2 data-pm-slice=\"1 1 []\">Se recomienda no salir, y tomar precauciones.<\/h2>\n<p data-pm-slice=\"1 1 []\">30 de Marzo de 2025<\/p>\n<p data-pm-slice=\"1 1 []\"><strong>BUENOS AIRES &#8211;<\/strong>\u00a0 El Servicio Meteorol\u00f3gico Nacional (SMN) ha emitido una alerta amarilla que afecta a varias localidades de la regi\u00f3n, incluyendo <strong>Tordillo, Dolores, Castelli, Lezama, Pila y Chascom\u00fas<\/strong>. Se prev\u00e9 la llegada de tormentas de variada intensidad, algunas de las cuales podr\u00edan ser localmente fuertes y estar acompa\u00f1adas por abundante ca\u00edda de agua en cortos periodos, intensa actividad el\u00e9ctrica y r\u00e1fagas de viento que podr\u00edan alcanzar los 70 km\/h.<\/p>\n<blockquote>\n<h3>Los valores de precipitaci\u00f3n acumulada oscilar\u00e1n entre los 15 y 30 mm, aunque en algunas \u00e1reas podr\u00eda superarse este umbral.<\/h3>\n<\/blockquote>\n<h3>ALERTA NARANJA PARA EL D\u00cdA DE MA\u00d1ANA<\/h3>\n<p>Para el d\u00eda de ma\u00f1ana, el nivel de advertencia se intensifica a naranja en distritos como <strong>Maip\u00fa, General Madariaga, Chiquita y Ayacucho<\/strong>. En estas localidades, se esperan lluvias y tormentas que podr\u00edan ser fuertes o incluso severas.<\/p>\n<p>Este fen\u00f3meno podr\u00eda estar acompa\u00f1ado por precipitaciones intensas, r\u00e1fagas de viento extremadamente fuertes que podr\u00edan superar los 90 km\/h, granizo de distintos tama\u00f1os y una alta frecuencia de actividad el\u00e9ctrica. Se estima que la precipitaci\u00f3n acumulada ronde entre los 30 y 70 mm, aunque podr\u00eda ser superada en algunos sectores.<\/p>\n<h3>RECOMENDACIONES PARA LA POBLACI\u00d3N<\/h3>\n<p>Ante este escenario meteorol\u00f3gico adverso, se recomienda a la poblaci\u00f3n tomar las siguientes precauciones:<\/p>\n<ul data-spread=\"false\">\n<li>Evitar refugiarse bajo \u00e1rboles o postes de electricidad que puedan caer.<\/li>\n<li>Buscar resguardo en un lugar seguro y bajo techo.<\/li>\n<li>Ante cualquier emergencia, comunicarse con los organismos de asistencia:\n<ul data-spread=\"false\">\n<li><strong>Hospital:<\/strong> 107<\/li>\n<li><strong>Polic\u00eda:<\/strong> 911<\/li>\n<li><strong>Bomberos:<\/strong> 100<\/li>\n<li><strong>Defensa Civil:<\/strong> 103<\/li>\n<\/ul>\n<\/li>\n<li>Tener siempre lista una mochila de emergencia con elementos esenciales como linterna, radio, documentos y tel\u00e9fono cargado.<\/li>\n<\/ul>\n<p>Se recomienda a la poblaci\u00f3n mantenerse informada a trav\u00e9s de los canales oficiales para conocer actualizaciones sobre el clima y posibles nuevas advertencias.<\/p>\n","protected":false},"excerpt":{"rendered":"<div class=\"mh-excerpt\"><p>Se recomienda no salir, y tomar precauciones. 30 de Marzo de 2025 BUENOS AIRES &#8211;\u00a0 El Servicio Meteorol\u00f3gico Nacional (SMN) ha emitido una alerta amarilla que afecta a varias localidades de la regi\u00f3n, incluyendo Tordillo, <a class=\"mh-excerpt-more\" href=\"https:\/\/larevistadigital.com.ar\/blog\/alertas-por-tormentas-y-vientos-en-toda-la-region-y-gran-parte-del-pais\/\" title=\"Alertas por tormentas y vientos en toda la regi\u00f3n y gran parte del pa\u00eds\">[Leer M\u00e1s]<\/a><\/p>\n<\/div>","protected":false},"author":3,"featured_media":16709,"comment_status":"open","ping_status":"open","sticky":false,"template":"","format":"standard","meta":{"_jetpack_memberships_contains_paid_content":false,"footnotes":"","jetpack_publicize_message":"","jetpack_publicize_feature_enabled":true,"jetpack_social_post_already_shared":true,"jetpack_social_options":{"image_generator_settings":{"template":"highway","default_image_id":0,"font":"","enabled":false},"version":2}},"categories":[41],"tags":[296],"class_list":{"0":"post-39200","1":"post","2":"type-post","3":"status-publish","4":"format-standard","5":"has-post-thumbnail","7":"category-destacadas","8":"tag-alertasm-tormentas"},"jetpack_publicize_connections":[],"jetpack_featured_media_url":"https:\/\/i0.wp.com\/larevistadigital.com.ar\/blog\/wp-content\/uploads\/ALERTA-METEOROLOGICO.jpg?fit=1140%2C758&ssl=1","jetpack_sharing_enabled":true,"jetpack_shortlink":"https:\/\/wp.me\/p8qtrQ-acg","jetpack-related-posts":[{"id":38819,"url":"https:\/\/larevistadigital.com.ar\/blog\/mar-del-plata-elevan-a-naranja-el-alerta-por-tormentas-habra-rafagas-de-100km-h-y-caera-granizo-nuevamente\/","url_meta":{"origin":39200,"position":0},"title":"Mar del Plata: Elevan a naranja el alerta por tormentas: habr\u00e1 r\u00e1fagas de 100km\/h y \u00bfcaer\u00e1 granizo nuevamente?","author":"Alejandro Sosa Ruda","date":"23 febrero, 2025","format":false,"excerpt":"El SMN indic\u00f3 que se espera la llegada de un frente tormentoso muy intenso durante la madrugada que podr\u00eda desatar abundante ca\u00edda de agua en cortos per\u00edodos. 23 de Febrero de 2025 MAR DEL PLATA -\u00a0 Tras los destrozos provocados por la intensa ca\u00edda de granizo el viernes pasado, Mar\u2026","rel":"","context":"En \u00abDESTACADAS\u00bb","block_context":{"text":"DESTACADAS","link":"https:\/\/larevistadigital.com.ar\/blog\/category\/destacadas\/"},"img":{"alt_text":"","src":"https:\/\/i0.wp.com\/larevistadigital.com.ar\/blog\/wp-content\/uploads\/OU2NGJ5D2ZHRRDSK6LKJA6QYOM.jpeg?fit=1200%2C675&ssl=1&resize=350%2C200","width":350,"height":200,"srcset":"https:\/\/i0.wp.com\/larevistadigital.com.ar\/blog\/wp-content\/uploads\/OU2NGJ5D2ZHRRDSK6LKJA6QYOM.jpeg?fit=1200%2C675&ssl=1&resize=350%2C200 1x, https:\/\/i0.wp.com\/larevistadigital.com.ar\/blog\/wp-content\/uploads\/OU2NGJ5D2ZHRRDSK6LKJA6QYOM.jpeg?fit=1200%2C675&ssl=1&resize=525%2C300 1.5x, https:\/\/i0.wp.com\/larevistadigital.com.ar\/blog\/wp-content\/uploads\/OU2NGJ5D2ZHRRDSK6LKJA6QYOM.jpeg?fit=1200%2C675&ssl=1&resize=700%2C400 2x, https:\/\/i0.wp.com\/larevistadigital.com.ar\/blog\/wp-content\/uploads\/OU2NGJ5D2ZHRRDSK6LKJA6QYOM.jpeg?fit=1200%2C675&ssl=1&resize=1050%2C600 3x"},"classes":[]},{"id":38598,"url":"https:\/\/larevistadigital.com.ar\/blog\/alerta-naranja-por-tormentas-fuertes-en-chascomus-y-la-region\/","url_meta":{"origin":39200,"position":1},"title":"Alerta naranja por tormentas fuertes en Chascom\u00fas y la regi\u00f3n","author":"Alejandro Sosa Ruda","date":"5 febrero, 2025","format":false,"excerpt":"Se recomienda evitar la circulaci\u00f3n y estar atentos a las actualizaciones del pron\u00f3stico. 05 de Febrero de 2025 CHASCOM\u00daS -\u00a0 El Servicio Meteorol\u00f3gico Nacional (SMN) mantiene vigente una alerta naranja para Chascom\u00fas y la regi\u00f3n, que advierte sobre la posible llegada de tormentas fuertes despu\u00e9s del mediod\u00eda de este mi\u00e9rcoles.\u2026","rel":"","context":"En \u00abDESTACADAS\u00bb","block_context":{"text":"DESTACADAS","link":"https:\/\/larevistadigital.com.ar\/blog\/category\/destacadas\/"},"img":{"alt_text":"","src":"https:\/\/i0.wp.com\/larevistadigital.com.ar\/blog\/wp-content\/uploads\/67a39f1f350ea.png?fit=668%2C445&ssl=1&resize=350%2C200","width":350,"height":200,"srcset":"https:\/\/i0.wp.com\/larevistadigital.com.ar\/blog\/wp-content\/uploads\/67a39f1f350ea.png?fit=668%2C445&ssl=1&resize=350%2C200 1x, https:\/\/i0.wp.com\/larevistadigital.com.ar\/blog\/wp-content\/uploads\/67a39f1f350ea.png?fit=668%2C445&ssl=1&resize=525%2C300 1.5x"},"classes":[]},{"id":38008,"url":"https:\/\/larevistadigital.com.ar\/blog\/alerta-amarilla-en-la-region-general-guido-maipu-coronel-vidal-ayacucho-general-madariaga-villa-gesell-y-pinamar\/","url_meta":{"origin":39200,"position":2},"title":"Alerta amarilla en la regi\u00f3n: Chascom\u00fas, Lezama, Castelli, Dolores,  General Guido, Maip\u00fa, Coronel Vidal, Ayacucho, General Madariaga, Villa Gesell y  Pinamar.","author":"Alejandro Sosa Ruda","date":"24 noviembre, 2024","format":false,"excerpt":"Tambi\u00e9n hay alerta naranja para Tandil, Rauch y Balcarce. 24 de Noviembre de 2024 El Servicio Meteorol\u00f3gico Nacional emiti\u00f3 un\u00a0alerta, amarillo que rige para este domingo,\u00a0por posibles tormentas fuertes, intensas r\u00e1fagas de viento y actividad el\u00e9ctrica con posible ca\u00edda de granizo. El alerta alcanza a varios distritos de la regi\u00f3n\u2026","rel":"","context":"En \u00abDESTACADAS\u00bb","block_context":{"text":"DESTACADAS","link":"https:\/\/larevistadigital.com.ar\/blog\/category\/destacadas\/"},"img":{"alt_text":"","src":"https:\/\/i0.wp.com\/larevistadigital.com.ar\/blog\/wp-content\/uploads\/ALERTA-METEOROLOGICO.jpg?fit=1140%2C758&ssl=1&resize=350%2C200","width":350,"height":200,"srcset":"https:\/\/i0.wp.com\/larevistadigital.com.ar\/blog\/wp-content\/uploads\/ALERTA-METEOROLOGICO.jpg?fit=1140%2C758&ssl=1&resize=350%2C200 1x, https:\/\/i0.wp.com\/larevistadigital.com.ar\/blog\/wp-content\/uploads\/ALERTA-METEOROLOGICO.jpg?fit=1140%2C758&ssl=1&resize=525%2C300 1.5x, https:\/\/i0.wp.com\/larevistadigital.com.ar\/blog\/wp-content\/uploads\/ALERTA-METEOROLOGICO.jpg?fit=1140%2C758&ssl=1&resize=700%2C400 2x, https:\/\/i0.wp.com\/larevistadigital.com.ar\/blog\/wp-content\/uploads\/ALERTA-METEOROLOGICO.jpg?fit=1140%2C758&ssl=1&resize=1050%2C600 3x"},"classes":[]},{"id":36913,"url":"https:\/\/larevistadigital.com.ar\/blog\/mar-del-plata-emiten-alerta-amarilla-por-tormentas-para-el-martes\/","url_meta":{"origin":39200,"position":3},"title":"MAR DEL PLATA: EMITEN ALERTA AMARILLA POR TORMENTAS PARA EL MARTES","author":"Alejandro Sosa Ruda","date":"5 agosto, 2024","format":false,"excerpt":"Seg\u00fan datos del Servicio Meteorol\u00f3gico Nacional, se espera abundante ca\u00edda de agua, actividad el\u00e9ctrica y r\u00e1fagas de hasta 50 kil\u00f3metros por hora. 05 de Agosto de 2024 MAR DEL PLATA -\u00a0 El Servicio Meteorol\u00f3gico Nacional (SMN) emiti\u00f3 una alerta amarilla por tormentas fuertes para este martes en Mar del Plata,\u2026","rel":"","context":"En \u00abREGIONALES\u00bb","block_context":{"text":"REGIONALES","link":"https:\/\/larevistadigital.com.ar\/blog\/category\/regionales\/"},"img":{"alt_text":"","src":"https:\/\/i0.wp.com\/larevistadigital.com.ar\/blog\/wp-content\/uploads\/ALERTA-METEOROLOGICO.jpg?fit=1140%2C758&ssl=1&resize=350%2C200","width":350,"height":200,"srcset":"https:\/\/i0.wp.com\/larevistadigital.com.ar\/blog\/wp-content\/uploads\/ALERTA-METEOROLOGICO.jpg?fit=1140%2C758&ssl=1&resize=350%2C200 1x, https:\/\/i0.wp.com\/larevistadigital.com.ar\/blog\/wp-content\/uploads\/ALERTA-METEOROLOGICO.jpg?fit=1140%2C758&ssl=1&resize=525%2C300 1.5x, https:\/\/i0.wp.com\/larevistadigital.com.ar\/blog\/wp-content\/uploads\/ALERTA-METEOROLOGICO.jpg?fit=1140%2C758&ssl=1&resize=700%2C400 2x, https:\/\/i0.wp.com\/larevistadigital.com.ar\/blog\/wp-content\/uploads\/ALERTA-METEOROLOGICO.jpg?fit=1140%2C758&ssl=1&resize=1050%2C600 3x"},"classes":[]},{"id":13610,"url":"https:\/\/larevistadigital.com.ar\/blog\/alerta-por-fuertes-tormentas-con-ocasional-caida-de-granizo-en-la-region\/","url_meta":{"origin":39200,"position":4},"title":"ALERTA POR FUERTES TORMENTAS CON OCASIONAL CA\u00cdDA DE GRANIZO EN LA REGI\u00d3N","author":"Alejandro Sosa Ruda","date":"11 diciembre, 2019","format":false,"excerpt":"El Servicio meteorol\u00f3gico Nacional, emiti\u00f3 una alerta por fuertes tormentas y ocasional ca\u00edda de granizo en la provincia de Buenos Aires, a corto plazo. As\u00ed tambi\u00e9n lo hizo la Municipalidad de Chascom\u00fas, donde advirti\u00f3 tomar los recaudos y cuidados necesarios, adem\u00e1s de publicar nuevamente los tel\u00e9fonos de emergencias.","rel":"","context":"En \u00abINTERES GENERAL\u00bb","block_context":{"text":"INTERES GENERAL","link":"https:\/\/larevistadigital.com.ar\/blog\/category\/interes-general\/"},"img":{"alt_text":"","src":"https:\/\/i0.wp.com\/larevistadigital.com.ar\/blog\/wp-content\/uploads\/Screenshot_1-69.jpg?fit=1200%2C652&ssl=1&resize=350%2C200","width":350,"height":200,"srcset":"https:\/\/i0.wp.com\/larevistadigital.com.ar\/blog\/wp-content\/uploads\/Screenshot_1-69.jpg?fit=1200%2C652&ssl=1&resize=350%2C200 1x, https:\/\/i0.wp.com\/larevistadigital.com.ar\/blog\/wp-content\/uploads\/Screenshot_1-69.jpg?fit=1200%2C652&ssl=1&resize=525%2C300 1.5x, https:\/\/i0.wp.com\/larevistadigital.com.ar\/blog\/wp-content\/uploads\/Screenshot_1-69.jpg?fit=1200%2C652&ssl=1&resize=700%2C400 2x, https:\/\/i0.wp.com\/larevistadigital.com.ar\/blog\/wp-content\/uploads\/Screenshot_1-69.jpg?fit=1200%2C652&ssl=1&resize=1050%2C600 3x"},"classes":[]},{"id":20018,"url":"https:\/\/larevistadigital.com.ar\/blog\/la-plata-alerta-meteorologico-por-tormentas-fuertes\/","url_meta":{"origin":39200,"position":5},"title":"LA PLATA: ALERTA METEOROL\u00d3GICO POR TORMENTAS FUERTES","author":"Alejandro Sosa Ruda","date":"3 mayo, 2021","format":false,"excerpt":"Los especialistas anticipan probabilidades de precipitaciones durante toda la jornada y de variada intensidad, desmejorando hacia la noche. LA PLATA - Para este lunes\u00a0rige una alerta meteorol\u00f3gica en La Plata, por tormentas fuertes y posible ca\u00edda de granizo. As\u00ed lo indica el\u00a0Servicio Meteorol\u00f3gico Nacional,\u00a0que elev\u00f3 una advertencia de\u00a0nivel amarillo\u00a0para la\u2026","rel":"","context":"En \u00abREGIONALES\u00bb","block_context":{"text":"REGIONALES","link":"https:\/\/larevistadigital.com.ar\/blog\/category\/regionales\/"},"img":{"alt_text":"","src":"https:\/\/i0.wp.com\/larevistadigital.com.ar\/blog\/wp-content\/uploads\/LA-PLATA-ALERTA-TORMENTAS.jpg?fit=1000%2C570&ssl=1&resize=350%2C200","width":350,"height":200,"srcset":"https:\/\/i0.wp.com\/larevistadigital.com.ar\/blog\/wp-content\/uploads\/LA-PLATA-ALERTA-TORMENTAS.jpg?fit=1000%2C570&ssl=1&resize=350%2C200 1x, https:\/\/i0.wp.com\/larevistadigital.com.ar\/blog\/wp-content\/uploads\/LA-PLATA-ALERTA-TORMENTAS.jpg?fit=1000%2C570&ssl=1&resize=525%2C300 1.5x, https:\/\/i0.wp.com\/larevistadigital.com.ar\/blog\/wp-content\/uploads\/LA-PLATA-ALERTA-TORMENTAS.jpg?fit=1000%2C570&ssl=1&resize=700%2C400 2x"},"classes":[]}],"_links":{"self":[{"href":"https:\/\/larevistadigital.com.ar\/blog\/wp-json\/wp\/v2\/posts\/39200","targetHints":{"allow":["GET"]}}],"collection":[{"href":"https:\/\/larevistadigital.com.ar\/blog\/wp-json\/wp\/v2\/posts"}],"about":[{"href":"https:\/\/larevistadigital.com.ar\/blog\/wp-json\/wp\/v2\/types\/post"}],"author":[{"embeddable":true,"href":"https:\/\/larevistadigital.com.ar\/blog\/wp-json\/wp\/v2\/users\/3"}],"replies":[{"embeddable":true,"href":"https:\/\/larevistadigital.com.ar\/blog\/wp-json\/wp\/v2\/comments?post=39200"}],"version-history":[{"count":1,"href":"https:\/\/larevistadigital.com.ar\/blog\/wp-json\/wp\/v2\/posts\/39200\/revisions"}],"predecessor-version":[{"id":39201,"href":"https:\/\/larevistadigital.com.ar\/blog\/wp-json\/wp\/v2\/posts\/39200\/revisions\/39201"}],"wp:featuredmedia":[{"embeddable":true,"href":"https:\/\/larevistadigital.com.ar\/blog\/wp-json\/wp\/v2\/media\/16709"}],"wp:attachment":[{"href":"https:\/\/larevistadigital.com.ar\/blog\/wp-json\/wp\/v2\/media?parent=39200"}],"wp:term":[{"taxonomy":"category","embeddable":true,"href":"https:\/\/larevistadigital.com.ar\/blog\/wp-json\/wp\/v2\/categories?post=39200"},{"taxonomy":"post_tag","embeddable":true,"href":"https:\/\/larevistadigital.com.ar\/blog\/wp-json\/wp\/v2\/tags?post=39200"}],"curies":[{"name":"wp","href":"https:\/\/api.w.org\/{rel}","templated":true}]}}