{"id":39202,"date":"2025-03-30T09:41:50","date_gmt":"2025-03-30T12:41:50","guid":{"rendered":"https:\/\/larevistadigital.com.ar\/blog\/?p=39202"},"modified":"2025-03-30T09:41:50","modified_gmt":"2025-03-30T12:41:50","slug":"tragedia-en-la-ruta-88-un-muerto-y-dos-heridas-tras-un-violento-choque","status":"publish","type":"post","link":"https:\/\/larevistadigital.com.ar\/blog\/tragedia-en-la-ruta-88-un-muerto-y-dos-heridas-tras-un-violento-choque\/","title":{"rendered":"Tragedia en la Ruta 88: Un muerto y dos heridas tras un violento choque"},"content":{"rendered":"<h2 class=\"intro\">Sucedi\u00f3 a la altura del kil\u00f3metro 20 entre una camioneta Traffic y un VW Gol. La ruta debi\u00f3 ser cortada en ambos sentidos.<\/h2>\n<p>30 De Marzo de 2025<\/p>\n<p data-pm-slice=\"1 1 []\"><strong>BUENOS AIRES &#8211;<\/strong>\u00a0 Un fatal accidente sacudi\u00f3 la tranquilidad de la noche del s\u00e1bado en la Ruta 88, a la altura del kil\u00f3metro 20. Un hombre perdi\u00f3 la vida y otras dos personas resultaron heridas luego de un impactante choque entre una camioneta Traffic y un VW Gol.<\/p>\n<blockquote>\n<h3>El siniestro se produjo minutos antes de las nueve de la noche, por causas que a\u00fan se investigan. El conductor del VW Gol, que viajaba acompa\u00f1ado por dos mujeres, falleci\u00f3 en el acto debido a la gravedad del impacto.<\/h3>\n<\/blockquote>\n<p>Las dos acompa\u00f1antes fueron rescatadas por personal del SAME y trasladadas de urgencia al Hospital Interzonal General de Agudos (HIGA), donde permanecen bajo observaci\u00f3n m\u00e9dica.<\/p>\n<blockquote>\n<h3>Bomberos y un m\u00f3vil de Riesgos Especiales trabajaron en el lugar para extraer el cuerpo del conductor fallecido, mientras que ambas manos de la ruta debieron ser cortadas temporalmente para facilitar las tareas de rescate y peritaje.<\/h3>\n<\/blockquote>\n<p>Las actuaciones judiciales quedaron a cargo del fiscal de Delitos Culposos <strong>Germ\u00e1n Vera Tapia<\/strong>, quien intentar\u00e1 esclarecer las circunstancias de este tr\u00e1gico episodio en la transitada ruta bonaerense.<\/p>\n<p>fuente: 0223.com.ar<\/p>\n<p>&nbsp;<\/p>\n","protected":false},"excerpt":{"rendered":"<div class=\"mh-excerpt\"><p>Sucedi\u00f3 a la altura del kil\u00f3metro 20 entre una camioneta Traffic y un VW Gol. La ruta debi\u00f3 ser cortada en ambos sentidos. 30 De Marzo de 2025 BUENOS AIRES &#8211;\u00a0 Un fatal accidente sacudi\u00f3 <a class=\"mh-excerpt-more\" href=\"https:\/\/larevistadigital.com.ar\/blog\/tragedia-en-la-ruta-88-un-muerto-y-dos-heridas-tras-un-violento-choque\/\" title=\"Tragedia en la Ruta 88: Un muerto y dos heridas tras un violento choque\">[Leer M\u00e1s]<\/a><\/p>\n<\/div>","protected":false},"author":3,"featured_media":39203,"comment_status":"open","ping_status":"open","sticky":false,"template":"","format":"standard","meta":{"_jetpack_memberships_contains_paid_content":false,"footnotes":"","jetpack_publicize_message":"","jetpack_publicize_feature_enabled":true,"jetpack_social_post_already_shared":true,"jetpack_social_options":{"image_generator_settings":{"template":"highway","default_image_id":0,"font":"","enabled":false},"version":2}},"categories":[44,51],"tags":[],"class_list":{"0":"post-39202","1":"post","2":"type-post","3":"status-publish","4":"format-standard","5":"has-post-thumbnail","7":"category-policiales","8":"category-regionales"},"jetpack_publicize_connections":[],"jetpack_featured_media_url":"https:\/\/i0.wp.com\/larevistadigital.com.ar\/blog\/wp-content\/uploads\/Captura-de-pantalla-2025-03-30-094050.jpg?fit=814%2C343&ssl=1","jetpack_sharing_enabled":true,"jetpack_shortlink":"https:\/\/wp.me\/p8qtrQ-aci","jetpack-related-posts":[{"id":25154,"url":"https:\/\/larevistadigital.com.ar\/blog\/choque-frontal-en-la-ruta-11-dos-muertos\/","url_meta":{"origin":39202,"position":0},"title":"CHOQUE FRONTAL EN LA RUTA 11: DOS MUERTOS","author":"Alejandro Sosa Ruda","date":"18 abril, 2022","format":false,"excerpt":"Ocurri\u00f3 este lunes alrededor de las 17. Las v\u00edctimas fatales son un hombre y una mujer que viajaban en un Volkswagen Gol que colision\u00f3 con una camioneta Jeep. Adem\u00e1s, hay otra persona gravemente herida. Dos personas muertas y otras dos heridas\u00a0fue el saldo que dej\u00f3 un\u00a0choque frontal\u00a0este lunes a la\u2026","rel":"","context":"En \u00abINTERES GENERAL\u00bb","block_context":{"text":"INTERES GENERAL","link":"https:\/\/larevistadigital.com.ar\/blog\/category\/interes-general\/"},"img":{"alt_text":"","src":"https:\/\/i0.wp.com\/larevistadigital.com.ar\/blog\/wp-content\/uploads\/Captura-41.png?fit=908%2C491&ssl=1&resize=350%2C200","width":350,"height":200,"srcset":"https:\/\/i0.wp.com\/larevistadigital.com.ar\/blog\/wp-content\/uploads\/Captura-41.png?fit=908%2C491&ssl=1&resize=350%2C200 1x, https:\/\/i0.wp.com\/larevistadigital.com.ar\/blog\/wp-content\/uploads\/Captura-41.png?fit=908%2C491&ssl=1&resize=525%2C300 1.5x, https:\/\/i0.wp.com\/larevistadigital.com.ar\/blog\/wp-content\/uploads\/Captura-41.png?fit=908%2C491&ssl=1&resize=700%2C400 2x"},"classes":[]},{"id":17738,"url":"https:\/\/larevistadigital.com.ar\/blog\/accidente-fatal-en-la-ruta-11-dos-personas-fallecidas-en-choque-frontal\/","url_meta":{"origin":39202,"position":1},"title":"ACCIDENTE FATAL EN LA RUTA 11: DOS PERSONAS FALLECIDAS EN CHOQUE FRONTAL","author":"Alejandro Sosa Ruda","date":"19 noviembre, 2020","format":false,"excerpt":"El tr\u00e1gico hecho ocurri\u00f3 esta ma\u00f1ana, en el kilometro 385, a la altura de Costa Esmeralda. Adem\u00e1s, hay tres heridos de gravedad. Un accidente fatal ocurri\u00f3 en primeras horas de la ma\u00f1ana de este jueves en el kilometro 385 de la Ruta 11, a la altura de Costa Esmeralda, la\u2026","rel":"","context":"En \u00abPOLICIALES\u00bb","block_context":{"text":"POLICIALES","link":"https:\/\/larevistadigital.com.ar\/blog\/category\/policiales\/"},"img":{"alt_text":"","src":"https:\/\/i0.wp.com\/larevistadigital.com.ar\/blog\/wp-content\/uploads\/3807eff0639874a7cf71b6d3d738cbef1a3c8aa2.jpg?fit=1140%2C711&ssl=1&resize=350%2C200","width":350,"height":200,"srcset":"https:\/\/i0.wp.com\/larevistadigital.com.ar\/blog\/wp-content\/uploads\/3807eff0639874a7cf71b6d3d738cbef1a3c8aa2.jpg?fit=1140%2C711&ssl=1&resize=350%2C200 1x, https:\/\/i0.wp.com\/larevistadigital.com.ar\/blog\/wp-content\/uploads\/3807eff0639874a7cf71b6d3d738cbef1a3c8aa2.jpg?fit=1140%2C711&ssl=1&resize=525%2C300 1.5x, https:\/\/i0.wp.com\/larevistadigital.com.ar\/blog\/wp-content\/uploads\/3807eff0639874a7cf71b6d3d738cbef1a3c8aa2.jpg?fit=1140%2C711&ssl=1&resize=700%2C400 2x, https:\/\/i0.wp.com\/larevistadigital.com.ar\/blog\/wp-content\/uploads\/3807eff0639874a7cf71b6d3d738cbef1a3c8aa2.jpg?fit=1140%2C711&ssl=1&resize=1050%2C600 3x"},"classes":[]},{"id":34049,"url":"https:\/\/larevistadigital.com.ar\/blog\/ruta-11-choque-frontal-con-tres-muertos-a-la-altura-de-villa-gesell\/","url_meta":{"origin":39202,"position":2},"title":"RUTA 11: CHOQUE FRONTAL CON TRES MUERTOS A LA ALTURA DE VILLA GESELL","author":"Alejandro Sosa Ruda","date":"16 octubre, 2023","format":false,"excerpt":"Sucedi\u00f3 ayer al mediod\u00eda y lamentablemente fallecieron tres personas. 16 de Octubre de 2023 VILLA GESELL -\u00a0 Durante la jornada de ayer y en horas del mediod\u00eda, ocurri\u00f3 un terrible accidente en la ruta 11, altura del kil\u00f3metro 446, donde la ruta une Villa Gesell con Mar Chiquita. El accidente\u2026","rel":"","context":"En \u00abREGIONALES\u00bb","block_context":{"text":"REGIONALES","link":"https:\/\/larevistadigital.com.ar\/blog\/category\/regionales\/"},"img":{"alt_text":"","src":"https:\/\/i0.wp.com\/larevistadigital.com.ar\/blog\/wp-content\/uploads\/Captura-de-pantalla-2023-10-16-112205.png?fit=1133%2C494&ssl=1&resize=350%2C200","width":350,"height":200,"srcset":"https:\/\/i0.wp.com\/larevistadigital.com.ar\/blog\/wp-content\/uploads\/Captura-de-pantalla-2023-10-16-112205.png?fit=1133%2C494&ssl=1&resize=350%2C200 1x, https:\/\/i0.wp.com\/larevistadigital.com.ar\/blog\/wp-content\/uploads\/Captura-de-pantalla-2023-10-16-112205.png?fit=1133%2C494&ssl=1&resize=525%2C300 1.5x, https:\/\/i0.wp.com\/larevistadigital.com.ar\/blog\/wp-content\/uploads\/Captura-de-pantalla-2023-10-16-112205.png?fit=1133%2C494&ssl=1&resize=700%2C400 2x, https:\/\/i0.wp.com\/larevistadigital.com.ar\/blog\/wp-content\/uploads\/Captura-de-pantalla-2023-10-16-112205.png?fit=1133%2C494&ssl=1&resize=1050%2C600 3x"},"classes":[]},{"id":10334,"url":"https:\/\/larevistadigital.com.ar\/blog\/10334-2\/","url_meta":{"origin":39202,"position":3},"title":"FUERTE CHOQUE EN LA RUTA 29","author":"Alejandro Sosa Ruda","date":"29 mayo, 2019","format":false,"excerpt":"En la ma\u00f1ana de ayer, se produjo un fuerte choque entre un auto y una camioneta en ruta 29 a la altura del kil\u00f3metro 3. Seg\u00fan supo DLN, el conductor de la camioneta Ford Ranger que circulaba en sentido Brandsen- Jeppener, se cruz\u00f3 de carril para doblar hacia el Feedlot,\u2026","rel":"","context":"En \u00abPOLICIALES\u00bb","block_context":{"text":"POLICIALES","link":"https:\/\/larevistadigital.com.ar\/blog\/category\/policiales\/"},"img":{"alt_text":"","src":"https:\/\/i0.wp.com\/larevistadigital.com.ar\/blog\/wp-content\/uploads\/2019\/05\/Screenshot_2-9.jpg?fit=857%2C559&ssl=1&resize=350%2C200","width":350,"height":200,"srcset":"https:\/\/i0.wp.com\/larevistadigital.com.ar\/blog\/wp-content\/uploads\/2019\/05\/Screenshot_2-9.jpg?fit=857%2C559&ssl=1&resize=350%2C200 1x, https:\/\/i0.wp.com\/larevistadigital.com.ar\/blog\/wp-content\/uploads\/2019\/05\/Screenshot_2-9.jpg?fit=857%2C559&ssl=1&resize=525%2C300 1.5x, https:\/\/i0.wp.com\/larevistadigital.com.ar\/blog\/wp-content\/uploads\/2019\/05\/Screenshot_2-9.jpg?fit=857%2C559&ssl=1&resize=700%2C400 2x"},"classes":[]},{"id":26181,"url":"https:\/\/larevistadigital.com.ar\/blog\/mueren-dos-vecinos-de-gral-madariaga-en-un-accidente-en-la-ruta-74\/","url_meta":{"origin":39202,"position":4},"title":"MUEREN DOS VECINOS DE GRAL. MADARIAGA EN UN ACCIDENTE EN LA RUTA 74","author":"Alejandro Sosa Ruda","date":"28 junio, 2022","format":false,"excerpt":"Las v\u00edctimas fueron un hombre de 74 a\u00f1os y su hija de 48. El choque fatal se produjo a la altura del kil\u00f3metro 19. Dos vecinos de la ciudad de\u00a0General Madariaga\u00a0fallecieron este martes como consecuencia de un fuerte choque ocurrido en el\u00a0kil\u00f3metro 19 de la Ruta 74. El accidente se\u2026","rel":"","context":"En \u00abPOLICIALES\u00bb","block_context":{"text":"POLICIALES","link":"https:\/\/larevistadigital.com.ar\/blog\/category\/policiales\/"},"img":{"alt_text":"","src":"https:\/\/i0.wp.com\/larevistadigital.com.ar\/blog\/wp-content\/uploads\/bf32d54f8cc62cca02a0cf94446617d1dd33c0c5.jpg?fit=1140%2C781&ssl=1&resize=350%2C200","width":350,"height":200,"srcset":"https:\/\/i0.wp.com\/larevistadigital.com.ar\/blog\/wp-content\/uploads\/bf32d54f8cc62cca02a0cf94446617d1dd33c0c5.jpg?fit=1140%2C781&ssl=1&resize=350%2C200 1x, https:\/\/i0.wp.com\/larevistadigital.com.ar\/blog\/wp-content\/uploads\/bf32d54f8cc62cca02a0cf94446617d1dd33c0c5.jpg?fit=1140%2C781&ssl=1&resize=525%2C300 1.5x, https:\/\/i0.wp.com\/larevistadigital.com.ar\/blog\/wp-content\/uploads\/bf32d54f8cc62cca02a0cf94446617d1dd33c0c5.jpg?fit=1140%2C781&ssl=1&resize=700%2C400 2x, https:\/\/i0.wp.com\/larevistadigital.com.ar\/blog\/wp-content\/uploads\/bf32d54f8cc62cca02a0cf94446617d1dd33c0c5.jpg?fit=1140%2C781&ssl=1&resize=1050%2C600 3x"},"classes":[]},{"id":39783,"url":"https:\/\/larevistadigital.com.ar\/blog\/tragedia-en-la-ruta-11-un-choque-frontal-dejo-un-muerto-y-un-herido-grave-cerca-de-mar-azul\/","url_meta":{"origin":39202,"position":5},"title":"Tragedia en la Ruta 11: un choque frontal dej\u00f3 un muerto y un herido grave cerca de Mar Azul","author":"Alejandro Sosa Ruda","date":"19 mayo, 2025","format":false,"excerpt":"\u00a0dEl conductor de un Volkswagen Gol falleci\u00f3 en el acto tras impactar de frente con una camioneta Ford Ranger. El hecho ocurri\u00f3 el s\u00e1bado por la noche y a\u00fan investigan las causas del siniestro. 19 de Mayo de 2025 MAR AZUL -\u00a0 Un nuevo siniestro vial en la Ruta Provincial\u2026","rel":"","context":"En \u00abPOLICIALES\u00bb","block_context":{"text":"POLICIALES","link":"https:\/\/larevistadigital.com.ar\/blog\/category\/policiales\/"},"img":{"alt_text":"","src":"https:\/\/i0.wp.com\/larevistadigital.com.ar\/blog\/wp-content\/uploads\/ef08c4d89ca94c90426cf2b021a5f8d0cd5977b8.jpeg?fit=1125%2C900&ssl=1&resize=350%2C200","width":350,"height":200,"srcset":"https:\/\/i0.wp.com\/larevistadigital.com.ar\/blog\/wp-content\/uploads\/ef08c4d89ca94c90426cf2b021a5f8d0cd5977b8.jpeg?fit=1125%2C900&ssl=1&resize=350%2C200 1x, https:\/\/i0.wp.com\/larevistadigital.com.ar\/blog\/wp-content\/uploads\/ef08c4d89ca94c90426cf2b021a5f8d0cd5977b8.jpeg?fit=1125%2C900&ssl=1&resize=525%2C300 1.5x, https:\/\/i0.wp.com\/larevistadigital.com.ar\/blog\/wp-content\/uploads\/ef08c4d89ca94c90426cf2b021a5f8d0cd5977b8.jpeg?fit=1125%2C900&ssl=1&resize=700%2C400 2x, https:\/\/i0.wp.com\/larevistadigital.com.ar\/blog\/wp-content\/uploads\/ef08c4d89ca94c90426cf2b021a5f8d0cd5977b8.jpeg?fit=1125%2C900&ssl=1&resize=1050%2C600 3x"},"classes":[]}],"_links":{"self":[{"href":"https:\/\/larevistadigital.com.ar\/blog\/wp-json\/wp\/v2\/posts\/39202","targetHints":{"allow":["GET"]}}],"collection":[{"href":"https:\/\/larevistadigital.com.ar\/blog\/wp-json\/wp\/v2\/posts"}],"about":[{"href":"https:\/\/larevistadigital.com.ar\/blog\/wp-json\/wp\/v2\/types\/post"}],"author":[{"embeddable":true,"href":"https:\/\/larevistadigital.com.ar\/blog\/wp-json\/wp\/v2\/users\/3"}],"replies":[{"embeddable":true,"href":"https:\/\/larevistadigital.com.ar\/blog\/wp-json\/wp\/v2\/comments?post=39202"}],"version-history":[{"count":1,"href":"https:\/\/larevistadigital.com.ar\/blog\/wp-json\/wp\/v2\/posts\/39202\/revisions"}],"predecessor-version":[{"id":39204,"href":"https:\/\/larevistadigital.com.ar\/blog\/wp-json\/wp\/v2\/posts\/39202\/revisions\/39204"}],"wp:featuredmedia":[{"embeddable":true,"href":"https:\/\/larevistadigital.com.ar\/blog\/wp-json\/wp\/v2\/media\/39203"}],"wp:attachment":[{"href":"https:\/\/larevistadigital.com.ar\/blog\/wp-json\/wp\/v2\/media?parent=39202"}],"wp:term":[{"taxonomy":"category","embeddable":true,"href":"https:\/\/larevistadigital.com.ar\/blog\/wp-json\/wp\/v2\/categories?post=39202"},{"taxonomy":"post_tag","embeddable":true,"href":"https:\/\/larevistadigital.com.ar\/blog\/wp-json\/wp\/v2\/tags?post=39202"}],"curies":[{"name":"wp","href":"https:\/\/api.w.org\/{rel}","templated":true}]}}