{"id":39205,"date":"2025-03-30T10:35:40","date_gmt":"2025-03-30T13:35:40","guid":{"rendered":"https:\/\/larevistadigital.com.ar\/blog\/?p=39205"},"modified":"2025-03-30T10:35:40","modified_gmt":"2025-03-30T13:35:40","slug":"ola-de-violencia-en-mar-del-plata-tres-hombres-atacados-en-intentos-de-robo-en-pocas-horas","status":"publish","type":"post","link":"https:\/\/larevistadigital.com.ar\/blog\/ola-de-violencia-en-mar-del-plata-tres-hombres-atacados-en-intentos-de-robo-en-pocas-horas\/","title":{"rendered":"Ola de violencia en Mar del Plata: tres hombres atacados en intentos de robo en pocas horas"},"content":{"rendered":"<h2 data-pm-slice=\"1 1 []\"><strong>Las v\u00edctimas sufrieron heridas cortantes y politraumatismos en distintos barrios. La inseguridad sigue golpeando a los vecinos.<\/strong><\/h2>\n<p>30 de Marzo de 2025<\/p>\n<p><strong>MAR DEL PLATA &#8211;<\/strong>\u00a0 La violencia en las calles de la ciudad sum\u00f3 nuevos episodios en menos de seis horas, cuando tres hombres de entre 30 y 45 a\u00f1os ingresaron a la guardia del Hospital Interzonal General de Agudos (HIGA) con heridas tras ser atacados en intentos de robo ocurridos en diferentes puntos.<\/p>\n<p>El primero de los casos se registr\u00f3 minutos antes de las seis de la tarde en el barrio Faro Norte. Un hombre de 30 a\u00f1os fue trasladado de urgencia con una herida de arma blanca en el abdomen tras ser agredido en inmediaciones de Darregueira e Isla de Cerde\u00f1a. Seg\u00fan informaron fuentes sanitarias, la v\u00edctima relat\u00f3 que fue atacada durante un asalto.<\/p>\n<p>Poco despu\u00e9s, alrededor de las siete de la tarde, un hombre de 45 a\u00f1os lleg\u00f3 por sus propios medios al hospital, sin acompa\u00f1ante. Declar\u00f3 que vive en el barrio Virgen de Luj\u00e1n y que fue brutalmente golpeado en un intento de robo mientras regresaba a su hogar. El ataque ocurri\u00f3 en la intersecci\u00f3n de Brandsen y Errea, en el l\u00edmite entre los barrios Libertad y Florentino Ameghino.<\/p>\n<p>El \u00faltimo episodio tuvo lugar minutos antes de la medianoche, cuando un hombre con m\u00faltiples politraumatismos ingres\u00f3 al hospital junto a un acompa\u00f1ante. Al ser interrogado por el personal m\u00e9dico, asegur\u00f3 que lo agredieron durante un intento de robo en la zona de Rodr\u00edguez Pe\u00f1a y David Ortega, en la parte trasera del predio del hospital.<\/p>\n<p>Siguiendo los protocolos establecidos, el Destacamento Policial del HIGA intervino en cada uno de los casos y notific\u00f3 a la fiscal\u00eda en turno. Sin embargo, la escasa informaci\u00f3n brindada por las v\u00edctimas complica el avance de las investigaciones.<\/p>\n<h3><span style=\"color: #ff0000\"><strong>\u00bfHasta cu\u00e1ndo?<\/strong><\/span><\/h3>\n<p>Los hechos de inseguridad contin\u00faan en aumento y la violencia con la que se perpetran preocupa a los ciudadanos. Las calles, que deber\u00edan ser espacios seguros, se han convertido en escenarios de agresiones constantes. Mientras tanto, los vecinos siguen esperando respuestas concretas que devuelvan la tranquilidad a la ciudad.<\/p>\n","protected":false},"excerpt":{"rendered":"<div class=\"mh-excerpt\"><p>Las v\u00edctimas sufrieron heridas cortantes y politraumatismos en distintos barrios. La inseguridad sigue golpeando a los vecinos. 30 de Marzo de 2025 MAR DEL PLATA &#8211;\u00a0 La violencia en las calles de la ciudad sum\u00f3 <a class=\"mh-excerpt-more\" href=\"https:\/\/larevistadigital.com.ar\/blog\/ola-de-violencia-en-mar-del-plata-tres-hombres-atacados-en-intentos-de-robo-en-pocas-horas\/\" title=\"Ola de violencia en Mar del Plata: tres hombres atacados en intentos de robo en pocas horas\">[Leer M\u00e1s]<\/a><\/p>\n<\/div>","protected":false},"author":3,"featured_media":15277,"comment_status":"open","ping_status":"open","sticky":false,"template":"","format":"standard","meta":{"_jetpack_memberships_contains_paid_content":false,"footnotes":"","jetpack_publicize_message":"","jetpack_publicize_feature_enabled":true,"jetpack_social_post_already_shared":true,"jetpack_social_options":{"image_generator_settings":{"template":"highway","default_image_id":0,"font":"","enabled":false},"version":2}},"categories":[44,51],"tags":[],"class_list":{"0":"post-39205","1":"post","2":"type-post","3":"status-publish","4":"format-standard","5":"has-post-thumbnail","7":"category-policiales","8":"category-regionales"},"jetpack_publicize_connections":[],"jetpack_featured_media_url":"https:\/\/i0.wp.com\/larevistadigital.com.ar\/blog\/wp-content\/uploads\/higa.jpg?fit=1140%2C708&ssl=1","jetpack_sharing_enabled":true,"jetpack_shortlink":"https:\/\/wp.me\/p8qtrQ-acl","jetpack-related-posts":[{"id":40932,"url":"https:\/\/larevistadigital.com.ar\/blog\/mar-del-plata-pasajero-de-uber-le-apunto-con-arma-a-la-conductora-y-le-robo-el-auto\/","url_meta":{"origin":39205,"position":0},"title":"Mar del Plata: Pasajero de Uber le apunt\u00f3 con arma a la conductora y le rob\u00f3 el auto","author":"Alejandro Sosa Ruda","date":"15 agosto, 2025","format":false,"excerpt":"La v\u00edctima es una mujer de 60 a\u00f1os. Recuperaron el rodado y aprehendieron a tres hombres. 15 de agosto de 2025 MAR DEL PLATA -\u00a0 \u00a0Una mujer de 60 a\u00f1os, que trabajaba con la aplicaci\u00f3n Uber, fue v\u00edctima de un violento asalto el jueves por la noche, cuando un hombre\u2026","rel":"","context":"En \u00abPOLICIALES\u00bb","block_context":{"text":"POLICIALES","link":"https:\/\/larevistadigital.com.ar\/blog\/category\/policiales\/"},"img":{"alt_text":"","src":"","width":0,"height":0},"classes":[]},{"id":9012,"url":"https:\/\/larevistadigital.com.ar\/blog\/mar-del-plata-ataque-a-tiros-en-la-calle-un-muerto-y-dos-heridos\/","url_meta":{"origin":39205,"position":1},"title":"MAR DEL PLATA: ATAQUE A TIROS EN LA CALLE. UN MUERTO Y DOS HERIDOS","author":"Alejandro Sosa Ruda","date":"12 marzo, 2019","format":false,"excerpt":"El ataque ocurri\u00f3 el domingo a la madrugada en el barrio General San Mart\u00edn. Omar Romad\u00e1n muri\u00f3 en el HIGA y otras dos personas quedaron\u00a0internadas. El noveno homicidio del a\u00f1o en Mar del Plata se confirm\u00f3 el domingo en el Hospital Interzonal General de Agudos (HIGA) cuando m\u00e1s all\u00e1 de\u2026","rel":"","context":"En \u00abPOLICIALES\u00bb","block_context":{"text":"POLICIALES","link":"https:\/\/larevistadigital.com.ar\/blog\/category\/policiales\/"},"img":{"alt_text":"","src":"https:\/\/i0.wp.com\/larevistadigital.com.ar\/blog\/wp-content\/uploads\/2019\/03\/1447176298971.jpg?fit=800%2C488&ssl=1&resize=350%2C200","width":350,"height":200,"srcset":"https:\/\/i0.wp.com\/larevistadigital.com.ar\/blog\/wp-content\/uploads\/2019\/03\/1447176298971.jpg?fit=800%2C488&ssl=1&resize=350%2C200 1x, https:\/\/i0.wp.com\/larevistadigital.com.ar\/blog\/wp-content\/uploads\/2019\/03\/1447176298971.jpg?fit=800%2C488&ssl=1&resize=525%2C300 1.5x, https:\/\/i0.wp.com\/larevistadigital.com.ar\/blog\/wp-content\/uploads\/2019\/03\/1447176298971.jpg?fit=800%2C488&ssl=1&resize=700%2C400 2x"},"classes":[]},{"id":43991,"url":"https:\/\/larevistadigital.com.ar\/blog\/mar-del-plata-allanaban-por-un-robo-y-cayo-un-profugo-por-homicidio-buscado-desde-2016\/","url_meta":{"origin":39205,"position":2},"title":"Mar del Plata: allanaban por un robo y cay\u00f3 un pr\u00f3fugo por homicidio buscado desde 2016","author":"Alejandro Sosa Ruda","date":"14 febrero, 2026","format":false,"excerpt":"El hombre, de 56 a\u00f1os, ten\u00eda pedido de captura activo desde 2016. Fue detenido en el barrio Las Heras durante un operativo por un robo agravado que tambi\u00e9n permiti\u00f3 secuestrar coca\u00edna, armas y recuperar un iPhone 15 sustra\u00eddo. Un hombre que llevaba casi una d\u00e9cada pr\u00f3fugo por un homicidio fue\u2026","rel":"","context":"En \u00abPOLICIALES\u00bb","block_context":{"text":"POLICIALES","link":"https:\/\/larevistadigital.com.ar\/blog\/category\/policiales\/"},"img":{"alt_text":"","src":"https:\/\/i0.wp.com\/larevistadigital.com.ar\/blog\/wp-content\/uploads\/a318c247e564c227bff3905a5527004be9a4f7ea.png?fit=1140%2C703&ssl=1&resize=350%2C200","width":350,"height":200,"srcset":"https:\/\/i0.wp.com\/larevistadigital.com.ar\/blog\/wp-content\/uploads\/a318c247e564c227bff3905a5527004be9a4f7ea.png?fit=1140%2C703&ssl=1&resize=350%2C200 1x, https:\/\/i0.wp.com\/larevistadigital.com.ar\/blog\/wp-content\/uploads\/a318c247e564c227bff3905a5527004be9a4f7ea.png?fit=1140%2C703&ssl=1&resize=525%2C300 1.5x, https:\/\/i0.wp.com\/larevistadigital.com.ar\/blog\/wp-content\/uploads\/a318c247e564c227bff3905a5527004be9a4f7ea.png?fit=1140%2C703&ssl=1&resize=700%2C400 2x, https:\/\/i0.wp.com\/larevistadigital.com.ar\/blog\/wp-content\/uploads\/a318c247e564c227bff3905a5527004be9a4f7ea.png?fit=1140%2C703&ssl=1&resize=1050%2C600 3x"},"classes":[]},{"id":25988,"url":"https:\/\/larevistadigital.com.ar\/blog\/mar-del-plata-una-mujer-y-tres-menores-de-entre-13-y-15-anos-apunalan-y-matan-a-un-turista\/","url_meta":{"origin":39205,"position":3},"title":"MAR DEL PLATA: UNA MUJER Y TRES MENORES DE ENTRE 13 Y 15 A\u00d1OS APU\u00d1ALAN Y MATAN A UN TURISTA","author":"Alejandro Sosa Ruda","date":"20 junio, 2022","format":false,"excerpt":"Una fuerte discusi\u00f3n desde un balc\u00f3n en plena madrugada, sigui\u00f3 con un enfrentamiento entre tres adolescentes y una mujer y dos hombres de 30 a\u00f1os, que termin\u00f3 en tragedia, con uno de ellos muerto de una pu\u00f1alada. MAR DEL PLATA -\u00a0 El confuso episodio comenz\u00f3 en las primeras horas del\u2026","rel":"","context":"En \u00abPOLICIALES\u00bb","block_context":{"text":"POLICIALES","link":"https:\/\/larevistadigital.com.ar\/blog\/category\/policiales\/"},"img":{"alt_text":"","src":"https:\/\/i0.wp.com\/larevistadigital.com.ar\/blog\/wp-content\/uploads\/20220619114044_same-higa-mar-del-plata.jpg?fit=880%2C512&ssl=1&resize=350%2C200","width":350,"height":200,"srcset":"https:\/\/i0.wp.com\/larevistadigital.com.ar\/blog\/wp-content\/uploads\/20220619114044_same-higa-mar-del-plata.jpg?fit=880%2C512&ssl=1&resize=350%2C200 1x, https:\/\/i0.wp.com\/larevistadigital.com.ar\/blog\/wp-content\/uploads\/20220619114044_same-higa-mar-del-plata.jpg?fit=880%2C512&ssl=1&resize=525%2C300 1.5x, https:\/\/i0.wp.com\/larevistadigital.com.ar\/blog\/wp-content\/uploads\/20220619114044_same-higa-mar-del-plata.jpg?fit=880%2C512&ssl=1&resize=700%2C400 2x"},"classes":[]},{"id":29882,"url":"https:\/\/larevistadigital.com.ar\/blog\/mar-del-plata-retuvo-a-su-pareja-tres-dias-la-ato-en-el-bano-la-golpeo-y-la-electrocuto\/","url_meta":{"origin":39205,"position":4},"title":"MAR DEL PLATA: RETUVO A SU PAREJA TRES D\u00cdAS, LA AT\u00d3 EN EL BA\u00d1O, LA GOLPE\u00d3 Y LA ELECTROCUT\u00d3","author":"Alejandro Sosa Ruda","date":"21 enero, 2023","format":false,"excerpt":"Fueron 72 horas de horror. Detuvieron al sujeto que qued\u00f3 alojado en Batan. La situaci\u00f3n fue alertada por un llamado al 911. 21 de enero de 2023 MAR DEL PLATA -\u00a0 Un sujeto de 44 a\u00f1os fue detenido en las \u00faltimas horas en una casa del barrio Malvinas Argentinas de\u2026","rel":"","context":"En \u00abPOLICIALES\u00bb","block_context":{"text":"POLICIALES","link":"https:\/\/larevistadigital.com.ar\/blog\/category\/policiales\/"},"img":{"alt_text":"","src":"https:\/\/i0.wp.com\/larevistadigital.com.ar\/blog\/wp-content\/uploads\/21211f6e217617e399e6cae3eade5d7a48c184ff.jpg?fit=1140%2C656&ssl=1&resize=350%2C200","width":350,"height":200,"srcset":"https:\/\/i0.wp.com\/larevistadigital.com.ar\/blog\/wp-content\/uploads\/21211f6e217617e399e6cae3eade5d7a48c184ff.jpg?fit=1140%2C656&ssl=1&resize=350%2C200 1x, https:\/\/i0.wp.com\/larevistadigital.com.ar\/blog\/wp-content\/uploads\/21211f6e217617e399e6cae3eade5d7a48c184ff.jpg?fit=1140%2C656&ssl=1&resize=525%2C300 1.5x, https:\/\/i0.wp.com\/larevistadigital.com.ar\/blog\/wp-content\/uploads\/21211f6e217617e399e6cae3eade5d7a48c184ff.jpg?fit=1140%2C656&ssl=1&resize=700%2C400 2x, https:\/\/i0.wp.com\/larevistadigital.com.ar\/blog\/wp-content\/uploads\/21211f6e217617e399e6cae3eade5d7a48c184ff.jpg?fit=1140%2C656&ssl=1&resize=1050%2C600 3x"},"classes":[]},{"id":43114,"url":"https:\/\/larevistadigital.com.ar\/blog\/villa-gesell-un-bebe-sufrio-heridas-de-gravedad-tras-ser-mordido-por-un-perro\/","url_meta":{"origin":39205,"position":5},"title":"Villa Gesell: Un beb\u00e9 sufri\u00f3 heridas de gravedad tras ser mordido por un perro","author":"Alejandro Sosa Ruda","date":"2 enero, 2026","format":false,"excerpt":"El menor sufri\u00f3 una grave herida en el rostro y debi\u00f3 ser trasladado de urgencia al Hospital Materno Infantil de Mar del Plata. Interviene Zoonosis. 02 de enero de 2026 Un grave episodio ocurrido durante los festejos de A\u00f1o Nuevo en Villa Gesell gener\u00f3 preocupaci\u00f3n y moviliz\u00f3 al sistema de\u2026","rel":"","context":"En \u00abPOLICIALES\u00bb","block_context":{"text":"POLICIALES","link":"https:\/\/larevistadigital.com.ar\/blog\/category\/policiales\/"},"img":{"alt_text":"","src":"https:\/\/i0.wp.com\/larevistadigital.com.ar\/blog\/wp-content\/uploads\/Captura-de-pantalla-2026-01-02-161343.jpg?fit=785%2C461&ssl=1&resize=350%2C200","width":350,"height":200,"srcset":"https:\/\/i0.wp.com\/larevistadigital.com.ar\/blog\/wp-content\/uploads\/Captura-de-pantalla-2026-01-02-161343.jpg?fit=785%2C461&ssl=1&resize=350%2C200 1x, https:\/\/i0.wp.com\/larevistadigital.com.ar\/blog\/wp-content\/uploads\/Captura-de-pantalla-2026-01-02-161343.jpg?fit=785%2C461&ssl=1&resize=525%2C300 1.5x, https:\/\/i0.wp.com\/larevistadigital.com.ar\/blog\/wp-content\/uploads\/Captura-de-pantalla-2026-01-02-161343.jpg?fit=785%2C461&ssl=1&resize=700%2C400 2x"},"classes":[]}],"_links":{"self":[{"href":"https:\/\/larevistadigital.com.ar\/blog\/wp-json\/wp\/v2\/posts\/39205","targetHints":{"allow":["GET"]}}],"collection":[{"href":"https:\/\/larevistadigital.com.ar\/blog\/wp-json\/wp\/v2\/posts"}],"about":[{"href":"https:\/\/larevistadigital.com.ar\/blog\/wp-json\/wp\/v2\/types\/post"}],"author":[{"embeddable":true,"href":"https:\/\/larevistadigital.com.ar\/blog\/wp-json\/wp\/v2\/users\/3"}],"replies":[{"embeddable":true,"href":"https:\/\/larevistadigital.com.ar\/blog\/wp-json\/wp\/v2\/comments?post=39205"}],"version-history":[{"count":1,"href":"https:\/\/larevistadigital.com.ar\/blog\/wp-json\/wp\/v2\/posts\/39205\/revisions"}],"predecessor-version":[{"id":39206,"href":"https:\/\/larevistadigital.com.ar\/blog\/wp-json\/wp\/v2\/posts\/39205\/revisions\/39206"}],"wp:featuredmedia":[{"embeddable":true,"href":"https:\/\/larevistadigital.com.ar\/blog\/wp-json\/wp\/v2\/media\/15277"}],"wp:attachment":[{"href":"https:\/\/larevistadigital.com.ar\/blog\/wp-json\/wp\/v2\/media?parent=39205"}],"wp:term":[{"taxonomy":"category","embeddable":true,"href":"https:\/\/larevistadigital.com.ar\/blog\/wp-json\/wp\/v2\/categories?post=39205"},{"taxonomy":"post_tag","embeddable":true,"href":"https:\/\/larevistadigital.com.ar\/blog\/wp-json\/wp\/v2\/tags?post=39205"}],"curies":[{"name":"wp","href":"https:\/\/api.w.org\/{rel}","templated":true}]}}