{"id":39220,"date":"2025-03-30T13:25:34","date_gmt":"2025-03-30T16:25:34","guid":{"rendered":"https:\/\/larevistadigital.com.ar\/blog\/?p=39220"},"modified":"2025-03-30T13:25:34","modified_gmt":"2025-03-30T16:25:34","slug":"nissan-anuncia-el-cierre-de-su-planta-en-cordoba-y-deja-de-producir-en-argentina","status":"publish","type":"post","link":"https:\/\/larevistadigital.com.ar\/blog\/nissan-anuncia-el-cierre-de-su-planta-en-cordoba-y-deja-de-producir-en-argentina\/","title":{"rendered":"Nissan anuncia el cierre de su planta en C\u00f3rdoba y deja de producir en Argentina"},"content":{"rendered":"<h3 class=\"fparrafo ctext fz18 lh25\">La automotriz japonesa Nissan confirm\u00f3 que cesar\u00e1 sus operaciones en C\u00f3rdoba y cerrar\u00e1 su planta de producci\u00f3n a finales de 2025, una decisi\u00f3n que representa un duro golpe para la industria local, especialmente para el sector automotriz, autopartista y metalmec\u00e1nico.<\/h3>\n<p>30 De Marzo de 2025<\/p>\n<p><strong>CORDOBA &#8211;\u00a0<\/strong> Los rumores sobre esta medida comenzaron a circular a finales del a\u00f1o pasado y se intensificaron en febrero. Tras varias desmentidas y postergaciones, la Provincia finalmente confirm\u00f3 la noticia a trav\u00e9s del ministro de Industria, Pedro Dellarossa.<\/p>\n<blockquote>\n<h3>Seg\u00fan reporta el sitio especialiado, Infogremmiales, el funcionario cordob\u00e9s, explic\u00f3 que la decisi\u00f3n responde a \u201cestrategias globales\u201d de la compa\u00f1\u00eda y no \u00fanicamente a su desempe\u00f1o en el mercado local.<\/h3>\n<\/blockquote>\n<p><strong><em>\u00abEs parte de una reestructuraci\u00f3n por la dif\u00edcil situaci\u00f3n que enfrenta la empresa a nivel internacional. Adem\u00e1s del cierre en C\u00f3rdoba, tambi\u00e9n se cerrar\u00e1n otras dos plantas en distintas locaciones\u00bb<\/em><\/strong>, detall\u00f3 <strong>Dellarossa<\/strong>.<\/p>\n<p>En su planta de Santa Isabel, Nissan fabrica las pick-ups Frontier y Alaskan (esta \u00faltima para Renault). Sin embargo, desde principios de febrero, se comenzaron a implementar paradas anticipadas en la producci\u00f3n, adem\u00e1s de reducir el esquema laboral a un solo turno y con suspensiones que afectan a m\u00e1s de 250 operarios.<\/p>\n<p>Nissan inici\u00f3 la producci\u00f3n de sus pick-ups en 2018, con una inversi\u00f3n cercana a 600 millones de d\u00f3lares. El plan original contemplaba la fabricaci\u00f3n de tres modelos: la Frontier, la Alaskan y una camioneta para Mercedes-Benz, aunque la automotriz alemana se retir\u00f3 del proyecto antes de su concreci\u00f3n.<\/p>\n<blockquote>\n<h3>Pese a los esfuerzos por consolidar un polo de producci\u00f3n de veh\u00edculos utilitarios en C\u00f3rdoba, con apoyo estatal en forma de subsidios y beneficios fiscales, la empresa decidi\u00f3 finalmente interrumpir sus operaciones en el pa\u00eds.<\/h3>\n<\/blockquote>\n<p><span style=\"color: #ff0000\"><b>Renault en la mira<\/b><\/span><\/p>\n<p>Por otro lado, desde la Provincia aclararon que no hay confirmaci\u00f3n oficial sobre una posible discontinuaci\u00f3n de la producci\u00f3n de los modelos Logan, Sandero y Stepway por parte de Renault.<\/p>\n<p><span style=\"color: #ff0000\"><b>Problema \u201ct\u00e9cnico\u201d<\/b><\/span><\/p>\n<p>Se especula que la actual interrupci\u00f3n en su fabricaci\u00f3n se debe a un problema t\u00e9cnico en una prensa de estampado en la planta de El Palomar, lo que gener\u00f3 falta de piezas. Se espera que la producci\u00f3n se reanude este 31 de marzo.\u00a0<b>(InfoGEI)Jd<\/b><\/p>\n","protected":false},"excerpt":{"rendered":"<div class=\"mh-excerpt\"><p>La automotriz japonesa Nissan confirm\u00f3 que cesar\u00e1 sus operaciones en C\u00f3rdoba y cerrar\u00e1 su planta de producci\u00f3n a finales de 2025, una decisi\u00f3n que representa un duro golpe para la industria local, especialmente para el <a class=\"mh-excerpt-more\" href=\"https:\/\/larevistadigital.com.ar\/blog\/nissan-anuncia-el-cierre-de-su-planta-en-cordoba-y-deja-de-producir-en-argentina\/\" title=\"Nissan anuncia el cierre de su planta en C\u00f3rdoba y deja de producir en Argentina\">[Leer M\u00e1s]<\/a><\/p>\n<\/div>","protected":false},"author":3,"featured_media":39221,"comment_status":"open","ping_status":"open","sticky":false,"template":"","format":"standard","meta":{"_jetpack_memberships_contains_paid_content":false,"footnotes":"","jetpack_publicize_message":"","jetpack_publicize_feature_enabled":true,"jetpack_social_post_already_shared":true,"jetpack_social_options":{"image_generator_settings":{"template":"highway","default_image_id":0,"font":"","enabled":false},"version":2}},"categories":[50,12],"tags":[],"class_list":{"0":"post-39220","1":"post","2":"type-post","3":"status-publish","4":"format-standard","5":"has-post-thumbnail","7":"category-interes-general","8":"category-politica"},"jetpack_publicize_connections":[],"jetpack_featured_media_url":"https:\/\/i0.wp.com\/larevistadigital.com.ar\/blog\/wp-content\/uploads\/20250328184124_nissan-cierra-planta-cordoba.jpg?fit=880%2C512&ssl=1","jetpack_sharing_enabled":true,"jetpack_shortlink":"https:\/\/wp.me\/p8qtrQ-acA","jetpack-related-posts":[{"id":131,"url":"https:\/\/larevistadigital.com.ar\/blog\/cristiano-rattazzi-no-se-puede-dejar-atrasar-dolar\/","url_meta":{"origin":39220,"position":0},"title":"Cristiano Rattazzi: \u00abNo se puede dejar atrasar el d\u00f3lar\u00bb","author":"editor","date":"12 febrero, 2017","format":false,"excerpt":"El presidente de Fiat Chrysler Autom\u00f3viles (FCA) destac\u00f3 que no se puede mantener mucho tiempo altas tasas de inter\u00e9s y tipo de cambio en baja En un encuentro con varios medios, entre los que se encontraban El Cronista, La Naci\u00f3n e Infobae, Cristiano Rattazzi, luego de la presentaci\u00f3n de la\u2026","rel":"","context":"En \u00abECONOMIA\u00bb","block_context":{"text":"ECONOMIA","link":"https:\/\/larevistadigital.com.ar\/blog\/category\/economia\/"},"img":{"alt_text":"","src":"https:\/\/i0.wp.com\/larevistadigital.com.ar\/blog\/wp-content\/uploads\/2017\/02\/0014857902.jpg?fit=770%2C433&ssl=1&resize=350%2C200","width":350,"height":200,"srcset":"https:\/\/i0.wp.com\/larevistadigital.com.ar\/blog\/wp-content\/uploads\/2017\/02\/0014857902.jpg?fit=770%2C433&ssl=1&resize=350%2C200 1x, https:\/\/i0.wp.com\/larevistadigital.com.ar\/blog\/wp-content\/uploads\/2017\/02\/0014857902.jpg?fit=770%2C433&ssl=1&resize=525%2C300 1.5x, https:\/\/i0.wp.com\/larevistadigital.com.ar\/blog\/wp-content\/uploads\/2017\/02\/0014857902.jpg?fit=770%2C433&ssl=1&resize=700%2C400 2x"},"classes":[]},{"id":27996,"url":"https:\/\/larevistadigital.com.ar\/blog\/enterate-cual-sera-el-color-tendencia-para-la-temporada-2022-23-en-la-industria-automotriz\/","url_meta":{"origin":39220,"position":1},"title":"ENTERATE CUAL SER\u00c1 EL COLOR TENDENCIA PARA LA TEMPORADA 2022\/23 EN LA INDUSTRIA AUTOMOTRIZ","author":"Alejandro Sosa Ruda","date":"22 septiembre, 2022","format":false,"excerpt":"Lo m\u00e1s populares ahora son blanco, negro, gris y plateado. 22 de septiembre de 2022 El color clave para la industria automotriz en la temporada 2022-2023 ser\u00e1 el\u00a0beige cobrizo, de acuerdo a un informe del fabricante BASF. Los dise\u00f1adores explican que este color \u201ctiene un brillo resplandeciente que\u00a0queda muy bien\u2026","rel":"","context":"En \u00abINTERES GENERAL\u00bb","block_context":{"text":"INTERES GENERAL","link":"https:\/\/larevistadigital.com.ar\/blog\/category\/interes-general\/"},"img":{"alt_text":"","src":"https:\/\/i0.wp.com\/larevistadigital.com.ar\/blog\/wp-content\/uploads\/colores-auto.jpg?fit=1200%2C675&ssl=1&resize=350%2C200","width":350,"height":200,"srcset":"https:\/\/i0.wp.com\/larevistadigital.com.ar\/blog\/wp-content\/uploads\/colores-auto.jpg?fit=1200%2C675&ssl=1&resize=350%2C200 1x, https:\/\/i0.wp.com\/larevistadigital.com.ar\/blog\/wp-content\/uploads\/colores-auto.jpg?fit=1200%2C675&ssl=1&resize=525%2C300 1.5x, https:\/\/i0.wp.com\/larevistadigital.com.ar\/blog\/wp-content\/uploads\/colores-auto.jpg?fit=1200%2C675&ssl=1&resize=700%2C400 2x, https:\/\/i0.wp.com\/larevistadigital.com.ar\/blog\/wp-content\/uploads\/colores-auto.jpg?fit=1200%2C675&ssl=1&resize=1050%2C600 3x"},"classes":[]},{"id":13823,"url":"https:\/\/larevistadigital.com.ar\/blog\/paso-lo-peor-hallan-el-cuerpo-calcinado-del-ginecologo-desaparecido-en-cordoba\/","url_meta":{"origin":39220,"position":2},"title":"PAS\u00d3 LO PEOR: HALLAN EL CUERPO CALCINADO DEL GINEC\u00d3LOGO DESAPARECIDO EN CORDOBA","author":"Alejandro Sosa Ruda","date":"26 diciembre, 2019","format":false,"excerpt":"El cuerpo del ginec\u00f3logo\u00a0Daniel Casermeiro,\u00a0fue hallado calcinado este jueves por la noche en la provincia de\u00a0C\u00f3rdoba. El cad\u00e1ver fue trasladado a la morgue, donde se le est\u00e1 realizando la correspondiente autopsia. El fiscal\u00a0Bernardo Alberione\u00a0confirm\u00f3 al medio local\u00a0La Voz\u00a0de\u00a0San Justo\u00a0que el cuerpo encontrado en un sector de pastizales al costado de\u2026","rel":"","context":"En \u00abDESTACADAS\u00bb","block_context":{"text":"DESTACADAS","link":"https:\/\/larevistadigital.com.ar\/blog\/category\/destacadas\/"},"img":{"alt_text":"","src":"https:\/\/i0.wp.com\/larevistadigital.com.ar\/blog\/wp-content\/uploads\/1577412417241.jpg?fit=1200%2C674&ssl=1&resize=350%2C200","width":350,"height":200,"srcset":"https:\/\/i0.wp.com\/larevistadigital.com.ar\/blog\/wp-content\/uploads\/1577412417241.jpg?fit=1200%2C674&ssl=1&resize=350%2C200 1x, https:\/\/i0.wp.com\/larevistadigital.com.ar\/blog\/wp-content\/uploads\/1577412417241.jpg?fit=1200%2C674&ssl=1&resize=525%2C300 1.5x, https:\/\/i0.wp.com\/larevistadigital.com.ar\/blog\/wp-content\/uploads\/1577412417241.jpg?fit=1200%2C674&ssl=1&resize=700%2C400 2x, https:\/\/i0.wp.com\/larevistadigital.com.ar\/blog\/wp-content\/uploads\/1577412417241.jpg?fit=1200%2C674&ssl=1&resize=1050%2C600 3x"},"classes":[]},{"id":32953,"url":"https:\/\/larevistadigital.com.ar\/blog\/bahia-blanca-una-empresa-comienza-a-producir-insumos-para-la-industria-del-litio\/","url_meta":{"origin":39220,"position":3},"title":"BAH\u00cdA BLANCA: UNA EMPRESA COMIENZA A PRODUCIR INSUMOS PARA LA INDUSTRIA DEL LITIO","author":"Alejandro Sosa Ruda","date":"21 agosto, 2023","format":false,"excerpt":"La compa\u00f1\u00eda invirti\u00f3 en mejorar la seguridad, confiabilidad y competitividad de su planta en el pa\u00eds, lo que le permiti\u00f3 ampliar durante los \u00faltimos meses su capacidad de producci\u00f3n de cloro. 21 de agosto de 2023 BAH\u00cdA BLANCA -\u00a0 \u00a0La empresa petroqu\u00edmica Unipar ubicada en Bah\u00eda Blanca anunci\u00f3 que a\u2026","rel":"","context":"En \u00abREGIONALES\u00bb","block_context":{"text":"REGIONALES","link":"https:\/\/larevistadigital.com.ar\/blog\/category\/regionales\/"},"img":{"alt_text":"","src":"https:\/\/i0.wp.com\/larevistadigital.com.ar\/blog\/wp-content\/uploads\/20230821171215_unipar.jpg?fit=880%2C512&ssl=1&resize=350%2C200","width":350,"height":200,"srcset":"https:\/\/i0.wp.com\/larevistadigital.com.ar\/blog\/wp-content\/uploads\/20230821171215_unipar.jpg?fit=880%2C512&ssl=1&resize=350%2C200 1x, https:\/\/i0.wp.com\/larevistadigital.com.ar\/blog\/wp-content\/uploads\/20230821171215_unipar.jpg?fit=880%2C512&ssl=1&resize=525%2C300 1.5x, https:\/\/i0.wp.com\/larevistadigital.com.ar\/blog\/wp-content\/uploads\/20230821171215_unipar.jpg?fit=880%2C512&ssl=1&resize=700%2C400 2x"},"classes":[]},{"id":9745,"url":"https:\/\/larevistadigital.com.ar\/blog\/lezama-17-empleados-municipales-pasaron-a-planta-permanente-y-30-fueron-recategorizados\/","url_meta":{"origin":39220,"position":4},"title":"LEZAMA: 17 EMPLEADOS MUNICIPALES PASARON A PLANTA PERMANENTE Y 30 FUERON RECATEGORIZADOS","author":"Alejandro Sosa Ruda","date":"18 abril, 2019","format":false,"excerpt":"El Departamento Ejecutivo confirm\u00f3 en el d\u00eda de la fecha los pases a Planta Permanente y los cambios de categor\u00eda de un importante n\u00famero de empleados que prestan servicios en las distintas \u00e1reas de la Municipalidad de Lezama. Son 17 los agentes que obtuvieron el pase a Planta Permanente y\u2026","rel":"","context":"En \u00abLEZAMA\u00bb","block_context":{"text":"LEZAMA","link":"https:\/\/larevistadigital.com.ar\/blog\/category\/lezama\/"},"img":{"alt_text":"","src":"https:\/\/i0.wp.com\/larevistadigital.com.ar\/blog\/wp-content\/uploads\/2019\/04\/57154197_1440083409517689_5208683122496897024_n.jpg?fit=960%2C720&ssl=1&resize=350%2C200","width":350,"height":200,"srcset":"https:\/\/i0.wp.com\/larevistadigital.com.ar\/blog\/wp-content\/uploads\/2019\/04\/57154197_1440083409517689_5208683122496897024_n.jpg?fit=960%2C720&ssl=1&resize=350%2C200 1x, https:\/\/i0.wp.com\/larevistadigital.com.ar\/blog\/wp-content\/uploads\/2019\/04\/57154197_1440083409517689_5208683122496897024_n.jpg?fit=960%2C720&ssl=1&resize=525%2C300 1.5x, https:\/\/i0.wp.com\/larevistadigital.com.ar\/blog\/wp-content\/uploads\/2019\/04\/57154197_1440083409517689_5208683122496897024_n.jpg?fit=960%2C720&ssl=1&resize=700%2C400 2x"},"classes":[]},{"id":30729,"url":"https:\/\/larevistadigital.com.ar\/blog\/murio-tristan-a-los-86-anos-de-edad\/","url_meta":{"origin":39220,"position":5},"title":"MURI\u00d3 TRIST\u00c1N A LOS 86 A\u00d1OS DE EDAD","author":"Alejandro Sosa Ruda","date":"25 marzo, 2023","format":false,"excerpt":"El actor estaba internado en un hospital de C\u00f3rdoba en grave estado por una neumon\u00eda bilateral. Particip\u00f3 en 32 pel\u00edculas y 40 obras de teatro. 25 de marzo de 2023 La noticia se la confirm\u00f3 a Teleshow su hijo, Mariano D\u00edaz Ocampo. El actor se encontraba internado en el Hospital\u2026","rel":"","context":"En \u00abINTERES GENERAL\u00bb","block_context":{"text":"INTERES GENERAL","link":"https:\/\/larevistadigital.com.ar\/blog\/category\/interes-general\/"},"img":{"alt_text":"","src":"https:\/\/i0.wp.com\/larevistadigital.com.ar\/blog\/wp-content\/uploads\/tristan.jpg?fit=800%2C448&ssl=1&resize=350%2C200","width":350,"height":200,"srcset":"https:\/\/i0.wp.com\/larevistadigital.com.ar\/blog\/wp-content\/uploads\/tristan.jpg?fit=800%2C448&ssl=1&resize=350%2C200 1x, https:\/\/i0.wp.com\/larevistadigital.com.ar\/blog\/wp-content\/uploads\/tristan.jpg?fit=800%2C448&ssl=1&resize=525%2C300 1.5x, https:\/\/i0.wp.com\/larevistadigital.com.ar\/blog\/wp-content\/uploads\/tristan.jpg?fit=800%2C448&ssl=1&resize=700%2C400 2x"},"classes":[]}],"_links":{"self":[{"href":"https:\/\/larevistadigital.com.ar\/blog\/wp-json\/wp\/v2\/posts\/39220","targetHints":{"allow":["GET"]}}],"collection":[{"href":"https:\/\/larevistadigital.com.ar\/blog\/wp-json\/wp\/v2\/posts"}],"about":[{"href":"https:\/\/larevistadigital.com.ar\/blog\/wp-json\/wp\/v2\/types\/post"}],"author":[{"embeddable":true,"href":"https:\/\/larevistadigital.com.ar\/blog\/wp-json\/wp\/v2\/users\/3"}],"replies":[{"embeddable":true,"href":"https:\/\/larevistadigital.com.ar\/blog\/wp-json\/wp\/v2\/comments?post=39220"}],"version-history":[{"count":1,"href":"https:\/\/larevistadigital.com.ar\/blog\/wp-json\/wp\/v2\/posts\/39220\/revisions"}],"predecessor-version":[{"id":39222,"href":"https:\/\/larevistadigital.com.ar\/blog\/wp-json\/wp\/v2\/posts\/39220\/revisions\/39222"}],"wp:featuredmedia":[{"embeddable":true,"href":"https:\/\/larevistadigital.com.ar\/blog\/wp-json\/wp\/v2\/media\/39221"}],"wp:attachment":[{"href":"https:\/\/larevistadigital.com.ar\/blog\/wp-json\/wp\/v2\/media?parent=39220"}],"wp:term":[{"taxonomy":"category","embeddable":true,"href":"https:\/\/larevistadigital.com.ar\/blog\/wp-json\/wp\/v2\/categories?post=39220"},{"taxonomy":"post_tag","embeddable":true,"href":"https:\/\/larevistadigital.com.ar\/blog\/wp-json\/wp\/v2\/tags?post=39220"}],"curies":[{"name":"wp","href":"https:\/\/api.w.org\/{rel}","templated":true}]}}