{"id":39224,"date":"2025-03-30T14:57:50","date_gmt":"2025-03-30T17:57:50","guid":{"rendered":"https:\/\/larevistadigital.com.ar\/blog\/?p=39224"},"modified":"2025-03-30T14:57:50","modified_gmt":"2025-03-30T17:57:50","slug":"cortar-el-pasto-el-riesgo-de-ahorrar-en-lo-que-no-se-debe","status":"publish","type":"post","link":"https:\/\/larevistadigital.com.ar\/blog\/cortar-el-pasto-el-riesgo-de-ahorrar-en-lo-que-no-se-debe\/","title":{"rendered":"Cortar el pasto: el riesgo de ahorrar en lo que no se debe"},"content":{"rendered":"<h2>Una nota generada por la inquietud de algunos lectores que han tenido problemas con su jard\u00edn o terreno.<\/h2>\n<p>30 de Marzo de 2025<\/p>\n<p><strong>CHASCOM\u00daS &#8211;<\/strong>\u00a0 \u00a0Tener un jard\u00edn bien cuidado es sin\u00f3nimo de armon\u00eda, bienestar y hasta de valorizaci\u00f3n de una propiedad. Sin embargo, muchas veces, en el af\u00e1n de ahorrar dinero o de ayudar a alguien que busca trabajo ocasional, caemos en el error de contratar a la persona equivocada para el mantenimiento del c\u00e9sped. \u00bfEl resultado? Un problema mucho mayor que el costo de un servicio profesional.<\/p>\n<p><span style=\"color: #ff0000\"><strong>Un corte mal hecho puede salir muy caro<\/strong><\/span><\/p>\n<p>Contratar a alguien sin experiencia o sin las herramientas adecuadas puede causar da\u00f1os irreparables en el c\u00e9sped. Un corte excesivamente bajo puede debilitar la ra\u00edz y hacer que el pasto se queme con el sol. Un mal manejo de la bordeadora puede arrancar zonas completas, dejando espacios pelados que tardan meses en recuperarse. Ni hablar del uso de herbicidas sin criterio, que pueden dejar el suelo inservible durante mucho tiempo. Lo que parec\u00eda un simple ahorro, se convierte en la necesidad de resembrar o incluso de reponer el c\u00e9sped por completo.<\/p>\n<p><span style=\"color: #ff0000\"><strong>Cuidado con qui\u00e9n entra a tu casa<\/strong><\/span><\/p>\n<p>Cuando contratamos a alguien para trabajar en nuestro jard\u00edn, estamos abriendo la puerta de nuestro hogar. <strong>Si lo hacemos sin referencias ni garant\u00edas, podemos exponernos a situaciones de riesgo<\/strong>. Ha habido innumerables casos en los que desconocidos contratados para un trabajo ocasional han aprovechado la oportunidad para observar la vivienda, detectar vulnerabilidades y luego cometer robos. Lo barato, en este caso, puede salir car\u00edsimo.<\/p>\n<p><span style=\"color: #ff0000\"><strong>Lo profesional siempre es mejor<\/strong><\/span><\/p>\n<p>Alguien experimentado no solo sabe c\u00f3mo cortar el pasto de manera adecuada, sino que tambi\u00e9n puede asesorarte sobre el cuidado del suelo, el tipo de c\u00e9sped ideal seg\u00fan la estaci\u00f3n y el mantenimiento a largo plazo. Adem\u00e1s, su trabajo es garant\u00eda de un resultado prolijo y saludable, evitando la necesidad de costosas reparaciones en el terreno.<\/p>\n<p><span style=\"color: #ff0000\"><strong>La ense\u00f1anza final<\/strong><\/span><\/p>\n<p>A veces, por querer ayudar a alguien o por buscar la opci\u00f3n m\u00e1s barata, terminamos enfrent\u00e1ndonos a consecuencias que podr\u00edan haberse evitado con una elecci\u00f3n m\u00e1s inteligente. Un servicio profesional no es un gasto innecesario, sino una inversi\u00f3n en tranquilidad, seguridad y en el buen estado de tu hogar.<\/p>\n<p>La pr\u00f3xima vez que necesites cortar el pasto, piensa dos veces antes de elegir a la persona que lo har\u00e1. No se trata solo de est\u00e9tica, sino de proteger tu hogar y tu bolsillo.<\/p>\n<p>&nbsp;<\/p>\n","protected":false},"excerpt":{"rendered":"<div class=\"mh-excerpt\"><p>Una nota generada por la inquietud de algunos lectores que han tenido problemas con su jard\u00edn o terreno. 30 de Marzo de 2025 CHASCOM\u00daS &#8211;\u00a0 \u00a0Tener un jard\u00edn bien cuidado es sin\u00f3nimo de armon\u00eda, bienestar <a class=\"mh-excerpt-more\" href=\"https:\/\/larevistadigital.com.ar\/blog\/cortar-el-pasto-el-riesgo-de-ahorrar-en-lo-que-no-se-debe\/\" title=\"Cortar el pasto: el riesgo de ahorrar en lo que no se debe\">[Leer M\u00e1s]<\/a><\/p>\n<\/div>","protected":false},"author":3,"featured_media":39225,"comment_status":"open","ping_status":"open","sticky":false,"template":"","format":"standard","meta":{"_jetpack_memberships_contains_paid_content":false,"footnotes":"","jetpack_publicize_message":"","jetpack_publicize_feature_enabled":true,"jetpack_social_post_already_shared":true,"jetpack_social_options":{"image_generator_settings":{"template":"highway","default_image_id":0,"font":"","enabled":false},"version":2}},"categories":[6],"tags":[],"class_list":{"0":"post-39224","1":"post","2":"type-post","3":"status-publish","4":"format-standard","5":"has-post-thumbnail","7":"category-chascomus"},"jetpack_publicize_connections":[],"jetpack_featured_media_url":"https:\/\/i0.wp.com\/larevistadigital.com.ar\/blog\/wp-content\/uploads\/Kushiro-Desmalezadora-uso.jpg?fit=640%2C400&ssl=1","jetpack_sharing_enabled":true,"jetpack_shortlink":"https:\/\/wp.me\/p8qtrQ-acE","jetpack-related-posts":[{"id":43240,"url":"https:\/\/larevistadigital.com.ar\/blog\/chascomus-propietarios-y-frentistas-deben-mantener-el-pasto-corto-en-terrenos-y-espacios-verdes-2\/","url_meta":{"origin":39224,"position":0},"title":"Chascom\u00fas: Propietarios y frentistas deben mantener el pasto corto en terrenos y espacios verdes","author":"Alejandro Sosa Ruda","date":"10 enero, 2026","format":false,"excerpt":"El corte de pasto, realizado de manera peri\u00f3dica, ayuda a prevenir problemas mayores y contribuye a un mejor espacio p\u00fablico para todos. 10 de enero de 2026 CHASCOM\u00daS -\u00a0 \u00a0La Municipalidad de Chascom\u00fas recuerda a los propietarios de terrenos bald\u00edos la importancia de mantener el pasto corto y los espacios\u2026","rel":"","context":"En \u00abCHASCOM\u00daS\u00bb","block_context":{"text":"CHASCOM\u00daS","link":"https:\/\/larevistadigital.com.ar\/blog\/category\/chascomus\/"},"img":{"alt_text":"","src":"https:\/\/i0.wp.com\/larevistadigital.com.ar\/blog\/wp-content\/uploads\/69614944afaff.png?fit=668%2C445&ssl=1&resize=350%2C200","width":350,"height":200,"srcset":"https:\/\/i0.wp.com\/larevistadigital.com.ar\/blog\/wp-content\/uploads\/69614944afaff.png?fit=668%2C445&ssl=1&resize=350%2C200 1x, https:\/\/i0.wp.com\/larevistadigital.com.ar\/blog\/wp-content\/uploads\/69614944afaff.png?fit=668%2C445&ssl=1&resize=525%2C300 1.5x"},"classes":[]},{"id":38411,"url":"https:\/\/larevistadigital.com.ar\/blog\/chascomus-propietarios-y-frentistas-deben-mantener-el-pasto-corto-en-terrenos-y-espacios-verdes\/","url_meta":{"origin":39224,"position":1},"title":"Chascom\u00fas: Propietarios y frentistas deben mantener el pasto corto en terrenos y espacios verdes","author":"Alejandro Sosa Ruda","date":"8 enero, 2025","format":false,"excerpt":"El corte de pasto, realizado de manera peri\u00f3dica, ayuda a prevenir problemas mayores y contribuye a un mejor espacio p\u00fablico para todos. 08 de Enero de 2025 CHASCOM\u00daS-\u00a0 La Municipalidad de Chascom\u00fas recuerda a los propietarios de terrenos bald\u00edos la importancia de mantener el pasto corto y los espacios limpios\u2026","rel":"","context":"En \u00abCHASCOM\u00daS\u00bb","block_context":{"text":"CHASCOM\u00daS","link":"https:\/\/larevistadigital.com.ar\/blog\/category\/chascomus\/"},"img":{"alt_text":"","src":"https:\/\/i0.wp.com\/larevistadigital.com.ar\/blog\/wp-content\/uploads\/677d5e03e42d7.png?fit=668%2C445&ssl=1&resize=350%2C200","width":350,"height":200,"srcset":"https:\/\/i0.wp.com\/larevistadigital.com.ar\/blog\/wp-content\/uploads\/677d5e03e42d7.png?fit=668%2C445&ssl=1&resize=350%2C200 1x, https:\/\/i0.wp.com\/larevistadigital.com.ar\/blog\/wp-content\/uploads\/677d5e03e42d7.png?fit=668%2C445&ssl=1&resize=525%2C300 1.5x"},"classes":[]},{"id":40530,"url":"https:\/\/larevistadigital.com.ar\/blog\/chascomus-analizan-mejorar-el-cesped-del-estadio-juan-silverio-oroz\/","url_meta":{"origin":39224,"position":2},"title":"Chascom\u00fas: Analizan mejorar el c\u00e9sped del Estadio Juan Silverio Oroz","author":"Alejandro Sosa Ruda","date":"18 julio, 2025","format":false,"excerpt":"La Municipalidad de Chascom\u00fas trabaja en el estudio de distintas l\u00edneas de acci\u00f3n destinadas a mejorar el campo de juego. 18 de Julio de 2025 CHASCOM\u00daS -\u00a0 \u00a0Este viernes, el subsecretario de Deportes Pablo Francese recibi\u00f3 a la Ing. Agr. Paula Campestre de la Direcci\u00f3n de Agroecolog\u00eda y Diversidad para\u2026","rel":"","context":"En \u00abCHASCOM\u00daS\u00bb","block_context":{"text":"CHASCOM\u00daS","link":"https:\/\/larevistadigital.com.ar\/blog\/category\/chascomus\/"},"img":{"alt_text":"","src":"https:\/\/i0.wp.com\/larevistadigital.com.ar\/blog\/wp-content\/uploads\/687a89ce96dd4.png?fit=668%2C445&ssl=1&resize=350%2C200","width":350,"height":200,"srcset":"https:\/\/i0.wp.com\/larevistadigital.com.ar\/blog\/wp-content\/uploads\/687a89ce96dd4.png?fit=668%2C445&ssl=1&resize=350%2C200 1x, https:\/\/i0.wp.com\/larevistadigital.com.ar\/blog\/wp-content\/uploads\/687a89ce96dd4.png?fit=668%2C445&ssl=1&resize=525%2C300 1.5x"},"classes":[]},{"id":43940,"url":"https:\/\/larevistadigital.com.ar\/blog\/chascomus-como-desechar-correctamente-las-ramas-y-producido-del-corte-de-pasto\/","url_meta":{"origin":39224,"position":3},"title":"Chascom\u00fas: C\u00f3mo desechar correctamente las ramas y producido del corte de pasto","author":"Alejandro Sosa Ruda","date":"11 febrero, 2026","format":false,"excerpt":"Si bien no es \u00e9poca de poda, es importante recordar la forma correcta de descartar los restos generados en las tareas de jardiner\u00eda. 10 de febrero de 2026 CHASCOM\u00daS -\u00a0 \u00a0 Muchas veces nos preocupamos por tener ordenado nuestro jard\u00edn y nos olvidamos de cuidar la vereda o \u201cla calle\u201d.\u2026","rel":"","context":"En \u00abCHASCOM\u00daS\u00bb","block_context":{"text":"CHASCOM\u00daS","link":"https:\/\/larevistadigital.com.ar\/blog\/category\/chascomus\/"},"img":{"alt_text":"","src":"https:\/\/i0.wp.com\/larevistadigital.com.ar\/blog\/wp-content\/uploads\/698cbd8b34be1.png?fit=668%2C445&ssl=1&resize=350%2C200","width":350,"height":200,"srcset":"https:\/\/i0.wp.com\/larevistadigital.com.ar\/blog\/wp-content\/uploads\/698cbd8b34be1.png?fit=668%2C445&ssl=1&resize=350%2C200 1x, https:\/\/i0.wp.com\/larevistadigital.com.ar\/blog\/wp-content\/uploads\/698cbd8b34be1.png?fit=668%2C445&ssl=1&resize=525%2C300 1.5x"},"classes":[]},{"id":38823,"url":"https:\/\/larevistadigital.com.ar\/blog\/continuan-las-tareas-de-limpieza-y-mantenimiento-en-distintos-barrios-de-la-ciudad\/","url_meta":{"origin":39224,"position":4},"title":"Contin\u00faan las tareas de limpieza y mantenimiento en distintos barrios de la ciudad","author":"Alejandro Sosa Ruda","date":"24 febrero, 2025","format":false,"excerpt":"Personal municipal realiza de manera continua tareas de desmalezamiento y saneamiento en espacios p\u00fablicos. 24 de Febrero de 2025 CHASCOM\u00daS -\u00a0 Como es habitual, la Municipalidad de Chascom\u00fas realiza trabajos de corte de pasto y limpieza en distintos barrios de la ciudad, con el objetivo de mejorar el mantenimiento de\u2026","rel":"","context":"En \u00abCHASCOM\u00daS\u00bb","block_context":{"text":"CHASCOM\u00daS","link":"https:\/\/larevistadigital.com.ar\/blog\/category\/chascomus\/"},"img":{"alt_text":"","src":"https:\/\/i0.wp.com\/larevistadigital.com.ar\/blog\/wp-content\/uploads\/67bca483c59f4.png?fit=668%2C445&ssl=1&resize=350%2C200","width":350,"height":200,"srcset":"https:\/\/i0.wp.com\/larevistadigital.com.ar\/blog\/wp-content\/uploads\/67bca483c59f4.png?fit=668%2C445&ssl=1&resize=350%2C200 1x, https:\/\/i0.wp.com\/larevistadigital.com.ar\/blog\/wp-content\/uploads\/67bca483c59f4.png?fit=668%2C445&ssl=1&resize=525%2C300 1.5x"},"classes":[]},{"id":43243,"url":"https:\/\/larevistadigital.com.ar\/blog\/chascomus-tareas-de-embellecimiento-y-mantenimiento-del-bulevar-de-la-calle-lastra\/","url_meta":{"origin":39224,"position":5},"title":"Chascom\u00fas: Tareas de embellecimiento y mantenimiento del bulevar de la calle Lastra","author":"Alejandro Sosa Ruda","date":"10 enero, 2026","format":false,"excerpt":"Las tareas se concentraron en el reacomodamiento de las veredas y el corte de pasto. 10 de enero de 2026 CHASCOM\u00daS -\u00a0 La Municipalidad de Chascom\u00fas informa que personal de arbolado urbano de la secretar\u00eda de Obras, Servicios P\u00fablicos y Ambiente, realiz\u00f3 trabajos de mantenimiento de las veredas del bulevar\u2026","rel":"","context":"En \u00abCHASCOM\u00daS\u00bb","block_context":{"text":"CHASCOM\u00daS","link":"https:\/\/larevistadigital.com.ar\/blog\/category\/chascomus\/"},"img":{"alt_text":"","src":"https:\/\/i0.wp.com\/larevistadigital.com.ar\/blog\/wp-content\/uploads\/696144c6bdbf4.png?fit=668%2C445&ssl=1&resize=350%2C200","width":350,"height":200,"srcset":"https:\/\/i0.wp.com\/larevistadigital.com.ar\/blog\/wp-content\/uploads\/696144c6bdbf4.png?fit=668%2C445&ssl=1&resize=350%2C200 1x, https:\/\/i0.wp.com\/larevistadigital.com.ar\/blog\/wp-content\/uploads\/696144c6bdbf4.png?fit=668%2C445&ssl=1&resize=525%2C300 1.5x"},"classes":[]}],"_links":{"self":[{"href":"https:\/\/larevistadigital.com.ar\/blog\/wp-json\/wp\/v2\/posts\/39224","targetHints":{"allow":["GET"]}}],"collection":[{"href":"https:\/\/larevistadigital.com.ar\/blog\/wp-json\/wp\/v2\/posts"}],"about":[{"href":"https:\/\/larevistadigital.com.ar\/blog\/wp-json\/wp\/v2\/types\/post"}],"author":[{"embeddable":true,"href":"https:\/\/larevistadigital.com.ar\/blog\/wp-json\/wp\/v2\/users\/3"}],"replies":[{"embeddable":true,"href":"https:\/\/larevistadigital.com.ar\/blog\/wp-json\/wp\/v2\/comments?post=39224"}],"version-history":[{"count":1,"href":"https:\/\/larevistadigital.com.ar\/blog\/wp-json\/wp\/v2\/posts\/39224\/revisions"}],"predecessor-version":[{"id":39226,"href":"https:\/\/larevistadigital.com.ar\/blog\/wp-json\/wp\/v2\/posts\/39224\/revisions\/39226"}],"wp:featuredmedia":[{"embeddable":true,"href":"https:\/\/larevistadigital.com.ar\/blog\/wp-json\/wp\/v2\/media\/39225"}],"wp:attachment":[{"href":"https:\/\/larevistadigital.com.ar\/blog\/wp-json\/wp\/v2\/media?parent=39224"}],"wp:term":[{"taxonomy":"category","embeddable":true,"href":"https:\/\/larevistadigital.com.ar\/blog\/wp-json\/wp\/v2\/categories?post=39224"},{"taxonomy":"post_tag","embeddable":true,"href":"https:\/\/larevistadigital.com.ar\/blog\/wp-json\/wp\/v2\/tags?post=39224"}],"curies":[{"name":"wp","href":"https:\/\/api.w.org\/{rel}","templated":true}]}}