{"id":39228,"date":"2025-03-31T15:29:02","date_gmt":"2025-03-31T18:29:02","guid":{"rendered":"https:\/\/larevistadigital.com.ar\/blog\/?p=39228"},"modified":"2025-03-31T15:29:02","modified_gmt":"2025-03-31T18:29:02","slug":"voluntarios-construyeron-diez-viviendas-para-familias-chascomunenses","status":"publish","type":"post","link":"https:\/\/larevistadigital.com.ar\/blog\/voluntarios-construyeron-diez-viviendas-para-familias-chascomunenses\/","title":{"rendered":"Voluntarios construyeron diez viviendas para familias chascomunenses"},"content":{"rendered":"<h3 class=\"excerpt\">M\u00e1s de 200 personas participaron en la jornada organizada por la Municipalidad y la ONG Techo para brindar soluciones habitacionales a familias en situaci\u00f3n de vulnerabilidad.<\/h3>\n<p>31 de Marzo de 2025<\/p>\n<div id=\"miDiv1\" class=\"text\">\n<p><strong>CHASCOM\u00daS &#8211;<\/strong>\u00a0 El \u00faltimo fin de semana, Chascom\u00fas fue escenario de una gran jornada solidaria en la que m\u00e1s de 200 voluntarios y voluntarias trabajaron en la construcci\u00f3n de diez unidades habitacionales destinadas a familias que viven en condiciones de extrema precariedad.<\/p>\n<p>La iniciativa fue coordinada en conjunto por la Municipalidad y la ONG Techo, organizaci\u00f3n especializada en la construcci\u00f3n de m\u00f3dulos habitacionales en todo el pa\u00eds.<\/p>\n<blockquote>\n<h3>Desde las primeras horas del s\u00e1bado, los participantes se reunieron en el Sal\u00f3n de Usos M\u00faltiples (SUM) del CIC del barrio 30 de Mayo, donde recibieron instrucciones antes de trasladarse a los diferentes domicilios.<\/h3>\n<\/blockquote>\n<p>Los voluntarios y las voluntarias trabajaron codo a codo con las familias beneficiarias, no solo en la construcci\u00f3n de sus nuevas viviendas, sino tambi\u00e9n compartiendo momentos de almuerzo y merienda, fortaleciendo lazos comunitarios y dando un ejemplo de solidaridad.<\/p>\n<blockquote>\n<h3>La secretaria de Desarrollo Social y Educaci\u00f3n, Yanina Gazzaniga, particip\u00f3 de la actividad y destac\u00f3 el valioso aporte realizado por los voluntarios, vecinos y vecinas que de manera generosa y desinteresada dedicaron su tiempo a esta causa.<\/h3>\n<\/blockquote>\n<p>Los grupos familiares fueron seleccionados a partir de evaluaciones realizadas por los equipos t\u00e9cnicos de Desarrollo Social que trabajan en los distintos barrios de la ciudad. Como parte del proceso, los destinatarios participaron activamente en la construcci\u00f3n de sus nuevas viviendas, un aspecto fundamental del modelo de trabajo de TECHO, que promueve la inclusi\u00f3n y el empoderamiento de las familias.<\/p>\n<p>La comunidad local tambi\u00e9n se hizo presente con importantes aportes. Empresas y comercios se sumaron con donaciones de alimentos y materiales, entre ellos Lelau Verduler\u00eda, Bon Palais, Superchas, Atalaya S.A., Minimercado San Mart\u00edn, Camping Camino del Sol, Residencia Municipal de Larga Estad\u00eda, Hogar Santa Mar\u00eda, Residencia ROMANI, Hogar Santa Rita, Hogares de Cristo, el grupo \u00abLas Tanas con Coraz\u00f3n\u00bb y alumnos de 3\u00b0 a\u00f1o de la Escuela Industrial.<\/p>\n<p>El intendente <strong>Javier Gast\u00f3n<\/strong> recorri\u00f3 los lugares donde se instalaron las viviendas y comparti\u00f3 parte de la jornada con los voluntarios, agradeciendo su colaboraci\u00f3n y el esfuerzo conjunto para mejorar la calidad de vida de muchas familias chascomunenses: <strong><em>\u201cLa uni\u00f3n entre vecinos, empresas y organizaciones es el reflejo de una sociedad comprometida con quienes m\u00e1s lo necesitan\u201d<\/em><\/strong>, manifest\u00f3.<\/p>\n<blockquote>\n<h3>Techo es una organizaci\u00f3n sin fines de lucro que desde su creaci\u00f3n en 1997 trabaja para reducir la pobreza en asentamientos populares de Am\u00e9rica Latina. Desde su llegada a Argentina en 2003, ha construido miles de viviendas de emergencia en todo el pa\u00eds.<\/h3>\n<\/blockquote>\n<p>Estas casas de madera, con aislamiento y techos de chapa, se levantan en pocos d\u00edas gracias al esfuerzo conjunto de voluntarios y las familias beneficiarias.<\/p>\n<\/div>\n","protected":false},"excerpt":{"rendered":"<div class=\"mh-excerpt\"><p>M\u00e1s de 200 personas participaron en la jornada organizada por la Municipalidad y la ONG Techo para brindar soluciones habitacionales a familias en situaci\u00f3n de vulnerabilidad. 31 de Marzo de 2025 CHASCOM\u00daS &#8211;\u00a0 El \u00faltimo <a class=\"mh-excerpt-more\" href=\"https:\/\/larevistadigital.com.ar\/blog\/voluntarios-construyeron-diez-viviendas-para-familias-chascomunenses\/\" title=\"Voluntarios construyeron diez viviendas para familias chascomunenses\">[Leer M\u00e1s]<\/a><\/p>\n<\/div>","protected":false},"author":3,"featured_media":39229,"comment_status":"open","ping_status":"open","sticky":false,"template":"","format":"standard","meta":{"_jetpack_memberships_contains_paid_content":false,"footnotes":"","jetpack_publicize_message":"","jetpack_publicize_feature_enabled":true,"jetpack_social_post_already_shared":true,"jetpack_social_options":{"image_generator_settings":{"template":"highway","default_image_id":0,"font":"","enabled":false},"version":2}},"categories":[6],"tags":[],"class_list":{"0":"post-39228","1":"post","2":"type-post","3":"status-publish","4":"format-standard","5":"has-post-thumbnail","7":"category-chascomus"},"jetpack_publicize_connections":[],"jetpack_featured_media_url":"https:\/\/i0.wp.com\/larevistadigital.com.ar\/blog\/wp-content\/uploads\/67ead0accb299.png?fit=668%2C445&ssl=1","jetpack_sharing_enabled":true,"jetpack_shortlink":"https:\/\/wp.me\/p8qtrQ-acI","jetpack-related-posts":[{"id":988,"url":"https:\/\/larevistadigital.com.ar\/blog\/se-ejecutara-la-segunda-etapa-de-los-modulos-habitacionales\/","url_meta":{"origin":39228,"position":0},"title":"Se ejecutar\u00e1 la segunda etapa de los m\u00f3dulos habitacionales","author":"editor","date":"12 marzo, 2017","format":false,"excerpt":"La Asociaci\u00f3n TECHO-ARGETNINA \u00a0en conjunto con la municipalidad de Chascom\u00fas, tienen todo previsto para la construcci\u00f3n de la segunda etapa de los m\u00f3dulos habitacionales, que se desarrollar\u00e1n el pr\u00f3ximo 17 y 18 de marzo en nuestra ciudad. Esto en el marco de la construcci\u00f3n de 30 en total que hace\u2026","rel":"","context":"En \u00abCHASCOM\u00daS\u00bb","block_context":{"text":"CHASCOM\u00daS","link":"https:\/\/larevistadigital.com.ar\/blog\/category\/chascomus\/"},"img":{"alt_text":"","src":"https:\/\/i0.wp.com\/larevistadigital.com.ar\/blog\/wp-content\/uploads\/2017\/03\/modulos_elfuerte_090317.jpg?fit=805%2C543&ssl=1&resize=350%2C200","width":350,"height":200,"srcset":"https:\/\/i0.wp.com\/larevistadigital.com.ar\/blog\/wp-content\/uploads\/2017\/03\/modulos_elfuerte_090317.jpg?fit=805%2C543&ssl=1&resize=350%2C200 1x, https:\/\/i0.wp.com\/larevistadigital.com.ar\/blog\/wp-content\/uploads\/2017\/03\/modulos_elfuerte_090317.jpg?fit=805%2C543&ssl=1&resize=525%2C300 1.5x, https:\/\/i0.wp.com\/larevistadigital.com.ar\/blog\/wp-content\/uploads\/2017\/03\/modulos_elfuerte_090317.jpg?fit=805%2C543&ssl=1&resize=700%2C400 2x"},"classes":[]},{"id":38845,"url":"https:\/\/larevistadigital.com.ar\/blog\/yanina-gazzaniga-es-tiempo-de-abrazar-la-gente-tiene-necesidad-de-ser-escuchada\/","url_meta":{"origin":39228,"position":1},"title":"Yanina Gazzaniga: \u201ces tiempo de abrazar, la gente tiene necesidad de ser escuchada\u201d","author":"Alejandro Sosa Ruda","date":"27 febrero, 2025","format":false,"excerpt":"Sostuvo esta ma\u00f1ana la secretaria de Desarrollo Social en una entrevista radial 27 de Febrero de 2025 CHASCOM\u00daS -\u00a0 En el programa conducido por Mar\u00eda Fernanda Herrera, por Radio Chascom\u00fas, la secretaria de Desarrollo Social, Yanina Gazzaniga, convers\u00f3 sobre la creciente demanda de ayuda social en el contexto actual. Consultada\u2026","rel":"","context":"En \u00abCHASCOM\u00daS\u00bb","block_context":{"text":"CHASCOM\u00daS","link":"https:\/\/larevistadigital.com.ar\/blog\/category\/chascomus\/"},"img":{"alt_text":"","src":"https:\/\/i0.wp.com\/larevistadigital.com.ar\/blog\/wp-content\/uploads\/67bf495b1c424.png?fit=668%2C445&ssl=1&resize=350%2C200","width":350,"height":200,"srcset":"https:\/\/i0.wp.com\/larevistadigital.com.ar\/blog\/wp-content\/uploads\/67bf495b1c424.png?fit=668%2C445&ssl=1&resize=350%2C200 1x, https:\/\/i0.wp.com\/larevistadigital.com.ar\/blog\/wp-content\/uploads\/67bf495b1c424.png?fit=668%2C445&ssl=1&resize=525%2C300 1.5x"},"classes":[]},{"id":23924,"url":"https:\/\/larevistadigital.com.ar\/blog\/ya-no-se-puede-esperar-mas-pedido-de-publicacion-de-vecinos-autoconvocados\/","url_meta":{"origin":39228,"position":2},"title":"YA NO SE PUEDE ESPERAR M\u00c1S (Pedido de publicaci\u00f3n de Vecinos Autoconvocados)","author":"Alejandro Sosa Ruda","date":"11 febrero, 2022","format":false,"excerpt":"A LA COMUNIDAD Desde hace m\u00e1s de 6 a\u00f1os 370 familias chascomunenses apostamos a la incorporaci\u00f3n a una cooperativa de vivienda para realizar el sue\u00f1o de tener nuestro propio hogar. Durante ese tiempo fuimos prudentes, pero a su vez expectantes de las gestiones que se deb\u00edan realizar en distintos niveles\u2026","rel":"","context":"En \u00abINTERES GENERAL\u00bb","block_context":{"text":"INTERES GENERAL","link":"https:\/\/larevistadigital.com.ar\/blog\/category\/interes-general\/"},"img":{"alt_text":"","src":"https:\/\/i0.wp.com\/larevistadigital.com.ar\/blog\/wp-content\/uploads\/senal-de-construccion-no-permitida-signo-prohibido-se-permite-el-en-fondo-blanco-con-icono-ladrillos-ilustracion-material-164958425.jpg?fit=800%2C800&ssl=1&resize=350%2C200","width":350,"height":200,"srcset":"https:\/\/i0.wp.com\/larevistadigital.com.ar\/blog\/wp-content\/uploads\/senal-de-construccion-no-permitida-signo-prohibido-se-permite-el-en-fondo-blanco-con-icono-ladrillos-ilustracion-material-164958425.jpg?fit=800%2C800&ssl=1&resize=350%2C200 1x, https:\/\/i0.wp.com\/larevistadigital.com.ar\/blog\/wp-content\/uploads\/senal-de-construccion-no-permitida-signo-prohibido-se-permite-el-en-fondo-blanco-con-icono-ladrillos-ilustracion-material-164958425.jpg?fit=800%2C800&ssl=1&resize=525%2C300 1.5x, https:\/\/i0.wp.com\/larevistadigital.com.ar\/blog\/wp-content\/uploads\/senal-de-construccion-no-permitida-signo-prohibido-se-permite-el-en-fondo-blanco-con-icono-ladrillos-ilustracion-material-164958425.jpg?fit=800%2C800&ssl=1&resize=700%2C400 2x"},"classes":[]},{"id":40734,"url":"https:\/\/larevistadigital.com.ar\/blog\/chascomus-el-barrio-gallo-blanco-se-lleno-de-risas-en-una-gran-jornada-infantil\/","url_meta":{"origin":39228,"position":3},"title":"Chascom\u00fas: El Barrio Gallo Blanco se llen\u00f3 de risas en una gran jornada infantil","author":"Alejandro Sosa Ruda","date":"4 agosto, 2025","format":false,"excerpt":"La oferta cultural se llev\u00f3 adelante en la sociedad de fomento, en el marco del cierre del programa Vacaciones Divertidas, gestionado por el Vicepresidente del Instituto Cultural, Cote Rossi. 04 de agosto de 2025 CHASCOM\u00daS\u00a0 -\u00a0 La tarde del domingo 3 de agosto, la Sociedad de Fomento del Barrio Jard\u00edn\u2026","rel":"","context":"En \u00abINTERES GENERAL\u00bb","block_context":{"text":"INTERES GENERAL","link":"https:\/\/larevistadigital.com.ar\/blog\/category\/interes-general\/"},"img":{"alt_text":"","src":"https:\/\/i0.wp.com\/larevistadigital.com.ar\/blog\/wp-content\/uploads\/O4A2988-scaled.jpg?fit=1200%2C800&ssl=1&resize=350%2C200","width":350,"height":200,"srcset":"https:\/\/i0.wp.com\/larevistadigital.com.ar\/blog\/wp-content\/uploads\/O4A2988-scaled.jpg?fit=1200%2C800&ssl=1&resize=350%2C200 1x, https:\/\/i0.wp.com\/larevistadigital.com.ar\/blog\/wp-content\/uploads\/O4A2988-scaled.jpg?fit=1200%2C800&ssl=1&resize=525%2C300 1.5x, https:\/\/i0.wp.com\/larevistadigital.com.ar\/blog\/wp-content\/uploads\/O4A2988-scaled.jpg?fit=1200%2C800&ssl=1&resize=700%2C400 2x, https:\/\/i0.wp.com\/larevistadigital.com.ar\/blog\/wp-content\/uploads\/O4A2988-scaled.jpg?fit=1200%2C800&ssl=1&resize=1050%2C600 3x"},"classes":[]},{"id":40640,"url":"https:\/\/larevistadigital.com.ar\/blog\/chascomus-gran-jornada-cultural-para-las-infancias-en-el-barrio-jardin\/","url_meta":{"origin":39228,"position":4},"title":"Chascom\u00fas: Gran jornada cultural para las infancias en el Barrio Jard\u00edn","author":"Alejandro Sosa Ruda","date":"28 julio, 2025","format":false,"excerpt":"Cote Rossi, Vicepresidente del Instituto Cultural bonaerense, sostuvo: \u201dEs fundamental crear espacios para que toda la comunidad pueda disfrutar y compartir\". 28 de Julio de 2025 CHASCOM\u00daS\u00a0 -\u00a0 El s\u00e1bado por la tarde, la Sociedad de Fomento del Barrio Jard\u00edn fue la anfitriona de una maravillosa jornada para las infancias.\u2026","rel":"","context":"En \u00abCHASCOM\u00daS\u00bb","block_context":{"text":"CHASCOM\u00daS","link":"https:\/\/larevistadigital.com.ar\/blog\/category\/chascomus\/"},"img":{"alt_text":"","src":"https:\/\/i0.wp.com\/larevistadigital.com.ar\/blog\/wp-content\/uploads\/O4A1943-scaled.jpg?fit=1200%2C800&ssl=1&resize=350%2C200","width":350,"height":200,"srcset":"https:\/\/i0.wp.com\/larevistadigital.com.ar\/blog\/wp-content\/uploads\/O4A1943-scaled.jpg?fit=1200%2C800&ssl=1&resize=350%2C200 1x, https:\/\/i0.wp.com\/larevistadigital.com.ar\/blog\/wp-content\/uploads\/O4A1943-scaled.jpg?fit=1200%2C800&ssl=1&resize=525%2C300 1.5x, https:\/\/i0.wp.com\/larevistadigital.com.ar\/blog\/wp-content\/uploads\/O4A1943-scaled.jpg?fit=1200%2C800&ssl=1&resize=700%2C400 2x, https:\/\/i0.wp.com\/larevistadigital.com.ar\/blog\/wp-content\/uploads\/O4A1943-scaled.jpg?fit=1200%2C800&ssl=1&resize=1050%2C600 3x"},"classes":[]},{"id":43528,"url":"https:\/\/larevistadigital.com.ar\/blog\/avanza-la-construccion-de-viviendas-en-el-barrio-30-de-mayo\/","url_meta":{"origin":39228,"position":5},"title":"Avanza la construcci\u00f3n de viviendas en el barrio 30 de Mayo","author":"Alejandro Sosa Ruda","date":"21 enero, 2026","format":false,"excerpt":"Avanza en Chascom\u00fas la construcci\u00f3n de 96 viviendas en los barrios 30 de Mayo y San Luis, una obra que busca dar respuesta a la creciente dificultad de acceso a la vivienda. 21 De enero de 2026 CHASCOM\u00daS\u00a0 -\u00a0 \u00a0La construcci\u00f3n de 96 nuevas viviendas avanza en Chascom\u00fas con trabajos\u2026","rel":"","context":"En \u00abDESTACADAS\u00bb","block_context":{"text":"DESTACADAS","link":"https:\/\/larevistadigital.com.ar\/blog\/category\/destacadas\/"},"img":{"alt_text":"","src":"https:\/\/i0.wp.com\/larevistadigital.com.ar\/blog\/wp-content\/uploads\/697106ac32062.png?fit=668%2C445&ssl=1&resize=350%2C200","width":350,"height":200,"srcset":"https:\/\/i0.wp.com\/larevistadigital.com.ar\/blog\/wp-content\/uploads\/697106ac32062.png?fit=668%2C445&ssl=1&resize=350%2C200 1x, https:\/\/i0.wp.com\/larevistadigital.com.ar\/blog\/wp-content\/uploads\/697106ac32062.png?fit=668%2C445&ssl=1&resize=525%2C300 1.5x"},"classes":[]}],"_links":{"self":[{"href":"https:\/\/larevistadigital.com.ar\/blog\/wp-json\/wp\/v2\/posts\/39228","targetHints":{"allow":["GET"]}}],"collection":[{"href":"https:\/\/larevistadigital.com.ar\/blog\/wp-json\/wp\/v2\/posts"}],"about":[{"href":"https:\/\/larevistadigital.com.ar\/blog\/wp-json\/wp\/v2\/types\/post"}],"author":[{"embeddable":true,"href":"https:\/\/larevistadigital.com.ar\/blog\/wp-json\/wp\/v2\/users\/3"}],"replies":[{"embeddable":true,"href":"https:\/\/larevistadigital.com.ar\/blog\/wp-json\/wp\/v2\/comments?post=39228"}],"version-history":[{"count":1,"href":"https:\/\/larevistadigital.com.ar\/blog\/wp-json\/wp\/v2\/posts\/39228\/revisions"}],"predecessor-version":[{"id":39230,"href":"https:\/\/larevistadigital.com.ar\/blog\/wp-json\/wp\/v2\/posts\/39228\/revisions\/39230"}],"wp:featuredmedia":[{"embeddable":true,"href":"https:\/\/larevistadigital.com.ar\/blog\/wp-json\/wp\/v2\/media\/39229"}],"wp:attachment":[{"href":"https:\/\/larevistadigital.com.ar\/blog\/wp-json\/wp\/v2\/media?parent=39228"}],"wp:term":[{"taxonomy":"category","embeddable":true,"href":"https:\/\/larevistadigital.com.ar\/blog\/wp-json\/wp\/v2\/categories?post=39228"},{"taxonomy":"post_tag","embeddable":true,"href":"https:\/\/larevistadigital.com.ar\/blog\/wp-json\/wp\/v2\/tags?post=39228"}],"curies":[{"name":"wp","href":"https:\/\/api.w.org\/{rel}","templated":true}]}}