{"id":39231,"date":"2025-03-31T15:32:11","date_gmt":"2025-03-31T18:32:11","guid":{"rendered":"https:\/\/larevistadigital.com.ar\/blog\/?p=39231"},"modified":"2025-03-31T15:32:11","modified_gmt":"2025-03-31T18:32:11","slug":"este-miercoles-se-realizara-el-acto-en-homenaje-a-los-veteranos-y-caidos-en-malvinas","status":"publish","type":"post","link":"https:\/\/larevistadigital.com.ar\/blog\/este-miercoles-se-realizara-el-acto-en-homenaje-a-los-veteranos-y-caidos-en-malvinas\/","title":{"rendered":"Este mi\u00e9rcoles se realizar\u00e1 el acto en homenaje a los Veteranos y Ca\u00eddos en Malvinas"},"content":{"rendered":"<h3 class=\"excerpt\">En la jornada de este 2 de abril, habr\u00e1 de renovarse el homenaje a los Veteranos y los Ca\u00eddos en la Guerra de Malvinas, en su d\u00eda<\/h3>\n<p>31 de Marzo de 2025<\/p>\n<div id=\"miDiv1\" class=\"text\">\n<p><strong>CHASCOM\u00daS &#8211;<\/strong>\u00a0 El acto oficial por el <strong>\u201cD\u00eda del Veterano y Ca\u00eddos en la Guerra de Malvinas\u201d<\/strong>, encabezado por el Intendente Javier Gast\u00f3n, ser\u00e1 a las 11 horas, en el monumento ubicado en la Plazoleta Atilio Bramuglia, sita en Avenida Costanera Espa\u00f1a frente al Espig\u00f3n de Pesca.<\/p>\n<blockquote>\n<h3>Durante el acto, se escuchar\u00e1n mensajes alusivos del Intendente Javier Gast\u00f3n y de los Ex Combatientes; tambi\u00e9n contar\u00e1 especialmente con la participaci\u00f3n de la comunidad educativa de la Escuela Primaria N\u00b0 11 \u201cDon Jos\u00e9 Bilbao\u201d y del Jard\u00edn de Infantes N\u00b0 1 \u201cMerceditas\u201d, ambas del paraje Villa del Sur.<\/h3>\n<\/blockquote>\n<p>Adem\u00e1s, se har\u00e1 presente el conjunto de danzas folkl\u00f3ricas Che Pampa y la Banda Municipal de M\u00fasica. Antes de despedir a las banderas de ceremonia, se desplegar\u00e1 la bandera argentina que, en esta ocasi\u00f3n, contar\u00e1 con un nuevo tramo de 1.2mts agregado por el C\u00edrculo M\u00e9dico de Chascom\u00fas, como instituci\u00f3n invitada.<\/p>\n<blockquote>\n<h3>En caso de lluvia, el acto oficial se realizar\u00e1 en el Teatro Municipal Brazzola, en el mismo horario.<\/h3>\n<\/blockquote>\n<p><span style=\"color: #ff0000\"><strong>Vigilia<\/strong><\/span><\/p>\n<p>Tambi\u00e9n se invita a la comunidad a acompa\u00f1ar a los veteranos de Malvinas en la tradicional Vigilia, que tendr\u00e1 lugar en la misma plazoleta, este martes 1\u00ba, desde las 21,45 hs., organizada por el grupo de Ex Combatientes de Malvinas, acompa\u00f1ados por la Municipalidad de Chascom\u00fas.<\/p>\n<\/div>\n","protected":false},"excerpt":{"rendered":"<div class=\"mh-excerpt\"><p>En la jornada de este 2 de abril, habr\u00e1 de renovarse el homenaje a los Veteranos y los Ca\u00eddos en la Guerra de Malvinas, en su d\u00eda 31 de Marzo de 2025 CHASCOM\u00daS &#8211;\u00a0 El <a class=\"mh-excerpt-more\" href=\"https:\/\/larevistadigital.com.ar\/blog\/este-miercoles-se-realizara-el-acto-en-homenaje-a-los-veteranos-y-caidos-en-malvinas\/\" title=\"Este mi\u00e9rcoles se realizar\u00e1 el acto en homenaje a los Veteranos y Ca\u00eddos en Malvinas\">[Leer M\u00e1s]<\/a><\/p>\n<\/div>","protected":false},"author":3,"featured_media":39232,"comment_status":"open","ping_status":"open","sticky":false,"template":"","format":"standard","meta":{"_jetpack_memberships_contains_paid_content":false,"footnotes":"","jetpack_publicize_message":"","jetpack_publicize_feature_enabled":true,"jetpack_social_post_already_shared":true,"jetpack_social_options":{"image_generator_settings":{"template":"highway","default_image_id":0,"font":"","enabled":false},"version":2}},"categories":[6,23],"tags":[],"class_list":{"0":"post-39231","1":"post","2":"type-post","3":"status-publish","4":"format-standard","5":"has-post-thumbnail","7":"category-chascomus","8":"category-politica-local"},"jetpack_publicize_connections":[],"jetpack_featured_media_url":"https:\/\/i0.wp.com\/larevistadigital.com.ar\/blog\/wp-content\/uploads\/67ead6202ef88.png?fit=668%2C445&ssl=1","jetpack_sharing_enabled":true,"jetpack_shortlink":"https:\/\/wp.me\/p8qtrQ-acL","jetpack-related-posts":[{"id":44848,"url":"https:\/\/larevistadigital.com.ar\/blog\/chascomus-vigilia-y-acto-oficial-por-el-dia-del-veterano-y-de-los-caidos-de-la-guerra-de-malvinas\/","url_meta":{"origin":39231,"position":0},"title":"Chascom\u00fas: Vigilia y Acto Oficial por el D\u00eda del Veterano y de los Ca\u00eddos de la Guerra de Malvinas","author":"Alejandro Sosa Ruda","date":"31 marzo, 2026","format":false,"excerpt":"La ceremonia oficial se realizar\u00e1 el jueves 2 de abril, desde las 11 horas, en la Plazoleta Atilio Bramuglia. Previamente, este mi\u00e9rcoles 1\u00b0, desde las 21 horas, se llevar\u00e1 a cabo la tradicional Vigilia. 31 de marzo de 2026 CHASCOM\u00daS -\u00a0 \u00a0La comunidad de Chascom\u00fas se prepara para rendir homenaje\u2026","rel":"","context":"En \u00abCHASCOM\u00daS\u00bb","block_context":{"text":"CHASCOM\u00daS","link":"https:\/\/larevistadigital.com.ar\/blog\/category\/chascomus\/"},"img":{"alt_text":"","src":"https:\/\/i0.wp.com\/larevistadigital.com.ar\/blog\/wp-content\/uploads\/69cbfe6e0e310.png?fit=668%2C445&ssl=1&resize=350%2C200","width":350,"height":200,"srcset":"https:\/\/i0.wp.com\/larevistadigital.com.ar\/blog\/wp-content\/uploads\/69cbfe6e0e310.png?fit=668%2C445&ssl=1&resize=350%2C200 1x, https:\/\/i0.wp.com\/larevistadigital.com.ar\/blog\/wp-content\/uploads\/69cbfe6e0e310.png?fit=668%2C445&ssl=1&resize=525%2C300 1.5x"},"classes":[]},{"id":35729,"url":"https:\/\/larevistadigital.com.ar\/blog\/chascomus-emotivo-homenaje-a-los-veteranos-de-malvinas\/","url_meta":{"origin":39231,"position":1},"title":"CHASCOM\u00daS: EMOTIVO HOMENAJE A LOS VETERANOS DE MALVINAS","author":"Alejandro Sosa Ruda","date":"3 abril, 2024","format":false,"excerpt":"El martes se llev\u00f3 a cabo el acto oficial en conmemoraci\u00f3n del D\u00eda del Veterano de Guerra y de los Ca\u00eddos en la Guerra de Malvinas, al cumplirse el 42\u00ba aniversario del inicio de la guerra en el Atl\u00e1ntico Sur. 03 de marzo de 2024 CHASCOM\u00daS-\u00a0 \u00a0El\u00a0 intendente Javier Gast\u00f3n\u2026","rel":"","context":"En \u00abCHASCOM\u00daS\u00bb","block_context":{"text":"CHASCOM\u00daS","link":"https:\/\/larevistadigital.com.ar\/blog\/category\/chascomus\/"},"img":{"alt_text":"","src":"https:\/\/i0.wp.com\/larevistadigital.com.ar\/blog\/wp-content\/uploads\/2024_04_04_01_06_59_2083893.jpg?fit=600%2C401&ssl=1&resize=350%2C200","width":350,"height":200,"srcset":"https:\/\/i0.wp.com\/larevistadigital.com.ar\/blog\/wp-content\/uploads\/2024_04_04_01_06_59_2083893.jpg?fit=600%2C401&ssl=1&resize=350%2C200 1x, https:\/\/i0.wp.com\/larevistadigital.com.ar\/blog\/wp-content\/uploads\/2024_04_04_01_06_59_2083893.jpg?fit=600%2C401&ssl=1&resize=525%2C300 1.5x"},"classes":[]},{"id":42740,"url":"https:\/\/larevistadigital.com.ar\/blog\/avanzan-las-acciones-para-el-desarrollo-del-museo-de-malvinas\/","url_meta":{"origin":39231,"position":2},"title":"Avanzan las acciones para el desarrollo del Museo de Malvinas","author":"Alejandro Sosa Ruda","date":"3 diciembre, 2025","format":false,"excerpt":"El mismo formar\u00e1 parte del complejo cultural y comercial Malvinas Argentinas, que tendr\u00e1 lugar en el recientemente concesionado Edificio del Turista En horas de la ma\u00f1ana de este martes, el intendente Javier Gast\u00f3n, junto al secretario Pablo N\u00e1poli, recibi\u00f3 en su despacho a los ex combatientes de Chascom\u00fas, Gustavo Padr\u00e1n,\u2026","rel":"","context":"En \u00abCHASCOM\u00daS\u00bb","block_context":{"text":"CHASCOM\u00daS","link":"https:\/\/larevistadigital.com.ar\/blog\/category\/chascomus\/"},"img":{"alt_text":"","src":"https:\/\/i0.wp.com\/larevistadigital.com.ar\/blog\/wp-content\/uploads\/693072490b9e8.png?fit=668%2C445&ssl=1&resize=350%2C200","width":350,"height":200,"srcset":"https:\/\/i0.wp.com\/larevistadigital.com.ar\/blog\/wp-content\/uploads\/693072490b9e8.png?fit=668%2C445&ssl=1&resize=350%2C200 1x, https:\/\/i0.wp.com\/larevistadigital.com.ar\/blog\/wp-content\/uploads\/693072490b9e8.png?fit=668%2C445&ssl=1&resize=525%2C300 1.5x"},"classes":[]},{"id":23527,"url":"https:\/\/larevistadigital.com.ar\/blog\/laura-moujan-solicito-el-cambio-de-la-membreteria-oficial-pidiendo-se-destaquen-los-valores-de-los-veteranos-de-la-guerra-de-malvinas\/","url_meta":{"origin":39231,"position":3},"title":"LAURA MOUJAN SOLICIT\u00d3 EL CAMBIO DE LA MEMBRETER\u00cdA OFICIAL, PIDIENDO SE DESTAQUEN LOS VALORES DE LOS VETERANOS DE LA GUERRA DE MALVINAS","author":"Alejandro Sosa Ruda","date":"24 enero, 2022","format":false,"excerpt":"La referente de Juntos por Chascom\u00fas, pidi\u00f3 con una nota enviada desde su partido el cambio de los membretes, homenajeando a los ex combatientes, sobre todo a los nativos de Chascom\u00fas. CHASCOM\u00daS -\u00a0 La referente y ex candidata del partido Juntos por Chascom\u00fas, Mar\u00eda Laura Mouj\u00e1n, solicit\u00f3 en una nota\u2026","rel":"","context":"En \u00abDESTACADAS\u00bb","block_context":{"text":"DESTACADAS","link":"https:\/\/larevistadigital.com.ar\/blog\/category\/destacadas\/"},"img":{"alt_text":"","src":"https:\/\/i0.wp.com\/larevistadigital.com.ar\/blog\/wp-content\/uploads\/240122777_3043475312600964_7222791303099156458_n.jpg?fit=753%2C786&ssl=1&resize=350%2C200","width":350,"height":200,"srcset":"https:\/\/i0.wp.com\/larevistadigital.com.ar\/blog\/wp-content\/uploads\/240122777_3043475312600964_7222791303099156458_n.jpg?fit=753%2C786&ssl=1&resize=350%2C200 1x, https:\/\/i0.wp.com\/larevistadigital.com.ar\/blog\/wp-content\/uploads\/240122777_3043475312600964_7222791303099156458_n.jpg?fit=753%2C786&ssl=1&resize=525%2C300 1.5x, https:\/\/i0.wp.com\/larevistadigital.com.ar\/blog\/wp-content\/uploads\/240122777_3043475312600964_7222791303099156458_n.jpg?fit=753%2C786&ssl=1&resize=700%2C400 2x"},"classes":[]},{"id":43864,"url":"https:\/\/larevistadigital.com.ar\/blog\/indignacion-en-las-toninas-robaron-las-placas-del-monumento-a-los-heroes-de-malvinas\/","url_meta":{"origin":39231,"position":4},"title":"Indignaci\u00f3n en Las Toninas: robaron las placas del Monumento a los H\u00e9roes de Malvinas","author":"Alejandro Sosa Ruda","date":"7 febrero, 2026","format":false,"excerpt":"El intendente Juan de Jes\u00fas denunci\u00f3 el hecho y lo calific\u00f3 como un grave ataque a la memoria colectiva. 07 De Febrero de 2026 LAS TONINAS\u00a0 \u00a0-\u00a0 \u00a0El robo de las placas del Monumento a los H\u00e9roes de la Guerra de Malvinas, ubicado en la Plaza Islas Malvinas de Las\u2026","rel":"","context":"En \u00abPOLICIALES\u00bb","block_context":{"text":"POLICIALES","link":"https:\/\/larevistadigital.com.ar\/blog\/category\/policiales\/"},"img":{"alt_text":"","src":"https:\/\/i0.wp.com\/larevistadigital.com.ar\/blog\/wp-content\/uploads\/a03ca28ed7e92031dd79ab0b8ad5bb1be077657a.jpeg?fit=1140%2C676&ssl=1&resize=350%2C200","width":350,"height":200,"srcset":"https:\/\/i0.wp.com\/larevistadigital.com.ar\/blog\/wp-content\/uploads\/a03ca28ed7e92031dd79ab0b8ad5bb1be077657a.jpeg?fit=1140%2C676&ssl=1&resize=350%2C200 1x, https:\/\/i0.wp.com\/larevistadigital.com.ar\/blog\/wp-content\/uploads\/a03ca28ed7e92031dd79ab0b8ad5bb1be077657a.jpeg?fit=1140%2C676&ssl=1&resize=525%2C300 1.5x, https:\/\/i0.wp.com\/larevistadigital.com.ar\/blog\/wp-content\/uploads\/a03ca28ed7e92031dd79ab0b8ad5bb1be077657a.jpeg?fit=1140%2C676&ssl=1&resize=700%2C400 2x, https:\/\/i0.wp.com\/larevistadigital.com.ar\/blog\/wp-content\/uploads\/a03ca28ed7e92031dd79ab0b8ad5bb1be077657a.jpeg?fit=1140%2C676&ssl=1&resize=1050%2C600 3x"},"classes":[]},{"id":41780,"url":"https:\/\/larevistadigital.com.ar\/blog\/tragedia-en-la-costanera-un-motociclista-perdio-la-vida-tras-chocar-contra-el-monumento-a-los-caidos-en-malvinas\/","url_meta":{"origin":39231,"position":5},"title":"Tragedia en la Costanera: un motociclista perdi\u00f3 la vida tras chocar contra el Monumento a los Ca\u00eddos en Malvinas","author":"Alejandro Sosa Ruda","date":"6 octubre, 2025","format":false,"excerpt":"Ocurri\u00f3 en la zona del \"Edificio del Turista\" 06 de Octubre 2025 CHASCOM\u00daS\u00a0 -\u00a0 \u00a0En la madrugada de este lunes 6, un tr\u00e1gico accidente en la Avenida Costanera de Chascom\u00fas dej\u00f3 como saldo la muerte de un motociclista. El siniestro ocurri\u00f3 a la altura del Monumento a los Ca\u00eddos en\u2026","rel":"","context":"En \u00abDESTACADAS\u00bb","block_context":{"text":"DESTACADAS","link":"https:\/\/larevistadigital.com.ar\/blog\/category\/destacadas\/"},"img":{"alt_text":"","src":"https:\/\/i0.wp.com\/larevistadigital.com.ar\/blog\/wp-content\/uploads\/ACCIDENTE-MOTO-LAGUNA.jpg?fit=1200%2C604&ssl=1&resize=350%2C200","width":350,"height":200,"srcset":"https:\/\/i0.wp.com\/larevistadigital.com.ar\/blog\/wp-content\/uploads\/ACCIDENTE-MOTO-LAGUNA.jpg?fit=1200%2C604&ssl=1&resize=350%2C200 1x, https:\/\/i0.wp.com\/larevistadigital.com.ar\/blog\/wp-content\/uploads\/ACCIDENTE-MOTO-LAGUNA.jpg?fit=1200%2C604&ssl=1&resize=525%2C300 1.5x, https:\/\/i0.wp.com\/larevistadigital.com.ar\/blog\/wp-content\/uploads\/ACCIDENTE-MOTO-LAGUNA.jpg?fit=1200%2C604&ssl=1&resize=700%2C400 2x, https:\/\/i0.wp.com\/larevistadigital.com.ar\/blog\/wp-content\/uploads\/ACCIDENTE-MOTO-LAGUNA.jpg?fit=1200%2C604&ssl=1&resize=1050%2C600 3x"},"classes":[]}],"_links":{"self":[{"href":"https:\/\/larevistadigital.com.ar\/blog\/wp-json\/wp\/v2\/posts\/39231","targetHints":{"allow":["GET"]}}],"collection":[{"href":"https:\/\/larevistadigital.com.ar\/blog\/wp-json\/wp\/v2\/posts"}],"about":[{"href":"https:\/\/larevistadigital.com.ar\/blog\/wp-json\/wp\/v2\/types\/post"}],"author":[{"embeddable":true,"href":"https:\/\/larevistadigital.com.ar\/blog\/wp-json\/wp\/v2\/users\/3"}],"replies":[{"embeddable":true,"href":"https:\/\/larevistadigital.com.ar\/blog\/wp-json\/wp\/v2\/comments?post=39231"}],"version-history":[{"count":1,"href":"https:\/\/larevistadigital.com.ar\/blog\/wp-json\/wp\/v2\/posts\/39231\/revisions"}],"predecessor-version":[{"id":39233,"href":"https:\/\/larevistadigital.com.ar\/blog\/wp-json\/wp\/v2\/posts\/39231\/revisions\/39233"}],"wp:featuredmedia":[{"embeddable":true,"href":"https:\/\/larevistadigital.com.ar\/blog\/wp-json\/wp\/v2\/media\/39232"}],"wp:attachment":[{"href":"https:\/\/larevistadigital.com.ar\/blog\/wp-json\/wp\/v2\/media?parent=39231"}],"wp:term":[{"taxonomy":"category","embeddable":true,"href":"https:\/\/larevistadigital.com.ar\/blog\/wp-json\/wp\/v2\/categories?post=39231"},{"taxonomy":"post_tag","embeddable":true,"href":"https:\/\/larevistadigital.com.ar\/blog\/wp-json\/wp\/v2\/tags?post=39231"}],"curies":[{"name":"wp","href":"https:\/\/api.w.org\/{rel}","templated":true}]}}