{"id":39234,"date":"2025-03-31T15:40:30","date_gmt":"2025-03-31T18:40:30","guid":{"rendered":"https:\/\/larevistadigital.com.ar\/blog\/?p=39234"},"modified":"2025-03-31T15:40:30","modified_gmt":"2025-03-31T18:40:30","slug":"en-un-clima-festivo-y-muy-emotivo-se-celebraron-los-50-anos-de-la-escuela-municipal-n-2","status":"publish","type":"post","link":"https:\/\/larevistadigital.com.ar\/blog\/en-un-clima-festivo-y-muy-emotivo-se-celebraron-los-50-anos-de-la-escuela-municipal-n-2\/","title":{"rendered":"En un clima festivo y muy emotivo se celebraron los 50 a\u00f1os de la Escuela Municipal N\u00b0 2"},"content":{"rendered":"<h3 class=\"excerpt\">El Intendente Javier Gast\u00f3n felicit\u00f3 a toda la comunidad educativa por el nuevo aniversario de tan hermosa instituci\u00f3n.<\/h3>\n<p>31 de Marzo de 2025<\/p>\n<div id=\"miDiv1\" class=\"text\">\n<p><strong>CHASCOM\u00daS\u00a0 &#8211;\u00a0<\/strong> \u00a0La Escuela Municipal N\u00b02 \u201cHip\u00f3lito Bouchard\u201d de Chascom\u00fas celebr\u00f3 este lunes por la ma\u00f1ana su 50\u00b0 aniversario con un acto oficial que cont\u00f3 con la presencia del intendente municipal, Javier Gast\u00f3n.<\/p>\n<blockquote>\n<h3>La ceremonia se llev\u00f3 a cabo en el edificio escolar ubicado en Alvear y 25 de Mayo, donde autoridades, docentes, estudiantes, auxiliares, cocineros, consejo de padres, ex directivos, ex docentes y exalumnos, se reunieron para conmemorar medio siglo de historia educativa.<\/h3>\n<\/blockquote>\n<p>Estuvieron acompa\u00f1ados por la secretaria de Desarrollo Social y Educaci\u00f3n, Yanina Gazzaniga; el subsecretario de Infancias y Juventudes, Lucio Alfons\u00edn, el ex Intendente Municipal Juan Carlos Gast\u00f3n, el ex funcionario municipal Jos\u00e9 Eduardo Bonavita, y por la directora de la instituci\u00f3n, Paola Killian.<\/p>\n<blockquote>\n<h3>En un marco, de gran alegr\u00eda y emotividad y luego de la interpretaci\u00f3n del Himno Nacional Argentino, se escucharon las palabras de la actual directora Paola Killian.<\/h3>\n<\/blockquote>\n<p>Luego fue el turno de escuchar las sentidas palabras de la ex directora Clara Arreche, quien estuvo a cargo del establecimiento por aproximadamente 20 a\u00f1os, desde 1977 hasta 1999.<\/p>\n<blockquote>\n<h3>El Intendente Javier Gast\u00f3n hizo uso de la palabra y destac\u00f3 el valioso aporte de esta instituci\u00f3n que, en estos 50 a\u00f1os, form\u00f3 y educ\u00f3 a numerosas generaciones de chascomunenses.<\/h3>\n<\/blockquote>\n<p>Finamente, fue el turno de las autoridades educativas, que tambi\u00e9n dejaron su emotivo mensaje en adhesi\u00f3n a esta importante fecha.<\/p>\n<p>En el acto tambi\u00e9n fueron reconocidas las docentes que tuvieron a su cargo la direcci\u00f3n de la instituci\u00f3n: Mar\u00eda Aurelia Bruno, Myriam Etchepare, Mar\u00eda Rosa Garc\u00eda Cuerva, Clara Arreche, Raquel Oyhamburu, Mar\u00eda del Carmen Altuna, Mirta Ledesma y Karina Dalla V\u00eda.<\/p>\n<p>Adem\u00e1s, fueron recordados los primeros docentes y auxiliares que hace 50 a\u00f1os pusieron en funcionamiento esta escuela: Mar\u00eda Estela Catalano, Mar\u00eda Raquel Larzabal, Mar\u00eda Raquel Oyhamburu, Mar\u00eda Isabel Pertusi, Norma Loayza, Mar\u00eda Hilda Picone, Nora Cristina Perota, Yolanda Biacchi, Juan Lorenzo, Mar\u00eda Ang\u00e9lica Rosales, Nilda Puricelli, Blanca Inciarte y Victoriano Razquin.<\/p>\n<blockquote>\n<h3>Tambi\u00e9n fueron recordados los primeros egresados de la instituci\u00f3n: Jos\u00e9 Luis Antoniacomi, Jos\u00e9 Carlos Aristegui, Rafael De Masi, Rub\u00e9n Loysa, Jos\u00e9 Luis Olivero y Patricio Pelliza.<\/h3>\n<\/blockquote>\n<p>Las actividades culminaron con la colorida presentaci\u00f3n del proyecto escolar titulado \u201cUna escuela, muchas historias\u201d, a trav\u00e9s del cual los alumnos recopilaron relatos y an\u00e9cdotas de la instituci\u00f3n, recibiendo el reconocimiento de los presentes con un cerrado aplauso.<\/p>\n<p>1El evento cont\u00f3 con la participaci\u00f3n de la Banda Municipal, dirigida por el profesor Francisco N\u00e1poli.<\/p>\n<\/div>\n","protected":false},"excerpt":{"rendered":"<div class=\"mh-excerpt\"><p>El Intendente Javier Gast\u00f3n felicit\u00f3 a toda la comunidad educativa por el nuevo aniversario de tan hermosa instituci\u00f3n. 31 de Marzo de 2025 CHASCOM\u00daS\u00a0 &#8211;\u00a0 \u00a0La Escuela Municipal N\u00b02 \u201cHip\u00f3lito Bouchard\u201d de Chascom\u00fas celebr\u00f3 este <a class=\"mh-excerpt-more\" href=\"https:\/\/larevistadigital.com.ar\/blog\/en-un-clima-festivo-y-muy-emotivo-se-celebraron-los-50-anos-de-la-escuela-municipal-n-2\/\" title=\"En un clima festivo y muy emotivo se celebraron los 50 a\u00f1os de la Escuela Municipal N\u00b0 2\">[Leer M\u00e1s]<\/a><\/p>\n<\/div>","protected":false},"author":3,"featured_media":39235,"comment_status":"open","ping_status":"open","sticky":false,"template":"","format":"standard","meta":{"_jetpack_memberships_contains_paid_content":false,"footnotes":"","jetpack_publicize_message":"","jetpack_publicize_feature_enabled":true,"jetpack_social_post_already_shared":true,"jetpack_social_options":{"image_generator_settings":{"template":"highway","default_image_id":0,"font":"","enabled":false},"version":2}},"categories":[6,29],"tags":[],"class_list":{"0":"post-39234","1":"post","2":"type-post","3":"status-publish","4":"format-standard","5":"has-post-thumbnail","7":"category-chascomus","8":"category-sociedad"},"jetpack_publicize_connections":[],"jetpack_featured_media_url":"https:\/\/i0.wp.com\/larevistadigital.com.ar\/blog\/wp-content\/uploads\/67ead7f98d9a3.png?fit=668%2C445&ssl=1","jetpack_sharing_enabled":true,"jetpack_shortlink":"https:\/\/wp.me\/p8qtrQ-acO","jetpack-related-posts":[{"id":42856,"url":"https:\/\/larevistadigital.com.ar\/blog\/chascomus-egresados-de-la-escuela-secundaria-municipal-recibieron-sus-diplomas\/","url_meta":{"origin":39234,"position":0},"title":"Chascom\u00fas: Egresados de la Escuela Secundaria Municipal recibieron sus diplomas","author":"Alejandro Sosa Ruda","date":"12 diciembre, 2025","format":false,"excerpt":"El intendente Javier Gast\u00f3n acompa\u00f1\u00f3 el cierre del ciclo lectivo en el establecimiento educativo. 12 de Diciembre de 2025 CHASCOM\u00daS -\u00a0 \u00a0 En la Escuela Secundaria Municipal \u201cElo\u00edsa Gonz\u00e1lez de Soler\u201d, se realiz\u00f3 el acto de entrega de diplomas a los estudiantes que completaron sus estudios. La ceremonia cont\u00f3 con\u2026","rel":"","context":"En \u00abCHASCOM\u00daS\u00bb","block_context":{"text":"CHASCOM\u00daS","link":"https:\/\/larevistadigital.com.ar\/blog\/category\/chascomus\/"},"img":{"alt_text":"","src":"https:\/\/i0.wp.com\/larevistadigital.com.ar\/blog\/wp-content\/uploads\/693c56841a86a.png?fit=668%2C445&ssl=1&resize=350%2C200","width":350,"height":200,"srcset":"https:\/\/i0.wp.com\/larevistadigital.com.ar\/blog\/wp-content\/uploads\/693c56841a86a.png?fit=668%2C445&ssl=1&resize=350%2C200 1x, https:\/\/i0.wp.com\/larevistadigital.com.ar\/blog\/wp-content\/uploads\/693c56841a86a.png?fit=668%2C445&ssl=1&resize=525%2C300 1.5x"},"classes":[]},{"id":39174,"url":"https:\/\/larevistadigital.com.ar\/blog\/el-ministro-de-educacion-visito-chascomus-y-mantuvo-un-encuentro-con-el-intendente-gaston\/","url_meta":{"origin":39234,"position":1},"title":"El ministro de Educaci\u00f3n visit\u00f3 Chascom\u00fas y mantuvo un encuentro con el intendente Gast\u00f3n","author":"Alejandro Sosa Ruda","date":"28 marzo, 2025","format":false,"excerpt":"Alberto Sileoni dialog\u00f3 sobre pol\u00edticas educativas y recorri\u00f3 la Escuela Municipal N\u00ba 2. 28 de Marzo de 2025 CHASCOM\u00daS -\u00a0 Alberto Sileoni dialog\u00f3 sobre pol\u00edticas educativas y recorri\u00f3 la Escuela Municipal N\u00ba 2. El intendente Javier Gast\u00f3n recibi\u00f3 en su despacho al director general de Cultura y Educaci\u00f3n de la\u2026","rel":"","context":"En \u00abCHASCOM\u00daS\u00bb","block_context":{"text":"CHASCOM\u00daS","link":"https:\/\/larevistadigital.com.ar\/blog\/category\/chascomus\/"},"img":{"alt_text":"","src":"https:\/\/i0.wp.com\/larevistadigital.com.ar\/blog\/wp-content\/uploads\/67e6d6488055e.png?fit=668%2C445&ssl=1&resize=350%2C200","width":350,"height":200,"srcset":"https:\/\/i0.wp.com\/larevistadigital.com.ar\/blog\/wp-content\/uploads\/67e6d6488055e.png?fit=668%2C445&ssl=1&resize=350%2C200 1x, https:\/\/i0.wp.com\/larevistadigital.com.ar\/blog\/wp-content\/uploads\/67e6d6488055e.png?fit=668%2C445&ssl=1&resize=525%2C300 1.5x"},"classes":[]},{"id":44415,"url":"https:\/\/larevistadigital.com.ar\/blog\/chascomus-inicio-del-ciclo-lectivo-en-la-escuela-secundaria-municipal-eloisa-gonzalez-de-soler\/","url_meta":{"origin":39234,"position":2},"title":"Chascom\u00fas: Inicio del ciclo lectivo en la Escuela Secundaria Municipal \u201cElo\u00edsa Gonz\u00e1lez de Soler\u201d","author":"Alejandro Sosa Ruda","date":"9 marzo, 2026","format":false,"excerpt":"El intendente Javier Gast\u00f3n particip\u00f3 del acto realizado en el establecimiento del acceso norte. 09 de marzo2026 CHASCOM\u00daS -\u00a0 \u00a0Este lunes comenz\u00f3 el ciclo lectivo en la Escuela Secundaria Municipal \u201cElo\u00edsa Gonz\u00e1lez de Soler\u201d, ubicada en la intersecci\u00f3n de Juli\u00e1n Quintana y 25 de Mayo, en el acceso norte de\u2026","rel":"","context":"En \u00abCHASCOM\u00daS\u00bb","block_context":{"text":"CHASCOM\u00daS","link":"https:\/\/larevistadigital.com.ar\/blog\/category\/chascomus\/"},"img":{"alt_text":"","src":"https:\/\/i0.wp.com\/larevistadigital.com.ar\/blog\/wp-content\/uploads\/69af0a7cafd12.png?fit=668%2C445&ssl=1&resize=350%2C200","width":350,"height":200,"srcset":"https:\/\/i0.wp.com\/larevistadigital.com.ar\/blog\/wp-content\/uploads\/69af0a7cafd12.png?fit=668%2C445&ssl=1&resize=350%2C200 1x, https:\/\/i0.wp.com\/larevistadigital.com.ar\/blog\/wp-content\/uploads\/69af0a7cafd12.png?fit=668%2C445&ssl=1&resize=525%2C300 1.5x"},"classes":[]},{"id":41941,"url":"https:\/\/larevistadigital.com.ar\/blog\/chascomus-javier-gaston-visito-la-escuela-primaria-no-20-y-entrego-un-subsidio-para-su-puesta-en-valor\/","url_meta":{"origin":39234,"position":3},"title":"Chascom\u00fas: Javier Gast\u00f3n visit\u00f3 la Escuela Primaria N\u00ba 20 y entreg\u00f3 un subsidio para su puesta en valor","author":"Alejandro Sosa Ruda","date":"13 octubre, 2025","format":false,"excerpt":"El intendente recorri\u00f3 el establecimiento rural de Don Cipriano y confirm\u00f3 el apoyo municipal para los viajes de fin de curso de los egresados. 13 de Octubre de 2025 Chascom\u00fas - El intendente Javier Gast\u00f3n visit\u00f3 el jueves pasado la Escuela Primaria N\u00ba 20 \u201cAng\u00e9lica Newton\u201d, ubicada en el paraje\u2026","rel":"","context":"En \u00abCHASCOM\u00daS\u00bb","block_context":{"text":"CHASCOM\u00daS","link":"https:\/\/larevistadigital.com.ar\/blog\/category\/chascomus\/"},"img":{"alt_text":"","src":"https:\/\/i0.wp.com\/larevistadigital.com.ar\/blog\/wp-content\/uploads\/68ed72e48acb0.png?fit=668%2C445&ssl=1&resize=350%2C200","width":350,"height":200,"srcset":"https:\/\/i0.wp.com\/larevistadigital.com.ar\/blog\/wp-content\/uploads\/68ed72e48acb0.png?fit=668%2C445&ssl=1&resize=350%2C200 1x, https:\/\/i0.wp.com\/larevistadigital.com.ar\/blog\/wp-content\/uploads\/68ed72e48acb0.png?fit=668%2C445&ssl=1&resize=525%2C300 1.5x"},"classes":[]},{"id":5690,"url":"https:\/\/larevistadigital.com.ar\/blog\/chascomus-el-intendente-encabezo-los-festejos-por-el-239-aniversario-de-la-ciudad\/","url_meta":{"origin":39234,"position":4},"title":"CHASCOM\u00daS: EL INTENDENTE ENCABEZ\u00d3 LOS FESTEJOS POR EL 239 ANIVERSARIO DE LA CIUDAD","author":"Alejandro Sosa Ruda","date":"31 mayo, 2018","format":false,"excerpt":"Durante la ma\u00f1ana de hoy, el intendente municipal, Javier Gast\u00f3n, junto a familiares directos de Pedro Nicolas Escribano, encabezaron los festejos por el 239\u00b0 aniversario de la Fundaci\u00f3n de la Ciudad de Chascom\u00fas. Al inicio del encuentro, se acercaron a la Plaza Independencia para entregar una ofrenda floral en homenaje\u2026","rel":"","context":"En \u00abDESTACADAS\u00bb","block_context":{"text":"DESTACADAS","link":"https:\/\/larevistadigital.com.ar\/blog\/category\/destacadas\/"},"img":{"alt_text":"","src":"https:\/\/i0.wp.com\/larevistadigital.com.ar\/blog\/wp-content\/uploads\/2018\/05\/34015772_1895135910507285_121383446596550656_n.jpg?fit=960%2C641&ssl=1&resize=350%2C200","width":350,"height":200,"srcset":"https:\/\/i0.wp.com\/larevistadigital.com.ar\/blog\/wp-content\/uploads\/2018\/05\/34015772_1895135910507285_121383446596550656_n.jpg?fit=960%2C641&ssl=1&resize=350%2C200 1x, https:\/\/i0.wp.com\/larevistadigital.com.ar\/blog\/wp-content\/uploads\/2018\/05\/34015772_1895135910507285_121383446596550656_n.jpg?fit=960%2C641&ssl=1&resize=525%2C300 1.5x, https:\/\/i0.wp.com\/larevistadigital.com.ar\/blog\/wp-content\/uploads\/2018\/05\/34015772_1895135910507285_121383446596550656_n.jpg?fit=960%2C641&ssl=1&resize=700%2C400 2x"},"classes":[]},{"id":39180,"url":"https:\/\/larevistadigital.com.ar\/blog\/inicio-del-ciclo-2025-de-cursos-de-formacion-profesional\/","url_meta":{"origin":39234,"position":5},"title":"Inicio del ciclo 2025 de cursos de formaci\u00f3n profesional","author":"Alejandro Sosa Ruda","date":"28 marzo, 2025","format":false,"excerpt":"El intendente Javier Gast\u00f3n acompa\u00f1\u00f3 el comienzo de los cursos de formaci\u00f3n profesional, que esta semana dieron sus primeras clases en distintos puntos de la ciudad. 28 de Marzo de 2025 CHASCOM\u00daS -\u00a0 En este marco, comenz\u00f3 la capacitaci\u00f3n en \u201cCocineros\/as para comedores\u201d, que se dicta en la Escuela N\u00ba\u2026","rel":"","context":"En \u00abCHASCOM\u00daS\u00bb","block_context":{"text":"CHASCOM\u00daS","link":"https:\/\/larevistadigital.com.ar\/blog\/category\/chascomus\/"},"img":{"alt_text":"","src":"https:\/\/i0.wp.com\/larevistadigital.com.ar\/blog\/wp-content\/uploads\/67e6d32ec41d6.png?fit=668%2C445&ssl=1&resize=350%2C200","width":350,"height":200,"srcset":"https:\/\/i0.wp.com\/larevistadigital.com.ar\/blog\/wp-content\/uploads\/67e6d32ec41d6.png?fit=668%2C445&ssl=1&resize=350%2C200 1x, https:\/\/i0.wp.com\/larevistadigital.com.ar\/blog\/wp-content\/uploads\/67e6d32ec41d6.png?fit=668%2C445&ssl=1&resize=525%2C300 1.5x"},"classes":[]}],"_links":{"self":[{"href":"https:\/\/larevistadigital.com.ar\/blog\/wp-json\/wp\/v2\/posts\/39234","targetHints":{"allow":["GET"]}}],"collection":[{"href":"https:\/\/larevistadigital.com.ar\/blog\/wp-json\/wp\/v2\/posts"}],"about":[{"href":"https:\/\/larevistadigital.com.ar\/blog\/wp-json\/wp\/v2\/types\/post"}],"author":[{"embeddable":true,"href":"https:\/\/larevistadigital.com.ar\/blog\/wp-json\/wp\/v2\/users\/3"}],"replies":[{"embeddable":true,"href":"https:\/\/larevistadigital.com.ar\/blog\/wp-json\/wp\/v2\/comments?post=39234"}],"version-history":[{"count":1,"href":"https:\/\/larevistadigital.com.ar\/blog\/wp-json\/wp\/v2\/posts\/39234\/revisions"}],"predecessor-version":[{"id":39236,"href":"https:\/\/larevistadigital.com.ar\/blog\/wp-json\/wp\/v2\/posts\/39234\/revisions\/39236"}],"wp:featuredmedia":[{"embeddable":true,"href":"https:\/\/larevistadigital.com.ar\/blog\/wp-json\/wp\/v2\/media\/39235"}],"wp:attachment":[{"href":"https:\/\/larevistadigital.com.ar\/blog\/wp-json\/wp\/v2\/media?parent=39234"}],"wp:term":[{"taxonomy":"category","embeddable":true,"href":"https:\/\/larevistadigital.com.ar\/blog\/wp-json\/wp\/v2\/categories?post=39234"},{"taxonomy":"post_tag","embeddable":true,"href":"https:\/\/larevistadigital.com.ar\/blog\/wp-json\/wp\/v2\/tags?post=39234"}],"curies":[{"name":"wp","href":"https:\/\/api.w.org\/{rel}","templated":true}]}}