{"id":39237,"date":"2025-04-01T08:45:38","date_gmt":"2025-04-01T11:45:38","guid":{"rendered":"https:\/\/larevistadigital.com.ar\/blog\/?p=39237"},"modified":"2025-04-01T08:45:38","modified_gmt":"2025-04-01T11:45:38","slug":"mariano-fernandino-hablo-sobre-el-espacio-que-busca-reactivar-la-participacion-dentro-del-peronismo-local","status":"publish","type":"post","link":"https:\/\/larevistadigital.com.ar\/blog\/mariano-fernandino-hablo-sobre-el-espacio-que-busca-reactivar-la-participacion-dentro-del-peronismo-local\/","title":{"rendered":"Mariano Fernandino habl\u00f3 sobre el espacio que busca reactivar la participaci\u00f3n dentro del peronismo local"},"content":{"rendered":"<h2 data-pm-slice=\"1 1 []\"><strong>\u00abRenacer Peronista\u00bb: La nueva apuesta de un grupo de hist\u00f3ricos para volver a la escena pol\u00edtica.<\/strong><\/h2>\n<p>31 de Marzo de 2025<\/p>\n<p data-pm-slice=\"1 1 []\"><strong>CHASCOM\u00daS\u00a0 &#8211;<\/strong>\u00a0 El dirigente peronista <strong>Mariano Fernandino<\/strong> particip\u00f3 de una extensa y reveladora entrevista con <strong>Alejandro \u201cEl Tano\u201d Sosa<\/strong> en el programa <strong>\u201cAtaque de Radio\u201d, transmitido por FM 102.7 y en simult\u00e1neo v\u00eda streaming en el canal de YouTube @radiopowerch.<\/strong> Durante la conversaci\u00f3n, <strong>Fernandino<\/strong> detall\u00f3 la decisi\u00f3n de un grupo de dirigentes y simpatizantes hist\u00f3ricos del peronismo de organizarse y participar activamente en los pr\u00f3ximos comicios de octubre.<\/p>\n<p><em><strong>\u201cTodos los que conformamos el grupo hemos ocupado distintos espacios y tambi\u00e9n tenemos mucho para aportar. Por eso, luego de debatir y charlar, nuestra premisa es: &#8216;Sin permiso&#8217;. Porque \u00faltimamente, para hacer pol\u00edtica, hay que pedir permiso. \u00bfY por qu\u00e9 tendr\u00edamos que pedirlo? Si es lo que nos gusta, nos apasiona y nos une\u2026\u201d<\/strong><\/em>, expres\u00f3 <strong>Fernandino<\/strong>.<\/p>\n<p>El dirigente fue categ\u00f3rico al afirmar que su falta de participaci\u00f3n en espacios anteriores se debi\u00f3 a trabas internas. <strong><em>\u201cSi no tuvimos m\u00e1s lugar fue porque no nos daban permiso. Nos pas\u00f3 en la interna y en cada decisi\u00f3n importante dentro de los espacios, siempre hay que pedir permiso. \u00bfPor qu\u00e9 los chicos van a querer participar si lo primero que deben hacer es pedir autorizaci\u00f3n?\u201d<\/em><\/strong>, reflexion\u00f3.<\/p>\n<h3><span style=\"color: #ff0000\"><strong>El nacimiento de \u00abRenacer Peronista\u00bb<\/strong><\/span><\/h3>\n<p>A ra\u00edz de esta situaci\u00f3n, decidieron dar un paso adelante y conformar un nuevo espacio bajo el nombre <strong>\u201cRenacer Peronista\u201d<\/strong>. Aunque a\u00fan est\u00e1n sumando personas y definiendo su estructura, el grupo ya se encuentra en actividad. <strong><em>\u201cEl nombre viene de la \u00faltima interna peronista y sentimos que representa lo que queremos construir\u201d<\/em><\/strong>, explic\u00f3.<\/p>\n<blockquote><p><strong>Fernandino<\/strong> dej\u00f3 en claro que la identidad del espacio es profundamente peronista: <strong><em>\u201cLo primero es que todos somos peronistas, eso que no lo dude nadie. Despu\u00e9s, podremos charlar con gente que no lo sea. Hoy, muchos j\u00f3venes no conocen realmente lo que es el peronismo. El kirchnerismo no es el peronismo\u201d<\/em><\/strong>, asegur\u00f3.<\/p><\/blockquote>\n<p>Adem\u00e1s, critic\u00f3 la polarizaci\u00f3n extrema de la pol\u00edtica actual. <em><strong>\u201cHoy todo es blanco o negro, no se permiten grises. Y nosotros creemos en los grises. No tenemos que ir detr\u00e1s de nadie en la Provincia o la Naci\u00f3n, pero s\u00ed siempre dentro del peronismo\u201d<\/strong><\/em>.<\/p>\n<h3><span style=\"color: #ff0000\"><strong>Trabajo de base y la disputa interna en el peronismo<\/strong><\/span><\/h3>\n<p>El grupo se re\u00fane todos los mi\u00e9rcoles y trabaja en sumar adeptos a trav\u00e9s del <strong>\u201ctrabajo de hormiga\u201d<\/strong>, es decir, con militancia cara a cara. Tambi\u00e9n tienen diversas actividades programadas en el corto plazo.<\/p>\n<blockquote><p>Consultado sobre la interna entre <strong>Cristina Fern\u00e1ndez de Kirchner<\/strong> y <strong>Axel Kicillof<\/strong>, <strong>Fernandino<\/strong> opin\u00f3 que se trata de una <strong>\u201cpelea de poder\u201d<\/strong>. <strong><em>\u201cCristina no quiere largar lo que tuvo o tiene, y Axel, si quiere ser, necesita ser el jefe. Lo que pas\u00f3 con Alberto no puede pasar m\u00e1s\u201d<\/em><\/strong>, enfatiz\u00f3.<\/p><\/blockquote>\n<p>Sin embargo, aclar\u00f3 que no se alinea con ninguno de los dos sectores. <em><strong>\u201cSi me encuadro detr\u00e1s de Kicillof, luego tendr\u00eda que pedir permiso para participar con quienes est\u00e1n con \u00e9l en Chascom\u00fas, que son los mismos que ni siquiera firmaron la nota de apoyo de los intendentes al Gobernador\u2026 Es todo muy raro\u201d<\/strong><\/em>, expres\u00f3 con desconfianza.<\/p>\n<h3><span style=\"color: #ff0000\"><strong>Su rol en la alianza con el vecinalismo y la gesti\u00f3n actual<\/strong><\/span><\/h3>\n<p>Otro de los temas abordados en la entrevista fue el papel de <strong>Fernandino<\/strong> en la alianza entre Unidad por Chascom\u00fas y una parte del PJ local. En este sentido, reconoci\u00f3 que cometi\u00f3 errores al confiar en algunas personas. <strong><em>\u201cUno a veces conf\u00eda en quien no deber\u00eda, y ya est\u00e1. A esta altura de la vida, no me enojo. Eso arranc\u00f3 con mucha fuerza, con el objetivo de ganarle al radicalismo, y se logr\u00f3. Pero despu\u00e9s hab\u00eda que construir algo, y eso no se hizo\u201d<\/em><\/strong>, lament\u00f3.<\/p>\n<p>Asimismo, critic\u00f3 al vecinalismo, afirmando que <em><strong>\u201cnunca quiso reconocer el esfuerzo que hicimos\u201d<\/strong><\/em> y que con el tiempo se fueron sumando personas que <em><strong>\u201cuno no hubiese querido\u201d<\/strong><\/em>. En este punto, marc\u00f3 distancia con la actual gesti\u00f3n municipal de Javier Gast\u00f3n. <em><strong>\u201cGracias a Dios que no estamos adentro de esto\u201d<\/strong><\/em>, sentenci\u00f3.<\/p>\n<blockquote>\n<h3>Si bien reconoci\u00f3 que la administraci\u00f3n de Gast\u00f3n comenz\u00f3 con fuerza y con un equipo id\u00f3neo, consider\u00f3 que con el tiempo se desdibuj\u00f3 y dej\u00f3 problemas sin resolver. <em><strong>\u201cNo dan ganas de acompa\u00f1ar estas cosas\u201d<\/strong><\/em>, sostuvo.<\/h3>\n<\/blockquote>\n<p>Por \u00faltimo, asegur\u00f3 que nunca aspir\u00f3 a ser funcionario de la gesti\u00f3n actual. <strong><em>\u201cHab\u00edamos arreglado un par de cosas y cuando la gente no cumple, mejor. Habr\u00e1n entendido que no vamos a formar parte de esta gesti\u00f3n municipal, eso est\u00e1 claro\u201d<\/em><\/strong>, concluy\u00f3.<\/p>\n<h3><span style=\"color: #ff0000\"><strong>El futuro del peronismo local<\/strong><\/span><\/h3>\n<p>De cara a las pr\u00f3ximas elecciones, <strong>Fernandino<\/strong> enfatiz\u00f3 que para crecer es necesario el di\u00e1logo y la construcci\u00f3n conjunta con distintos sectores. Tambi\u00e9n valor\u00f3 la creaci\u00f3n de un nuevo espacio vecinalista y expres\u00f3 su confianza en que su primo, <strong>Ramiro Ferrante<\/strong>, lograr\u00e1 consolidarse pol\u00edticamente en el futuro.<\/p>\n<p>La entrevista dej\u00f3 en claro que <strong>\u00abRenacer Peronista\u00bb<\/strong> busca ocupar un lugar protag\u00f3nico en el escenario pol\u00edtico local, sin ataduras ni permisos, pero con la convicci\u00f3n de que el peronismo a\u00fan tiene mucho por construir en Chascom\u00fas.<\/p>\n<p>&nbsp;<\/p>\n","protected":false},"excerpt":{"rendered":"<div class=\"mh-excerpt\"><p>\u00abRenacer Peronista\u00bb: La nueva apuesta de un grupo de hist\u00f3ricos para volver a la escena pol\u00edtica. 31 de Marzo de 2025 CHASCOM\u00daS\u00a0 &#8211;\u00a0 El dirigente peronista Mariano Fernandino particip\u00f3 de una extensa y reveladora entrevista <a class=\"mh-excerpt-more\" href=\"https:\/\/larevistadigital.com.ar\/blog\/mariano-fernandino-hablo-sobre-el-espacio-que-busca-reactivar-la-participacion-dentro-del-peronismo-local\/\" title=\"Mariano Fernandino habl\u00f3 sobre el espacio que busca reactivar la participaci\u00f3n dentro del peronismo local\">[Leer M\u00e1s]<\/a><\/p>\n<\/div>","protected":false},"author":3,"featured_media":39241,"comment_status":"open","ping_status":"open","sticky":false,"template":"","format":"standard","meta":{"_jetpack_memberships_contains_paid_content":false,"footnotes":"","jetpack_publicize_message":"","jetpack_publicize_feature_enabled":true,"jetpack_social_post_already_shared":true,"jetpack_social_options":{"image_generator_settings":{"template":"highway","default_image_id":0,"font":"","enabled":false},"version":2}},"categories":[247,41,23],"tags":[],"class_list":{"0":"post-39237","1":"post","2":"type-post","3":"status-publish","4":"format-standard","5":"has-post-thumbnail","7":"category-ataque-de-radio","8":"category-destacadas","9":"category-politica-local"},"jetpack_publicize_connections":[],"jetpack_featured_media_url":"https:\/\/i0.wp.com\/larevistadigital.com.ar\/blog\/wp-content\/uploads\/Nota-MARIANO-FERNANDINO.jpg?fit=856%2C491&ssl=1","jetpack_sharing_enabled":true,"jetpack_shortlink":"https:\/\/wp.me\/p8qtrQ-acR","jetpack-related-posts":[{"id":13316,"url":"https:\/\/larevistadigital.com.ar\/blog\/el-peronismo-que-viene-para-quedarse\/","url_meta":{"origin":39237,"position":0},"title":"EL PERONISMO QUE VIENE PARA QUEDARSE","author":"admin","date":"20 noviembre, 2019","format":false,"excerpt":"El 17 de noviembre pasado, distintas agrupaciones y espacios del peronismo local que en agosto y en octubre militaron la boleta completa del Frente de Todos, recordaron el D\u00eda del Militante Peronista con una jornada durante la cual se colocaron plantas en torno al busto de Per\u00f3n y compartieron mate\u2026","rel":"","context":"En \u00abCHASCOM\u00daS\u00bb","block_context":{"text":"CHASCOM\u00daS","link":"https:\/\/larevistadigital.com.ar\/blog\/category\/chascomus\/"},"img":{"alt_text":"","src":"https:\/\/i0.wp.com\/larevistadigital.com.ar\/blog\/wp-content\/uploads\/165e41d3-c4df-41f9-9c4d-cc0cde1ba41a.jpg?fit=1200%2C900&ssl=1&resize=350%2C200","width":350,"height":200,"srcset":"https:\/\/i0.wp.com\/larevistadigital.com.ar\/blog\/wp-content\/uploads\/165e41d3-c4df-41f9-9c4d-cc0cde1ba41a.jpg?fit=1200%2C900&ssl=1&resize=350%2C200 1x, https:\/\/i0.wp.com\/larevistadigital.com.ar\/blog\/wp-content\/uploads\/165e41d3-c4df-41f9-9c4d-cc0cde1ba41a.jpg?fit=1200%2C900&ssl=1&resize=525%2C300 1.5x, https:\/\/i0.wp.com\/larevistadigital.com.ar\/blog\/wp-content\/uploads\/165e41d3-c4df-41f9-9c4d-cc0cde1ba41a.jpg?fit=1200%2C900&ssl=1&resize=700%2C400 2x, https:\/\/i0.wp.com\/larevistadigital.com.ar\/blog\/wp-content\/uploads\/165e41d3-c4df-41f9-9c4d-cc0cde1ba41a.jpg?fit=1200%2C900&ssl=1&resize=1050%2C600 3x"},"classes":[]},{"id":24849,"url":"https:\/\/larevistadigital.com.ar\/blog\/internas-del-pj-alfredo-machin-es-el-nuevo-presidente-del-pj-en-chascomus\/","url_meta":{"origin":39237,"position":1},"title":"INTERNAS DEL PJ: ALFREDO MACHIN ES EL NUEVO PRESIDENTE DEL PJ EN CHASCOM\u00daS","author":"Alejandro Sosa Ruda","date":"27 marzo, 2022","format":false,"excerpt":"CHASCOM\u00daS-\u00a0 En una ejemplar elecci\u00f3n en la que se midieron dos fuerzas que \"dejaron todo\" por adjudicarse el triunfo, el dirigente Camporista Alfredo Machin, acompa\u00f1ada por la dirigente social Viviana \"Vivi\" Bensi, con la Lista N\u00b04, se impusieron a la Lista N! 6, que encabezaba Mariano Fernandino y acompa\u00f1aban dirigentes\u2026","rel":"","context":"En \u00abDESTACADAS\u00bb","block_context":{"text":"DESTACADAS","link":"https:\/\/larevistadigital.com.ar\/blog\/category\/destacadas\/"},"img":{"alt_text":"","src":"https:\/\/i0.wp.com\/larevistadigital.com.ar\/blog\/wp-content\/uploads\/WhatsApp-Image-2022-03-27-at-8.34.13-PM-e1648424478813.jpeg?fit=1192%2C852&ssl=1&resize=350%2C200","width":350,"height":200,"srcset":"https:\/\/i0.wp.com\/larevistadigital.com.ar\/blog\/wp-content\/uploads\/WhatsApp-Image-2022-03-27-at-8.34.13-PM-e1648424478813.jpeg?fit=1192%2C852&ssl=1&resize=350%2C200 1x, https:\/\/i0.wp.com\/larevistadigital.com.ar\/blog\/wp-content\/uploads\/WhatsApp-Image-2022-03-27-at-8.34.13-PM-e1648424478813.jpeg?fit=1192%2C852&ssl=1&resize=525%2C300 1.5x, https:\/\/i0.wp.com\/larevistadigital.com.ar\/blog\/wp-content\/uploads\/WhatsApp-Image-2022-03-27-at-8.34.13-PM-e1648424478813.jpeg?fit=1192%2C852&ssl=1&resize=700%2C400 2x, https:\/\/i0.wp.com\/larevistadigital.com.ar\/blog\/wp-content\/uploads\/WhatsApp-Image-2022-03-27-at-8.34.13-PM-e1648424478813.jpeg?fit=1192%2C852&ssl=1&resize=1050%2C600 3x"},"classes":[]},{"id":39155,"url":"https:\/\/larevistadigital.com.ar\/blog\/chascomus-nace-renacer-peronista-un-nuevo-espacio-de-reflexion-y-propuesta\/","url_meta":{"origin":39237,"position":2},"title":"Chascom\u00fas: Nace \u00abRenacer Peronista\u00bb. Un nuevo espacio de reflexi\u00f3n y propuesta","author":"Alejandro Sosa Ruda","date":"27 marzo, 2025","format":false,"excerpt":"Militantes autoconvocados buscan recuperar las ideas fundantes del movimiento y el \u201cRenacer Peronista\u201d. 27 de Marzo de 2025 COMUNICADO: CHASCOM\u00daS -\u00a0 Un grupo de peronistas autoconvocados que ha ocupado cargos partidarios, deliberativos, gremiales y militantes se reunieron para conversar y analizar la situaci\u00f3n pol\u00edtica nacional, provincial y municipal, Y\u00a0 constituir\u2026","rel":"","context":"En \u00abCHASCOM\u00daS\u00bb","block_context":{"text":"CHASCOM\u00daS","link":"https:\/\/larevistadigital.com.ar\/blog\/category\/chascomus\/"},"img":{"alt_text":"","src":"https:\/\/i0.wp.com\/larevistadigital.com.ar\/blog\/wp-content\/uploads\/WhatsApp-Image-2025-03-27-at-15.06.22.jpeg?fit=1200%2C784&ssl=1&resize=350%2C200","width":350,"height":200,"srcset":"https:\/\/i0.wp.com\/larevistadigital.com.ar\/blog\/wp-content\/uploads\/WhatsApp-Image-2025-03-27-at-15.06.22.jpeg?fit=1200%2C784&ssl=1&resize=350%2C200 1x, https:\/\/i0.wp.com\/larevistadigital.com.ar\/blog\/wp-content\/uploads\/WhatsApp-Image-2025-03-27-at-15.06.22.jpeg?fit=1200%2C784&ssl=1&resize=525%2C300 1.5x, https:\/\/i0.wp.com\/larevistadigital.com.ar\/blog\/wp-content\/uploads\/WhatsApp-Image-2025-03-27-at-15.06.22.jpeg?fit=1200%2C784&ssl=1&resize=700%2C400 2x, https:\/\/i0.wp.com\/larevistadigital.com.ar\/blog\/wp-content\/uploads\/WhatsApp-Image-2025-03-27-at-15.06.22.jpeg?fit=1200%2C784&ssl=1&resize=1050%2C600 3x"},"classes":[]},{"id":17491,"url":"https:\/\/larevistadigital.com.ar\/blog\/profundo-pesar-en-chascomus-por-la-muerte-de-norberto-tata-fernandino\/","url_meta":{"origin":39237,"position":3},"title":"PROFUNDO PESAR EN CHASCOM\u00daS POR LA MUERTE DE NORBERTO \u00abTATA\u00bb FERNANDINO","author":"Alejandro Sosa Ruda","date":"8 noviembre, 2020","format":false,"excerpt":"Un hombre que realmente \"hizo historia\". Norberto \"Tata\" Fernandino, ser\u00e1 recordado entre otras cosas, porque fue el \u00fanico intendente peronista, que gan\u00f3 el municipio justamente en Chascom\u00fas, cuna de Ra\u00fal Alfons\u00edn, inclusive durante la presidencia de \u00e9ste \u00faltimo. Con un notable carisma, y una inmensa sapiencia pol\u00edtica, Fernandino adem\u00e1s de\u2026","rel":"","context":"En \u00abDESTACADAS\u00bb","block_context":{"text":"DESTACADAS","link":"https:\/\/larevistadigital.com.ar\/blog\/category\/destacadas\/"},"img":{"alt_text":"","src":"https:\/\/i0.wp.com\/larevistadigital.com.ar\/blog\/wp-content\/uploads\/123767013_1892426504228570_1308951738985913827_n.jpg?fit=711%2C689&ssl=1&resize=350%2C200","width":350,"height":200,"srcset":"https:\/\/i0.wp.com\/larevistadigital.com.ar\/blog\/wp-content\/uploads\/123767013_1892426504228570_1308951738985913827_n.jpg?fit=711%2C689&ssl=1&resize=350%2C200 1x, https:\/\/i0.wp.com\/larevistadigital.com.ar\/blog\/wp-content\/uploads\/123767013_1892426504228570_1308951738985913827_n.jpg?fit=711%2C689&ssl=1&resize=525%2C300 1.5x, https:\/\/i0.wp.com\/larevistadigital.com.ar\/blog\/wp-content\/uploads\/123767013_1892426504228570_1308951738985913827_n.jpg?fit=711%2C689&ssl=1&resize=700%2C400 2x"},"classes":[]},{"id":17714,"url":"https:\/\/larevistadigital.com.ar\/blog\/enojo-en-el-peronismo-local-por-convocatoria-de-uxch-a-caravana-peronista\/","url_meta":{"origin":39237,"position":4},"title":"ENOJO EN EL PERONISMO LOCAL POR CONVOCATORIA DE UXCH A \u00abCARAVANA PERONISTA\u00bb","author":"Alejandro Sosa Ruda","date":"17 noviembre, 2020","format":false,"excerpt":"El Secretario de Gobierno de Chascom\u00fas, Cipriano P\u00e9rez del Cerro entre otros, comenz\u00f3 ayer a compartir por redes y hacer una convocatoria para una \"Caravana de la militancia\". \"Habr\u00eda que avisarle a Cipriano, que este es un d\u00eda peronista. Se festeja la \"militancia peronista\", y no la militancia en general\",\u2026","rel":"","context":"En \u00abCHASCOM\u00daS\u00bb","block_context":{"text":"CHASCOM\u00daS","link":"https:\/\/larevistadigital.com.ar\/blog\/category\/chascomus\/"},"img":{"alt_text":"","src":"https:\/\/i0.wp.com\/larevistadigital.com.ar\/blog\/wp-content\/uploads\/CONVOCATORIA-POR-WAPP-DE-PEREZ-DEL-CERRO.jpg?fit=1200%2C675&ssl=1&resize=350%2C200","width":350,"height":200,"srcset":"https:\/\/i0.wp.com\/larevistadigital.com.ar\/blog\/wp-content\/uploads\/CONVOCATORIA-POR-WAPP-DE-PEREZ-DEL-CERRO.jpg?fit=1200%2C675&ssl=1&resize=350%2C200 1x, https:\/\/i0.wp.com\/larevistadigital.com.ar\/blog\/wp-content\/uploads\/CONVOCATORIA-POR-WAPP-DE-PEREZ-DEL-CERRO.jpg?fit=1200%2C675&ssl=1&resize=525%2C300 1.5x, https:\/\/i0.wp.com\/larevistadigital.com.ar\/blog\/wp-content\/uploads\/CONVOCATORIA-POR-WAPP-DE-PEREZ-DEL-CERRO.jpg?fit=1200%2C675&ssl=1&resize=700%2C400 2x, https:\/\/i0.wp.com\/larevistadigital.com.ar\/blog\/wp-content\/uploads\/CONVOCATORIA-POR-WAPP-DE-PEREZ-DEL-CERRO.jpg?fit=1200%2C675&ssl=1&resize=1050%2C600 3x"},"classes":[]},{"id":24074,"url":"https:\/\/larevistadigital.com.ar\/blog\/se-armaron-dos-listas-para-competir-por-el-pj-en-chascomus\/","url_meta":{"origin":39237,"position":5},"title":"SE ARMARON DOS LISTAS PARA COMPETIR POR EL PJ EN CHASCOM\u00daS","author":"Alejandro Sosa Ruda","date":"17 febrero, 2022","format":false,"excerpt":"CHASCOM\u00daS -\u00a0 Como es de dominio p\u00fablico, se preparan para el 27 de marzo las elecciones del PJ, en todos los distritos de la provincia de Buenos Aires, y en ese contexto, podemos informar que si bien en muchos de esos distritos habr\u00e1 lista \u00fanica, en Chascom\u00fas habr\u00e1n elecciones internas\u2026","rel":"","context":"En \u00abCHASCOM\u00daS\u00bb","block_context":{"text":"CHASCOM\u00daS","link":"https:\/\/larevistadigital.com.ar\/blog\/category\/chascomus\/"},"img":{"alt_text":"","src":"https:\/\/i0.wp.com\/larevistadigital.com.ar\/blog\/wp-content\/uploads\/elecciones-urna-voto-g20180522-707903.jpg?fit=950%2C534&ssl=1&resize=350%2C200","width":350,"height":200,"srcset":"https:\/\/i0.wp.com\/larevistadigital.com.ar\/blog\/wp-content\/uploads\/elecciones-urna-voto-g20180522-707903.jpg?fit=950%2C534&ssl=1&resize=350%2C200 1x, https:\/\/i0.wp.com\/larevistadigital.com.ar\/blog\/wp-content\/uploads\/elecciones-urna-voto-g20180522-707903.jpg?fit=950%2C534&ssl=1&resize=525%2C300 1.5x, https:\/\/i0.wp.com\/larevistadigital.com.ar\/blog\/wp-content\/uploads\/elecciones-urna-voto-g20180522-707903.jpg?fit=950%2C534&ssl=1&resize=700%2C400 2x"},"classes":[]}],"_links":{"self":[{"href":"https:\/\/larevistadigital.com.ar\/blog\/wp-json\/wp\/v2\/posts\/39237","targetHints":{"allow":["GET"]}}],"collection":[{"href":"https:\/\/larevistadigital.com.ar\/blog\/wp-json\/wp\/v2\/posts"}],"about":[{"href":"https:\/\/larevistadigital.com.ar\/blog\/wp-json\/wp\/v2\/types\/post"}],"author":[{"embeddable":true,"href":"https:\/\/larevistadigital.com.ar\/blog\/wp-json\/wp\/v2\/users\/3"}],"replies":[{"embeddable":true,"href":"https:\/\/larevistadigital.com.ar\/blog\/wp-json\/wp\/v2\/comments?post=39237"}],"version-history":[{"count":2,"href":"https:\/\/larevistadigital.com.ar\/blog\/wp-json\/wp\/v2\/posts\/39237\/revisions"}],"predecessor-version":[{"id":39242,"href":"https:\/\/larevistadigital.com.ar\/blog\/wp-json\/wp\/v2\/posts\/39237\/revisions\/39242"}],"wp:featuredmedia":[{"embeddable":true,"href":"https:\/\/larevistadigital.com.ar\/blog\/wp-json\/wp\/v2\/media\/39241"}],"wp:attachment":[{"href":"https:\/\/larevistadigital.com.ar\/blog\/wp-json\/wp\/v2\/media?parent=39237"}],"wp:term":[{"taxonomy":"category","embeddable":true,"href":"https:\/\/larevistadigital.com.ar\/blog\/wp-json\/wp\/v2\/categories?post=39237"},{"taxonomy":"post_tag","embeddable":true,"href":"https:\/\/larevistadigital.com.ar\/blog\/wp-json\/wp\/v2\/tags?post=39237"}],"curies":[{"name":"wp","href":"https:\/\/api.w.org\/{rel}","templated":true}]}}