{"id":39243,"date":"2025-04-01T09:07:54","date_gmt":"2025-04-01T12:07:54","guid":{"rendered":"https:\/\/larevistadigital.com.ar\/blog\/?p=39243"},"modified":"2025-04-01T09:07:54","modified_gmt":"2025-04-01T12:07:54","slug":"galeria-de-fotos-y-detalles-del-importante-operativo-en-chascomus-donde-se-secuestro-mas-de-800-plantas-de-marihuana-y-se-detuvo-a-dos-individuos","status":"publish","type":"post","link":"https:\/\/larevistadigital.com.ar\/blog\/galeria-de-fotos-y-detalles-del-importante-operativo-en-chascomus-donde-se-secuestro-mas-de-800-plantas-de-marihuana-y-se-detuvo-a-dos-individuos\/","title":{"rendered":"Galer\u00eda de fotos, y detalles del importante operativo en Chascom\u00fas, donde se secuestr\u00f3 m\u00e1s de 800 plantas de marihuana y se detuvo a dos individuos"},"content":{"rendered":"<h2>Un impresionante operativo que logr\u00f3 desmantelar una plantaci\u00f3n clandestina de marihuana y distintos elementos para su producci\u00f3n y venta.<\/h2>\n<p>01 de Abril de 2025<\/p>\n<p><strong>CHASCOM\u00daS &#8211;\u00a0<\/strong> El 27 de marzo pasado en horas de la ma\u00f1ana, personal policial de la divisi\u00f3n Unidad Operativa Federal de Chascom\u00fas dependiente de polic\u00eda federal Argentina,\u00a0 realiz\u00f3 un allanamiento, generado por el Juzgado de Garant\u00edas n\u00famero 5 de chascom\u00fas, a cargo del <strong>Dr. Cristian Gasquet.<\/strong><\/p>\n<p>Esto, encuadrado en el marco de una IPP por el delito de <strong>Siembra y Cultivo de Estupefacientes, (previsto y sancionado por el art\u00edculo 5\u00b0 inciso a, de la ley 23737)<\/strong>, con intervenci\u00f3n de la <strong>U.F.I.J. n\u00famero 3 de Dolores a cargo del Dr. Marcos Scoccimarro<\/strong> y la <strong>Ayudant\u00eda Fiscal de Estupefacientes de CHASCOM\u00daS a cargo del Dr. Jorge LARRARTE<\/strong> y auxiliar letrada <strong>Dra. Mar\u00eda Soledad N\u00e1qued<\/strong><\/p>\n<p>En la investigaci\u00f3n se procedi\u00f3 a registrar un invernadero oculto en un monte de grandes dimensiones, ubicado a la vera de la ruta 2 km 129 800 de la ciudad de Chascom\u00fas, lugar donde allan\u00f3 <strong>una vivienda y un invernadero de 50 metros de largo por 30 metros de ancho.<\/strong><\/p>\n<p><strong>En el interior del mencionado invernadero, se contrat\u00f3 la existencia de una plantaci\u00f3n con un total de 811 plantas de marihuana de Gran tama\u00f1o de uno a tres metros de altura<\/strong>, los cuales, secuestradas que fueron y producidas el desoje de tallos, las mismas, arrojaron un <strong>peso total de 317 kg, y gran cantidad de bolsas con 362 gramos de semillas de marihuana<\/strong>, bidones con fertilizantes e insecticidas aptos para Siembra y cultivo de Cannabis Sativa como asimismo balanza digital, celulares, secadoras, picadoras, compatibles para el cultivo de marihuana, grandes sumas de dinero en efectivo, armas de fuego cargadas, y dem\u00e1s elementos de inter\u00e9s para la investigaci\u00f3n.<\/p>\n<p>Como resultado de dicho procedimiento y de la magnitud de sustancias estupefacientes secuestradas se procedi\u00f3 a la aprehensi\u00f3n y posterior detenci\u00f3n de dos masculinos mayores de edad los cuales permanecen alojados en la dependencia policial interviniente.<\/p>\n<p><strong>GALER\u00cdA DE FOTOS<\/strong><\/p>\n<p><img data-recalc-dims=\"1\" loading=\"lazy\" decoding=\"async\" class=\"alignnone size-medium wp-image-39245\" src=\"https:\/\/i0.wp.com\/larevistadigital.com.ar\/blog\/wp-content\/uploads\/WhatsApp-Image-2025-03-31-at-11.53.26-2.jpeg?resize=300%2C135&#038;ssl=1\" alt=\"\" width=\"300\" height=\"135\" srcset=\"https:\/\/i0.wp.com\/larevistadigital.com.ar\/blog\/wp-content\/uploads\/WhatsApp-Image-2025-03-31-at-11.53.26-2.jpeg?resize=300%2C135&amp;ssl=1 300w, https:\/\/i0.wp.com\/larevistadigital.com.ar\/blog\/wp-content\/uploads\/WhatsApp-Image-2025-03-31-at-11.53.26-2.jpeg?resize=1024%2C461&amp;ssl=1 1024w, https:\/\/i0.wp.com\/larevistadigital.com.ar\/blog\/wp-content\/uploads\/WhatsApp-Image-2025-03-31-at-11.53.26-2.jpeg?resize=768%2C346&amp;ssl=1 768w, https:\/\/i0.wp.com\/larevistadigital.com.ar\/blog\/wp-content\/uploads\/WhatsApp-Image-2025-03-31-at-11.53.26-2.jpeg?w=1280&amp;ssl=1 1280w\" sizes=\"auto, (max-width: 300px) 100vw, 300px\" \/> <img data-recalc-dims=\"1\" loading=\"lazy\" decoding=\"async\" class=\"alignnone size-medium wp-image-39246\" src=\"https:\/\/i0.wp.com\/larevistadigital.com.ar\/blog\/wp-content\/uploads\/WhatsApp-Image-2025-03-31-at-11.53.26-1.jpeg?resize=300%2C135&#038;ssl=1\" alt=\"\" width=\"300\" height=\"135\" srcset=\"https:\/\/i0.wp.com\/larevistadigital.com.ar\/blog\/wp-content\/uploads\/WhatsApp-Image-2025-03-31-at-11.53.26-1.jpeg?resize=300%2C135&amp;ssl=1 300w, https:\/\/i0.wp.com\/larevistadigital.com.ar\/blog\/wp-content\/uploads\/WhatsApp-Image-2025-03-31-at-11.53.26-1.jpeg?resize=1024%2C461&amp;ssl=1 1024w, https:\/\/i0.wp.com\/larevistadigital.com.ar\/blog\/wp-content\/uploads\/WhatsApp-Image-2025-03-31-at-11.53.26-1.jpeg?resize=768%2C346&amp;ssl=1 768w, https:\/\/i0.wp.com\/larevistadigital.com.ar\/blog\/wp-content\/uploads\/WhatsApp-Image-2025-03-31-at-11.53.26-1.jpeg?resize=1536%2C691&amp;ssl=1 1536w, https:\/\/i0.wp.com\/larevistadigital.com.ar\/blog\/wp-content\/uploads\/WhatsApp-Image-2025-03-31-at-11.53.26-1.jpeg?w=1600&amp;ssl=1 1600w\" sizes=\"auto, (max-width: 300px) 100vw, 300px\" \/> <img data-recalc-dims=\"1\" loading=\"lazy\" decoding=\"async\" class=\"alignnone size-medium wp-image-39247\" src=\"https:\/\/i0.wp.com\/larevistadigital.com.ar\/blog\/wp-content\/uploads\/WhatsApp-Image-2025-03-31-at-11.53.26.jpeg?resize=300%2C135&#038;ssl=1\" alt=\"\" width=\"300\" height=\"135\" srcset=\"https:\/\/i0.wp.com\/larevistadigital.com.ar\/blog\/wp-content\/uploads\/WhatsApp-Image-2025-03-31-at-11.53.26.jpeg?resize=300%2C135&amp;ssl=1 300w, https:\/\/i0.wp.com\/larevistadigital.com.ar\/blog\/wp-content\/uploads\/WhatsApp-Image-2025-03-31-at-11.53.26.jpeg?resize=1024%2C461&amp;ssl=1 1024w, https:\/\/i0.wp.com\/larevistadigital.com.ar\/blog\/wp-content\/uploads\/WhatsApp-Image-2025-03-31-at-11.53.26.jpeg?resize=768%2C346&amp;ssl=1 768w, https:\/\/i0.wp.com\/larevistadigital.com.ar\/blog\/wp-content\/uploads\/WhatsApp-Image-2025-03-31-at-11.53.26.jpeg?w=1280&amp;ssl=1 1280w\" sizes=\"auto, (max-width: 300px) 100vw, 300px\" \/> <img data-recalc-dims=\"1\" loading=\"lazy\" decoding=\"async\" class=\"alignnone size-medium wp-image-39248\" src=\"https:\/\/i0.wp.com\/larevistadigital.com.ar\/blog\/wp-content\/uploads\/WhatsApp-Image-2025-03-31-at-11.53.25-3.jpeg?resize=300%2C135&#038;ssl=1\" alt=\"\" width=\"300\" height=\"135\" srcset=\"https:\/\/i0.wp.com\/larevistadigital.com.ar\/blog\/wp-content\/uploads\/WhatsApp-Image-2025-03-31-at-11.53.25-3.jpeg?resize=300%2C135&amp;ssl=1 300w, https:\/\/i0.wp.com\/larevistadigital.com.ar\/blog\/wp-content\/uploads\/WhatsApp-Image-2025-03-31-at-11.53.25-3.jpeg?resize=1024%2C461&amp;ssl=1 1024w, https:\/\/i0.wp.com\/larevistadigital.com.ar\/blog\/wp-content\/uploads\/WhatsApp-Image-2025-03-31-at-11.53.25-3.jpeg?resize=768%2C346&amp;ssl=1 768w, https:\/\/i0.wp.com\/larevistadigital.com.ar\/blog\/wp-content\/uploads\/WhatsApp-Image-2025-03-31-at-11.53.25-3.jpeg?resize=1536%2C691&amp;ssl=1 1536w, https:\/\/i0.wp.com\/larevistadigital.com.ar\/blog\/wp-content\/uploads\/WhatsApp-Image-2025-03-31-at-11.53.25-3.jpeg?w=1600&amp;ssl=1 1600w\" sizes=\"auto, (max-width: 300px) 100vw, 300px\" \/> <img data-recalc-dims=\"1\" loading=\"lazy\" decoding=\"async\" class=\"alignnone size-medium wp-image-39249\" src=\"https:\/\/i0.wp.com\/larevistadigital.com.ar\/blog\/wp-content\/uploads\/WhatsApp-Image-2025-03-31-at-11.53.25-2-1.jpeg?resize=300%2C169&#038;ssl=1\" alt=\"\" width=\"300\" height=\"169\" srcset=\"https:\/\/i0.wp.com\/larevistadigital.com.ar\/blog\/wp-content\/uploads\/WhatsApp-Image-2025-03-31-at-11.53.25-2-1.jpeg?resize=300%2C169&amp;ssl=1 300w, https:\/\/i0.wp.com\/larevistadigital.com.ar\/blog\/wp-content\/uploads\/WhatsApp-Image-2025-03-31-at-11.53.25-2-1.jpeg?resize=1024%2C576&amp;ssl=1 1024w, https:\/\/i0.wp.com\/larevistadigital.com.ar\/blog\/wp-content\/uploads\/WhatsApp-Image-2025-03-31-at-11.53.25-2-1.jpeg?resize=768%2C432&amp;ssl=1 768w, https:\/\/i0.wp.com\/larevistadigital.com.ar\/blog\/wp-content\/uploads\/WhatsApp-Image-2025-03-31-at-11.53.25-2-1.jpeg?resize=678%2C381&amp;ssl=1 678w, https:\/\/i0.wp.com\/larevistadigital.com.ar\/blog\/wp-content\/uploads\/WhatsApp-Image-2025-03-31-at-11.53.25-2-1.jpeg?w=1280&amp;ssl=1 1280w\" sizes=\"auto, (max-width: 300px) 100vw, 300px\" \/> <img data-recalc-dims=\"1\" loading=\"lazy\" decoding=\"async\" class=\"alignnone size-medium wp-image-39250\" src=\"https:\/\/i0.wp.com\/larevistadigital.com.ar\/blog\/wp-content\/uploads\/WhatsApp-Image-2025-03-31-at-11.53.25-1.jpeg?resize=300%2C135&#038;ssl=1\" alt=\"\" width=\"300\" height=\"135\" srcset=\"https:\/\/i0.wp.com\/larevistadigital.com.ar\/blog\/wp-content\/uploads\/WhatsApp-Image-2025-03-31-at-11.53.25-1.jpeg?resize=300%2C135&amp;ssl=1 300w, https:\/\/i0.wp.com\/larevistadigital.com.ar\/blog\/wp-content\/uploads\/WhatsApp-Image-2025-03-31-at-11.53.25-1.jpeg?resize=1024%2C461&amp;ssl=1 1024w, https:\/\/i0.wp.com\/larevistadigital.com.ar\/blog\/wp-content\/uploads\/WhatsApp-Image-2025-03-31-at-11.53.25-1.jpeg?resize=768%2C346&amp;ssl=1 768w, https:\/\/i0.wp.com\/larevistadigital.com.ar\/blog\/wp-content\/uploads\/WhatsApp-Image-2025-03-31-at-11.53.25-1.jpeg?resize=1536%2C691&amp;ssl=1 1536w, https:\/\/i0.wp.com\/larevistadigital.com.ar\/blog\/wp-content\/uploads\/WhatsApp-Image-2025-03-31-at-11.53.25-1.jpeg?w=1600&amp;ssl=1 1600w\" sizes=\"auto, (max-width: 300px) 100vw, 300px\" \/> <img data-recalc-dims=\"1\" loading=\"lazy\" decoding=\"async\" class=\"alignnone size-medium wp-image-39251\" src=\"https:\/\/i0.wp.com\/larevistadigital.com.ar\/blog\/wp-content\/uploads\/WhatsApp-Image-2025-03-31-at-11.53.25.jpeg?resize=300%2C135&#038;ssl=1\" alt=\"\" width=\"300\" height=\"135\" srcset=\"https:\/\/i0.wp.com\/larevistadigital.com.ar\/blog\/wp-content\/uploads\/WhatsApp-Image-2025-03-31-at-11.53.25.jpeg?resize=300%2C135&amp;ssl=1 300w, https:\/\/i0.wp.com\/larevistadigital.com.ar\/blog\/wp-content\/uploads\/WhatsApp-Image-2025-03-31-at-11.53.25.jpeg?resize=1024%2C461&amp;ssl=1 1024w, https:\/\/i0.wp.com\/larevistadigital.com.ar\/blog\/wp-content\/uploads\/WhatsApp-Image-2025-03-31-at-11.53.25.jpeg?resize=768%2C346&amp;ssl=1 768w, https:\/\/i0.wp.com\/larevistadigital.com.ar\/blog\/wp-content\/uploads\/WhatsApp-Image-2025-03-31-at-11.53.25.jpeg?resize=1536%2C691&amp;ssl=1 1536w, https:\/\/i0.wp.com\/larevistadigital.com.ar\/blog\/wp-content\/uploads\/WhatsApp-Image-2025-03-31-at-11.53.25.jpeg?w=1600&amp;ssl=1 1600w\" sizes=\"auto, (max-width: 300px) 100vw, 300px\" \/><\/p>\n","protected":false},"excerpt":{"rendered":"<div class=\"mh-excerpt\"><p>Un impresionante operativo que logr\u00f3 desmantelar una plantaci\u00f3n clandestina de marihuana y distintos elementos para su producci\u00f3n y venta. 01 de Abril de 2025 CHASCOM\u00daS &#8211;\u00a0 El 27 de marzo pasado en horas de la <a class=\"mh-excerpt-more\" href=\"https:\/\/larevistadigital.com.ar\/blog\/galeria-de-fotos-y-detalles-del-importante-operativo-en-chascomus-donde-se-secuestro-mas-de-800-plantas-de-marihuana-y-se-detuvo-a-dos-individuos\/\" title=\"Galer\u00eda de fotos, y detalles del importante operativo en Chascom\u00fas, donde se secuestr\u00f3 m\u00e1s de 800 plantas de marihuana y se detuvo a dos individuos\">[Leer M\u00e1s]<\/a><\/p>\n<\/div>","protected":false},"author":3,"featured_media":39244,"comment_status":"open","ping_status":"open","sticky":false,"template":"","format":"standard","meta":{"_jetpack_memberships_contains_paid_content":false,"footnotes":"","jetpack_publicize_message":"","jetpack_publicize_feature_enabled":true,"jetpack_social_post_already_shared":true,"jetpack_social_options":{"image_generator_settings":{"template":"highway","default_image_id":0,"font":"","enabled":false},"version":2}},"categories":[50,44],"tags":[],"class_list":{"0":"post-39243","1":"post","2":"type-post","3":"status-publish","4":"format-standard","5":"has-post-thumbnail","7":"category-interes-general","8":"category-policiales"},"jetpack_publicize_connections":[],"jetpack_featured_media_url":"https:\/\/i0.wp.com\/larevistadigital.com.ar\/blog\/wp-content\/uploads\/WhatsApp-Image-2025-03-31-at-11.53.25-2.jpeg?fit=1280%2C720&ssl=1","jetpack_sharing_enabled":true,"jetpack_shortlink":"https:\/\/wp.me\/p8qtrQ-acX","jetpack-related-posts":[{"id":7393,"url":"https:\/\/larevistadigital.com.ar\/blog\/chascomus-detienen-a-un-individuo-con-pastillas-de-extasis-y-marihuana\/","url_meta":{"origin":39243,"position":0},"title":"CHASCOM\u00daS: DETIENEN A UN INDIVIDUO CON PASTILLAS DE \u00c9XTASIS Y MARIHUANA","author":"Alejandro Sosa Ruda","date":"27 diciembre, 2018","format":false,"excerpt":"Durante un control vehicular en la Autov\u00eda 2, La Subdelegaci\u00f3n Chascom\u00fas de Drogas Il\u00edcitas y Crimen Organizado procedi\u00f3 a identificar a los ocupantes de 19 rodados, con resultado positivo en el control de un veh\u00edculo Alfa Romeo con destino a la ciudad de Chascom\u00fas. El mismo se hallaba a cargo\u2026","rel":"","context":"En \u00abPOLICIALES\u00bb","block_context":{"text":"POLICIALES","link":"https:\/\/larevistadigital.com.ar\/blog\/category\/policiales\/"},"img":{"alt_text":"","src":"https:\/\/i0.wp.com\/larevistadigital.com.ar\/blog\/wp-content\/uploads\/2018\/12\/drogas-chascomus-1.jpg?fit=1200%2C900&ssl=1&resize=350%2C200","width":350,"height":200,"srcset":"https:\/\/i0.wp.com\/larevistadigital.com.ar\/blog\/wp-content\/uploads\/2018\/12\/drogas-chascomus-1.jpg?fit=1200%2C900&ssl=1&resize=350%2C200 1x, https:\/\/i0.wp.com\/larevistadigital.com.ar\/blog\/wp-content\/uploads\/2018\/12\/drogas-chascomus-1.jpg?fit=1200%2C900&ssl=1&resize=525%2C300 1.5x, https:\/\/i0.wp.com\/larevistadigital.com.ar\/blog\/wp-content\/uploads\/2018\/12\/drogas-chascomus-1.jpg?fit=1200%2C900&ssl=1&resize=700%2C400 2x, https:\/\/i0.wp.com\/larevistadigital.com.ar\/blog\/wp-content\/uploads\/2018\/12\/drogas-chascomus-1.jpg?fit=1200%2C900&ssl=1&resize=1050%2C600 3x"},"classes":[]},{"id":5958,"url":"https:\/\/larevistadigital.com.ar\/blog\/interceptaron-un-auto-con-importante-cantidad-de-drogas-en-la-autovia-2\/","url_meta":{"origin":39243,"position":1},"title":"interceptaron un auto con importante cantidad de drogas en la Autov\u00eda 2","author":"admin","date":"8 julio, 2018","format":false,"excerpt":"Se logr\u00f3 secuestrar ocho ladrillos de marihuana que eran transportados en un veh\u00edculo Peugeot 206 de color gris proveniente de la Ciudad Aut\u00f3noma de Buenos Aires. Desde la Superintendencia de Investigaciones del trafico de drogas il\u00edcitas y Crimen Organizado de la Provincia de Buenos Aires a cargo del Comisario General\u2026","rel":"","context":"En \u00abLEZAMA\u00bb","block_context":{"text":"LEZAMA","link":"https:\/\/larevistadigital.com.ar\/blog\/category\/lezama\/"},"img":{"alt_text":"","src":"https:\/\/i0.wp.com\/larevistadigital.com.ar\/blog\/wp-content\/uploads\/2018\/07\/resize_1530185976.jpg?fit=696%2C522&ssl=1&resize=350%2C200","width":350,"height":200,"srcset":"https:\/\/i0.wp.com\/larevistadigital.com.ar\/blog\/wp-content\/uploads\/2018\/07\/resize_1530185976.jpg?fit=696%2C522&ssl=1&resize=350%2C200 1x, https:\/\/i0.wp.com\/larevistadigital.com.ar\/blog\/wp-content\/uploads\/2018\/07\/resize_1530185976.jpg?fit=696%2C522&ssl=1&resize=525%2C300 1.5x"},"classes":[]},{"id":45294,"url":"https:\/\/larevistadigital.com.ar\/blog\/otro-golpe-al-narcotrafico-en-chascomus-la-policia-federal-detuvo-a-un-masculino-y-secuestro-drogas\/","url_meta":{"origin":39243,"position":2},"title":"Otro golpe al narcotr\u00e1fico en Chascom\u00fas: La polic\u00eda Federal detuvo a un masculino y secuestr\u00f3 drogas","author":"Alejandro Sosa Ruda","date":"24 abril, 2026","format":false,"excerpt":"24 De Abril de 2026 CHASCOM\u00daS\u00a0 -\u00a0 La Polic\u00eda Federal Argentina desarticul\u00f3 un punto de venta de drogas que operaba en la ciudad bonaerense de Chascom\u00fas, en el marco de una investigaci\u00f3n por infracci\u00f3n a la Ley N\u00b0 23.737. El operativo culmin\u00f3 con la detenci\u00f3n de un sospechoso y el\u2026","rel":"","context":"En \u00abDESTACADAS\u00bb","block_context":{"text":"DESTACADAS","link":"https:\/\/larevistadigital.com.ar\/blog\/category\/destacadas\/"},"img":{"alt_text":"","src":"https:\/\/i0.wp.com\/larevistadigital.com.ar\/blog\/wp-content\/uploads\/WhatsApp-Image-2026-04-24-at-12.52.30-1.jpeg?fit=710%2C425&ssl=1&resize=350%2C200","width":350,"height":200,"srcset":"https:\/\/i0.wp.com\/larevistadigital.com.ar\/blog\/wp-content\/uploads\/WhatsApp-Image-2026-04-24-at-12.52.30-1.jpeg?fit=710%2C425&ssl=1&resize=350%2C200 1x, https:\/\/i0.wp.com\/larevistadigital.com.ar\/blog\/wp-content\/uploads\/WhatsApp-Image-2026-04-24-at-12.52.30-1.jpeg?fit=710%2C425&ssl=1&resize=525%2C300 1.5x, https:\/\/i0.wp.com\/larevistadigital.com.ar\/blog\/wp-content\/uploads\/WhatsApp-Image-2026-04-24-at-12.52.30-1.jpeg?fit=710%2C425&ssl=1&resize=700%2C400 2x"},"classes":[]},{"id":41424,"url":"https:\/\/larevistadigital.com.ar\/blog\/operativo-federal-con-apoyo-municipal-en-una-vivienda-donde-se-vendian-drogas\/","url_meta":{"origin":39243,"position":3},"title":"Operativo federal con apoyo municipal en una vivienda donde se vend\u00edan drogas","author":"Alejandro Sosa Ruda","date":"12 septiembre, 2025","format":false,"excerpt":"Tras varios meses de investigaci\u00f3n, se allan\u00f3 una vivienda en el barrio Ipor\u00e1 y se detuvo a tres personas implicadas en la comercializaci\u00f3n de estupefacientes. 12 de Septiembre de 2025 CHASCOM\u00daS -\u00a0 \u00a0La Divisi\u00f3n Unidad Operativa Federal (DUOF) Chascom\u00fas de la Polic\u00eda Federal Argentina Polic\u00eda Federal Argentina, con el acompa\u00f1amiento\u2026","rel":"","context":"En \u00abDESTACADAS\u00bb","block_context":{"text":"DESTACADAS","link":"https:\/\/larevistadigital.com.ar\/blog\/category\/destacadas\/"},"img":{"alt_text":"","src":"https:\/\/i0.wp.com\/larevistadigital.com.ar\/blog\/wp-content\/uploads\/68c457b3ec213.png?fit=668%2C445&ssl=1&resize=350%2C200","width":350,"height":200,"srcset":"https:\/\/i0.wp.com\/larevistadigital.com.ar\/blog\/wp-content\/uploads\/68c457b3ec213.png?fit=668%2C445&ssl=1&resize=350%2C200 1x, https:\/\/i0.wp.com\/larevistadigital.com.ar\/blog\/wp-content\/uploads\/68c457b3ec213.png?fit=668%2C445&ssl=1&resize=525%2C300 1.5x"},"classes":[]},{"id":2209,"url":"https:\/\/larevistadigital.com.ar\/blog\/importante-cantidad-de-marihuana-y-cocaina-se-secuestro-en-el-peaje-samborombon\/","url_meta":{"origin":39243,"position":4},"title":"IMPORTANTE CANTIDAD DE MARIHUANA Y COCAINA SE SECUESTRO EN EL PEAJE SAMBOROMBON","author":"editor","date":"5 mayo, 2017","format":false,"excerpt":"LA DROGA SECUESTRADA IRIA CON DESTINO A CHASCOM\u00daS Y MAR DEL TUYU En la fecha de ayer 4 de mayo personal del gabinete criminologico de comisar\u00eda de Chascom\u00fas junto con personal destacamento vial Samboromb\u00f3n y cr\u00eda Brandsen a ra\u00edz de informaci\u00f3n obtenida montan operativo interceptaci\u00f3n de veh\u00edculos en cercan\u00edas de\u2026","rel":"","context":"En \u00abCASTELLI\u00bb","block_context":{"text":"CASTELLI","link":"https:\/\/larevistadigital.com.ar\/blog\/category\/castelli\/"},"img":{"alt_text":"","src":"https:\/\/i0.wp.com\/larevistadigital.com.ar\/blog\/wp-content\/uploads\/2017\/05\/89abb2df-95ca-4a15-a2b5-86e586e83428.jpg?fit=1040%2C585&ssl=1&resize=350%2C200","width":350,"height":200,"srcset":"https:\/\/i0.wp.com\/larevistadigital.com.ar\/blog\/wp-content\/uploads\/2017\/05\/89abb2df-95ca-4a15-a2b5-86e586e83428.jpg?fit=1040%2C585&ssl=1&resize=350%2C200 1x, https:\/\/i0.wp.com\/larevistadigital.com.ar\/blog\/wp-content\/uploads\/2017\/05\/89abb2df-95ca-4a15-a2b5-86e586e83428.jpg?fit=1040%2C585&ssl=1&resize=525%2C300 1.5x, https:\/\/i0.wp.com\/larevistadigital.com.ar\/blog\/wp-content\/uploads\/2017\/05\/89abb2df-95ca-4a15-a2b5-86e586e83428.jpg?fit=1040%2C585&ssl=1&resize=700%2C400 2x"},"classes":[]},{"id":44812,"url":"https:\/\/larevistadigital.com.ar\/blog\/allanamientos-por-venta-de-estupefacientes-en-chascomus-cinco-personas-detenidas-en-operativos-simultaneos\/","url_meta":{"origin":39243,"position":5},"title":"Allanamientos por venta de estupefacientes en Chascom\u00fas: cinco personas detenidas en operativos simult\u00e1neos","author":"Alejandro Sosa Ruda","date":"30 marzo, 2026","format":false,"excerpt":"Los procedimientos se realizaron en dos domicilios y permitieron secuestrar marihuana, coca\u00edna y una moto con pedido de captura. 30 de marzo de 2026 CHASCOM\u00daS -\u00a0 \u00a0La pasada semana se llevaron a cabo dos allanamientos en el marco de una causa por venta de estupefacientes impulsada por la Secretar\u00eda de\u2026","rel":"","context":"En \u00abINTERES GENERAL\u00bb","block_context":{"text":"INTERES GENERAL","link":"https:\/\/larevistadigital.com.ar\/blog\/category\/interes-general\/"},"img":{"alt_text":"","src":"https:\/\/i0.wp.com\/larevistadigital.com.ar\/blog\/wp-content\/uploads\/69cab7115be6f.png?fit=668%2C445&ssl=1&resize=350%2C200","width":350,"height":200,"srcset":"https:\/\/i0.wp.com\/larevistadigital.com.ar\/blog\/wp-content\/uploads\/69cab7115be6f.png?fit=668%2C445&ssl=1&resize=350%2C200 1x, https:\/\/i0.wp.com\/larevistadigital.com.ar\/blog\/wp-content\/uploads\/69cab7115be6f.png?fit=668%2C445&ssl=1&resize=525%2C300 1.5x"},"classes":[]}],"_links":{"self":[{"href":"https:\/\/larevistadigital.com.ar\/blog\/wp-json\/wp\/v2\/posts\/39243","targetHints":{"allow":["GET"]}}],"collection":[{"href":"https:\/\/larevistadigital.com.ar\/blog\/wp-json\/wp\/v2\/posts"}],"about":[{"href":"https:\/\/larevistadigital.com.ar\/blog\/wp-json\/wp\/v2\/types\/post"}],"author":[{"embeddable":true,"href":"https:\/\/larevistadigital.com.ar\/blog\/wp-json\/wp\/v2\/users\/3"}],"replies":[{"embeddable":true,"href":"https:\/\/larevistadigital.com.ar\/blog\/wp-json\/wp\/v2\/comments?post=39243"}],"version-history":[{"count":1,"href":"https:\/\/larevistadigital.com.ar\/blog\/wp-json\/wp\/v2\/posts\/39243\/revisions"}],"predecessor-version":[{"id":39252,"href":"https:\/\/larevistadigital.com.ar\/blog\/wp-json\/wp\/v2\/posts\/39243\/revisions\/39252"}],"wp:featuredmedia":[{"embeddable":true,"href":"https:\/\/larevistadigital.com.ar\/blog\/wp-json\/wp\/v2\/media\/39244"}],"wp:attachment":[{"href":"https:\/\/larevistadigital.com.ar\/blog\/wp-json\/wp\/v2\/media?parent=39243"}],"wp:term":[{"taxonomy":"category","embeddable":true,"href":"https:\/\/larevistadigital.com.ar\/blog\/wp-json\/wp\/v2\/categories?post=39243"},{"taxonomy":"post_tag","embeddable":true,"href":"https:\/\/larevistadigital.com.ar\/blog\/wp-json\/wp\/v2\/tags?post=39243"}],"curies":[{"name":"wp","href":"https:\/\/api.w.org\/{rel}","templated":true}]}}