{"id":39254,"date":"2025-04-01T16:46:26","date_gmt":"2025-04-01T19:46:26","guid":{"rendered":"https:\/\/larevistadigital.com.ar\/blog\/?p=39254"},"modified":"2025-04-01T16:46:26","modified_gmt":"2025-04-01T19:46:26","slug":"el-departamento-ejecutivo-oficializo-la-adjudicacion-del-edificio-del-turista-a-dos-empresas-locales","status":"publish","type":"post","link":"https:\/\/larevistadigital.com.ar\/blog\/el-departamento-ejecutivo-oficializo-la-adjudicacion-del-edificio-del-turista-a-dos-empresas-locales\/","title":{"rendered":"El Departamento Ejecutivo oficializ\u00f3 la adjudicaci\u00f3n del Edificio del Turista a dos empresas locales"},"content":{"rendered":"<h2 class=\"excerpt\">Mediante el decreto 216\/2025, fue otorgada la concesi\u00f3n a GyC Construcciones y La Continuidad S.A.<\/h2>\n<p>01 de Abril de 2025<\/p>\n<div id=\"miDiv1\" class=\"text\">\n<p><strong>CHASCOM\u00daS &#8211;\u00a0<\/strong> El Departamento Ejecutivo resolvi\u00f3 otorgar la concesi\u00f3n del Edificio del Turista a la propuesta conjunta de las empresas GyC Construcciones y La Continuidad S.A. La adjudicaci\u00f3n fue realizada a trav\u00e9s del Decreto 216\/2025, en cumplimiento de lo dispuesto por la ordenanza N\u00b0 5867\/2024, aprobada por el Concejo Deliberante.<\/p>\n<blockquote>\n<h3>El proyecto de las firmas locales prev\u00e9 respetar las condiciones originales del edificio ubicado en avenida Costanera Espa\u00f1a junto al muelle de pesca Domingo Cazaux, y mejorar el entorno, considerando aspectos arquitect\u00f3nicos, paisaj\u00edsticos y ambientales.<\/h3>\n<\/blockquote>\n<p>El proceso de selecci\u00f3n surgi\u00f3 tras el fracaso de dos licitaciones p\u00fablicas previas, que quedaron desiertas, por lo que, desde la Municipalidad se abri\u00f3 en junio de 2024 una nueva convocatoria para recibir proyectos de inversi\u00f3n destinados a la puesta en valor y explotaci\u00f3n comercial del inmueble, en la que solo se recepcion\u00f3 la propuesta finalmente seleccionada.<\/p>\n<blockquote>\n<h3>Tras la aprobaci\u00f3n de la ordenanza, se abri\u00f3 una nueva instancia de 60 d\u00edas antes de la promulgaci\u00f3n del decreto de adjudicaci\u00f3n.<\/h3>\n<\/blockquote>\n<p>Cabe mencionar que el 7 de marzo de 2025, la firma IJUMED S.A. manifest\u00f3, a trav\u00e9s de su apoderado, su intenci\u00f3n de participar en el proceso. Sin embargo, se le inform\u00f3 que el plazo para la presentaci\u00f3n de proyectos finalizaba el 25 de marzo.<\/p>\n<blockquote>\n<h3>En dicha fecha, fuera del horario administrativo (a las 13:40 horas), la empresa realiz\u00f3 una nueva presentaci\u00f3n con informaci\u00f3n limitada.<\/h3>\n<\/blockquote>\n<p>Al analizar la documentaci\u00f3n aportada, se determin\u00f3 que la sociedad no contaba con la capacidad jur\u00eddica necesaria para contratar con el Estado Municipal, por lo que su solicitud fue desestimada.<\/p>\n<\/div>\n","protected":false},"excerpt":{"rendered":"<div class=\"mh-excerpt\"><p>Mediante el decreto 216\/2025, fue otorgada la concesi\u00f3n a GyC Construcciones y La Continuidad S.A. 01 de Abril de 2025 CHASCOM\u00daS &#8211;\u00a0 El Departamento Ejecutivo resolvi\u00f3 otorgar la concesi\u00f3n del Edificio del Turista a la <a class=\"mh-excerpt-more\" href=\"https:\/\/larevistadigital.com.ar\/blog\/el-departamento-ejecutivo-oficializo-la-adjudicacion-del-edificio-del-turista-a-dos-empresas-locales\/\" title=\"El Departamento Ejecutivo oficializ\u00f3 la adjudicaci\u00f3n del Edificio del Turista a dos empresas locales\">[Leer M\u00e1s]<\/a><\/p>\n<\/div>","protected":false},"author":3,"featured_media":39255,"comment_status":"open","ping_status":"open","sticky":false,"template":"","format":"standard","meta":{"_jetpack_memberships_contains_paid_content":false,"footnotes":"","jetpack_publicize_message":"","jetpack_publicize_feature_enabled":true,"jetpack_social_post_already_shared":true,"jetpack_social_options":{"image_generator_settings":{"template":"highway","default_image_id":0,"font":"","enabled":false},"version":2}},"categories":[6],"tags":[268,99,297],"class_list":{"0":"post-39254","1":"post","2":"type-post","3":"status-publish","4":"format-standard","5":"has-post-thumbnail","7":"category-chascomus","8":"tag-concesion","9":"tag-edificio-del-turista","10":"tag-gyc"},"jetpack_publicize_connections":[],"jetpack_featured_media_url":"https:\/\/i0.wp.com\/larevistadigital.com.ar\/blog\/wp-content\/uploads\/67ec2b9b6bf94.png?fit=668%2C445&ssl=1","jetpack_sharing_enabled":true,"jetpack_shortlink":"https:\/\/wp.me\/p8qtrQ-ad8","jetpack-related-posts":[{"id":40871,"url":"https:\/\/larevistadigital.com.ar\/blog\/se-concreto-la-concesion-del-edificio-del-turista\/","url_meta":{"origin":39254,"position":0},"title":"Se concret\u00f3 la concesi\u00f3n del Edificio del Turista","author":"Alejandro Sosa Ruda","date":"13 agosto, 2025","format":false,"excerpt":"El lugar se llamar\u00e1 ahora \u201cCentro Cultural y Comercial Malvinas Argentinas\u201d. 13 de Agosto de 2025 CHASCOM\u00daS -\u00a0 \u00a0El intendente Javier Gast\u00f3n formaliz\u00f3 la concesi\u00f3n del Edificio del Turista, que a partir de ahora llevar\u00e1 el nombre de \u201cCentro Cultural y Comercial Malvinas Argentinas\u201d. La adjudicaci\u00f3n, que tendr\u00e1 una extensi\u00f3n\u2026","rel":"","context":"En \u00abINTERES GENERAL\u00bb","block_context":{"text":"INTERES GENERAL","link":"https:\/\/larevistadigital.com.ar\/blog\/category\/interes-general\/"},"img":{"alt_text":"","src":"https:\/\/i0.wp.com\/larevistadigital.com.ar\/blog\/wp-content\/uploads\/689b82beaafc4.png?fit=668%2C445&ssl=1&resize=350%2C200","width":350,"height":200,"srcset":"https:\/\/i0.wp.com\/larevistadigital.com.ar\/blog\/wp-content\/uploads\/689b82beaafc4.png?fit=668%2C445&ssl=1&resize=350%2C200 1x, https:\/\/i0.wp.com\/larevistadigital.com.ar\/blog\/wp-content\/uploads\/689b82beaafc4.png?fit=668%2C445&ssl=1&resize=525%2C300 1.5x"},"classes":[]},{"id":39346,"url":"https:\/\/larevistadigital.com.ar\/blog\/chascomus-denuncia-de-un-empresario-por-el-decreto-que-adjudico-el-edificio-del-turista\/","url_meta":{"origin":39254,"position":1},"title":"Chascom\u00fas: Denuncia de un empresario, por el decreto que adjudic\u00f3 el Edificio del Turista","author":"Alejandro Sosa Ruda","date":"9 abril, 2025","format":false,"excerpt":"Un inversor pidi\u00f3 la intervenci\u00f3n del Concejo Deliberante tras denunciar que el Ejecutivo actu\u00f3 por fuera del marco legal, adjudicando el inmueble sin respetar la ordenanza vigente. 09 de Abril de 2025 CHASCOM\u00daS -\u00a0 La reciente adjudicaci\u00f3n del hist\u00f3rico Edificio del Turista en Chascom\u00fas provoc\u00f3 la reacci\u00f3n de un empresario\u2026","rel":"","context":"En \u00abATAQUE DE RADIO\u00bb","block_context":{"text":"ATAQUE DE RADIO","link":"https:\/\/larevistadigital.com.ar\/blog\/category\/ataque-de-radio\/"},"img":{"alt_text":"","src":"https:\/\/i0.wp.com\/larevistadigital.com.ar\/blog\/wp-content\/uploads\/turista-elfuerte-21deoctubre.png?fit=737%2C415&ssl=1&resize=350%2C200","width":350,"height":200,"srcset":"https:\/\/i0.wp.com\/larevistadigital.com.ar\/blog\/wp-content\/uploads\/turista-elfuerte-21deoctubre.png?fit=737%2C415&ssl=1&resize=350%2C200 1x, https:\/\/i0.wp.com\/larevistadigital.com.ar\/blog\/wp-content\/uploads\/turista-elfuerte-21deoctubre.png?fit=737%2C415&ssl=1&resize=525%2C300 1.5x, https:\/\/i0.wp.com\/larevistadigital.com.ar\/blog\/wp-content\/uploads\/turista-elfuerte-21deoctubre.png?fit=737%2C415&ssl=1&resize=700%2C400 2x"},"classes":[]},{"id":39348,"url":"https:\/\/larevistadigital.com.ar\/blog\/leandro-bordalecou-lo-del-ed-del-turista-fue-una-operacion-politica-y-la-empresa-que-protesta-la-adjudicacion-del-edificio-del-turista-no-podia-participar\/","url_meta":{"origin":39254,"position":2},"title":"Leandro Bordalecou: \u00abLo del Ed. del Turista fue una operaci\u00f3n pol\u00edtica\u00bb y \u00abla empresa que protesta la adjudicaci\u00f3n del Edificio del Turista no pod\u00eda participar\u00bb","author":"Alejandro Sosa Ruda","date":"9 abril, 2025","format":false,"excerpt":"El concejal oficialista defendi\u00f3 el accionar del Ejecutivo, asegur\u00f3 que la firma denunciante no cumple con los requisitos legales y denunci\u00f3 una operaci\u00f3n pol\u00edtica para frenar la concesi\u00f3n. 09 de Abril de 2025 CHASCOM\u00daS -\u00a0 El concejal oficialista y presidente de Unidad por Chascom\u00fas, Leandro Bordalecou, \u200b\u200bse refiri\u00f3 a la\u2026","rel":"","context":"En \u00abCHASCOM\u00daS\u00bb","block_context":{"text":"CHASCOM\u00daS","link":"https:\/\/larevistadigital.com.ar\/blog\/category\/chascomus\/"},"img":{"alt_text":"","src":"https:\/\/i0.wp.com\/larevistadigital.com.ar\/blog\/wp-content\/uploads\/Leandro-Bordalecou-1-e1744227121158.jpg?fit=739%2C479&ssl=1&resize=350%2C200","width":350,"height":200,"srcset":"https:\/\/i0.wp.com\/larevistadigital.com.ar\/blog\/wp-content\/uploads\/Leandro-Bordalecou-1-e1744227121158.jpg?fit=739%2C479&ssl=1&resize=350%2C200 1x, https:\/\/i0.wp.com\/larevistadigital.com.ar\/blog\/wp-content\/uploads\/Leandro-Bordalecou-1-e1744227121158.jpg?fit=739%2C479&ssl=1&resize=525%2C300 1.5x, https:\/\/i0.wp.com\/larevistadigital.com.ar\/blog\/wp-content\/uploads\/Leandro-Bordalecou-1-e1744227121158.jpg?fit=739%2C479&ssl=1&resize=700%2C400 2x"},"classes":[]},{"id":38550,"url":"https:\/\/larevistadigital.com.ar\/blog\/convocatoria-abierta-para-proyectos-de-concesion-del-edificio-del-turista\/","url_meta":{"origin":39254,"position":3},"title":"Convocatoria abierta para proyectos de concesi\u00f3n del Edificio del Turista","author":"Alejandro Sosa Ruda","date":"26 enero, 2025","format":false,"excerpt":"La Municipalidad de Chascom\u00fas abri\u00f3 una convocatoria p\u00fablica por un plazo de 60 d\u00edas, destinada a recibir nuevas propuestas para la concesi\u00f3n del emblem\u00e1tico edificio 26 de Enero de 2025 CHASCOM\u00daS -\u00a0 \u00a0Este proceso tiene como objetivo garantizar la puesta en valor y explotaci\u00f3n comercial del espacio, preservando su dise\u00f1o\u2026","rel":"","context":"En \u00abDESTACADAS\u00bb","block_context":{"text":"DESTACADAS","link":"https:\/\/larevistadigital.com.ar\/blog\/category\/destacadas\/"},"img":{"alt_text":"","src":"https:\/\/i0.wp.com\/larevistadigital.com.ar\/blog\/wp-content\/uploads\/6793d89ea733b.png?fit=668%2C445&ssl=1&resize=350%2C200","width":350,"height":200,"srcset":"https:\/\/i0.wp.com\/larevistadigital.com.ar\/blog\/wp-content\/uploads\/6793d89ea733b.png?fit=668%2C445&ssl=1&resize=350%2C200 1x, https:\/\/i0.wp.com\/larevistadigital.com.ar\/blog\/wp-content\/uploads\/6793d89ea733b.png?fit=668%2C445&ssl=1&resize=525%2C300 1.5x"},"classes":[]},{"id":43838,"url":"https:\/\/larevistadigital.com.ar\/blog\/chascomus-trabajos-de-recuperacion-y-puesta-en-valor-del-edificio-del-turista\/","url_meta":{"origin":39254,"position":4},"title":"Chascom\u00fas: Trabajos de recuperaci\u00f3n y puesta en valor del Edificio del Turista","author":"Alejandro Sosa Ruda","date":"6 febrero, 2026","format":false,"excerpt":"Junto a representantes de las empresas concesionarias, el intendente Javier Gast\u00f3n recorri\u00f3 el inmueble donde funcionar\u00e1 el Centro Cultural y Comercial Malvinas Argentinas. 06 de febrero de 2026 CHASCOM\u00daS\u00a0 -\u00a0 \u00a0 Durante la visita, Gast\u00f3n estuvo acompa\u00f1ado por Juan Jos\u00e9 Garriz y Rodolfo Alfons\u00edn, representantes de las empresas GyC Construcciones\u2026","rel":"","context":"En \u00abCHASCOM\u00daS\u00bb","block_context":{"text":"CHASCOM\u00daS","link":"https:\/\/larevistadigital.com.ar\/blog\/category\/chascomus\/"},"img":{"alt_text":"","src":"https:\/\/i0.wp.com\/larevistadigital.com.ar\/blog\/wp-content\/uploads\/6986278489906.png?fit=668%2C445&ssl=1&resize=350%2C200","width":350,"height":200,"srcset":"https:\/\/i0.wp.com\/larevistadigital.com.ar\/blog\/wp-content\/uploads\/6986278489906.png?fit=668%2C445&ssl=1&resize=350%2C200 1x, https:\/\/i0.wp.com\/larevistadigital.com.ar\/blog\/wp-content\/uploads\/6986278489906.png?fit=668%2C445&ssl=1&resize=525%2C300 1.5x"},"classes":[]},{"id":38358,"url":"https:\/\/larevistadigital.com.ar\/blog\/inauguracion-del-parador-punta-norte-en-chascomus\/","url_meta":{"origin":39254,"position":5},"title":"Inauguraci\u00f3n del Parador Punta Norte en Chascom\u00fas","author":"Alejandro Sosa Ruda","date":"21 diciembre, 2024","format":false,"excerpt":"El pasado jueves se llev\u00f3 a cabo la inauguraci\u00f3n del parador Punta Norte, un proyecto que busca ampliar la oferta de servicios y propuestas tur\u00edsticas en la zona de la laguna de Chascom\u00fas. 21 de Diciembre de 2024 CHASCOM\u00daS -\u00a0 El evento cont\u00f3 con la presencia del intendente interino Leandro\u2026","rel":"","context":"En \u00abCHASCOM\u00daS\u00bb","block_context":{"text":"CHASCOM\u00daS","link":"https:\/\/larevistadigital.com.ar\/blog\/category\/chascomus\/"},"img":{"alt_text":"","src":"https:\/\/i0.wp.com\/larevistadigital.com.ar\/blog\/wp-content\/uploads\/6765b1db4287d.png?fit=668%2C445&ssl=1&resize=350%2C200","width":350,"height":200,"srcset":"https:\/\/i0.wp.com\/larevistadigital.com.ar\/blog\/wp-content\/uploads\/6765b1db4287d.png?fit=668%2C445&ssl=1&resize=350%2C200 1x, https:\/\/i0.wp.com\/larevistadigital.com.ar\/blog\/wp-content\/uploads\/6765b1db4287d.png?fit=668%2C445&ssl=1&resize=525%2C300 1.5x"},"classes":[]}],"_links":{"self":[{"href":"https:\/\/larevistadigital.com.ar\/blog\/wp-json\/wp\/v2\/posts\/39254","targetHints":{"allow":["GET"]}}],"collection":[{"href":"https:\/\/larevistadigital.com.ar\/blog\/wp-json\/wp\/v2\/posts"}],"about":[{"href":"https:\/\/larevistadigital.com.ar\/blog\/wp-json\/wp\/v2\/types\/post"}],"author":[{"embeddable":true,"href":"https:\/\/larevistadigital.com.ar\/blog\/wp-json\/wp\/v2\/users\/3"}],"replies":[{"embeddable":true,"href":"https:\/\/larevistadigital.com.ar\/blog\/wp-json\/wp\/v2\/comments?post=39254"}],"version-history":[{"count":1,"href":"https:\/\/larevistadigital.com.ar\/blog\/wp-json\/wp\/v2\/posts\/39254\/revisions"}],"predecessor-version":[{"id":39256,"href":"https:\/\/larevistadigital.com.ar\/blog\/wp-json\/wp\/v2\/posts\/39254\/revisions\/39256"}],"wp:featuredmedia":[{"embeddable":true,"href":"https:\/\/larevistadigital.com.ar\/blog\/wp-json\/wp\/v2\/media\/39255"}],"wp:attachment":[{"href":"https:\/\/larevistadigital.com.ar\/blog\/wp-json\/wp\/v2\/media?parent=39254"}],"wp:term":[{"taxonomy":"category","embeddable":true,"href":"https:\/\/larevistadigital.com.ar\/blog\/wp-json\/wp\/v2\/categories?post=39254"},{"taxonomy":"post_tag","embeddable":true,"href":"https:\/\/larevistadigital.com.ar\/blog\/wp-json\/wp\/v2\/tags?post=39254"}],"curies":[{"name":"wp","href":"https:\/\/api.w.org\/{rel}","templated":true}]}}