{"id":39257,"date":"2025-04-02T14:50:35","date_gmt":"2025-04-02T17:50:35","guid":{"rendered":"https:\/\/larevistadigital.com.ar\/blog\/?p=39257"},"modified":"2025-04-02T14:54:53","modified_gmt":"2025-04-02T17:54:53","slug":"abuelita-denuncio-que-sus-hijas-adictas-vaciaron-su-casa-y-golpearon-a-su-nieta-con-un-palo-de-amasar","status":"publish","type":"post","link":"https:\/\/larevistadigital.com.ar\/blog\/abuelita-denuncio-que-sus-hijas-adictas-vaciaron-su-casa-y-golpearon-a-su-nieta-con-un-palo-de-amasar\/","title":{"rendered":"Abuelita denunci\u00f3 que sus hijas adictas vaciaron su casa, y golpearon a su nieta con un palo de amasar"},"content":{"rendered":"<h2 data-pm-slice=\"1 1 []\"><strong>Una abuela desesperada pide ayuda para salvar a sus nietos del infierno en el que viven.<\/strong><\/h2>\n<p>02 de Abril de 2025<\/p>\n<p><strong>SALTA &#8211;\u00a0 \u00a0<\/strong>El drama que atraviesa una abuela salte\u00f1a ha conmovido a toda la comunidad. En un desgarrador testimonio, la mujer implora la intervenci\u00f3n de la Justicia para rescatar a sus nietos del calvario al que son sometidos diariamente por su propia madre.<\/p>\n<p><strong>\u00abMis dos hijas son drogadictas, me golpeaban a cachetadas y a cocachos, me vaciaron la casa. No ten\u00eda ni d\u00f3nde dormir, dorm\u00eda con los animales en el fondo hasta que se enter\u00f3 mi hija m\u00e1s grande y las vino a sacar. Pero temo por mi nieta y mi nieto. Son chiquitos, viven golpeados. Les pega con el palo de amasar, a pedradas los tiene. No les da de comer a ninguno. La plata que recibe de las asignaciones se la gastan en droga. Por favor, que la justicia haga algo, mis nietos van a terminar mal si esto sigue as\u00ed\u00bb,<\/strong> relat\u00f3 la abuela, con la angustia de quien ya no sabe a d\u00f3nde m\u00e1s recurrir.<\/p>\n<p>La situaci\u00f3n es insostenible. No solo ha sido v\u00edctima de violencia y abandono, sino que ahora vive con el temor de que la tragedia golpee a su familia de la peor manera. <em><strong>\u00abActualmente vivo en San Lorenzo, en calle Venezuela 160. Siento temor, no salgo, ya que mis hijas viven a la vuelta. Pero los vecinos me vienen a contar que se escuchan los gritos, los golpes que le sigue dando a mis nietos\u00bb<\/strong><\/em>, concluy\u00f3 con impotencia.<\/p>\n<p>El caso expone con crudeza una realidad alarmante: ni\u00f1os indefensos sometidos a la brutalidad de una madre que ha perdido todo control sobre su vida a causa de las drogas. Mientras tanto, la justicia parece mirar hacia otro lado. \u00bfCu\u00e1ntos casos como este deben repetirse antes de que alguien act\u00fae? \u00bfHasta cu\u00e1ndo la inacci\u00f3n permitir\u00e1 que la violencia contin\u00fae destrozando vidas inocentes?<\/p>\n<p>El llamado de esta abuela no puede ser ignorado. Sus nietos necesitan ser rescatados antes de que sea demasiado tarde. Las autoridades deben tomar cartas en el asunto de inmediato y evitar que esta historia tenga un desenlace a\u00fan m\u00e1s tr\u00e1gico. La comunidad no puede quedarse de brazos cruzados mientras la violencia y el abandono destruyen el futuro de dos peque\u00f1os que merecen crecer en un hogar seguro.<\/p>\n<p>fuente: GDL<\/p>\n","protected":false},"excerpt":{"rendered":"<div class=\"mh-excerpt\"><p>Una abuela desesperada pide ayuda para salvar a sus nietos del infierno en el que viven. 02 de Abril de 2025 SALTA &#8211;\u00a0 \u00a0El drama que atraviesa una abuela salte\u00f1a ha conmovido a toda la <a class=\"mh-excerpt-more\" href=\"https:\/\/larevistadigital.com.ar\/blog\/abuelita-denuncio-que-sus-hijas-adictas-vaciaron-su-casa-y-golpearon-a-su-nieta-con-un-palo-de-amasar\/\" title=\"Abuelita denunci\u00f3 que sus hijas adictas vaciaron su casa, y golpearon a su nieta con un palo de amasar\">[Leer M\u00e1s]<\/a><\/p>\n<\/div>","protected":false},"author":3,"featured_media":39258,"comment_status":"open","ping_status":"open","sticky":false,"template":"","format":"standard","meta":{"_jetpack_memberships_contains_paid_content":false,"footnotes":"","jetpack_publicize_message":"","jetpack_publicize_feature_enabled":true,"jetpack_social_post_already_shared":true,"jetpack_social_options":{"image_generator_settings":{"template":"highway","default_image_id":0,"font":"","enabled":false},"version":2}},"categories":[50,44],"tags":[],"class_list":{"0":"post-39257","1":"post","2":"type-post","3":"status-publish","4":"format-standard","5":"has-post-thumbnail","7":"category-interes-general","8":"category-policiales"},"jetpack_publicize_connections":[],"jetpack_featured_media_url":"https:\/\/i0.wp.com\/larevistadigital.com.ar\/blog\/wp-content\/uploads\/488246905_122122802132695558_4045476957657386670_n.jpg?fit=720%2C405&ssl=1","jetpack_sharing_enabled":true,"jetpack_shortlink":"https:\/\/wp.me\/p8qtrQ-adb","jetpack-related-posts":[{"id":15252,"url":"https:\/\/larevistadigital.com.ar\/blog\/joven-adicto-ataca-con-un-palo-a-su-abuela-la-desmayo-y-prendio-fuego-la-casa-ocasionandole-la-muerte\/","url_meta":{"origin":39257,"position":0},"title":"JOVEN ADICTO ATACA CON UN PALO A SU ABUELA, LA DESMAY\u00d3 Y PRENDI\u00d3 FUEGO LA CASA OCASION\u00c1NDOLE LA MUERTE","author":"Alejandro Sosa Ruda","date":"20 mayo, 2020","format":false,"excerpt":"Ocurri\u00f3 en Berazategui. Una mujer de 75 a\u00f1os muri\u00f3 carbonizada. Por el horroroso crimen fue detenido el nieto de 26 a\u00f1os que hoy ser\u00e1 indagado por el fiscal Daniel Ichazo por el delito de homicidio agravado por el v\u00ednculo. Una jubilada de 75 a\u00f1os fue encontrada asesinada y carbonizada en\u2026","rel":"","context":"En \u00abPOLICIALES\u00bb","block_context":{"text":"POLICIALES","link":"https:\/\/larevistadigital.com.ar\/blog\/category\/policiales\/"},"img":{"alt_text":"","src":"https:\/\/i0.wp.com\/larevistadigital.com.ar\/blog\/wp-content\/uploads\/20200520091757_aaa.jpg?fit=887%2C554&ssl=1&resize=350%2C200","width":350,"height":200,"srcset":"https:\/\/i0.wp.com\/larevistadigital.com.ar\/blog\/wp-content\/uploads\/20200520091757_aaa.jpg?fit=887%2C554&ssl=1&resize=350%2C200 1x, https:\/\/i0.wp.com\/larevistadigital.com.ar\/blog\/wp-content\/uploads\/20200520091757_aaa.jpg?fit=887%2C554&ssl=1&resize=525%2C300 1.5x, https:\/\/i0.wp.com\/larevistadigital.com.ar\/blog\/wp-content\/uploads\/20200520091757_aaa.jpg?fit=887%2C554&ssl=1&resize=700%2C400 2x"},"classes":[]},{"id":25937,"url":"https:\/\/larevistadigital.com.ar\/blog\/cura-fugado-ahora-hablo-la-nieta-de-la-mujer-que-le-presto-el-dinero-al-padre-ludovis\/","url_meta":{"origin":39257,"position":1},"title":"CURA \u00abFUGADO\u00bb: AHORA HABL\u00d3 LA NIETA DE LA MUJER QUE LE PREST\u00d3 EL DINERO AL PADRE LUDOVIS","author":"Alejandro Sosa Ruda","date":"16 junio, 2022","format":false,"excerpt":"Parece que se \"caen\" los argumentos del cura que se fug\u00f3 hace poco m\u00e1s de una semana, ya que seg\u00fan la nieta de la mujer que le prest\u00f3 el dinero, \"Enrique le pidi\u00f3 la plata a mi abuela, y le dijo que era secreto de confesi\u00f3n\". Tambi\u00e9n agradeci\u00f3 la gesti\u00f3n\u2026","rel":"","context":"En \u00abDESTACADAS\u00bb","block_context":{"text":"DESTACADAS","link":"https:\/\/larevistadigital.com.ar\/blog\/category\/destacadas\/"},"img":{"alt_text":"","src":"https:\/\/i0.wp.com\/larevistadigital.com.ar\/blog\/wp-content\/uploads\/288357865_440202351438183_1257913714373868455_n.jpg?fit=720%2C729&ssl=1&resize=350%2C200","width":350,"height":200,"srcset":"https:\/\/i0.wp.com\/larevistadigital.com.ar\/blog\/wp-content\/uploads\/288357865_440202351438183_1257913714373868455_n.jpg?fit=720%2C729&ssl=1&resize=350%2C200 1x, https:\/\/i0.wp.com\/larevistadigital.com.ar\/blog\/wp-content\/uploads\/288357865_440202351438183_1257913714373868455_n.jpg?fit=720%2C729&ssl=1&resize=525%2C300 1.5x, https:\/\/i0.wp.com\/larevistadigital.com.ar\/blog\/wp-content\/uploads\/288357865_440202351438183_1257913714373868455_n.jpg?fit=720%2C729&ssl=1&resize=700%2C400 2x"},"classes":[]},{"id":20098,"url":"https:\/\/larevistadigital.com.ar\/blog\/gral-madariaga-estafan-a-vecino-le-ofrecieron-un-prestamo-y-le-vaciaron-la-cuenta-bancaria\/","url_meta":{"origin":39257,"position":2},"title":"GRAL. MADARIAGA: ESTAFAN A VECINO, LE OFRECIERON UN PR\u00c9STAMO Y LE VACIARON LA CUENTA BANCARIA","author":"Alejandro Sosa Ruda","date":"5 mayo, 2021","format":false,"excerpt":"El hombre dio todos sus datos bancarios con la promesa de obtener un pr\u00e9stamo. Cuando fue a ver su saldo le hab\u00edan sustra\u00eddo todo el sueldo e hicieron varios movimientos de dinero. GRAL. MADARIAGA - Un vecino de General Madariaga fue v\u00edctima de una estafa bancaria cuando le ofrecieron un\u2026","rel":"","context":"En \u00abPOLICIALES\u00bb","block_context":{"text":"POLICIALES","link":"https:\/\/larevistadigital.com.ar\/blog\/category\/policiales\/"},"img":{"alt_text":"","src":"https:\/\/i0.wp.com\/larevistadigital.com.ar\/blog\/wp-content\/uploads\/71155b6ba71ab8ad50e9e9b7e60de681e45792a1.jpg?fit=1140%2C641&ssl=1&resize=350%2C200","width":350,"height":200,"srcset":"https:\/\/i0.wp.com\/larevistadigital.com.ar\/blog\/wp-content\/uploads\/71155b6ba71ab8ad50e9e9b7e60de681e45792a1.jpg?fit=1140%2C641&ssl=1&resize=350%2C200 1x, https:\/\/i0.wp.com\/larevistadigital.com.ar\/blog\/wp-content\/uploads\/71155b6ba71ab8ad50e9e9b7e60de681e45792a1.jpg?fit=1140%2C641&ssl=1&resize=525%2C300 1.5x, https:\/\/i0.wp.com\/larevistadigital.com.ar\/blog\/wp-content\/uploads\/71155b6ba71ab8ad50e9e9b7e60de681e45792a1.jpg?fit=1140%2C641&ssl=1&resize=700%2C400 2x, https:\/\/i0.wp.com\/larevistadigital.com.ar\/blog\/wp-content\/uploads\/71155b6ba71ab8ad50e9e9b7e60de681e45792a1.jpg?fit=1140%2C641&ssl=1&resize=1050%2C600 3x"},"classes":[]},{"id":29882,"url":"https:\/\/larevistadigital.com.ar\/blog\/mar-del-plata-retuvo-a-su-pareja-tres-dias-la-ato-en-el-bano-la-golpeo-y-la-electrocuto\/","url_meta":{"origin":39257,"position":3},"title":"MAR DEL PLATA: RETUVO A SU PAREJA TRES D\u00cdAS, LA AT\u00d3 EN EL BA\u00d1O, LA GOLPE\u00d3 Y LA ELECTROCUT\u00d3","author":"Alejandro Sosa Ruda","date":"21 enero, 2023","format":false,"excerpt":"Fueron 72 horas de horror. Detuvieron al sujeto que qued\u00f3 alojado en Batan. La situaci\u00f3n fue alertada por un llamado al 911. 21 de enero de 2023 MAR DEL PLATA -\u00a0 Un sujeto de 44 a\u00f1os fue detenido en las \u00faltimas horas en una casa del barrio Malvinas Argentinas de\u2026","rel":"","context":"En \u00abPOLICIALES\u00bb","block_context":{"text":"POLICIALES","link":"https:\/\/larevistadigital.com.ar\/blog\/category\/policiales\/"},"img":{"alt_text":"","src":"https:\/\/i0.wp.com\/larevistadigital.com.ar\/blog\/wp-content\/uploads\/21211f6e217617e399e6cae3eade5d7a48c184ff.jpg?fit=1140%2C656&ssl=1&resize=350%2C200","width":350,"height":200,"srcset":"https:\/\/i0.wp.com\/larevistadigital.com.ar\/blog\/wp-content\/uploads\/21211f6e217617e399e6cae3eade5d7a48c184ff.jpg?fit=1140%2C656&ssl=1&resize=350%2C200 1x, https:\/\/i0.wp.com\/larevistadigital.com.ar\/blog\/wp-content\/uploads\/21211f6e217617e399e6cae3eade5d7a48c184ff.jpg?fit=1140%2C656&ssl=1&resize=525%2C300 1.5x, https:\/\/i0.wp.com\/larevistadigital.com.ar\/blog\/wp-content\/uploads\/21211f6e217617e399e6cae3eade5d7a48c184ff.jpg?fit=1140%2C656&ssl=1&resize=700%2C400 2x, https:\/\/i0.wp.com\/larevistadigital.com.ar\/blog\/wp-content\/uploads\/21211f6e217617e399e6cae3eade5d7a48c184ff.jpg?fit=1140%2C656&ssl=1&resize=1050%2C600 3x"},"classes":[]},{"id":12981,"url":"https:\/\/larevistadigital.com.ar\/blog\/terror-en-brandsen-denuncian-que-en-un-geriatrico-golpearon-a-una-abuela-que-fallecio\/","url_meta":{"origin":39257,"position":4},"title":"TERROR EN BRANDSEN: DENUNCIAN QUE EN UN GERIATRICO GOLPEARON A UNA ABUELA QUE FALLECI\u00d3","author":"Alejandro Sosa Ruda","date":"2 noviembre, 2019","format":false,"excerpt":"Un terrible hecho fue denunciado a\u00a0DLN por familiares de Manuela Ojeda, una jubilada de 80 a\u00f1os que estaba alojada en un geri\u00e1trico de calle Segade de la ciudad de Brandsen \"El viernes pasado, cerca de las 19 horas nos llamaron del geri\u00e1trico diciendo que mi abuela hab\u00eda se hab\u00eda golpeado.\u2026","rel":"","context":"En \u00abPOLICIALES\u00bb","block_context":{"text":"POLICIALES","link":"https:\/\/larevistadigital.com.ar\/blog\/category\/policiales\/"},"img":{"alt_text":"","src":"https:\/\/i0.wp.com\/larevistadigital.com.ar\/blog\/wp-content\/uploads\/1572553458159_wm.jpg?fit=1200%2C674&ssl=1&resize=350%2C200","width":350,"height":200,"srcset":"https:\/\/i0.wp.com\/larevistadigital.com.ar\/blog\/wp-content\/uploads\/1572553458159_wm.jpg?fit=1200%2C674&ssl=1&resize=350%2C200 1x, https:\/\/i0.wp.com\/larevistadigital.com.ar\/blog\/wp-content\/uploads\/1572553458159_wm.jpg?fit=1200%2C674&ssl=1&resize=525%2C300 1.5x, https:\/\/i0.wp.com\/larevistadigital.com.ar\/blog\/wp-content\/uploads\/1572553458159_wm.jpg?fit=1200%2C674&ssl=1&resize=700%2C400 2x, https:\/\/i0.wp.com\/larevistadigital.com.ar\/blog\/wp-content\/uploads\/1572553458159_wm.jpg?fit=1200%2C674&ssl=1&resize=1050%2C600 3x"},"classes":[]},{"id":5826,"url":"https:\/\/larevistadigital.com.ar\/blog\/condenan-a-octogenario-abuelo-por-abusar-de-su-nieta\/","url_meta":{"origin":39257,"position":5},"title":"Condenan a octogenario abuelo por abusar de su nieta","author":"admin","date":"20 junio, 2018","format":false,"excerpt":"Los hechos ocurrieron en Castelli. La pena es en suspenso y fue impuesta en el Tribunal en lo Criminal n\u00ba 1 Departamental en el marco de un juicio abreviado. \u00a0 En el marco de un juicio abreviado la Dra. In\u00e9s Olmedo, actuando como Juez unipersonal del Tribunal en lo Criminal\u2026","rel":"","context":"En \u00abCASTELLI\u00bb","block_context":{"text":"CASTELLI","link":"https:\/\/larevistadigital.com.ar\/blog\/category\/castelli\/"},"img":{"alt_text":"","src":"https:\/\/i0.wp.com\/larevistadigital.com.ar\/blog\/wp-content\/uploads\/2018\/06\/Edificio-Tribunales-700x470.jpg?fit=700%2C470&ssl=1&resize=350%2C200","width":350,"height":200,"srcset":"https:\/\/i0.wp.com\/larevistadigital.com.ar\/blog\/wp-content\/uploads\/2018\/06\/Edificio-Tribunales-700x470.jpg?fit=700%2C470&ssl=1&resize=350%2C200 1x, https:\/\/i0.wp.com\/larevistadigital.com.ar\/blog\/wp-content\/uploads\/2018\/06\/Edificio-Tribunales-700x470.jpg?fit=700%2C470&ssl=1&resize=525%2C300 1.5x, https:\/\/i0.wp.com\/larevistadigital.com.ar\/blog\/wp-content\/uploads\/2018\/06\/Edificio-Tribunales-700x470.jpg?fit=700%2C470&ssl=1&resize=700%2C400 2x"},"classes":[]}],"_links":{"self":[{"href":"https:\/\/larevistadigital.com.ar\/blog\/wp-json\/wp\/v2\/posts\/39257","targetHints":{"allow":["GET"]}}],"collection":[{"href":"https:\/\/larevistadigital.com.ar\/blog\/wp-json\/wp\/v2\/posts"}],"about":[{"href":"https:\/\/larevistadigital.com.ar\/blog\/wp-json\/wp\/v2\/types\/post"}],"author":[{"embeddable":true,"href":"https:\/\/larevistadigital.com.ar\/blog\/wp-json\/wp\/v2\/users\/3"}],"replies":[{"embeddable":true,"href":"https:\/\/larevistadigital.com.ar\/blog\/wp-json\/wp\/v2\/comments?post=39257"}],"version-history":[{"count":3,"href":"https:\/\/larevistadigital.com.ar\/blog\/wp-json\/wp\/v2\/posts\/39257\/revisions"}],"predecessor-version":[{"id":39261,"href":"https:\/\/larevistadigital.com.ar\/blog\/wp-json\/wp\/v2\/posts\/39257\/revisions\/39261"}],"wp:featuredmedia":[{"embeddable":true,"href":"https:\/\/larevistadigital.com.ar\/blog\/wp-json\/wp\/v2\/media\/39258"}],"wp:attachment":[{"href":"https:\/\/larevistadigital.com.ar\/blog\/wp-json\/wp\/v2\/media?parent=39257"}],"wp:term":[{"taxonomy":"category","embeddable":true,"href":"https:\/\/larevistadigital.com.ar\/blog\/wp-json\/wp\/v2\/categories?post=39257"},{"taxonomy":"post_tag","embeddable":true,"href":"https:\/\/larevistadigital.com.ar\/blog\/wp-json\/wp\/v2\/tags?post=39257"}],"curies":[{"name":"wp","href":"https:\/\/api.w.org\/{rel}","templated":true}]}}