{"id":39262,"date":"2025-04-02T15:20:36","date_gmt":"2025-04-02T18:20:36","guid":{"rendered":"https:\/\/larevistadigital.com.ar\/blog\/?p=39262"},"modified":"2025-04-02T15:20:36","modified_gmt":"2025-04-02T18:20:36","slug":"bernal-arrojaron-un-adoquin-a-un-colectivo-y-golpearon-en-la-cabeza-a-una-nena-que-ahora-lucha-por-su-vida","status":"publish","type":"post","link":"https:\/\/larevistadigital.com.ar\/blog\/bernal-arrojaron-un-adoquin-a-un-colectivo-y-golpearon-en-la-cabeza-a-una-nena-que-ahora-lucha-por-su-vida\/","title":{"rendered":"Bernal: Arrojaron un adoqu\u00edn a un colectivo y golpearon en la cabeza  a una nena que ahora lucha por su  vida"},"content":{"rendered":"<p data-pm-slice=\"1 1 []\">\n<p data-pm-slice=\"1 1 []\"><strong>BERNAL &#8211;\u00a0<\/strong> La violencia irracional volvi\u00f3 a golpear sin previo aviso. Lo que deb\u00eda ser un simple viaje al colegio se convirti\u00f3 en una pesadilla para <strong>Melisa<\/strong> y sus tres hijas, cuando un desconocido <strong>arroj\u00f3 un cascote de dos kilos<\/strong> contra el colectivo en el que viajaban. La v\u00edctima: <strong>Roma<\/strong>, una peque\u00f1a de apenas tres a\u00f1os, que hoy lucha por su vida tras el brutal impacto.<\/p>\n<blockquote>\n<h3>El episodio ocurri\u00f3 el jueves pasado, cerca del mediod\u00eda, en la localidad de Quilmes. Melisa llevaba a sus hijas mellizas de 13 a\u00f1os al colegio y a la m\u00e1s peque\u00f1a al jard\u00edn. Se encontraban sentadas en la primera fila del colectivo de la l\u00ednea 148, con la menor sobre las piernas de una de sus hermanas.<\/h3>\n<\/blockquote>\n<p>A la altura de Mosconi y Pampa, el colectivo se detuvo en una parada para subir pasajeros. En ese instante, un cascote de grandes dimensiones irrumpi\u00f3 con violencia por una ventanilla abierta, cruz\u00f3 el pasillo y golpe\u00f3 de lleno la cabeza de <strong>Roma<\/strong>. Un impacto brutal e inesperado que la dej\u00f3 al borde de la muerte.<\/p>\n<h3><span style=\"color: #ff0000\"><strong>\u00abEl chofer hizo abandono de persona, nos dej\u00f3 tiradas\u00bb<\/strong><\/span><\/h3>\n<p>Lejos de asistir a la desesperada madre y su peque\u00f1a herida, el chofer del colectivo decidi\u00f3 seguir su camino, dejando a la familia completamente desamparada. La ambulancia nunca lleg\u00f3, y ante la inacci\u00f3n de los servicios de emergencia, <strong>Melisa<\/strong> tom\u00f3 a su hija en brazos y se par\u00f3 en medio de la avenida Mosconi, rogando por ayuda. Finalmente, un automovilista que circulaba con su familia fren\u00f3 y las traslad\u00f3 de urgencia a un hospital.<\/p>\n<blockquote>\n<h3><strong><em>\u00abMi nena se desvanec\u00eda, yo pens\u00e9 que la hab\u00eda perdido. Estaba p\u00e1lida, se le iban los ojos para atr\u00e1s, vomitaba sangre\u00bb<\/em><\/strong>, relat\u00f3 entre l\u00e1grimas la madre, a\u00fan conmovida por el horror vivido.<\/h3>\n<\/blockquote>\n<p>El primer destino fue un hospital cercano, donde le realizaron una tomograf\u00eda que confirm\u00f3 lo peor: fracturas en el cr\u00e1neo. Debido a la gravedad de su estado, fue trasladada de urgencia al hospital El Cruce, en Florencio Varela, donde ingres\u00f3 directamente a terapia intensiva.<\/p>\n<h3><span style=\"color: #ff0000\"><strong>Un agresor sin rostro y un pedido desesperado de justicia<\/strong><\/span><\/h3>\n<p>Hasta el momento, no hay detenidos por el ataque. Las \u00fanicas pistas indican que el agresor circulaba en una moto y llevaba casco, lo que dificulta su identificaci\u00f3n. La denuncia fue radicada en la comisar\u00eda s\u00e9ptima de Quilmes, pero hasta ahora no se registraron avances en la investigaci\u00f3n.<\/p>\n<blockquote>\n<h3>Desesperada, <strong>Melisa<\/strong> clama por justicia y pide colaboraci\u00f3n para dar con el responsable. <em>\u00abNo se sabe nada, solo que estaba en una moto y ten\u00eda un casco. Necesito que se haga justicia por mi hija. Necesito c\u00e1maras, testigos, que alguien cuente si vio algo\u00bb<\/em>.<\/h3>\n<\/blockquote>\n<p>Mientras tanto, <strong>Roma<\/strong> sigue internada, peleando por su vida en una batalla que nunca debi\u00f3 enfrentar. Una tragedia que pudo evitarse y que deja en evidencia la impunidad con la que algunos delincuentes act\u00faan, sin importarles las consecuencias de sus actos.<\/p>\n","protected":false},"excerpt":{"rendered":"<div class=\"mh-excerpt\"><p>BERNAL &#8211;\u00a0 La violencia irracional volvi\u00f3 a golpear sin previo aviso. Lo que deb\u00eda ser un simple viaje al colegio se convirti\u00f3 en una pesadilla para Melisa y sus tres hijas, cuando un desconocido arroj\u00f3 <a class=\"mh-excerpt-more\" href=\"https:\/\/larevistadigital.com.ar\/blog\/bernal-arrojaron-un-adoquin-a-un-colectivo-y-golpearon-en-la-cabeza-a-una-nena-que-ahora-lucha-por-su-vida\/\" title=\"Bernal: Arrojaron un adoqu\u00edn a un colectivo y golpearon en la cabeza  a una nena que ahora lucha por su  vida\">[Leer M\u00e1s]<\/a><\/p>\n<\/div>","protected":false},"author":3,"featured_media":39263,"comment_status":"open","ping_status":"open","sticky":false,"template":"","format":"standard","meta":{"_jetpack_memberships_contains_paid_content":false,"footnotes":"","jetpack_publicize_message":"","jetpack_publicize_feature_enabled":true,"jetpack_social_post_already_shared":true,"jetpack_social_options":{"image_generator_settings":{"template":"highway","default_image_id":0,"font":"","enabled":false},"version":2}},"categories":[44,51],"tags":[],"class_list":{"0":"post-39262","1":"post","2":"type-post","3":"status-publish","4":"format-standard","5":"has-post-thumbnail","7":"category-policiales","8":"category-regionales"},"jetpack_publicize_connections":[],"jetpack_featured_media_url":"https:\/\/i0.wp.com\/larevistadigital.com.ar\/blog\/wp-content\/uploads\/487567099_122122375430695558_1176475233124868123_n.jpg?fit=720%2C406&ssl=1","jetpack_sharing_enabled":true,"jetpack_shortlink":"https:\/\/wp.me\/p8qtrQ-adg","jetpack-related-posts":[{"id":24441,"url":"https:\/\/larevistadigital.com.ar\/blog\/provocaron-el-choque-del-colectivo-que-intentaron-asaltar\/","url_meta":{"origin":39262,"position":0},"title":"PROVOCARON EL CHOQUE DEL COLECTIVO QUE INTENTARON ASALTAR","author":"Alejandro Sosa Ruda","date":"8 marzo, 2022","format":false,"excerpt":"MAR DEL PLATA\u00a0 -\u00a0 Dos hombres a mano armada\u00a0intentaron robar esta ma\u00f1ana en el\u00a0barrio Parque Palermo\u00a0al chofer de un colectivo de la\u00a0l\u00ednea 523, quien choc\u00f3 el veh\u00edculo mientras era golpeado por los delincuentes. El hecho se registr\u00f3 este martes a la ma\u00f1ana, cuando en la avenida Tetamanti y Garc\u00eda Lorca,\u2026","rel":"","context":"En \u00abPOLICIALES\u00bb","block_context":{"text":"POLICIALES","link":"https:\/\/larevistadigital.com.ar\/blog\/category\/policiales\/"},"img":{"alt_text":"","src":"https:\/\/i0.wp.com\/larevistadigital.com.ar\/blog\/wp-content\/uploads\/Captura-de-pantalla-2022-03-08-121853.jpg?fit=1006%2C477&ssl=1&resize=350%2C200","width":350,"height":200,"srcset":"https:\/\/i0.wp.com\/larevistadigital.com.ar\/blog\/wp-content\/uploads\/Captura-de-pantalla-2022-03-08-121853.jpg?fit=1006%2C477&ssl=1&resize=350%2C200 1x, https:\/\/i0.wp.com\/larevistadigital.com.ar\/blog\/wp-content\/uploads\/Captura-de-pantalla-2022-03-08-121853.jpg?fit=1006%2C477&ssl=1&resize=525%2C300 1.5x, https:\/\/i0.wp.com\/larevistadigital.com.ar\/blog\/wp-content\/uploads\/Captura-de-pantalla-2022-03-08-121853.jpg?fit=1006%2C477&ssl=1&resize=700%2C400 2x"},"classes":[]},{"id":31596,"url":"https:\/\/larevistadigital.com.ar\/blog\/31596-2\/","url_meta":{"origin":39262,"position":1},"title":"BERAZATEGUI: UN HOMBRE APU\u00d1AL\u00d3 A SU EX ESPOSA CUANDO BAJABA DEL COLECTIVO","author":"Alejandro Sosa Ruda","date":"16 mayo, 2023","format":false,"excerpt":"El agresor le propin\u00f3 tres pu\u00f1aladas ante la presencia de testigos.\u00a0El estado de salud de la mujer es cr\u00edtico y se encuentra en riesgo de vida. El hombre fue detenido en el lugar del ataque. 16 de mayo de 2023 BERAZATEGUI -\u00a0 Una mujer de 50 a\u00f1os fue apu\u00f1alada por\u2026","rel":"","context":"En \u00abPOLICIALES\u00bb","block_context":{"text":"POLICIALES","link":"https:\/\/larevistadigital.com.ar\/blog\/category\/policiales\/"},"img":{"alt_text":"","src":"https:\/\/i0.wp.com\/larevistadigital.com.ar\/blog\/wp-content\/uploads\/POLICIA-4.jpg?fit=880%2C512&ssl=1&resize=350%2C200","width":350,"height":200,"srcset":"https:\/\/i0.wp.com\/larevistadigital.com.ar\/blog\/wp-content\/uploads\/POLICIA-4.jpg?fit=880%2C512&ssl=1&resize=350%2C200 1x, https:\/\/i0.wp.com\/larevistadigital.com.ar\/blog\/wp-content\/uploads\/POLICIA-4.jpg?fit=880%2C512&ssl=1&resize=525%2C300 1.5x, https:\/\/i0.wp.com\/larevistadigital.com.ar\/blog\/wp-content\/uploads\/POLICIA-4.jpg?fit=880%2C512&ssl=1&resize=700%2C400 2x"},"classes":[]},{"id":40470,"url":"https:\/\/larevistadigital.com.ar\/blog\/impactante-triple-choque-en-mar-del-plata-un-auto-quedo-aplastado-entre-un-colectivo-y-un-camion\/","url_meta":{"origin":39262,"position":2},"title":"Impactante triple choque en Mar del Plata: un auto qued\u00f3 aplastado entre un colectivo y un cami\u00f3n","author":"Alejandro Sosa Ruda","date":"14 julio, 2025","format":false,"excerpt":"Ocurri\u00f3 en plena avenida Juan B. Justo. A pesar de lo dram\u00e1tico del siniestro, el conductor del auto logr\u00f3 salir con vida entre los hierros retorcidos. 14 de Julio de 2025 MAR DEL PLATA\u00a0 -\u00a0 \u00a0Una escena digna de una pel\u00edcula de acci\u00f3n se vivi\u00f3 este lunes por la tarde\u2026","rel":"","context":"En \u00abPOLICIALES\u00bb","block_context":{"text":"POLICIALES","link":"https:\/\/larevistadigital.com.ar\/blog\/category\/policiales\/"},"img":{"alt_text":"","src":"https:\/\/i0.wp.com\/larevistadigital.com.ar\/blog\/wp-content\/uploads\/ACCIDENTE-MAR-DEL-PLATA.jpg?fit=644%2C401&ssl=1&resize=350%2C200","width":350,"height":200,"srcset":"https:\/\/i0.wp.com\/larevistadigital.com.ar\/blog\/wp-content\/uploads\/ACCIDENTE-MAR-DEL-PLATA.jpg?fit=644%2C401&ssl=1&resize=350%2C200 1x, https:\/\/i0.wp.com\/larevistadigital.com.ar\/blog\/wp-content\/uploads\/ACCIDENTE-MAR-DEL-PLATA.jpg?fit=644%2C401&ssl=1&resize=525%2C300 1.5x"},"classes":[]},{"id":37071,"url":"https:\/\/larevistadigital.com.ar\/blog\/volco-un-colectivo-que-transportaba-ninos\/","url_meta":{"origin":39262,"position":3},"title":"VOLC\u00d3 UN COLECTIVO QUE TRANSPORTABA NI\u00d1OS","author":"Alejandro Sosa Ruda","date":"28 agosto, 2024","format":false,"excerpt":"Afortunadamente ninguna criatura result\u00f3 con heridas de consideraci\u00f3n. 28 de Agosto de 2024 Villaguay, ENTRE R\u00cdOS -\u00a0 \u00a0Un colectivo que transporta ni\u00f1os en la zona rural de Lucas Sud Segunda, departamento Villaguay, volc\u00f3 este mi\u00e9rcoles por la ma\u00f1ana. Desde la Polic\u00eda se inform\u00f3 que los chicos resultaron sin lesiones de\u2026","rel":"","context":"En \u00abPOLICIALES\u00bb","block_context":{"text":"POLICIALES","link":"https:\/\/larevistadigital.com.ar\/blog\/category\/policiales\/"},"img":{"alt_text":"","src":"https:\/\/i0.wp.com\/larevistadigital.com.ar\/blog\/wp-content\/uploads\/457311167_930848892413577_149711943783559769_n.jpg?fit=900%2C600&ssl=1&resize=350%2C200","width":350,"height":200,"srcset":"https:\/\/i0.wp.com\/larevistadigital.com.ar\/blog\/wp-content\/uploads\/457311167_930848892413577_149711943783559769_n.jpg?fit=900%2C600&ssl=1&resize=350%2C200 1x, https:\/\/i0.wp.com\/larevistadigital.com.ar\/blog\/wp-content\/uploads\/457311167_930848892413577_149711943783559769_n.jpg?fit=900%2C600&ssl=1&resize=525%2C300 1.5x, https:\/\/i0.wp.com\/larevistadigital.com.ar\/blog\/wp-content\/uploads\/457311167_930848892413577_149711943783559769_n.jpg?fit=900%2C600&ssl=1&resize=700%2C400 2x"},"classes":[]},{"id":12124,"url":"https:\/\/larevistadigital.com.ar\/blog\/buscan-a-pastor-acusado-de-abusar-de-sus-tres-hijas\/","url_meta":{"origin":39262,"position":4},"title":"BUSCAN A PASTOR ACUSADO DE ABUSAR DE SUS TRES HIJAS","author":"Alejandro Sosa Ruda","date":"16 septiembre, 2019","format":false,"excerpt":"Los hechos ocurrieron entre 2013 y 2014. Miguel Rosendo Acosta iba a ser juzgado en octubre de 2017 y est\u00e1 pr\u00f3fugo desde ese momento. La Justicia de Garant\u00edas autoriz\u00f3 la difusi\u00f3n de la fotograf\u00eda de un hombre\u00a0acusado de violar a sus tres hijas adolescentes\u00a0y que se mantiene pr\u00f3fugo desde el\u2026","rel":"","context":"En \u00abINTERES GENERAL\u00bb","block_context":{"text":"INTERES GENERAL","link":"https:\/\/larevistadigital.com.ar\/blog\/category\/interes-general\/"},"img":{"alt_text":"","src":"https:\/\/i0.wp.com\/larevistadigital.com.ar\/blog\/wp-content\/uploads\/1568730184222.jpeg?fit=790%2C444&ssl=1&resize=350%2C200","width":350,"height":200,"srcset":"https:\/\/i0.wp.com\/larevistadigital.com.ar\/blog\/wp-content\/uploads\/1568730184222.jpeg?fit=790%2C444&ssl=1&resize=350%2C200 1x, https:\/\/i0.wp.com\/larevistadigital.com.ar\/blog\/wp-content\/uploads\/1568730184222.jpeg?fit=790%2C444&ssl=1&resize=525%2C300 1.5x, https:\/\/i0.wp.com\/larevistadigital.com.ar\/blog\/wp-content\/uploads\/1568730184222.jpeg?fit=790%2C444&ssl=1&resize=700%2C400 2x"},"classes":[]},{"id":32629,"url":"https:\/\/larevistadigital.com.ar\/blog\/ruta-7-muere-un-matrimonio-e-internan-a-su-hija-por-un-accidente\/","url_meta":{"origin":39262,"position":5},"title":"RUTA 7: MUERE UN MATRIMONIO E INTERNAN A SU HIJA POR UN ACCIDENTE","author":"Alejandro Sosa Ruda","date":"28 julio, 2023","format":false,"excerpt":"Ernesto Arrizabalaga, de 43 a\u00f1os, y Pamela Goestchi, de 35 a\u00f1os, viajaban junto a sus hijas de 7 y 11 a\u00f1os en el auto familiar, un Peogeot 2008. El auto impact\u00f3 contra la parte trasera de un cami\u00f3n. 27 de julio de 2023 JUNIN -\u00a0 El accidente ocurri\u00f3 este mi\u00e9rcoles\u2026","rel":"","context":"En \u00abPOLICIALES\u00bb","block_context":{"text":"POLICIALES","link":"https:\/\/larevistadigital.com.ar\/blog\/category\/policiales\/"},"img":{"alt_text":"","src":"https:\/\/i0.wp.com\/larevistadigital.com.ar\/blog\/wp-content\/uploads\/20230727163502_choque-3-1000x600-1.jpg?fit=880%2C512&ssl=1&resize=350%2C200","width":350,"height":200,"srcset":"https:\/\/i0.wp.com\/larevistadigital.com.ar\/blog\/wp-content\/uploads\/20230727163502_choque-3-1000x600-1.jpg?fit=880%2C512&ssl=1&resize=350%2C200 1x, https:\/\/i0.wp.com\/larevistadigital.com.ar\/blog\/wp-content\/uploads\/20230727163502_choque-3-1000x600-1.jpg?fit=880%2C512&ssl=1&resize=525%2C300 1.5x, https:\/\/i0.wp.com\/larevistadigital.com.ar\/blog\/wp-content\/uploads\/20230727163502_choque-3-1000x600-1.jpg?fit=880%2C512&ssl=1&resize=700%2C400 2x"},"classes":[]}],"_links":{"self":[{"href":"https:\/\/larevistadigital.com.ar\/blog\/wp-json\/wp\/v2\/posts\/39262","targetHints":{"allow":["GET"]}}],"collection":[{"href":"https:\/\/larevistadigital.com.ar\/blog\/wp-json\/wp\/v2\/posts"}],"about":[{"href":"https:\/\/larevistadigital.com.ar\/blog\/wp-json\/wp\/v2\/types\/post"}],"author":[{"embeddable":true,"href":"https:\/\/larevistadigital.com.ar\/blog\/wp-json\/wp\/v2\/users\/3"}],"replies":[{"embeddable":true,"href":"https:\/\/larevistadigital.com.ar\/blog\/wp-json\/wp\/v2\/comments?post=39262"}],"version-history":[{"count":1,"href":"https:\/\/larevistadigital.com.ar\/blog\/wp-json\/wp\/v2\/posts\/39262\/revisions"}],"predecessor-version":[{"id":39264,"href":"https:\/\/larevistadigital.com.ar\/blog\/wp-json\/wp\/v2\/posts\/39262\/revisions\/39264"}],"wp:featuredmedia":[{"embeddable":true,"href":"https:\/\/larevistadigital.com.ar\/blog\/wp-json\/wp\/v2\/media\/39263"}],"wp:attachment":[{"href":"https:\/\/larevistadigital.com.ar\/blog\/wp-json\/wp\/v2\/media?parent=39262"}],"wp:term":[{"taxonomy":"category","embeddable":true,"href":"https:\/\/larevistadigital.com.ar\/blog\/wp-json\/wp\/v2\/categories?post=39262"},{"taxonomy":"post_tag","embeddable":true,"href":"https:\/\/larevistadigital.com.ar\/blog\/wp-json\/wp\/v2\/tags?post=39262"}],"curies":[{"name":"wp","href":"https:\/\/api.w.org\/{rel}","templated":true}]}}