{"id":39270,"date":"2025-04-03T16:21:14","date_gmt":"2025-04-03T19:21:14","guid":{"rendered":"https:\/\/larevistadigital.com.ar\/blog\/?p=39270"},"modified":"2025-04-03T21:24:24","modified_gmt":"2025-04-04T00:24:24","slug":"chascomus-se-secuestraron-estupefacientes-y-se-detuvo-a-un-individuo","status":"publish","type":"post","link":"https:\/\/larevistadigital.com.ar\/blog\/chascomus-se-secuestraron-estupefacientes-y-se-detuvo-a-un-individuo\/","title":{"rendered":"Chascom\u00fas: Se secuestraron estupefacientes, y se detuvo a un individuo"},"content":{"rendered":"<h2>Fue el corolario de una investigaci\u00f3n que demand\u00f3 unos meses.<\/h2>\n<p>03 de Abril de 2025<\/p>\n<p><strong>CHASCOM\u00daS &#8211;\u00a0<\/strong>\u00a0 Luego de meses de investigar el delito de Comercializaci\u00f3n de estupefacientes, la Subdelegaci\u00f3n de Narcotr\u00e1fico de Chascom\u00fas con intervenci\u00f3n de la U.F.I.J. 3 de Dolores y la Ayudant\u00eda Fiscal de Estupefacientes de chascom\u00fas a cargo del <strong>Dr. Jorge Alberto Larrarte<\/strong> consiguieron obtener resultados en su trabajo.<\/p>\n<blockquote>\n<h3>El fiscal actuante solicit\u00f3 orden de allanamiento al Juzgado de Garant\u00edas N\u00b0 5 de chascom\u00fas a cargo <strong>Dr. Cristian Gasquet<\/strong>, quien decidi\u00f3 ezxpedir la correspondiente orden de allanamiento registro para una vivienda de calle Las Acacias de la ciudad de Chascom\u00fas.<\/h3>\n<\/blockquote>\n<p>La diligencia, se hizo con el fin de verificar si en el sitio se estar\u00eda desarrollando las actividades il\u00edcitas de comercializaci\u00f3n de estupefacientes. Por ello, personal de la Subdelegaci\u00f3n Chascom\u00fas de investigaciones del tr\u00e1fico de drogas il\u00edcitas fue afectado a realizar diversas tareas en el marco de oficio judicial emanado. As\u00ed, se logra establecer que un masculino mayor de edad resulta ser quien regentea el lugar, obteniendo diverso material probatorio en base a testimonios de vecinos y tareas de vigilancia y seguimientos.<\/p>\n<p>La misma, fue efectuada por el personal policial de la Delegaci\u00f3n de Narcotr\u00e1fico, se procedi\u00f3 al secuestro de:<br \/>\n<strong>* Un envoltorio de nylon con sustancia blanca peso 0,3 gramos (positivo coca\u00edna ) <\/strong><br \/>\n<strong>\u2022Un frasco con sustancia vegetal 27,8 gramos (positivo marihuana ) <\/strong><br \/>\n<strong>* una bolsa de nylon que conten\u00eda 41 envoltorios de nylon cerrados por color blanco con 29,9 gramos (positivo coca\u00edna )<\/strong><br \/>\n<strong>* un envoltorio de nylon negro peso 0,5 gramos (positivo marihuana )<\/strong><br \/>\n<strong>* un tel\u00e9fono celular<\/strong><br \/>\n<strong>* dinero en efectivo.<\/strong><\/p>\n<p>Como consecuencia de este allanamiento de resultado positivo, se dispuso la aprehensi\u00f3n del sujeto masculino mayor de edad investigado y ocupante de la vivienda de menci\u00f3n.<\/p>\n","protected":false},"excerpt":{"rendered":"<div class=\"mh-excerpt\"><p>Fue el corolario de una investigaci\u00f3n que demand\u00f3 unos meses. 03 de Abril de 2025 CHASCOM\u00daS &#8211;\u00a0\u00a0 Luego de meses de investigar el delito de Comercializaci\u00f3n de estupefacientes, la Subdelegaci\u00f3n de Narcotr\u00e1fico de Chascom\u00fas con <a class=\"mh-excerpt-more\" href=\"https:\/\/larevistadigital.com.ar\/blog\/chascomus-se-secuestraron-estupefacientes-y-se-detuvo-a-un-individuo\/\" title=\"Chascom\u00fas: Se secuestraron estupefacientes, y se detuvo a un individuo\">[Leer M\u00e1s]<\/a><\/p>\n<\/div>","protected":false},"author":3,"featured_media":39271,"comment_status":"open","ping_status":"open","sticky":false,"template":"","format":"standard","meta":{"_jetpack_memberships_contains_paid_content":false,"footnotes":"","jetpack_publicize_message":"","jetpack_publicize_feature_enabled":true,"jetpack_social_post_already_shared":true,"jetpack_social_options":{"image_generator_settings":{"template":"highway","default_image_id":0,"font":"","enabled":false},"version":2}},"categories":[41,44],"tags":[],"class_list":{"0":"post-39270","1":"post","2":"type-post","3":"status-publish","4":"format-standard","5":"has-post-thumbnail","7":"category-destacadas","8":"category-policiales"},"jetpack_publicize_connections":[],"jetpack_featured_media_url":"https:\/\/i0.wp.com\/larevistadigital.com.ar\/blog\/wp-content\/uploads\/WhatsApp-Image-2025-04-03-at-16.01.44-1.jpeg?fit=960%2C1280&ssl=1","jetpack_sharing_enabled":true,"jetpack_shortlink":"https:\/\/wp.me\/p8qtrQ-ado","jetpack-related-posts":[{"id":32820,"url":"https:\/\/larevistadigital.com.ar\/blog\/chascomus-aprehenden-a-una-mujer-por-comercializacion-de-estupefacientes-y-a-un-hombre-con-pedido-de-captura\/","url_meta":{"origin":39270,"position":0},"title":"CHASCOM\u00daS: APREHENDEN A UNA MUJER POR COMERCIALIZACI\u00d3N DE ESTUPEFACIENTES, Y A UN HOMBRE CON PEDIDO DE CAPTURA","author":"Alejandro Sosa Ruda","date":"10 agosto, 2023","format":false,"excerpt":"Todo comienza con sospechas de la delegaci\u00f3n de Drogas il\u00edcitas y se confirma luego de investigaciones que derivaron en un allanamiento con resultado positivo. 10 de agosto CHASCOM\u00daS -\u00a0 Drogas il\u00edcitas de Chascom\u00fas, tom\u00f3 conocimiento que una persona del sexo femenino se estar\u00eda dedicando a la comercializaci\u00f3n de sustancias estupefacientes\u2026","rel":"","context":"En \u00abDESTACADAS\u00bb","block_context":{"text":"DESTACADAS","link":"https:\/\/larevistadigital.com.ar\/blog\/category\/destacadas\/"},"img":{"alt_text":"","src":"https:\/\/i0.wp.com\/larevistadigital.com.ar\/blog\/wp-content\/uploads\/WhatsApp-Image-2023-08-10-at-03.36.32.jpeg?fit=1200%2C1144&ssl=1&resize=350%2C200","width":350,"height":200,"srcset":"https:\/\/i0.wp.com\/larevistadigital.com.ar\/blog\/wp-content\/uploads\/WhatsApp-Image-2023-08-10-at-03.36.32.jpeg?fit=1200%2C1144&ssl=1&resize=350%2C200 1x, https:\/\/i0.wp.com\/larevistadigital.com.ar\/blog\/wp-content\/uploads\/WhatsApp-Image-2023-08-10-at-03.36.32.jpeg?fit=1200%2C1144&ssl=1&resize=525%2C300 1.5x, https:\/\/i0.wp.com\/larevistadigital.com.ar\/blog\/wp-content\/uploads\/WhatsApp-Image-2023-08-10-at-03.36.32.jpeg?fit=1200%2C1144&ssl=1&resize=700%2C400 2x, https:\/\/i0.wp.com\/larevistadigital.com.ar\/blog\/wp-content\/uploads\/WhatsApp-Image-2023-08-10-at-03.36.32.jpeg?fit=1200%2C1144&ssl=1&resize=1050%2C600 3x"},"classes":[]},{"id":28639,"url":"https:\/\/larevistadigital.com.ar\/blog\/chascomus-tras-ocho-meses-de-investigacion-se-desbarato-una-cueva-donde-se-comercializaban-estupefacientes-secuestraron-elementos-y-se-aprehendio-a-un-hombre\/","url_meta":{"origin":39270,"position":1},"title":"CHASCOM\u00daS: TRAS OCHO MESES DE INVESTIGACI\u00d3N, SE DESBARAT\u00d3 UNA \u00abCUEVA\u00bb DONDE SE COMERCIALIZABAN ESTUPEFACIENTES. SECUESTRARON ELEMENTOS Y SE APREHENDI\u00d3 A UN HOMBRE.","author":"Alejandro Sosa Ruda","date":"27 octubre, 2022","format":false,"excerpt":"Se investig\u00f3 durante ocho meses y se obtuvieron resultados que permitieron allanar y secuestrar drogas, aprehendiendo al morador de la vivienda. 27 de Octubre de 2022 CHASCOM\u00daS -\u00a0\u00a0A ra\u00edz de investigaciones llevadas a cabo, la subdelegaci\u00f3n de Investigaciones del tr\u00e1fico de drogas il\u00edcitas tom\u00f3 conocimiento de la presunta comercializaci\u00f3n de\u2026","rel":"","context":"En \u00abDESTACADAS\u00bb","block_context":{"text":"DESTACADAS","link":"https:\/\/larevistadigital.com.ar\/blog\/category\/destacadas\/"},"img":{"alt_text":"","src":"https:\/\/i0.wp.com\/larevistadigital.com.ar\/blog\/wp-content\/uploads\/WhatsApp-Image-2022-10-27-at-06.41.33.jpeg?fit=1200%2C900&ssl=1&resize=350%2C200","width":350,"height":200,"srcset":"https:\/\/i0.wp.com\/larevistadigital.com.ar\/blog\/wp-content\/uploads\/WhatsApp-Image-2022-10-27-at-06.41.33.jpeg?fit=1200%2C900&ssl=1&resize=350%2C200 1x, https:\/\/i0.wp.com\/larevistadigital.com.ar\/blog\/wp-content\/uploads\/WhatsApp-Image-2022-10-27-at-06.41.33.jpeg?fit=1200%2C900&ssl=1&resize=525%2C300 1.5x, https:\/\/i0.wp.com\/larevistadigital.com.ar\/blog\/wp-content\/uploads\/WhatsApp-Image-2022-10-27-at-06.41.33.jpeg?fit=1200%2C900&ssl=1&resize=700%2C400 2x, https:\/\/i0.wp.com\/larevistadigital.com.ar\/blog\/wp-content\/uploads\/WhatsApp-Image-2022-10-27-at-06.41.33.jpeg?fit=1200%2C900&ssl=1&resize=1050%2C600 3x"},"classes":[]},{"id":33451,"url":"https:\/\/larevistadigital.com.ar\/blog\/chascomus-allanamiento-positivo-donde-secuestran-estupefacientes-y-aprehenden-a-una-mujer\/","url_meta":{"origin":39270,"position":2},"title":"CHASCOM\u00daS: ALLANAMIENTO POSITIVO, DONDE SECUESTRAN ESTUPEFACIENTES Y APREHENDEN A UNA MUJER","author":"Alejandro Sosa Ruda","date":"15 septiembre, 2023","format":false,"excerpt":"En horas de la tarde del jueves 14 de septiembre, efectivos de la Divisi\u00f3n Unidad Operativa Federal Chascom\u00fas de la POLIC\u00cdA FEDERAL ARGENTINA, realizaron un allanamiento en la ciudad. 15 de Septiembre de 2023 CHASCOM\u00daS -\u00a0 La medida, llevada a cabo por los oficiales de la DUOF local, fue ordenada\u2026","rel":"","context":"En \u00abDESTACADAS\u00bb","block_context":{"text":"DESTACADAS","link":"https:\/\/larevistadigital.com.ar\/blog\/category\/destacadas\/"},"img":{"alt_text":"","src":"https:\/\/i0.wp.com\/larevistadigital.com.ar\/blog\/wp-content\/uploads\/WhatsApp-Image-2023-09-15-at-01.09.47.jpeg?fit=1200%2C1065&ssl=1&resize=350%2C200","width":350,"height":200,"srcset":"https:\/\/i0.wp.com\/larevistadigital.com.ar\/blog\/wp-content\/uploads\/WhatsApp-Image-2023-09-15-at-01.09.47.jpeg?fit=1200%2C1065&ssl=1&resize=350%2C200 1x, https:\/\/i0.wp.com\/larevistadigital.com.ar\/blog\/wp-content\/uploads\/WhatsApp-Image-2023-09-15-at-01.09.47.jpeg?fit=1200%2C1065&ssl=1&resize=525%2C300 1.5x, https:\/\/i0.wp.com\/larevistadigital.com.ar\/blog\/wp-content\/uploads\/WhatsApp-Image-2023-09-15-at-01.09.47.jpeg?fit=1200%2C1065&ssl=1&resize=700%2C400 2x, https:\/\/i0.wp.com\/larevistadigital.com.ar\/blog\/wp-content\/uploads\/WhatsApp-Image-2023-09-15-at-01.09.47.jpeg?fit=1200%2C1065&ssl=1&resize=1050%2C600 3x"},"classes":[]},{"id":32933,"url":"https:\/\/larevistadigital.com.ar\/blog\/chascomus-allanamiento-con-resultado-positivo-y-aprehenden-a-una-persona-de-sexo-masculino\/","url_meta":{"origin":39270,"position":3},"title":"CHASCOM\u00daS: ALLANAMIENTO CON RESULTADO POSITIVO Y APREHENDEN A UNA PERSONA DE SEXO MASCULINO.","author":"Alejandro Sosa Ruda","date":"20 agosto, 2023","format":false,"excerpt":"Se lograron incautar distintos elementos y drogas. Aprehendieron a un sujeto con frondosos antecedentes. 20 de agosto de 2023 CHASCOM\u00daS -\u00a0 El d\u00eda viernes pasado, la polic\u00eda comunal de Chascom\u00fas, procedi\u00f3 a realizar un allanamiento en el barrio el Algarrobo. La medida judicial se recibi\u00f3 del Juzgado de Garant\u00edas N\u2026","rel":"","context":"En \u00abINTERES GENERAL\u00bb","block_context":{"text":"INTERES GENERAL","link":"https:\/\/larevistadigital.com.ar\/blog\/category\/interes-general\/"},"img":{"alt_text":"","src":"https:\/\/i0.wp.com\/larevistadigital.com.ar\/blog\/wp-content\/uploads\/APREHENDIDO.jpg?fit=800%2C812&ssl=1&resize=350%2C200","width":350,"height":200,"srcset":"https:\/\/i0.wp.com\/larevistadigital.com.ar\/blog\/wp-content\/uploads\/APREHENDIDO.jpg?fit=800%2C812&ssl=1&resize=350%2C200 1x, https:\/\/i0.wp.com\/larevistadigital.com.ar\/blog\/wp-content\/uploads\/APREHENDIDO.jpg?fit=800%2C812&ssl=1&resize=525%2C300 1.5x, https:\/\/i0.wp.com\/larevistadigital.com.ar\/blog\/wp-content\/uploads\/APREHENDIDO.jpg?fit=800%2C812&ssl=1&resize=700%2C400 2x"},"classes":[]},{"id":25409,"url":"https:\/\/larevistadigital.com.ar\/blog\/chascomus-tercer-procedimiento-importante-de-drogas-en-los-ultimos-tres-meses\/","url_meta":{"origin":39270,"position":4},"title":"CHASCOM\u00daS: TERCER PROCEDIMIENTO IMPORTANTE DE DROGAS EN LOS \u00daLTIMOS TRES MESES","author":"Alejandro Sosa Ruda","date":"26 mayo, 2022","format":false,"excerpt":"Se logr\u00f3 resultado positivo, en distintos allanamientos y se detuvo una persona por comercializaci\u00f3n de estupefacientes, consiguiendo otro buen resultado en la materia. La subdelegaci\u00f3n departamental de investigaciones del tr\u00e1fico de drogas il\u00edcitas de Chascom\u00fas, inform\u00f3 que se llevaron a cabo tres allanamientos por infracci\u00f3n a la ley 23.737. Tras\u2026","rel":"","context":"En \u00abDESTACADAS\u00bb","block_context":{"text":"DESTACADAS","link":"https:\/\/larevistadigital.com.ar\/blog\/category\/destacadas\/"},"img":{"alt_text":"","src":"https:\/\/i0.wp.com\/larevistadigital.com.ar\/blog\/wp-content\/uploads\/WhatsApp-Image-2022-05-26-at-8.02.24-AM-1.jpeg?fit=1200%2C900&ssl=1&resize=350%2C200","width":350,"height":200,"srcset":"https:\/\/i0.wp.com\/larevistadigital.com.ar\/blog\/wp-content\/uploads\/WhatsApp-Image-2022-05-26-at-8.02.24-AM-1.jpeg?fit=1200%2C900&ssl=1&resize=350%2C200 1x, https:\/\/i0.wp.com\/larevistadigital.com.ar\/blog\/wp-content\/uploads\/WhatsApp-Image-2022-05-26-at-8.02.24-AM-1.jpeg?fit=1200%2C900&ssl=1&resize=525%2C300 1.5x, https:\/\/i0.wp.com\/larevistadigital.com.ar\/blog\/wp-content\/uploads\/WhatsApp-Image-2022-05-26-at-8.02.24-AM-1.jpeg?fit=1200%2C900&ssl=1&resize=700%2C400 2x, https:\/\/i0.wp.com\/larevistadigital.com.ar\/blog\/wp-content\/uploads\/WhatsApp-Image-2022-05-26-at-8.02.24-AM-1.jpeg?fit=1200%2C900&ssl=1&resize=1050%2C600 3x"},"classes":[]},{"id":41404,"url":"https:\/\/larevistadigital.com.ar\/blog\/allanamiento-en-chascomus-detienen-a-un-hombre-acusado-de-venta-de-drogas\/","url_meta":{"origin":39270,"position":5},"title":"Allanamiento en Chascom\u00fas: detienen a un hombre acusado de venta de drogas","author":"Alejandro Sosa Ruda","date":"11 septiembre, 2025","format":false,"excerpt":"La Polic\u00eda secuestr\u00f3 estupefacientes fraccionados para la venta y una moto con pedido de secuestro activo. 11 de Septiembre de 2025 CHASCOM\u00daS\u00a0 -\u00a0 \u00a0Un operativo policial llevado a cabo en Chascom\u00fas termin\u00f3 con la detenci\u00f3n de un hombre acusado de comercializar drogas al menudeo en un barrio de la ciudad.\u2026","rel":"","context":"En \u00abDESTACADAS\u00bb","block_context":{"text":"DESTACADAS","link":"https:\/\/larevistadigital.com.ar\/blog\/category\/destacadas\/"},"img":{"alt_text":"","src":"https:\/\/i0.wp.com\/larevistadigital.com.ar\/blog\/wp-content\/uploads\/WhatsApp-Image-2025-09-11-at-09.20.11.jpeg?fit=1200%2C675&ssl=1&resize=350%2C200","width":350,"height":200,"srcset":"https:\/\/i0.wp.com\/larevistadigital.com.ar\/blog\/wp-content\/uploads\/WhatsApp-Image-2025-09-11-at-09.20.11.jpeg?fit=1200%2C675&ssl=1&resize=350%2C200 1x, https:\/\/i0.wp.com\/larevistadigital.com.ar\/blog\/wp-content\/uploads\/WhatsApp-Image-2025-09-11-at-09.20.11.jpeg?fit=1200%2C675&ssl=1&resize=525%2C300 1.5x, https:\/\/i0.wp.com\/larevistadigital.com.ar\/blog\/wp-content\/uploads\/WhatsApp-Image-2025-09-11-at-09.20.11.jpeg?fit=1200%2C675&ssl=1&resize=700%2C400 2x, https:\/\/i0.wp.com\/larevistadigital.com.ar\/blog\/wp-content\/uploads\/WhatsApp-Image-2025-09-11-at-09.20.11.jpeg?fit=1200%2C675&ssl=1&resize=1050%2C600 3x"},"classes":[]}],"_links":{"self":[{"href":"https:\/\/larevistadigital.com.ar\/blog\/wp-json\/wp\/v2\/posts\/39270","targetHints":{"allow":["GET"]}}],"collection":[{"href":"https:\/\/larevistadigital.com.ar\/blog\/wp-json\/wp\/v2\/posts"}],"about":[{"href":"https:\/\/larevistadigital.com.ar\/blog\/wp-json\/wp\/v2\/types\/post"}],"author":[{"embeddable":true,"href":"https:\/\/larevistadigital.com.ar\/blog\/wp-json\/wp\/v2\/users\/3"}],"replies":[{"embeddable":true,"href":"https:\/\/larevistadigital.com.ar\/blog\/wp-json\/wp\/v2\/comments?post=39270"}],"version-history":[{"count":2,"href":"https:\/\/larevistadigital.com.ar\/blog\/wp-json\/wp\/v2\/posts\/39270\/revisions"}],"predecessor-version":[{"id":39276,"href":"https:\/\/larevistadigital.com.ar\/blog\/wp-json\/wp\/v2\/posts\/39270\/revisions\/39276"}],"wp:featuredmedia":[{"embeddable":true,"href":"https:\/\/larevistadigital.com.ar\/blog\/wp-json\/wp\/v2\/media\/39271"}],"wp:attachment":[{"href":"https:\/\/larevistadigital.com.ar\/blog\/wp-json\/wp\/v2\/media?parent=39270"}],"wp:term":[{"taxonomy":"category","embeddable":true,"href":"https:\/\/larevistadigital.com.ar\/blog\/wp-json\/wp\/v2\/categories?post=39270"},{"taxonomy":"post_tag","embeddable":true,"href":"https:\/\/larevistadigital.com.ar\/blog\/wp-json\/wp\/v2\/tags?post=39270"}],"curies":[{"name":"wp","href":"https:\/\/api.w.org\/{rel}","templated":true}]}}