{"id":39278,"date":"2025-04-03T22:37:25","date_gmt":"2025-04-04T01:37:25","guid":{"rendered":"https:\/\/larevistadigital.com.ar\/blog\/?p=39278"},"modified":"2025-04-03T22:37:25","modified_gmt":"2025-04-04T01:37:25","slug":"la-desaparicion-de-un-icono-la-salada-de-monasterio-se-seco-y-detras-del-agua-que-falta-hay-responsabilidades-que-sobran","status":"publish","type":"post","link":"https:\/\/larevistadigital.com.ar\/blog\/la-desaparicion-de-un-icono-la-salada-de-monasterio-se-seco-y-detras-del-agua-que-falta-hay-responsabilidades-que-sobran\/","title":{"rendered":"La desaparici\u00f3n de un \u00edcono: La Salada de Monasterio se sec\u00f3 y detr\u00e1s del agua que falta, hay responsabilidades que sobran"},"content":{"rendered":"<h3 data-start=\"467\" data-end=\"903\"><span>Durante m\u00e1s de medio siglo, fue un para\u00edso para pescadores, amantes de la naturaleza y familias enteras que se encontraban en sus aguas un refugio.<\/span><\/h3>\n<p>3 de Abril de 2025<\/p>\n<p class=\"\" data-start=\"467\" data-end=\"903\"><span><strong>CHASCOM\u00daS &#8211;\u00a0<\/strong> \u00a0La Laguna Salada de Monasterio, ubicada a la altura del kil\u00f3metro 144 de la Ruta 2, en el partido de Chascom\u00fas, acaba de vivir su peor final: sec\u00f3 por completo. Lo que alguna vez fue una de las lagunas m\u00e1s emblem\u00e1ticas de la provincia de Buenos Aires hoy es tierra agrietada y desolaci\u00f3n.<\/span><\/p>\n<p class=\"\" data-start=\"905\" data-end=\"1339\"><span>El cierre definitivo fue comunicado por sus propios administradores, quienes durante meses alertaron sobre la preocupante ca\u00edda del nivel del agua y la inacci\u00f3n de las autoridades. Finalmente, el anuncio fue publicado en redes sociales y medios especializados, acompa\u00f1ado de una frase que resume el sentimiento de toda una comunidad: <strong><em>\u201cLamentamos informar que, tras m\u00e1s de 50 a\u00f1os de existencia, la laguna se ha secado completamente\u201d.<\/em><\/strong><\/span><\/p>\n<h3 class=\"\" data-start=\"1341\" data-end=\"1412\"><span style=\"color: #ff0000\"><strong data-start=\"1345\" data-end=\"1412\">\u00bfQu\u00e9 pas\u00f3 con La Salada? Sequ\u00eda, desidia y obras mal ejecutadas<\/strong><\/span><\/h3>\n<p class=\"\" data-start=\"1414\" data-end=\"1992\"><span>El comunicado oficial es claro y contundente. Si bien se reconoce el impacto de la sequ\u00eda hist\u00f3rica que afecta a gran parte del pa\u00eds, los propietarios apuntan con firmeza a obras hidr\u00e1ulicas mal realizadas en el r\u00edo Salado, que alteraron el comportamiento natural de las napas fre\u00e1ticas. <strong><em>\u201cEsta tragedia, consecuencia de una sequ\u00eda hist\u00f3rica agravada por obras hidr\u00e1ulicas \u2013realizadas por negligencia o por razones econ\u00f3micas\u2013, ha destruido las napas, imposibilitando la recuperaci\u00f3n del nivel de agua, que alcanzaba los 7 metros de profundidad en sus 600 hect\u00e1reas\u201d<\/em><\/strong>, expresaron.<\/span><\/p>\n<p class=\"\" data-start=\"1994\" data-end=\"2405\"><span>La Salada de Monasterio no era solo un espejo de agua. Durante a\u00f1os funcion\u00f3 como criadero natural de pejerreyes y tarariras, convirti\u00e9ndose en un verdadero motor econ\u00f3mico y social para la zona. Atra\u00eda pescadores de todo el pa\u00eds, sosten\u00eda el comercio local, promov\u00eda el turismo rural y daba trabajo a decenas de familias. Su desaparici\u00f3n deja, adem\u00e1s de un vac\u00edo ambiental, una herida profunda en la comunidad.<\/span><\/p>\n<h3 class=\"\" data-start=\"2407\" data-end=\"2458\"><span style=\"color: #ff0000\"><strong data-start=\"2411\" data-end=\"2458\">El impacto se extiende m\u00e1s all\u00e1 del paisaje.<\/strong><\/span><\/h3>\n<p class=\"\" data-start=\"2460\" data-end=\"2851\"><span>El cierre de la laguna afecta tambi\u00e9n a otros recursos naturales de la regi\u00f3n. Los administradores advirtieron que la Laguna Segunda de Rosas est\u00e1 atravesando un deterioro similar. <strong><em>\u201cSolicitamos que se investigue lo ocurrido y se haga justicia por la destrucci\u00f3n de este y otros recursos naturales, afectando la fauna, la flora, el comercio local y numerosas familias\u201d<\/em><\/strong>, pidieron p\u00fablicamente.<\/span><\/p>\n<blockquote>\n<p class=\"\" data-start=\"2853\" data-end=\"3205\"><span>La publicaci\u00f3n del comunicado despert\u00f3 una oleada de mensajes de apoyo, tristeza y bronca. La noticia fue replicada por medios nacionales como la revista Weekend, que lo defini\u00f3 como <strong><em>\u201cun final no deseado pero previsible\u201d<\/em><\/strong>. La Salada, que supo tener napa propia y resistir otras sequ\u00edas, finalmente colaps\u00f3. Y la sensaci\u00f3n es que se podr\u00eda haber evitado.<\/span><\/p>\n<\/blockquote>\n<h3 class=\"\" data-start=\"3207\" data-end=\"3251\"><span style=\"color: #ff0000\"><strong data-start=\"3211\" data-end=\"3251\">Un adi\u00f3s con sabor a deuda pendiente<\/strong><\/span><\/h3>\n<p class=\"\" data-start=\"3253\" data-end=\"3603\"><span>A pesar del desastre ambiental, los propietarios decidieron mantener abierto el camping y el complejo de caba\u00f1as, con la esperanza de alg\u00fan d\u00eda poder recuperar el alcance. Mientras tanto, agradecen a quienes durante a\u00f1os eligieron el lugar para crear recuerdos imborrables y exigen lo que la situaci\u00f3n amerita:<\/span><\/p>\n<p class=\"\" data-start=\"3605\" data-end=\"3777\"><em><strong>La Salada de Monasterio no muri\u00f3 en silencio. Lo hizo dejando una pregunta urgente flotando en el aire seco: \u00bfQui\u00e9n responde cuando la naturaleza colapsa por manos humanas?<\/strong><\/em><\/p>\n","protected":false},"excerpt":{"rendered":"<div class=\"mh-excerpt\"><p>Durante m\u00e1s de medio siglo, fue un para\u00edso para pescadores, amantes de la naturaleza y familias enteras que se encontraban en sus aguas un refugio. 3 de Abril de 2025 CHASCOM\u00daS &#8211;\u00a0 \u00a0La Laguna Salada <a class=\"mh-excerpt-more\" href=\"https:\/\/larevistadigital.com.ar\/blog\/la-desaparicion-de-un-icono-la-salada-de-monasterio-se-seco-y-detras-del-agua-que-falta-hay-responsabilidades-que-sobran\/\" title=\"La desaparici\u00f3n de un \u00edcono: La Salada de Monasterio se sec\u00f3 y detr\u00e1s del agua que falta, hay responsabilidades que sobran\">[Leer M\u00e1s]<\/a><\/p>\n<\/div>","protected":false},"author":3,"featured_media":39279,"comment_status":"open","ping_status":"open","sticky":false,"template":"","format":"standard","meta":{"_jetpack_memberships_contains_paid_content":false,"footnotes":"","jetpack_publicize_message":"","jetpack_publicize_feature_enabled":true,"jetpack_social_post_already_shared":true,"jetpack_social_options":{"image_generator_settings":{"template":"highway","default_image_id":0,"font":"","enabled":false},"version":2}},"categories":[41,51],"tags":[],"class_list":{"0":"post-39278","1":"post","2":"type-post","3":"status-publish","4":"format-standard","5":"has-post-thumbnail","7":"category-destacadas","8":"category-regionales"},"jetpack_publicize_connections":[],"jetpack_featured_media_url":"https:\/\/i0.wp.com\/larevistadigital.com.ar\/blog\/wp-content\/uploads\/31663323f20ac5a6e5a792edb4c96b6834f74705.jpg?fit=1140%2C691&ssl=1","jetpack_sharing_enabled":true,"jetpack_shortlink":"https:\/\/wp.me\/p8qtrQ-adw","jetpack-related-posts":[{"id":32000,"url":"https:\/\/larevistadigital.com.ar\/blog\/chascomus-vecina-agradece-la-rapida-intervencion-de-defensa-civil-en-el-destacamento-de-lomas-altas-ante-la-caida-de-un-tanque-porque-cedio-una-columna\/","url_meta":{"origin":39278,"position":0},"title":"CHASCOM\u00daS: VECINA AGRADECE LA R\u00c1PIDA INTERVENCI\u00d3N DE DEFENSA CIVIL EN EL DESTACAMENTO DE \u00abLOMAS ALTAS\u00bb ANTE LA CA\u00cdDA DE UN TANQUE PORQUE CEDI\u00d3 UNA COLUMNA","author":"Alejandro Sosa Ruda","date":"14 junio, 2023","format":false,"excerpt":"La columna cedi\u00f3 y el tanque cay\u00f3 rompiendo mamposter\u00eda y la bomba, Personal municipal se ocupar\u00e1 de las reparaciones necesarias. 14 de junio de 2023 CHASCOM\u00daS -\u00a0\u00a0El d\u00eda de ayer, en horas de la tarde, una vecina del barrio Lomas Altas se puso en contacto con nuestra reacci\u00f3n, para agradecer\u2026","rel":"","context":"En \u00abCHASCOM\u00daS\u00bb","block_context":{"text":"CHASCOM\u00daS","link":"https:\/\/larevistadigital.com.ar\/blog\/category\/chascomus\/"},"img":{"alt_text":"","src":"https:\/\/i0.wp.com\/larevistadigital.com.ar\/blog\/wp-content\/uploads\/A-DESTACAMENTO-LOMAS-ALTAS-5.jpg?fit=900%2C1200&ssl=1&resize=350%2C200","width":350,"height":200,"srcset":"https:\/\/i0.wp.com\/larevistadigital.com.ar\/blog\/wp-content\/uploads\/A-DESTACAMENTO-LOMAS-ALTAS-5.jpg?fit=900%2C1200&ssl=1&resize=350%2C200 1x, https:\/\/i0.wp.com\/larevistadigital.com.ar\/blog\/wp-content\/uploads\/A-DESTACAMENTO-LOMAS-ALTAS-5.jpg?fit=900%2C1200&ssl=1&resize=525%2C300 1.5x, https:\/\/i0.wp.com\/larevistadigital.com.ar\/blog\/wp-content\/uploads\/A-DESTACAMENTO-LOMAS-ALTAS-5.jpg?fit=900%2C1200&ssl=1&resize=700%2C400 2x"},"classes":[]},{"id":2473,"url":"https:\/\/larevistadigital.com.ar\/blog\/fue-detenido-jorge-castillo-titular-de-la-salada\/","url_meta":{"origin":39278,"position":1},"title":"FUE DETENIDO JORGE CASTILLO, TITULAR DE LA SALADA","author":"Alejandro Sosa Ruda","date":"21 junio, 2017","format":false,"excerpt":"El titular y principal accionista de la feria Punta Mogotes, de La Salada, Jorge Castillo, fue detenido en la ma\u00f1ana de hoy en el marco de una acusaci\u00f3n por asociaci\u00f3n il\u00edcita. Castillo fue detenido junto a otras 30 personas durante un operativo realizado por la Gendarmer\u00eda y la Polic\u00eda Bonaerense\u2026","rel":"","context":"En \u00abPOLICIALES\u00bb","block_context":{"text":"POLICIALES","link":"https:\/\/larevistadigital.com.ar\/blog\/category\/policiales\/"},"img":{"alt_text":"","src":"https:\/\/i0.wp.com\/larevistadigital.com.ar\/blog\/wp-content\/uploads\/2017\/06\/5023f343ba10b.jpg?fit=1200%2C800&ssl=1&resize=350%2C200","width":350,"height":200,"srcset":"https:\/\/i0.wp.com\/larevistadigital.com.ar\/blog\/wp-content\/uploads\/2017\/06\/5023f343ba10b.jpg?fit=1200%2C800&ssl=1&resize=350%2C200 1x, https:\/\/i0.wp.com\/larevistadigital.com.ar\/blog\/wp-content\/uploads\/2017\/06\/5023f343ba10b.jpg?fit=1200%2C800&ssl=1&resize=525%2C300 1.5x, https:\/\/i0.wp.com\/larevistadigital.com.ar\/blog\/wp-content\/uploads\/2017\/06\/5023f343ba10b.jpg?fit=1200%2C800&ssl=1&resize=700%2C400 2x, https:\/\/i0.wp.com\/larevistadigital.com.ar\/blog\/wp-content\/uploads\/2017\/06\/5023f343ba10b.jpg?fit=1200%2C800&ssl=1&resize=1050%2C600 3x"},"classes":[]},{"id":32744,"url":"https:\/\/larevistadigital.com.ar\/blog\/chascomus-clientes-indignados-porque-el-banco-nacion-no-abrio-sus-puertas-en-tiempo-y-forma-dejandolos-afuera-por-mas-de-una-hora-y-sin-dar-explicaciones\/","url_meta":{"origin":39278,"position":2},"title":"CHASCOM\u00daS: CLIENTES INDIGNADOS PORQUE EL BANCO NACI\u00d3N NO ABRI\u00d3 SUS PUERTAS EN TIEMPO Y FORMA, DEJANDOLOS AFUERA POR M\u00c1S DE UNA HORA Y SIN DAR EXPLICACIONES.","author":"Alejandro Sosa Ruda","date":"3 agosto, 2023","format":false,"excerpt":"La gente se enter\u00f3 por personal de limpieza y no fue contenida por nadie. El argumento fue que no hab\u00eda sistema y una p\u00e9rdida de agua. 3 de agosto de 2023 CHASCOM\u00daS -\u00a0 Varios vecinos, clientes del Banco Naci\u00f3n Sucursal Chascom\u00fas, se han puesto en contacto con nuestra redacci\u00f3n, a\u2026","rel":"","context":"En \u00abCHASCOM\u00daS\u00bb","block_context":{"text":"CHASCOM\u00daS","link":"https:\/\/larevistadigital.com.ar\/blog\/category\/chascomus\/"},"img":{"alt_text":"","src":"https:\/\/i0.wp.com\/larevistadigital.com.ar\/blog\/wp-content\/uploads\/2017\/04\/WhatsApp-Image-2017-04-08-at-13.07.22-4.jpeg?fit=864%2C1152&ssl=1&resize=350%2C200","width":350,"height":200,"srcset":"https:\/\/i0.wp.com\/larevistadigital.com.ar\/blog\/wp-content\/uploads\/2017\/04\/WhatsApp-Image-2017-04-08-at-13.07.22-4.jpeg?fit=864%2C1152&ssl=1&resize=350%2C200 1x, https:\/\/i0.wp.com\/larevistadigital.com.ar\/blog\/wp-content\/uploads\/2017\/04\/WhatsApp-Image-2017-04-08-at-13.07.22-4.jpeg?fit=864%2C1152&ssl=1&resize=525%2C300 1.5x, https:\/\/i0.wp.com\/larevistadigital.com.ar\/blog\/wp-content\/uploads\/2017\/04\/WhatsApp-Image-2017-04-08-at-13.07.22-4.jpeg?fit=864%2C1152&ssl=1&resize=700%2C400 2x"},"classes":[]},{"id":7211,"url":"https:\/\/larevistadigital.com.ar\/blog\/chascomus-el-municipio-informo-de-la-asistencia-de-defensa-civil-a-los-vecinos-durante-la-tormenta-de-ayer\/","url_meta":{"origin":39278,"position":3},"title":"CHASCOM\u00daS: EL MUNICIPIO INFORM\u00d3 DE LA ASISTENCIA DE DEFENSA CIVIL A LOS VECINOS DURANTE LA TORMENTA DE AYER","author":"Alejandro Sosa Ruda","date":"14 diciembre, 2018","format":false,"excerpt":"Debido a las condiciones meteorol\u00f3gicas adversas en nuestra ciudad durante la jornada de ayer, personal del \u00e1rea de Defensa Civil, realiz\u00f3 diversas intervenciones. Cabe destacar que la lluvia ca\u00edda fue de 75mm. Entre ellas, se asisti\u00f3 a cuatro viviendas con recubrimiento de nylon en sus techos. En calle Avellaneda se\u2026","rel":"","context":"En \u00abCHASCOM\u00daS\u00bb","block_context":{"text":"CHASCOM\u00daS","link":"https:\/\/larevistadigital.com.ar\/blog\/category\/chascomus\/"},"img":{"alt_text":"","src":"https:\/\/i0.wp.com\/larevistadigital.com.ar\/blog\/wp-content\/uploads\/2018\/12\/48379478_2193989890621884_1125893610420568064_n.jpg?fit=650%2C780&ssl=1&resize=350%2C200","width":350,"height":200,"srcset":"https:\/\/i0.wp.com\/larevistadigital.com.ar\/blog\/wp-content\/uploads\/2018\/12\/48379478_2193989890621884_1125893610420568064_n.jpg?fit=650%2C780&ssl=1&resize=350%2C200 1x, https:\/\/i0.wp.com\/larevistadigital.com.ar\/blog\/wp-content\/uploads\/2018\/12\/48379478_2193989890621884_1125893610420568064_n.jpg?fit=650%2C780&ssl=1&resize=525%2C300 1.5x"},"classes":[]},{"id":37793,"url":"https:\/\/larevistadigital.com.ar\/blog\/chascomus-seguridad-lacustre-debio-rescatar-a-una-persona-que-tras-perder-el-equilibrio-cayo-al-agua-frente-al-howard-johnson\/","url_meta":{"origin":39278,"position":4},"title":"Chascom\u00fas: Seguridad Lacustre debi\u00f3 rescatar a una persona que tras perder el equilibrio cay\u00f3 al agua frente al Howard Johnson","author":"Alejandro Sosa Ruda","date":"8 noviembre, 2024","format":false,"excerpt":"Se trat\u00f3 de un hombre que fue internado porque trag\u00f3 agua. 8 de Noviembre de 2024 CHASCOM\u00daS -\u00a0 El Subcomisario Gerardo Ferreyra en di\u00e1logo con Alejandro \u201cEl Tano\u201d Sosa durante el programa \u201cAtaque de Radio\u201d que se emite por la FM 102.7 cont\u00f3 una situaci\u00f3n ocurrida el d\u00eda jueves donde\u2026","rel":"","context":"En \u00abSin categor\u00eda\u00bb","block_context":{"text":"Sin categor\u00eda","link":"https:\/\/larevistadigital.com.ar\/blog\/category\/sin-categoria\/"},"img":{"alt_text":"","src":"https:\/\/i0.wp.com\/larevistadigital.com.ar\/blog\/wp-content\/uploads\/Policia-Local-Dolores-678x381.jpg?fit=678%2C381&ssl=1&resize=350%2C200","width":350,"height":200,"srcset":"https:\/\/i0.wp.com\/larevistadigital.com.ar\/blog\/wp-content\/uploads\/Policia-Local-Dolores-678x381.jpg?fit=678%2C381&ssl=1&resize=350%2C200 1x, https:\/\/i0.wp.com\/larevistadigital.com.ar\/blog\/wp-content\/uploads\/Policia-Local-Dolores-678x381.jpg?fit=678%2C381&ssl=1&resize=525%2C300 1.5x"},"classes":[]},{"id":42725,"url":"https:\/\/larevistadigital.com.ar\/blog\/chascomus-laguna-en-nivel-critico-advierten-por-riesgos-y-piden-extremar-cuidados\/","url_meta":{"origin":39278,"position":5},"title":"Chascom\u00fas: Laguna en nivel cr\u00edtico&#8230; advierten por riesgos y piden extremar cuidados","author":"Alejandro Sosa Ruda","date":"3 diciembre, 2025","format":false,"excerpt":"Marcelo Opici, responsable de Seguridad Lacustre, explic\u00f3 en \u201cAtaque de Radio\u201d por qu\u00e9 la laguna est\u00e1 tan alta y qu\u00e9 medidas deben tomar vecinos y turistas. 03 de Diciembre de 2025 CHASCOM\u00daS -\u00a0 \u00a0El notable incremento en el nivel del agua de la laguna de Chascom\u00fas no pas\u00f3 desapercibido en\u2026","rel":"","context":"En \u00abATAQUE DE RADIO\u00bb","block_context":{"text":"ATAQUE DE RADIO","link":"https:\/\/larevistadigital.com.ar\/blog\/category\/ataque-de-radio\/"},"img":{"alt_text":"","src":"https:\/\/i0.wp.com\/larevistadigital.com.ar\/blog\/wp-content\/uploads\/Captura-de-pantalla-2025-12-03-204055.jpg?fit=686%2C379&ssl=1&resize=350%2C200","width":350,"height":200,"srcset":"https:\/\/i0.wp.com\/larevistadigital.com.ar\/blog\/wp-content\/uploads\/Captura-de-pantalla-2025-12-03-204055.jpg?fit=686%2C379&ssl=1&resize=350%2C200 1x, https:\/\/i0.wp.com\/larevistadigital.com.ar\/blog\/wp-content\/uploads\/Captura-de-pantalla-2025-12-03-204055.jpg?fit=686%2C379&ssl=1&resize=525%2C300 1.5x"},"classes":[]}],"_links":{"self":[{"href":"https:\/\/larevistadigital.com.ar\/blog\/wp-json\/wp\/v2\/posts\/39278","targetHints":{"allow":["GET"]}}],"collection":[{"href":"https:\/\/larevistadigital.com.ar\/blog\/wp-json\/wp\/v2\/posts"}],"about":[{"href":"https:\/\/larevistadigital.com.ar\/blog\/wp-json\/wp\/v2\/types\/post"}],"author":[{"embeddable":true,"href":"https:\/\/larevistadigital.com.ar\/blog\/wp-json\/wp\/v2\/users\/3"}],"replies":[{"embeddable":true,"href":"https:\/\/larevistadigital.com.ar\/blog\/wp-json\/wp\/v2\/comments?post=39278"}],"version-history":[{"count":1,"href":"https:\/\/larevistadigital.com.ar\/blog\/wp-json\/wp\/v2\/posts\/39278\/revisions"}],"predecessor-version":[{"id":39280,"href":"https:\/\/larevistadigital.com.ar\/blog\/wp-json\/wp\/v2\/posts\/39278\/revisions\/39280"}],"wp:featuredmedia":[{"embeddable":true,"href":"https:\/\/larevistadigital.com.ar\/blog\/wp-json\/wp\/v2\/media\/39279"}],"wp:attachment":[{"href":"https:\/\/larevistadigital.com.ar\/blog\/wp-json\/wp\/v2\/media?parent=39278"}],"wp:term":[{"taxonomy":"category","embeddable":true,"href":"https:\/\/larevistadigital.com.ar\/blog\/wp-json\/wp\/v2\/categories?post=39278"},{"taxonomy":"post_tag","embeddable":true,"href":"https:\/\/larevistadigital.com.ar\/blog\/wp-json\/wp\/v2\/tags?post=39278"}],"curies":[{"name":"wp","href":"https:\/\/api.w.org\/{rel}","templated":true}]}}