{"id":39286,"date":"2025-04-04T15:50:59","date_gmt":"2025-04-04T18:50:59","guid":{"rendered":"https:\/\/larevistadigital.com.ar\/blog\/?p=39286"},"modified":"2025-04-05T16:39:56","modified_gmt":"2025-04-05T19:39:56","slug":"preocupacion-por-el-freno-en-las-obras-del-rio-salado-advierten-un-cuello-de-botella-que-agrava-el-riesgo-de-inundaciones","status":"publish","type":"post","link":"https:\/\/larevistadigital.com.ar\/blog\/preocupacion-por-el-freno-en-las-obras-del-rio-salado-advierten-un-cuello-de-botella-que-agrava-el-riesgo-de-inundaciones\/","title":{"rendered":"Preocupaci\u00f3n por el freno en las obras del R\u00edo Salado: advierten un \u00abcuello de botella\u00bb que agrava el riesgo de inundaciones"},"content":{"rendered":"<h2>Desde el Consejo del Salado reclaman la reanudaci\u00f3n urgente del dragado en el tramo IV.2, clave para el escurrimiento de las aguas. Denuncian que los fondos est\u00e1n disponibles, pero \u201cduermen\u201d en el Banco Naci\u00f3n.<\/h2>\n<p>04 de Abril de 2025<\/p>\n<p class=\"\" data-start=\"653\" data-end=\"1005\"><strong>BUENOS AIRES &#8211;\u00a0<\/strong> La paralizaci\u00f3n de las obras de dragado en el R\u00edo Salado encendi\u00f3 todas las alarmas. El Consejo del Salado \u2014integrado por las principales entidades agrarias y la Uni\u00f3n Industrial Argentina\u2014 advirti\u00f3 que la interrupci\u00f3n de los trabajos en el tramo IV.2 podr\u00eda traer consecuencias graves para los productores y pobladores de una amplia regi\u00f3n bonaerense.<\/p>\n<blockquote>\n<h3 data-start=\"1007\" data-end=\"1337\"><strong>Alberto Larra\u00f1aga<\/strong>, presidente del Consejo Honorario del Plan Maestro, no ocult\u00f3 su preocupaci\u00f3n: <strong><em data-start=\"1104\" data-end=\"1299\">\u201cNo podemos aceptar que las obras del Salado se paralicen por falta de financiamiento, cuando el Fondo de Infraestructura H\u00eddrica tiene millones de pesos durmiendo la siesta en el Banco Naci\u00f3n\u201d<\/em>,<\/strong> asegur\u00f3 en di\u00e1logo con Infonoroeste.<\/h3>\n<\/blockquote>\n<p class=\"\" data-start=\"1339\" data-end=\"1646\">El reclamo apunta a la detenci\u00f3n total de las tareas en una zona estrat\u00e9gica: un tramo de apenas 30 kil\u00f3metros, pero clave en el recorrido del r\u00edo, ubicado entre la Ruta 205 \u2014a la altura de Roque P\u00e9rez\u2014 y el puente que conecta los partidos de 25 de Mayo y Lobos, entre las localidades de Ernestina y Elvira.<\/p>\n<blockquote>\n<h3 data-start=\"1648\" data-end=\"1997\">Seg\u00fan explic\u00f3 Larra\u00f1aga, <em>\u201cen total ya se dragaron 400 kil\u00f3metros desde Samboromb\u00f3n hasta Bragado, pero en el medio qued\u00f3 este tramo, contratado y financiado por Naci\u00f3n, donde persiste un estrechamiento del cauce que hoy, con la crecida, causa graves perjuicios a los linderos, adem\u00e1s de afectar la conducci\u00f3n de aguas que llegan desde r\u00edo arriba\u201d.<\/em><\/h3>\n<\/blockquote>\n<p class=\"\" data-start=\"1999\" data-end=\"2361\">El dirigente, que adem\u00e1s coordina la Comisi\u00f3n de Aguas de CARBAP, cont\u00f3 que desde el Consejo ven\u00edan alertando sobre la posibilidad de que esto ocurriera: <strong><em data-start=\"2153\" data-end=\"2351\">\u201cEn el \u00faltimo trimestre del a\u00f1o pasado los trabajos empezaron a discontinuarse, por la fuerte mora del gobierno nacional en los pagos de trabajos hechos y certificados en el tramo IV.2 del Salado\u201d<\/em><\/strong>, sostuvo.<\/p>\n<blockquote>\n<h3 data-start=\"2363\" data-end=\"2589\">Frente a ese escenario, realizaron gestiones ante el Ministerio de Econom\u00eda, la Jefatura de Gabinete y la Subsecretar\u00eda de Infraestructura H\u00eddrica para evitar la par\u00e1lisis total. Sin embargo, los esfuerzos no dieron resultado.<\/h3>\n<\/blockquote>\n<p class=\"\" data-start=\"2591\" data-end=\"2900\">Ahora, con las obras detenidas y un \u201ccuello de botella\u201d en plena traza del r\u00edo, la preocupaci\u00f3n crece: no s\u00f3lo por los riesgos de desborde o inundaciones, sino tambi\u00e9n por el retraso en un plan que lleva a\u00f1os de ejecuci\u00f3n y que es vital para la seguridad h\u00eddrica de gran parte de la provincia de Buenos Aires.<\/p>\n","protected":false},"excerpt":{"rendered":"<div class=\"mh-excerpt\"><p>Desde el Consejo del Salado reclaman la reanudaci\u00f3n urgente del dragado en el tramo IV.2, clave para el escurrimiento de las aguas. Denuncian que los fondos est\u00e1n disponibles, pero \u201cduermen\u201d en el Banco Naci\u00f3n. 04 <a class=\"mh-excerpt-more\" href=\"https:\/\/larevistadigital.com.ar\/blog\/preocupacion-por-el-freno-en-las-obras-del-rio-salado-advierten-un-cuello-de-botella-que-agrava-el-riesgo-de-inundaciones\/\" title=\"Preocupaci\u00f3n por el freno en las obras del R\u00edo Salado: advierten un \u00abcuello de botella\u00bb que agrava el riesgo de inundaciones\">[Leer M\u00e1s]<\/a><\/p>\n<\/div>","protected":false},"author":3,"featured_media":39287,"comment_status":"open","ping_status":"open","sticky":false,"template":"","format":"standard","meta":{"_jetpack_memberships_contains_paid_content":false,"footnotes":"","jetpack_publicize_message":"","jetpack_publicize_feature_enabled":true,"jetpack_social_post_already_shared":true,"jetpack_social_options":{"image_generator_settings":{"template":"highway","default_image_id":0,"font":"","enabled":false},"version":2}},"categories":[34,12,51],"tags":[],"class_list":{"0":"post-39286","1":"post","2":"type-post","3":"status-publish","4":"format-standard","5":"has-post-thumbnail","7":"category-medio-ambiente","8":"category-politica","9":"category-regionales"},"jetpack_publicize_connections":[],"jetpack_featured_media_url":"https:\/\/i0.wp.com\/larevistadigital.com.ar\/blog\/wp-content\/uploads\/4428d5120bf5da7f5afb1468b48c15ea87f712f0.jpg?fit=1140%2C760&ssl=1","jetpack_sharing_enabled":true,"jetpack_shortlink":"https:\/\/wp.me\/p8qtrQ-adE","jetpack-related-posts":[{"id":43157,"url":"https:\/\/larevistadigital.com.ar\/blog\/plan-maestro-del-rio-salado-kicillof-impulsa-la-etapa-final-frente-a-la-inaccion-nacional\/","url_meta":{"origin":39286,"position":0},"title":"Plan Maestro del R\u00edo Salado: Kicillof impulsa la etapa final frente a la inacci\u00f3n nacional","author":"Alejandro Sosa Ruda","date":"5 enero, 2026","format":false,"excerpt":"La Provincia lanza la licitaci\u00f3n del Tramo V y cuestiona la paralizaci\u00f3n del IV por parte de Naci\u00f3n. La obra busca recuperar 400 mil hect\u00e1reas, mitigar inundaciones y fortalecer el desarrollo productivo bonaerense. 05 de enero de 2026 El gobierno de la provincia de Buenos Aires avanz\u00f3 con la licitaci\u00f3n\u2026","rel":"","context":"En \u00abDESTACADAS\u00bb","block_context":{"text":"DESTACADAS","link":"https:\/\/larevistadigital.com.ar\/blog\/category\/destacadas\/"},"img":{"alt_text":"","src":"https:\/\/i0.wp.com\/larevistadigital.com.ar\/blog\/wp-content\/uploads\/Captura-de-pantalla-2026-01-05-210225.jpg?fit=801%2C490&ssl=1&resize=350%2C200","width":350,"height":200,"srcset":"https:\/\/i0.wp.com\/larevistadigital.com.ar\/blog\/wp-content\/uploads\/Captura-de-pantalla-2026-01-05-210225.jpg?fit=801%2C490&ssl=1&resize=350%2C200 1x, https:\/\/i0.wp.com\/larevistadigital.com.ar\/blog\/wp-content\/uploads\/Captura-de-pantalla-2026-01-05-210225.jpg?fit=801%2C490&ssl=1&resize=525%2C300 1.5x, https:\/\/i0.wp.com\/larevistadigital.com.ar\/blog\/wp-content\/uploads\/Captura-de-pantalla-2026-01-05-210225.jpg?fit=801%2C490&ssl=1&resize=700%2C400 2x"},"classes":[]},{"id":34113,"url":"https:\/\/larevistadigital.com.ar\/blog\/el-gobernador-kicillof-recorrio-los-avances-de-las-obras-en-la-cuenca-del-salado\/","url_meta":{"origin":39286,"position":1},"title":"EL GOBERNADOR KICILLOF RECORRI\u00d3 LOS AVANCES DE LAS OBRAS EN LA CUENCA DEL SALADO","author":"Alejandro Sosa Ruda","date":"19 octubre, 2023","format":false,"excerpt":"El Plan Maestro Cuenca del R\u00edo Salado fue planificado hace m\u00e1s de 20 a\u00f1os y es de vital importancia para apuntalar la producci\u00f3n de alimentos en el noroeste y el centro bonaerense, donde se produce cerca del 30% de los granos y la carne de nuestro pa\u00eds. 19 de octubre\u2026","rel":"","context":"En \u00abDESTACADAS\u00bb","block_context":{"text":"DESTACADAS","link":"https:\/\/larevistadigital.com.ar\/blog\/category\/destacadas\/"},"img":{"alt_text":"","src":"https:\/\/i0.wp.com\/larevistadigital.com.ar\/blog\/wp-content\/uploads\/20231019180126_rio-salado.jpg?fit=880%2C512&ssl=1&resize=350%2C200","width":350,"height":200,"srcset":"https:\/\/i0.wp.com\/larevistadigital.com.ar\/blog\/wp-content\/uploads\/20231019180126_rio-salado.jpg?fit=880%2C512&ssl=1&resize=350%2C200 1x, https:\/\/i0.wp.com\/larevistadigital.com.ar\/blog\/wp-content\/uploads\/20231019180126_rio-salado.jpg?fit=880%2C512&ssl=1&resize=525%2C300 1.5x, https:\/\/i0.wp.com\/larevistadigital.com.ar\/blog\/wp-content\/uploads\/20231019180126_rio-salado.jpg?fit=880%2C512&ssl=1&resize=700%2C400 2x"},"classes":[]},{"id":28673,"url":"https:\/\/larevistadigital.com.ar\/blog\/el-tren-de-pasajeros-a-bahia-blanca-permanecera-suspendido-hasta-febrero-de-2023\/","url_meta":{"origin":39286,"position":2},"title":"EL TREN DE PASAJEROS A BAH\u00cdA BLANCA PERMANECER\u00c1 SUSPENDIDO HASTA FEBRERO DE 2023","author":"Alejandro Sosa Ruda","date":"30 octubre, 2022","format":false,"excerpt":"Trenes Argentinos Operaciones oficializ\u00f3 la suspensi\u00f3n del servicio hasta febrero pr\u00f3ximo. Esto se debe a la realizaci\u00f3n de obras en el puente sobre el r\u00edo Salado. 30 de octubre de 2023 BAH\u00cdA BLANCA -\u00a0\u00a0La empresa Trenes Argentinos (SOFSE) inform\u00f3 que el servicio de transporte de pasajeros entre Constituci\u00f3n y Bah\u00eda\u2026","rel":"","context":"En \u00abINTERES GENERAL\u00bb","block_context":{"text":"INTERES GENERAL","link":"https:\/\/larevistadigital.com.ar\/blog\/category\/interes-general\/"},"img":{"alt_text":"","src":"https:\/\/i0.wp.com\/larevistadigital.com.ar\/blog\/wp-content\/uploads\/20221030160236_tren.jpg?fit=880%2C512&ssl=1&resize=350%2C200","width":350,"height":200,"srcset":"https:\/\/i0.wp.com\/larevistadigital.com.ar\/blog\/wp-content\/uploads\/20221030160236_tren.jpg?fit=880%2C512&ssl=1&resize=350%2C200 1x, https:\/\/i0.wp.com\/larevistadigital.com.ar\/blog\/wp-content\/uploads\/20221030160236_tren.jpg?fit=880%2C512&ssl=1&resize=525%2C300 1.5x, https:\/\/i0.wp.com\/larevistadigital.com.ar\/blog\/wp-content\/uploads\/20221030160236_tren.jpg?fit=880%2C512&ssl=1&resize=700%2C400 2x"},"classes":[]},{"id":3993,"url":"https:\/\/larevistadigital.com.ar\/blog\/charla-los-trenes-la-region-del-salado\/","url_meta":{"origin":39286,"position":3},"title":"Charla sobre los trenes en la regi\u00f3n del Salado","author":"admin","date":"23 noviembre, 2017","format":false,"excerpt":"El pr\u00f3ximo s\u00e1bado 25 del corriente tendr\u00e1 lugar en la ciudad de General Belgrano\u00a0 la charla \u201cLa conquista ferroviaria de la regi\u00f3n del r\u00edo Salado\u201d Los ferrocarriles Sud y Oeste de Buenos Aires. La llegada de los rieles a Ca\u00f1uelas, Monte, Chascom\u00fas, Ranchos, General Belgrano y Las Flores. La disertaci\u00f3n\u2026","rel":"","context":"En \u00abGENERAL BELGRANO\u00bb","block_context":{"text":"GENERAL BELGRANO","link":"https:\/\/larevistadigital.com.ar\/blog\/category\/general-belgrano\/"},"img":{"alt_text":"","src":"https:\/\/i0.wp.com\/larevistadigital.com.ar\/blog\/wp-content\/uploads\/2017\/11\/general-belgrano.jpg?fit=1200%2C891&ssl=1&resize=350%2C200","width":350,"height":200,"srcset":"https:\/\/i0.wp.com\/larevistadigital.com.ar\/blog\/wp-content\/uploads\/2017\/11\/general-belgrano.jpg?fit=1200%2C891&ssl=1&resize=350%2C200 1x, https:\/\/i0.wp.com\/larevistadigital.com.ar\/blog\/wp-content\/uploads\/2017\/11\/general-belgrano.jpg?fit=1200%2C891&ssl=1&resize=525%2C300 1.5x, https:\/\/i0.wp.com\/larevistadigital.com.ar\/blog\/wp-content\/uploads\/2017\/11\/general-belgrano.jpg?fit=1200%2C891&ssl=1&resize=700%2C400 2x, https:\/\/i0.wp.com\/larevistadigital.com.ar\/blog\/wp-content\/uploads\/2017\/11\/general-belgrano.jpg?fit=1200%2C891&ssl=1&resize=1050%2C600 3x"},"classes":[]},{"id":39681,"url":"https:\/\/larevistadigital.com.ar\/blog\/drama-en-el-rio-salado-un-hombre-desaparecio-mientras-pescaba-y-su-primo-esta-internado\/","url_meta":{"origin":39286,"position":4},"title":"Drama en el r\u00edo Salado: un hombre desapareci\u00f3 mientras pescaba y su primo est\u00e1 internado","author":"Alejandro Sosa Ruda","date":"5 mayo, 2025","format":false,"excerpt":"Una jornada de pesca en Roque P\u00e9rez termin\u00f3 en tragedia: un joven de 34 a\u00f1os fue arrastrado por la corriente y sigue siendo intensamente buscado. Su primo, de 43, fue rescatado inconsciente y permanece internado. 05 de Mayo de 2025 ROQUE PEREZ -\u00a0 Lo que comenz\u00f3 como una tarde tranquila\u2026","rel":"","context":"En \u00abPOLICIALES\u00bb","block_context":{"text":"POLICIALES","link":"https:\/\/larevistadigital.com.ar\/blog\/category\/policiales\/"},"img":{"alt_text":"","src":"https:\/\/i0.wp.com\/larevistadigital.com.ar\/blog\/wp-content\/uploads\/Captura-de-pantalla-2025-05-05-230643.jpg?fit=657%2C438&ssl=1&resize=350%2C200","width":350,"height":200,"srcset":"https:\/\/i0.wp.com\/larevistadigital.com.ar\/blog\/wp-content\/uploads\/Captura-de-pantalla-2025-05-05-230643.jpg?fit=657%2C438&ssl=1&resize=350%2C200 1x, https:\/\/i0.wp.com\/larevistadigital.com.ar\/blog\/wp-content\/uploads\/Captura-de-pantalla-2025-05-05-230643.jpg?fit=657%2C438&ssl=1&resize=525%2C300 1.5x"},"classes":[]},{"id":8552,"url":"https:\/\/larevistadigital.com.ar\/blog\/monte-desesperada-busqueda-de-hombre-que-se-tiro-al-salado-para-salvar-a-sus-hijos\/","url_meta":{"origin":39286,"position":5},"title":"MONTE: DESESPERADA B\u00daSQUEDA DE HOMBRE QUE SE TIR\u00d3 AL SALADO PARA SALVAR A SUS HIJOS","author":"Alejandro Sosa Ruda","date":"18 febrero, 2019","format":false,"excerpt":"En las \u00faltimas horas, una persona de 32 a\u00f1os oriunda de Merlo, desapareci\u00f3 en aguas del R\u00edo Salado en el l\u00edmite entre Roque Perez y Monte, luego de que se tirara al mismo para salvar a sus hijos que eran\u00a0arrastrados por la corriente. Las primeras horas de hoy lunes 18\u2026","rel":"","context":"En \u00abPOLICIALES\u00bb","block_context":{"text":"POLICIALES","link":"https:\/\/larevistadigital.com.ar\/blog\/category\/policiales\/"},"img":{"alt_text":"","src":"https:\/\/i0.wp.com\/larevistadigital.com.ar\/blog\/wp-content\/uploads\/2019\/02\/20190217-084749-800x450-1-768x432.jpg?fit=768%2C432&ssl=1&resize=350%2C200","width":350,"height":200,"srcset":"https:\/\/i0.wp.com\/larevistadigital.com.ar\/blog\/wp-content\/uploads\/2019\/02\/20190217-084749-800x450-1-768x432.jpg?fit=768%2C432&ssl=1&resize=350%2C200 1x, https:\/\/i0.wp.com\/larevistadigital.com.ar\/blog\/wp-content\/uploads\/2019\/02\/20190217-084749-800x450-1-768x432.jpg?fit=768%2C432&ssl=1&resize=525%2C300 1.5x, https:\/\/i0.wp.com\/larevistadigital.com.ar\/blog\/wp-content\/uploads\/2019\/02\/20190217-084749-800x450-1-768x432.jpg?fit=768%2C432&ssl=1&resize=700%2C400 2x"},"classes":[]}],"_links":{"self":[{"href":"https:\/\/larevistadigital.com.ar\/blog\/wp-json\/wp\/v2\/posts\/39286","targetHints":{"allow":["GET"]}}],"collection":[{"href":"https:\/\/larevistadigital.com.ar\/blog\/wp-json\/wp\/v2\/posts"}],"about":[{"href":"https:\/\/larevistadigital.com.ar\/blog\/wp-json\/wp\/v2\/types\/post"}],"author":[{"embeddable":true,"href":"https:\/\/larevistadigital.com.ar\/blog\/wp-json\/wp\/v2\/users\/3"}],"replies":[{"embeddable":true,"href":"https:\/\/larevistadigital.com.ar\/blog\/wp-json\/wp\/v2\/comments?post=39286"}],"version-history":[{"count":2,"href":"https:\/\/larevistadigital.com.ar\/blog\/wp-json\/wp\/v2\/posts\/39286\/revisions"}],"predecessor-version":[{"id":39299,"href":"https:\/\/larevistadigital.com.ar\/blog\/wp-json\/wp\/v2\/posts\/39286\/revisions\/39299"}],"wp:featuredmedia":[{"embeddable":true,"href":"https:\/\/larevistadigital.com.ar\/blog\/wp-json\/wp\/v2\/media\/39287"}],"wp:attachment":[{"href":"https:\/\/larevistadigital.com.ar\/blog\/wp-json\/wp\/v2\/media?parent=39286"}],"wp:term":[{"taxonomy":"category","embeddable":true,"href":"https:\/\/larevistadigital.com.ar\/blog\/wp-json\/wp\/v2\/categories?post=39286"},{"taxonomy":"post_tag","embeddable":true,"href":"https:\/\/larevistadigital.com.ar\/blog\/wp-json\/wp\/v2\/tags?post=39286"}],"curies":[{"name":"wp","href":"https:\/\/api.w.org\/{rel}","templated":true}]}}