{"id":39289,"date":"2025-04-04T16:04:53","date_gmt":"2025-04-04T19:04:53","guid":{"rendered":"https:\/\/larevistadigital.com.ar\/blog\/?p=39289"},"modified":"2025-04-05T16:38:36","modified_gmt":"2025-04-05T19:38:36","slug":"tras-32-anos-cerro-el-aquarium-de-mar-del-plata-comienza-el-traslado-de-sus-animales-y-el-desmantelamiento-del-predio","status":"publish","type":"post","link":"https:\/\/larevistadigital.com.ar\/blog\/tras-32-anos-cerro-el-aquarium-de-mar-del-plata-comienza-el-traslado-de-sus-animales-y-el-desmantelamiento-del-predio\/","title":{"rendered":"Tras 32 a\u00f1os, cerr\u00f3 el Aquarium de Mar del Plata: comienza el traslado de sus animales y el desmantelamiento del predio"},"content":{"rendered":"<h3 class=\"\" data-start=\"343\" data-end=\"556\">Fue durante d\u00e9cadas una de las atracciones tur\u00edsticas m\u00e1s emblem\u00e1ticas de la ciudad. Ahora, tras su cierre definitivo, avanza el operativo de reubicaci\u00f3n de sus especies y el retiro de su hist\u00f3rica estructura.<\/h3>\n<p class=\"\" data-start=\"558\" data-end=\"859\">Tal como estaba anunciado, el pasado 31 de marzo marc\u00f3 el final de una era en Mar del Plata: el tradicional parque marino Aquarium cerr\u00f3 oficialmente sus puertas luego de 32 a\u00f1os de actividad, dejando atr\u00e1s una historia repleta de visitantes, espect\u00e1culos y trabajo de conservaci\u00f3n de la fauna marina.<\/p>\n<p class=\"\" data-start=\"861\" data-end=\"1270\">Ubicado frente al mar y con m\u00e1s de 9 hect\u00e1reas de superficie, el oceanario hab\u00eda abierto en 1993 y, desde entonces, se convirti\u00f3 en uno de los grandes imanes tur\u00edsticos de la ciudad. Shows con delfines, lobos marinos y belugas; buceo con mam\u00edferos marinos; avistajes de flamencos, ping\u00fcinos, tortugas, l\u00e9mures y aves ex\u00f3ticas formaban parte de una propuesta que supo recibir a m\u00e1s de 200 mil personas por a\u00f1o.<\/p>\n<p class=\"\" data-start=\"1272\" data-end=\"1404\">Pero adem\u00e1s del entretenimiento, el lugar tambi\u00e9n cumpl\u00eda un rol clave en la recuperaci\u00f3n y protecci\u00f3n de diversas especies marinas.<\/p>\n<p class=\"\" data-start=\"1406\" data-end=\"1823\">Tras el cierre, esta semana comenz\u00f3 una nueva etapa: el desmantelamiento del predio y el traslado de los animales. Una de las postales que marc\u00f3 el comienzo de ese proceso fue el retiro de la ic\u00f3nica escultura de tres delfines que durante a\u00f1os decor\u00f3 el ingreso al lugar. La estructura ser\u00e1 trasladada al Bioparque Bat\u00e1n, donde ser\u00e1 exhibida como parte del recuerdo de lo que signific\u00f3 el Aquarium para Mar del Plata.<\/p>\n<p class=\"\" data-start=\"1825\" data-end=\"2087\">En cuanto a los animales que a\u00fan permanecen en el predio, se trabaja en su reubicaci\u00f3n. Entre ellos se encuentran diez delfines, varias especies de ping\u00fcinos, lobos marinos, tiburones, peces, chuchos, l\u00e9mures y una importante variedad de aves locales y ex\u00f3ticas.<\/p>\n<p class=\"\" data-start=\"2089\" data-end=\"2288\">El Aquarium hab\u00eda sido adquirido en 2006 por el grupo internacional Parques Reunidos, con sede en Madrid, y desde entonces formaba parte de un holding de parques tem\u00e1ticos y acuarios a nivel mundial.<\/p>\n<p class=\"\" data-start=\"2290\" data-end=\"2477\">Hoy, el hist\u00f3rico predio ubicado en Punta Mogotes comienza a desdibujarse, pero el recuerdo de generaciones enteras que lo visitaron seguir\u00e1 vivo en la memoria de marplatenses y turistas.<\/p>\n","protected":false},"excerpt":{"rendered":"<div class=\"mh-excerpt\"><p>Fue durante d\u00e9cadas una de las atracciones tur\u00edsticas m\u00e1s emblem\u00e1ticas de la ciudad. Ahora, tras su cierre definitivo, avanza el operativo de reubicaci\u00f3n de sus especies y el retiro de su hist\u00f3rica estructura. Tal como <a class=\"mh-excerpt-more\" href=\"https:\/\/larevistadigital.com.ar\/blog\/tras-32-anos-cerro-el-aquarium-de-mar-del-plata-comienza-el-traslado-de-sus-animales-y-el-desmantelamiento-del-predio\/\" title=\"Tras 32 a\u00f1os, cerr\u00f3 el Aquarium de Mar del Plata: comienza el traslado de sus animales y el desmantelamiento del predio\">[Leer M\u00e1s]<\/a><\/p>\n<\/div>","protected":false},"author":3,"featured_media":39290,"comment_status":"open","ping_status":"open","sticky":false,"template":"","format":"standard","meta":{"_jetpack_memberships_contains_paid_content":false,"footnotes":"","jetpack_publicize_message":"","jetpack_publicize_feature_enabled":true,"jetpack_social_post_already_shared":true,"jetpack_social_options":{"image_generator_settings":{"template":"highway","default_image_id":0,"font":"","enabled":false},"version":2}},"categories":[51],"tags":[],"class_list":{"0":"post-39289","1":"post","2":"type-post","3":"status-publish","4":"format-standard","5":"has-post-thumbnail","7":"category-regionales"},"jetpack_publicize_connections":[],"jetpack_featured_media_url":"https:\/\/i0.wp.com\/larevistadigital.com.ar\/blog\/wp-content\/uploads\/96c508af89a491ff56b979e24875e65debf17567.jpg?fit=1140%2C772&ssl=1","jetpack_sharing_enabled":true,"jetpack_shortlink":"https:\/\/wp.me\/p8qtrQ-adH","jetpack-related-posts":[{"id":40952,"url":"https:\/\/larevistadigital.com.ar\/blog\/imagenes-elocuentes-denuncian-al-aquarium-de-mar-del-plata-por-abandono-de-animales\/","url_meta":{"origin":39289,"position":0},"title":"Im\u00e1genes elocuentes: Denuncian al Aquarium de Mar del Plata por abandono de animales","author":"Alejandro Sosa Ruda","date":"18 agosto, 2025","format":false,"excerpt":"Vecinos y organizaciones advierten por la cr\u00edtica situaci\u00f3n de delfines y lobos marinos. 18 de agosto de 2025 MAR DEL PLATA -\u00a0 \u00a0En las \u00faltimas horas se conocieron graves denuncias sobre el estado de los animales que permanecen en el predio del ex Aquarium de Mar del Plata, cerrado desde\u2026","rel":"","context":"En \u00abREGIONALES\u00bb","block_context":{"text":"REGIONALES","link":"https:\/\/larevistadigital.com.ar\/blog\/category\/regionales\/"},"img":{"alt_text":"","src":"https:\/\/i0.wp.com\/larevistadigital.com.ar\/blog\/wp-content\/uploads\/AQUARIUM-MAR-DEL-PLATA.jpg?fit=778%2C377&ssl=1&resize=350%2C200","width":350,"height":200,"srcset":"https:\/\/i0.wp.com\/larevistadigital.com.ar\/blog\/wp-content\/uploads\/AQUARIUM-MAR-DEL-PLATA.jpg?fit=778%2C377&ssl=1&resize=350%2C200 1x, https:\/\/i0.wp.com\/larevistadigital.com.ar\/blog\/wp-content\/uploads\/AQUARIUM-MAR-DEL-PLATA.jpg?fit=778%2C377&ssl=1&resize=525%2C300 1.5x, https:\/\/i0.wp.com\/larevistadigital.com.ar\/blog\/wp-content\/uploads\/AQUARIUM-MAR-DEL-PLATA.jpg?fit=778%2C377&ssl=1&resize=700%2C400 2x"},"classes":[]},{"id":7820,"url":"https:\/\/larevistadigital.com.ar\/blog\/mar-del-plata-adios-a-un-clasico-cerro-el-boliche-sobremonte\/","url_meta":{"origin":39289,"position":1},"title":"MAR DEL PLATA: ADI\u00d3S A UN CL\u00c1SICO&#8230; CERR\u00d3 EL BOLICHE SOBREMONTE","author":"Alejandro Sosa Ruda","date":"21 enero, 2019","format":false,"excerpt":"Adi\u00f3s a un cl\u00e1sico de Mar del\u00a0 Plata. Luego de 47 a\u00f1os, el m\u00edtico boliche\u00a0Sobremonte\u00a0cerr\u00f3 sus puertas. As\u00ed lo anunci\u00f3 su due\u00f1o, Eduardo Aracil, quien atribuy\u00f3 su decisi\u00f3n al costo de los servicios y a una presunta persecuci\u00f3n judicial. \"Las boletas llegaron a 160 mil pesos de luz y 80\u2026","rel":"","context":"En \u00abPOLITICA\u00bb","block_context":{"text":"POLITICA","link":"https:\/\/larevistadigital.com.ar\/blog\/category\/politica\/"},"img":{"alt_text":"","src":"https:\/\/i0.wp.com\/larevistadigital.com.ar\/blog\/wp-content\/uploads\/2019\/01\/0036018818.jpg?fit=1140%2C640&ssl=1&resize=350%2C200","width":350,"height":200,"srcset":"https:\/\/i0.wp.com\/larevistadigital.com.ar\/blog\/wp-content\/uploads\/2019\/01\/0036018818.jpg?fit=1140%2C640&ssl=1&resize=350%2C200 1x, https:\/\/i0.wp.com\/larevistadigital.com.ar\/blog\/wp-content\/uploads\/2019\/01\/0036018818.jpg?fit=1140%2C640&ssl=1&resize=525%2C300 1.5x, https:\/\/i0.wp.com\/larevistadigital.com.ar\/blog\/wp-content\/uploads\/2019\/01\/0036018818.jpg?fit=1140%2C640&ssl=1&resize=700%2C400 2x, https:\/\/i0.wp.com\/larevistadigital.com.ar\/blog\/wp-content\/uploads\/2019\/01\/0036018818.jpg?fit=1140%2C640&ssl=1&resize=1050%2C600 3x"},"classes":[]},{"id":33106,"url":"https:\/\/larevistadigital.com.ar\/blog\/ya-son-mas-de-cien-los-lobos-marinos-muertos-por-gripe-aviar-en-la-costa\/","url_meta":{"origin":39289,"position":2},"title":"YA SON M\u00c1S DE CIEN LOS LOBOS MARINOS MUERTOS POR GRIPE AVIAR EN LA COSTA","author":"Alejandro Sosa Ruda","date":"29 agosto, 2023","format":false,"excerpt":"Se brindaron recomendaciones a la comunidad, por los casos confirmados de \"gripe aviar\". 29 de agosto de 2023 A medida que transcurren los d\u00edas, se constata un aumento en el n\u00famero de lobos marinos fallecidos en la Costa Atl\u00e1ntica debido a la gripe aviar, lo cual ha impulsado a emitir\u2026","rel":"","context":"En \u00abREGIONALES\u00bb","block_context":{"text":"REGIONALES","link":"https:\/\/larevistadigital.com.ar\/blog\/category\/regionales\/"},"img":{"alt_text":"","src":"https:\/\/i0.wp.com\/larevistadigital.com.ar\/blog\/wp-content\/uploads\/11ad56a6c439aabfc4a0d4437629a3eb916ae13d.jpg?fit=1140%2C719&ssl=1&resize=350%2C200","width":350,"height":200,"srcset":"https:\/\/i0.wp.com\/larevistadigital.com.ar\/blog\/wp-content\/uploads\/11ad56a6c439aabfc4a0d4437629a3eb916ae13d.jpg?fit=1140%2C719&ssl=1&resize=350%2C200 1x, https:\/\/i0.wp.com\/larevistadigital.com.ar\/blog\/wp-content\/uploads\/11ad56a6c439aabfc4a0d4437629a3eb916ae13d.jpg?fit=1140%2C719&ssl=1&resize=525%2C300 1.5x, https:\/\/i0.wp.com\/larevistadigital.com.ar\/blog\/wp-content\/uploads\/11ad56a6c439aabfc4a0d4437629a3eb916ae13d.jpg?fit=1140%2C719&ssl=1&resize=700%2C400 2x, https:\/\/i0.wp.com\/larevistadigital.com.ar\/blog\/wp-content\/uploads\/11ad56a6c439aabfc4a0d4437629a3eb916ae13d.jpg?fit=1140%2C719&ssl=1&resize=1050%2C600 3x"},"classes":[]},{"id":26536,"url":"https:\/\/larevistadigital.com.ar\/blog\/video-mar-del-plata-el-show-de-dos-ballenas-en-playa-grande\/","url_meta":{"origin":39289,"position":3},"title":"[VIDEO] MAR DEL PLATA: EL SHOW DE DOS BALLENAS EN PLAYA GRANDE","author":"Alejandro Sosa Ruda","date":"13 julio, 2022","format":false,"excerpt":"MAR DEL PLATA -\u00a0 Dos ballenas\u00a0aparecieron este martes a la tarde en la zona de\u00a0Playa Grande\u00a0y desplegaron su show. Las im\u00e1genes las captur\u00f3 el realizador audiovisual\u00a0Juanchi Ugalde, quien esper\u00f3 durante un tiempo largo que los animales marinos aparecieran en el mar abierto. Una vez que lo hicieron,\u00a0desde su dron grab\u00f3\u2026","rel":"","context":"En \u00abREGIONALES\u00bb","block_context":{"text":"REGIONALES","link":"https:\/\/larevistadigital.com.ar\/blog\/category\/regionales\/"},"img":{"alt_text":"","src":"https:\/\/i0.wp.com\/larevistadigital.com.ar\/blog\/wp-content\/uploads\/ballenas.png?fit=807%2C441&ssl=1&resize=350%2C200","width":350,"height":200,"srcset":"https:\/\/i0.wp.com\/larevistadigital.com.ar\/blog\/wp-content\/uploads\/ballenas.png?fit=807%2C441&ssl=1&resize=350%2C200 1x, https:\/\/i0.wp.com\/larevistadigital.com.ar\/blog\/wp-content\/uploads\/ballenas.png?fit=807%2C441&ssl=1&resize=525%2C300 1.5x, https:\/\/i0.wp.com\/larevistadigital.com.ar\/blog\/wp-content\/uploads\/ballenas.png?fit=807%2C441&ssl=1&resize=700%2C400 2x"},"classes":[]},{"id":17436,"url":"https:\/\/larevistadigital.com.ar\/blog\/mar-del-plata-matrimonio-y-su-hijo-fueron-apunalados-en-su-casa-por-joven-que-se-habia-quedado-a-dormir\/","url_meta":{"origin":39289,"position":4},"title":"MAR DEL PLATA: MATRIMONIO Y SU HIJO FUERON APU\u00d1ALADOS EN SU CASA POR JOVEN QUE SE HAB\u00cdA QUEDADO A DORMIR","author":"Alejandro Sosa Ruda","date":"4 noviembre, 2020","format":false,"excerpt":"MAR DEL PLATA -\u00a0 Un muchacho de 27 a\u00f1os y sus progenitores fueron apu\u00f1alados en su vivienda del barrio San Mart\u00edn de la ciudad de Mar del Plata, por un amigo del primero que se qued\u00f3 adormir, y que huy\u00f3 tras el ataque. El hecho ocurri\u00f3 cerca de las 4\u2026","rel":"","context":"En \u00abPOLICIALES\u00bb","block_context":{"text":"POLICIALES","link":"https:\/\/larevistadigital.com.ar\/blog\/category\/policiales\/"},"img":{"alt_text":"","src":"https:\/\/i0.wp.com\/larevistadigital.com.ar\/blog\/wp-content\/uploads\/24AIK36MARCIXIDQ62LYD6JQME.jpg?fit=768%2C432&ssl=1&resize=350%2C200","width":350,"height":200,"srcset":"https:\/\/i0.wp.com\/larevistadigital.com.ar\/blog\/wp-content\/uploads\/24AIK36MARCIXIDQ62LYD6JQME.jpg?fit=768%2C432&ssl=1&resize=350%2C200 1x, https:\/\/i0.wp.com\/larevistadigital.com.ar\/blog\/wp-content\/uploads\/24AIK36MARCIXIDQ62LYD6JQME.jpg?fit=768%2C432&ssl=1&resize=525%2C300 1.5x, https:\/\/i0.wp.com\/larevistadigital.com.ar\/blog\/wp-content\/uploads\/24AIK36MARCIXIDQ62LYD6JQME.jpg?fit=768%2C432&ssl=1&resize=700%2C400 2x"},"classes":[]},{"id":20467,"url":"https:\/\/larevistadigital.com.ar\/blog\/mar-del-plata-luego-de-20-anos-la-libreria-el-atril-cierra-sus-puertas\/","url_meta":{"origin":39289,"position":5},"title":"MAR DEL PLATA: LUEGO DE 20 A\u00d1OS LA LIBRER\u00cdA \u00abEL ATRIL\u00bb CIERRA SUS PUERTAS","author":"Alejandro Sosa Ruda","date":"26 mayo, 2021","format":false,"excerpt":"La \u00faltima sucursal de la cadena que quedaba en la ciudad baj\u00f3 la persiana de forma definitiva. \u201cPermanentemente me dan ganas de ponerme a llorar\u201d, revel\u00f3 uno de sus socios fundadores MAR DEL PLATA - Luego de 20 a\u00f1os con presencia en la ciudad, la librer\u00eda El Atril\u00a0cerr\u00f3 sus puertas\u2026","rel":"","context":"En \u00abREGIONALES\u00bb","block_context":{"text":"REGIONALES","link":"https:\/\/larevistadigital.com.ar\/blog\/category\/regionales\/"},"img":{"alt_text":"","src":"https:\/\/i0.wp.com\/larevistadigital.com.ar\/blog\/wp-content\/uploads\/Captura-de-pantalla-2021-05-25-235406.png?fit=1003%2C636&ssl=1&resize=350%2C200","width":350,"height":200,"srcset":"https:\/\/i0.wp.com\/larevistadigital.com.ar\/blog\/wp-content\/uploads\/Captura-de-pantalla-2021-05-25-235406.png?fit=1003%2C636&ssl=1&resize=350%2C200 1x, https:\/\/i0.wp.com\/larevistadigital.com.ar\/blog\/wp-content\/uploads\/Captura-de-pantalla-2021-05-25-235406.png?fit=1003%2C636&ssl=1&resize=525%2C300 1.5x, https:\/\/i0.wp.com\/larevistadigital.com.ar\/blog\/wp-content\/uploads\/Captura-de-pantalla-2021-05-25-235406.png?fit=1003%2C636&ssl=1&resize=700%2C400 2x"},"classes":[]}],"_links":{"self":[{"href":"https:\/\/larevistadigital.com.ar\/blog\/wp-json\/wp\/v2\/posts\/39289","targetHints":{"allow":["GET"]}}],"collection":[{"href":"https:\/\/larevistadigital.com.ar\/blog\/wp-json\/wp\/v2\/posts"}],"about":[{"href":"https:\/\/larevistadigital.com.ar\/blog\/wp-json\/wp\/v2\/types\/post"}],"author":[{"embeddable":true,"href":"https:\/\/larevistadigital.com.ar\/blog\/wp-json\/wp\/v2\/users\/3"}],"replies":[{"embeddable":true,"href":"https:\/\/larevistadigital.com.ar\/blog\/wp-json\/wp\/v2\/comments?post=39289"}],"version-history":[{"count":1,"href":"https:\/\/larevistadigital.com.ar\/blog\/wp-json\/wp\/v2\/posts\/39289\/revisions"}],"predecessor-version":[{"id":39291,"href":"https:\/\/larevistadigital.com.ar\/blog\/wp-json\/wp\/v2\/posts\/39289\/revisions\/39291"}],"wp:featuredmedia":[{"embeddable":true,"href":"https:\/\/larevistadigital.com.ar\/blog\/wp-json\/wp\/v2\/media\/39290"}],"wp:attachment":[{"href":"https:\/\/larevistadigital.com.ar\/blog\/wp-json\/wp\/v2\/media?parent=39289"}],"wp:term":[{"taxonomy":"category","embeddable":true,"href":"https:\/\/larevistadigital.com.ar\/blog\/wp-json\/wp\/v2\/categories?post=39289"},{"taxonomy":"post_tag","embeddable":true,"href":"https:\/\/larevistadigital.com.ar\/blog\/wp-json\/wp\/v2\/tags?post=39289"}],"curies":[{"name":"wp","href":"https:\/\/api.w.org\/{rel}","templated":true}]}}