{"id":39346,"date":"2025-04-09T16:13:07","date_gmt":"2025-04-09T19:13:07","guid":{"rendered":"https:\/\/larevistadigital.com.ar\/blog\/?p=39346"},"modified":"2025-04-09T16:13:07","modified_gmt":"2025-04-09T19:13:07","slug":"chascomus-denuncia-de-un-empresario-por-el-decreto-que-adjudico-el-edificio-del-turista","status":"publish","type":"post","link":"https:\/\/larevistadigital.com.ar\/blog\/chascomus-denuncia-de-un-empresario-por-el-decreto-que-adjudico-el-edificio-del-turista\/","title":{"rendered":"Chascom\u00fas: Denuncia de un empresario, por el decreto que adjudic\u00f3 el Edificio del Turista"},"content":{"rendered":"<p class=\"\" data-start=\"366\" data-end=\"551\"><strong data-start=\"366\" data-end=\"551\"><span>Un inversor pidi\u00f3 la intervenci\u00f3n del Concejo Deliberante tras denunciar que el Ejecutivo actu\u00f3 por fuera del marco legal, adjudicando el inmueble sin respetar la ordenanza vigente.<\/span><\/strong><\/p>\n<p data-start=\"366\" data-end=\"551\">09 de Abril de 2025<\/p>\n<p class=\"\" data-start=\"553\" data-end=\"984\"><span><strong>CHASCOM\u00daS &#8211;<\/strong>\u00a0 La reciente adjudicaci\u00f3n del hist\u00f3rico Edificio del Turista en Chascom\u00fas provoc\u00f3 la reacci\u00f3n de un empresario que intent\u00f3 participar de la compulsa. La controversia estall\u00f3 luego de que el empresario en cuesti\u00f3n, presentara una fuerte denuncia ante el Honorable Concejo Deliberante, acusando al Ejecutivo de haber dictado un decreto \u201cnulo de nulidad absoluta\u201d.<\/span><\/p>\n<p class=\"\" data-start=\"986\" data-end=\"1452\"><span>Durante el programa radial <\/span><strong><em data-start=\"1013\" data-end=\"1030\">Ataque de Radio<\/em><\/strong><span><strong> (FM 102.7)<\/strong>, conducido por <strong>Alejandro \u201cEl Tano\u201d Sosa<\/strong>, se dio lectura al documento que el inversor hizo llegar al cuerpo legislativo, en el cual asegura que se vulneraron de manera grave las disposiciones de la Ordenanza 5867\/2024. Seg\u00fan esa normativa, es facultad indelegable del Concejo convalidar o rechazar las propuestas presentadas para la concesi\u00f3n del edificio, tras la evaluaci\u00f3n t\u00e9cnica del Departamento Ejecutivo.<\/span><\/p>\n<blockquote>\n<h3 data-start=\"1454\" data-end=\"1752\"><span>Sin embargo, seg\u00fan denuncia el empresario, el Ejecutivo municipal no solo omiti\u00f3 elevar su propuesta al cuerpo deliberativo, sino que adem\u00e1s la impugn\u00f3 de manera unilateral, adjudicando directamente la unidad a las empresas GyC Construcciones y La Continuidad SA, sin permitirle defensa ni r\u00e9plica.<\/span><\/h3>\n<\/blockquote>\n<p class=\"\" data-start=\"1754\" data-end=\"2047\"><span><em><strong>\u201cSe ha cometido un acto arbitrario, fuera del marco legal y violatorio de principios b\u00e1sicos del derecho administrativo\u201d<\/strong><\/em>, se\u00f1ala el escrito, que califica al decreto 216\/2025 como un acto administrativo inv\u00e1lido, que carece de los elementos esenciales de legalidad, competencia y procedimiento.<\/span><\/p>\n<p class=\"\" data-start=\"2049\" data-end=\"2503\"><span>En su presentaci\u00f3n, el denunciante expone que su propuesta fue realizada en tiempo y forma, que su empresa cuenta con solvencia t\u00e9cnica y legal, y que en reiteradas ocasiones recibi\u00f3 respuestas que lo hac\u00edan confiar en que el proceso continuar\u00eda con la intervenci\u00f3n del Concejo. Sin embargo, asegura que fue apartado del mismo sin explicaciones, lo que lo llev\u00f3 a plantear la posibilidad de que se haya tratado de una <strong>\u201cadjudicaci\u00f3n previamente acordada\u201d<\/strong>.<\/span><\/p>\n<p class=\"\" data-start=\"2505\" data-end=\"2812\"><span>Adem\u00e1s, advierte sobre la posibilidad de iniciar acciones judiciales, tanto por la nulidad del acto como por los da\u00f1os patrimoniales y morales ocasionados. <em><strong>\u201cSer\u00eda muy triste confirmar que mi voluntad de inversi\u00f3n fue burlada y que me usaron para legitimar una adjudicaci\u00f3n ya decidida de antemano\u201d<\/strong><\/em>, expres\u00f3.<\/span><\/p>\n","protected":false},"excerpt":{"rendered":"<div class=\"mh-excerpt\"><p>Un inversor pidi\u00f3 la intervenci\u00f3n del Concejo Deliberante tras denunciar que el Ejecutivo actu\u00f3 por fuera del marco legal, adjudicando el inmueble sin respetar la ordenanza vigente. 09 de Abril de 2025 CHASCOM\u00daS &#8211;\u00a0 La <a class=\"mh-excerpt-more\" href=\"https:\/\/larevistadigital.com.ar\/blog\/chascomus-denuncia-de-un-empresario-por-el-decreto-que-adjudico-el-edificio-del-turista\/\" title=\"Chascom\u00fas: Denuncia de un empresario, por el decreto que adjudic\u00f3 el Edificio del Turista\">[Leer M\u00e1s]<\/a><\/p>\n<\/div>","protected":false},"author":3,"featured_media":17092,"comment_status":"open","ping_status":"open","sticky":false,"template":"","format":"standard","meta":{"_jetpack_memberships_contains_paid_content":false,"footnotes":"","jetpack_publicize_message":"","jetpack_publicize_feature_enabled":true,"jetpack_social_post_already_shared":true,"jetpack_social_options":{"image_generator_settings":{"template":"highway","default_image_id":0,"font":"","enabled":false},"version":2}},"categories":[247,50],"tags":[],"class_list":{"0":"post-39346","1":"post","2":"type-post","3":"status-publish","4":"format-standard","5":"has-post-thumbnail","7":"category-ataque-de-radio","8":"category-interes-general"},"jetpack_publicize_connections":[],"jetpack_featured_media_url":"https:\/\/i0.wp.com\/larevistadigital.com.ar\/blog\/wp-content\/uploads\/turista-elfuerte-21deoctubre.png?fit=737%2C415&ssl=1","jetpack_sharing_enabled":true,"jetpack_shortlink":"https:\/\/wp.me\/p8qtrQ-aeC","jetpack-related-posts":[{"id":39348,"url":"https:\/\/larevistadigital.com.ar\/blog\/leandro-bordalecou-lo-del-ed-del-turista-fue-una-operacion-politica-y-la-empresa-que-protesta-la-adjudicacion-del-edificio-del-turista-no-podia-participar\/","url_meta":{"origin":39346,"position":0},"title":"Leandro Bordalecou: \u00abLo del Ed. del Turista fue una operaci\u00f3n pol\u00edtica\u00bb y \u00abla empresa que protesta la adjudicaci\u00f3n del Edificio del Turista no pod\u00eda participar\u00bb","author":"Alejandro Sosa Ruda","date":"9 abril, 2025","format":false,"excerpt":"El concejal oficialista defendi\u00f3 el accionar del Ejecutivo, asegur\u00f3 que la firma denunciante no cumple con los requisitos legales y denunci\u00f3 una operaci\u00f3n pol\u00edtica para frenar la concesi\u00f3n. 09 de Abril de 2025 CHASCOM\u00daS -\u00a0 El concejal oficialista y presidente de Unidad por Chascom\u00fas, Leandro Bordalecou, \u200b\u200bse refiri\u00f3 a la\u2026","rel":"","context":"En \u00abCHASCOM\u00daS\u00bb","block_context":{"text":"CHASCOM\u00daS","link":"https:\/\/larevistadigital.com.ar\/blog\/category\/chascomus\/"},"img":{"alt_text":"","src":"https:\/\/i0.wp.com\/larevistadigital.com.ar\/blog\/wp-content\/uploads\/Leandro-Bordalecou-1-e1744227121158.jpg?fit=739%2C479&ssl=1&resize=350%2C200","width":350,"height":200,"srcset":"https:\/\/i0.wp.com\/larevistadigital.com.ar\/blog\/wp-content\/uploads\/Leandro-Bordalecou-1-e1744227121158.jpg?fit=739%2C479&ssl=1&resize=350%2C200 1x, https:\/\/i0.wp.com\/larevistadigital.com.ar\/blog\/wp-content\/uploads\/Leandro-Bordalecou-1-e1744227121158.jpg?fit=739%2C479&ssl=1&resize=525%2C300 1.5x, https:\/\/i0.wp.com\/larevistadigital.com.ar\/blog\/wp-content\/uploads\/Leandro-Bordalecou-1-e1744227121158.jpg?fit=739%2C479&ssl=1&resize=700%2C400 2x"},"classes":[]},{"id":39254,"url":"https:\/\/larevistadigital.com.ar\/blog\/el-departamento-ejecutivo-oficializo-la-adjudicacion-del-edificio-del-turista-a-dos-empresas-locales\/","url_meta":{"origin":39346,"position":1},"title":"El Departamento Ejecutivo oficializ\u00f3 la adjudicaci\u00f3n del Edificio del Turista a dos empresas locales","author":"Alejandro Sosa Ruda","date":"1 abril, 2025","format":false,"excerpt":"Mediante el decreto 216\/2025, fue otorgada la concesi\u00f3n a GyC Construcciones y La Continuidad S.A. 01 de Abril de 2025 CHASCOM\u00daS -\u00a0 El Departamento Ejecutivo resolvi\u00f3 otorgar la concesi\u00f3n del Edificio del Turista a la propuesta conjunta de las empresas GyC Construcciones y La Continuidad S.A. La adjudicaci\u00f3n fue realizada\u2026","rel":"","context":"En \u00abCHASCOM\u00daS\u00bb","block_context":{"text":"CHASCOM\u00daS","link":"https:\/\/larevistadigital.com.ar\/blog\/category\/chascomus\/"},"img":{"alt_text":"","src":"https:\/\/i0.wp.com\/larevistadigital.com.ar\/blog\/wp-content\/uploads\/67ec2b9b6bf94.png?fit=668%2C445&ssl=1&resize=350%2C200","width":350,"height":200,"srcset":"https:\/\/i0.wp.com\/larevistadigital.com.ar\/blog\/wp-content\/uploads\/67ec2b9b6bf94.png?fit=668%2C445&ssl=1&resize=350%2C200 1x, https:\/\/i0.wp.com\/larevistadigital.com.ar\/blog\/wp-content\/uploads\/67ec2b9b6bf94.png?fit=668%2C445&ssl=1&resize=525%2C300 1.5x"},"classes":[]},{"id":40871,"url":"https:\/\/larevistadigital.com.ar\/blog\/se-concreto-la-concesion-del-edificio-del-turista\/","url_meta":{"origin":39346,"position":2},"title":"Se concret\u00f3 la concesi\u00f3n del Edificio del Turista","author":"Alejandro Sosa Ruda","date":"13 agosto, 2025","format":false,"excerpt":"El lugar se llamar\u00e1 ahora \u201cCentro Cultural y Comercial Malvinas Argentinas\u201d. 13 de Agosto de 2025 CHASCOM\u00daS -\u00a0 \u00a0El intendente Javier Gast\u00f3n formaliz\u00f3 la concesi\u00f3n del Edificio del Turista, que a partir de ahora llevar\u00e1 el nombre de \u201cCentro Cultural y Comercial Malvinas Argentinas\u201d. La adjudicaci\u00f3n, que tendr\u00e1 una extensi\u00f3n\u2026","rel":"","context":"En \u00abINTERES GENERAL\u00bb","block_context":{"text":"INTERES GENERAL","link":"https:\/\/larevistadigital.com.ar\/blog\/category\/interes-general\/"},"img":{"alt_text":"","src":"https:\/\/i0.wp.com\/larevistadigital.com.ar\/blog\/wp-content\/uploads\/689b82beaafc4.png?fit=668%2C445&ssl=1&resize=350%2C200","width":350,"height":200,"srcset":"https:\/\/i0.wp.com\/larevistadigital.com.ar\/blog\/wp-content\/uploads\/689b82beaafc4.png?fit=668%2C445&ssl=1&resize=350%2C200 1x, https:\/\/i0.wp.com\/larevistadigital.com.ar\/blog\/wp-content\/uploads\/689b82beaafc4.png?fit=668%2C445&ssl=1&resize=525%2C300 1.5x"},"classes":[]},{"id":38195,"url":"https:\/\/larevistadigital.com.ar\/blog\/jorge-macchi-cuestiona-la-cesion-del-edificio-del-turista-no-hay-seguridad-juridica\/","url_meta":{"origin":39346,"position":3},"title":"Jorge Macchi cuestiona la cesi\u00f3n del \u00abEdificio del Turista\u00bb: \u00abNo hay seguridad jur\u00eddica\u00bb","author":"Alejandro Sosa Ruda","date":"11 diciembre, 2024","format":false,"excerpt":"Dijo que hay una ordenanza vigente que si se aplica, no es necesario ceder el lugar a nadie, y que el tema es \"algo oscuro\". 11 de Diciembre de 2024 CHASCOM\u00daS -\u00a0 En una contundente entrevista realizada durante el programa \u201cAtaque de Radio\u201d , que se emite simult\u00e1neamente por FM\u2026","rel":"","context":"En \u00abATAQUE DE RADIO\u00bb","block_context":{"text":"ATAQUE DE RADIO","link":"https:\/\/larevistadigital.com.ar\/blog\/category\/ataque-de-radio\/"},"img":{"alt_text":"","src":"https:\/\/i0.wp.com\/larevistadigital.com.ar\/blog\/wp-content\/uploads\/1-4.png?fit=680%2C367&ssl=1&resize=350%2C200","width":350,"height":200,"srcset":"https:\/\/i0.wp.com\/larevistadigital.com.ar\/blog\/wp-content\/uploads\/1-4.png?fit=680%2C367&ssl=1&resize=350%2C200 1x, https:\/\/i0.wp.com\/larevistadigital.com.ar\/blog\/wp-content\/uploads\/1-4.png?fit=680%2C367&ssl=1&resize=525%2C300 1.5x"},"classes":[]},{"id":11597,"url":"https:\/\/larevistadigital.com.ar\/blog\/chascomus-gaston-entrego-concesion-del-balneario-san-jose-a-empresario-chino-que-ya-posee-un-supermercado-en-la-ciudad\/","url_meta":{"origin":39346,"position":4},"title":"CHASCOM\u00daS: GAST\u00d3N ENTREG\u00d3 CONCESI\u00d3N DEL BALNEARIO SAN JOS\u00c9 A EMPRESARIO CHINO, QUE YA POSEE UN SUPERMERCADO EN LA CIUDAD","author":"Alejandro Sosa Ruda","date":"28 julio, 2019","format":false,"excerpt":"El intendente Javier Gast\u00f3n firm\u00f3 el Contrato de Concesi\u00f3n del Balneario San Jos\u00e9 para la explotaci\u00f3n de servicios destinados a la gastronom\u00eda, balneario, usos recreativos, deportivos y culturales. En este sentido y luego de haber rescindido el contrato del anterior concesionario, se realizaron dos llamados a licitaci\u00f3n sin presentarse oferentes\u2026","rel":"","context":"En \u00abCHASCOM\u00daS\u00bb","block_context":{"text":"CHASCOM\u00daS","link":"https:\/\/larevistadigital.com.ar\/blog\/category\/chascomus\/"},"img":{"alt_text":"","src":"https:\/\/i0.wp.com\/larevistadigital.com.ar\/blog\/wp-content\/uploads\/2019_07_26_17_15_26_6250915.jpg?fit=600%2C374&ssl=1&resize=350%2C200","width":350,"height":200,"srcset":"https:\/\/i0.wp.com\/larevistadigital.com.ar\/blog\/wp-content\/uploads\/2019_07_26_17_15_26_6250915.jpg?fit=600%2C374&ssl=1&resize=350%2C200 1x, https:\/\/i0.wp.com\/larevistadigital.com.ar\/blog\/wp-content\/uploads\/2019_07_26_17_15_26_6250915.jpg?fit=600%2C374&ssl=1&resize=525%2C300 1.5x"},"classes":[]},{"id":44483,"url":"https:\/\/larevistadigital.com.ar\/blog\/escandalo-politico-en-chascomus-un-decreto-desato-una-guerra-en-el-concejo-deliberante\/","url_meta":{"origin":39346,"position":5},"title":"Esc\u00e1ndalo pol\u00edtico en Chascom\u00fas: un decreto desat\u00f3 una guerra en el Concejo Deliberante","author":"Alejandro Sosa Ruda","date":"13 marzo, 2026","format":false,"excerpt":"Una pol\u00e9mica modificaci\u00f3n del reglamento interno aprobada por la oposici\u00f3n gener\u00f3 fuertes acusaciones, abandono de la sesi\u00f3n y hasta la amenaza de un conflicto de poderes que podr\u00eda paralizar el cuerpo legislativo. 13 de marzo de 2026 CHASCOM\u00daS -\u00a0 \u00a0Una sesi\u00f3n que parec\u00eda rutinaria termin\u00f3 convertida en un verdadero terremoto\u2026","rel":"","context":"En \u00abDESTACADAS\u00bb","block_context":{"text":"DESTACADAS","link":"https:\/\/larevistadigital.com.ar\/blog\/category\/destacadas\/"},"img":{"alt_text":"","src":"https:\/\/i0.wp.com\/larevistadigital.com.ar\/blog\/wp-content\/uploads\/Gemini_Generated_Image_jyhetwjyhetwjyhe.png?fit=1200%2C655&ssl=1&resize=350%2C200","width":350,"height":200,"srcset":"https:\/\/i0.wp.com\/larevistadigital.com.ar\/blog\/wp-content\/uploads\/Gemini_Generated_Image_jyhetwjyhetwjyhe.png?fit=1200%2C655&ssl=1&resize=350%2C200 1x, https:\/\/i0.wp.com\/larevistadigital.com.ar\/blog\/wp-content\/uploads\/Gemini_Generated_Image_jyhetwjyhetwjyhe.png?fit=1200%2C655&ssl=1&resize=525%2C300 1.5x, https:\/\/i0.wp.com\/larevistadigital.com.ar\/blog\/wp-content\/uploads\/Gemini_Generated_Image_jyhetwjyhetwjyhe.png?fit=1200%2C655&ssl=1&resize=700%2C400 2x, https:\/\/i0.wp.com\/larevistadigital.com.ar\/blog\/wp-content\/uploads\/Gemini_Generated_Image_jyhetwjyhetwjyhe.png?fit=1200%2C655&ssl=1&resize=1050%2C600 3x"},"classes":[]}],"_links":{"self":[{"href":"https:\/\/larevistadigital.com.ar\/blog\/wp-json\/wp\/v2\/posts\/39346","targetHints":{"allow":["GET"]}}],"collection":[{"href":"https:\/\/larevistadigital.com.ar\/blog\/wp-json\/wp\/v2\/posts"}],"about":[{"href":"https:\/\/larevistadigital.com.ar\/blog\/wp-json\/wp\/v2\/types\/post"}],"author":[{"embeddable":true,"href":"https:\/\/larevistadigital.com.ar\/blog\/wp-json\/wp\/v2\/users\/3"}],"replies":[{"embeddable":true,"href":"https:\/\/larevistadigital.com.ar\/blog\/wp-json\/wp\/v2\/comments?post=39346"}],"version-history":[{"count":1,"href":"https:\/\/larevistadigital.com.ar\/blog\/wp-json\/wp\/v2\/posts\/39346\/revisions"}],"predecessor-version":[{"id":39347,"href":"https:\/\/larevistadigital.com.ar\/blog\/wp-json\/wp\/v2\/posts\/39346\/revisions\/39347"}],"wp:featuredmedia":[{"embeddable":true,"href":"https:\/\/larevistadigital.com.ar\/blog\/wp-json\/wp\/v2\/media\/17092"}],"wp:attachment":[{"href":"https:\/\/larevistadigital.com.ar\/blog\/wp-json\/wp\/v2\/media?parent=39346"}],"wp:term":[{"taxonomy":"category","embeddable":true,"href":"https:\/\/larevistadigital.com.ar\/blog\/wp-json\/wp\/v2\/categories?post=39346"},{"taxonomy":"post_tag","embeddable":true,"href":"https:\/\/larevistadigital.com.ar\/blog\/wp-json\/wp\/v2\/tags?post=39346"}],"curies":[{"name":"wp","href":"https:\/\/api.w.org\/{rel}","templated":true}]}}