{"id":39348,"date":"2025-04-09T16:33:11","date_gmt":"2025-04-09T19:33:11","guid":{"rendered":"https:\/\/larevistadigital.com.ar\/blog\/?p=39348"},"modified":"2025-04-09T16:33:11","modified_gmt":"2025-04-09T19:33:11","slug":"leandro-bordalecou-lo-del-ed-del-turista-fue-una-operacion-politica-y-la-empresa-que-protesta-la-adjudicacion-del-edificio-del-turista-no-podia-participar","status":"publish","type":"post","link":"https:\/\/larevistadigital.com.ar\/blog\/leandro-bordalecou-lo-del-ed-del-turista-fue-una-operacion-politica-y-la-empresa-que-protesta-la-adjudicacion-del-edificio-del-turista-no-podia-participar\/","title":{"rendered":"Leandro Bordalecou: \u00abLo del Ed. del Turista fue una operaci\u00f3n pol\u00edtica\u00bb y \u00abla empresa que protesta la adjudicaci\u00f3n del Edificio del Turista no pod\u00eda participar\u00bb"},"content":{"rendered":"<h2 data-start=\"298\" data-end=\"639\">El concejal oficialista defendi\u00f3 el accionar del Ejecutivo, asegur\u00f3 que la firma denunciante no cumple con los requisitos legales y denunci\u00f3 una operaci\u00f3n pol\u00edtica para frenar la concesi\u00f3n.<\/h2>\n<p>09 de Abril de 2025<\/p>\n<p class=\"\" data-start=\"298\" data-end=\"639\"><span><strong>CHASCOM\u00daS &#8211;<\/strong>\u00a0 El concejal oficialista y presidente de Unidad por Chascom\u00fas, <strong>Leandro Bordalecou<\/strong>, \u200b\u200bse refiri\u00f3 a la pol\u00e9mica surgida por la reciente adjudicaci\u00f3n del Edificio del Turista, luego de que el apoderado de un empresario denunciara presuntas irregularidades y pidiera al Honorable Concejo Deliberante que no convalide el decreto que oficializ\u00f3 la concesi\u00f3n.<\/span><\/p>\n<p class=\"\" data-start=\"641\" data-end=\"1035\"><span>En declaraciones al programa \u00abAtaque de Radio\u00bb, y en di\u00e1logo con <strong>Alejandro \u00abEl Tano\u00bb Sosa, Bordalecou<\/strong> fue categ\u00f3rico: <em><strong>\u00abHubo un plazo claro y reglamentado donde cualquier persona pudo presentar una oferta que mejorara la propuesta de las empresas GyC y La Continuidad. Ese per\u00edodo fue de 60 d\u00edas. El oferente que ahora se presenta como damnificado mand\u00f3 un proyecto el \u00faltimo d\u00eda, fuera de t\u00e9rmino, y apenas un esbozo, no un desarrollo serio\u00bb<\/strong><\/em>, afirm\u00f3.<\/span><\/p>\n<blockquote>\n<h3 data-start=\"1037\" data-end=\"1326\"><span>El edil adem\u00e1s asegur\u00f3 que la propuesta no solo lleg\u00f3 fuera de plazo, sino que adolece de irregularidades sustanciales. <span style=\"color: #ff0000\"><em>\u00abEsta empresa no est\u00e1 habilitada por sus propios estatutos a firmar contratos con el Estado. Por lo tanto, legalmente no puede participar de ninguna concesi\u00f3n\u00bb<\/em><\/span>, explic\u00f3.<\/span><\/h3>\n<\/blockquote>\n<p class=\"\" data-start=\"1328\" data-end=\"1639\"><span>Seg\u00fan <strong>Bordalecou<\/strong>, \u200b\u200bel planteo del empresario carece de sustento t\u00e9cnico y legal, y responde a una maniobra deliberada para entorpecer el proceso. <em><strong>\u201cEsto fue una operaci\u00f3n pol\u00edtica para hacer perder tiempo y evitar que esta concesi\u00f3n, tan necesaria para el desarrollo tur\u00edstico de Chascom\u00fas, se concreta\u201d<\/strong><\/em>, sostuvo.<\/span><\/p>\n<p class=\"\" data-start=\"1641\" data-end=\"1975\"><span>Por \u00faltimo, advirti\u00f3 sobre la aparici\u00f3n de <em><strong>\u201cempresas paracaidistas que prometen lo que no pueden respaldar y luego desaparecer\u00e1n por arte de magia\u201d<\/strong><\/em>, en clara alusi\u00f3n al accionar del denunciante. En esa l\u00ednea, defendi\u00f3 el accionar del Ejecutivo y ratific\u00f3 que la adjudicaci\u00f3n fue leg\u00edtima y se realiz\u00f3 conforme a las normativas vigentes.<\/span><\/p>\n","protected":false},"excerpt":{"rendered":"<div class=\"mh-excerpt\"><p>El concejal oficialista defendi\u00f3 el accionar del Ejecutivo, asegur\u00f3 que la firma denunciante no cumple con los requisitos legales y denunci\u00f3 una operaci\u00f3n pol\u00edtica para frenar la concesi\u00f3n. 09 de Abril de 2025 CHASCOM\u00daS &#8211;\u00a0 <a class=\"mh-excerpt-more\" href=\"https:\/\/larevistadigital.com.ar\/blog\/leandro-bordalecou-lo-del-ed-del-turista-fue-una-operacion-politica-y-la-empresa-que-protesta-la-adjudicacion-del-edificio-del-turista-no-podia-participar\/\" title=\"Leandro Bordalecou: \u00abLo del Ed. del Turista fue una operaci\u00f3n pol\u00edtica\u00bb y \u00abla empresa que protesta la adjudicaci\u00f3n del Edificio del Turista no pod\u00eda participar\u00bb\">[Leer M\u00e1s]<\/a><\/p>\n<\/div>","protected":false},"author":3,"featured_media":39350,"comment_status":"open","ping_status":"open","sticky":false,"template":"","format":"standard","meta":{"_jetpack_memberships_contains_paid_content":false,"footnotes":"","jetpack_publicize_message":"","jetpack_publicize_feature_enabled":true,"jetpack_social_post_already_shared":true,"jetpack_social_options":{"image_generator_settings":{"template":"highway","default_image_id":0,"font":"","enabled":false},"version":2}},"categories":[6,23],"tags":[],"class_list":{"0":"post-39348","1":"post","2":"type-post","3":"status-publish","4":"format-standard","5":"has-post-thumbnail","7":"category-chascomus","8":"category-politica-local"},"jetpack_publicize_connections":[],"jetpack_featured_media_url":"https:\/\/i0.wp.com\/larevistadigital.com.ar\/blog\/wp-content\/uploads\/Leandro-Bordalecou-1-e1744227121158.jpg?fit=739%2C479&ssl=1","jetpack_sharing_enabled":true,"jetpack_shortlink":"https:\/\/wp.me\/p8qtrQ-aeE","jetpack-related-posts":[{"id":37802,"url":"https:\/\/larevistadigital.com.ar\/blog\/bordalecou-sobre-la-oferta-por-el-edificio-del-turista-tiene-su-lado-atractivo-pero-hay-partes-que-no-cierran-al-conjunto-de-concejales\/","url_meta":{"origin":39348,"position":0},"title":"Bordalecou sobre la oferta por el edificio del turista: \u00abtiene su lado atractivo, pero hay partes que no cierran al conjunto de concejales\u00bb","author":"Alejandro Sosa Ruda","date":"9 noviembre, 2024","format":false,"excerpt":"El concejal se mostr\u00f3 optimista respecto de la posibilidad de concordar y preparar una propuesta de la totalidad de los bloques del Concejo. 8 de Noviembre de 2024 CHASCOM\u00daS -\u00a0 El concejal de Unidad por Chascom\u00fas, Leandro Bordalecou, mantuvo una entrevista con Alejandro \"El Tano\" Sosa, durante el programa \"Ataque\u2026","rel":"","context":"En \u00abATAQUE DE RADIO\u00bb","block_context":{"text":"ATAQUE DE RADIO","link":"https:\/\/larevistadigital.com.ar\/blog\/category\/ataque-de-radio\/"},"img":{"alt_text":"","src":"https:\/\/i0.wp.com\/larevistadigital.com.ar\/blog\/wp-content\/uploads\/2-3.png?fit=937%2C530&ssl=1&resize=350%2C200","width":350,"height":200,"srcset":"https:\/\/i0.wp.com\/larevistadigital.com.ar\/blog\/wp-content\/uploads\/2-3.png?fit=937%2C530&ssl=1&resize=350%2C200 1x, https:\/\/i0.wp.com\/larevistadigital.com.ar\/blog\/wp-content\/uploads\/2-3.png?fit=937%2C530&ssl=1&resize=525%2C300 1.5x, https:\/\/i0.wp.com\/larevistadigital.com.ar\/blog\/wp-content\/uploads\/2-3.png?fit=937%2C530&ssl=1&resize=700%2C400 2x"},"classes":[]},{"id":40871,"url":"https:\/\/larevistadigital.com.ar\/blog\/se-concreto-la-concesion-del-edificio-del-turista\/","url_meta":{"origin":39348,"position":1},"title":"Se concret\u00f3 la concesi\u00f3n del Edificio del Turista","author":"Alejandro Sosa Ruda","date":"13 agosto, 2025","format":false,"excerpt":"El lugar se llamar\u00e1 ahora \u201cCentro Cultural y Comercial Malvinas Argentinas\u201d. 13 de Agosto de 2025 CHASCOM\u00daS -\u00a0 \u00a0El intendente Javier Gast\u00f3n formaliz\u00f3 la concesi\u00f3n del Edificio del Turista, que a partir de ahora llevar\u00e1 el nombre de \u201cCentro Cultural y Comercial Malvinas Argentinas\u201d. La adjudicaci\u00f3n, que tendr\u00e1 una extensi\u00f3n\u2026","rel":"","context":"En \u00abINTERES GENERAL\u00bb","block_context":{"text":"INTERES GENERAL","link":"https:\/\/larevistadigital.com.ar\/blog\/category\/interes-general\/"},"img":{"alt_text":"","src":"https:\/\/i0.wp.com\/larevistadigital.com.ar\/blog\/wp-content\/uploads\/689b82beaafc4.png?fit=668%2C445&ssl=1&resize=350%2C200","width":350,"height":200,"srcset":"https:\/\/i0.wp.com\/larevistadigital.com.ar\/blog\/wp-content\/uploads\/689b82beaafc4.png?fit=668%2C445&ssl=1&resize=350%2C200 1x, https:\/\/i0.wp.com\/larevistadigital.com.ar\/blog\/wp-content\/uploads\/689b82beaafc4.png?fit=668%2C445&ssl=1&resize=525%2C300 1.5x"},"classes":[]},{"id":36991,"url":"https:\/\/larevistadigital.com.ar\/blog\/el-concejal-leandro-bordalecou-asumira-como-intendente-interino\/","url_meta":{"origin":39348,"position":2},"title":"EL CONCEJAL LEANDRO BORDALECOU, ASUMIR\u00c1 COMO INTENDENTE INTERINO","author":"Alejandro Sosa Ruda","date":"18 agosto, 2024","format":false,"excerpt":"El intendente Javier Gast\u00f3n har\u00e1 uso de una licencia en su cargo, desde el domingo 18 hasta el s\u00e1bado 31 de agosto inclusive. 18 de Agosto de 2024 CHASCOM\u00daS -\u00a0 Durante su ausencia, asumir\u00e1 el cargo de forma interina, el concejal Leandro Bordalecou, quien ocup\u00f3 el primer lugar en la\u2026","rel":"","context":"En \u00abCHASCOM\u00daS\u00bb","block_context":{"text":"CHASCOM\u00daS","link":"https:\/\/larevistadigital.com.ar\/blog\/category\/chascomus\/"},"img":{"alt_text":"","src":"https:\/\/i0.wp.com\/larevistadigital.com.ar\/blog\/wp-content\/uploads\/66bf8ca259d48.png?fit=668%2C445&ssl=1&resize=350%2C200","width":350,"height":200,"srcset":"https:\/\/i0.wp.com\/larevistadigital.com.ar\/blog\/wp-content\/uploads\/66bf8ca259d48.png?fit=668%2C445&ssl=1&resize=350%2C200 1x, https:\/\/i0.wp.com\/larevistadigital.com.ar\/blog\/wp-content\/uploads\/66bf8ca259d48.png?fit=668%2C445&ssl=1&resize=525%2C300 1.5x"},"classes":[]},{"id":39254,"url":"https:\/\/larevistadigital.com.ar\/blog\/el-departamento-ejecutivo-oficializo-la-adjudicacion-del-edificio-del-turista-a-dos-empresas-locales\/","url_meta":{"origin":39348,"position":3},"title":"El Departamento Ejecutivo oficializ\u00f3 la adjudicaci\u00f3n del Edificio del Turista a dos empresas locales","author":"Alejandro Sosa Ruda","date":"1 abril, 2025","format":false,"excerpt":"Mediante el decreto 216\/2025, fue otorgada la concesi\u00f3n a GyC Construcciones y La Continuidad S.A. 01 de Abril de 2025 CHASCOM\u00daS -\u00a0 El Departamento Ejecutivo resolvi\u00f3 otorgar la concesi\u00f3n del Edificio del Turista a la propuesta conjunta de las empresas GyC Construcciones y La Continuidad S.A. La adjudicaci\u00f3n fue realizada\u2026","rel":"","context":"En \u00abCHASCOM\u00daS\u00bb","block_context":{"text":"CHASCOM\u00daS","link":"https:\/\/larevistadigital.com.ar\/blog\/category\/chascomus\/"},"img":{"alt_text":"","src":"https:\/\/i0.wp.com\/larevistadigital.com.ar\/blog\/wp-content\/uploads\/67ec2b9b6bf94.png?fit=668%2C445&ssl=1&resize=350%2C200","width":350,"height":200,"srcset":"https:\/\/i0.wp.com\/larevistadigital.com.ar\/blog\/wp-content\/uploads\/67ec2b9b6bf94.png?fit=668%2C445&ssl=1&resize=350%2C200 1x, https:\/\/i0.wp.com\/larevistadigital.com.ar\/blog\/wp-content\/uploads\/67ec2b9b6bf94.png?fit=668%2C445&ssl=1&resize=525%2C300 1.5x"},"classes":[]},{"id":38195,"url":"https:\/\/larevistadigital.com.ar\/blog\/jorge-macchi-cuestiona-la-cesion-del-edificio-del-turista-no-hay-seguridad-juridica\/","url_meta":{"origin":39348,"position":4},"title":"Jorge Macchi cuestiona la cesi\u00f3n del \u00abEdificio del Turista\u00bb: \u00abNo hay seguridad jur\u00eddica\u00bb","author":"Alejandro Sosa Ruda","date":"11 diciembre, 2024","format":false,"excerpt":"Dijo que hay una ordenanza vigente que si se aplica, no es necesario ceder el lugar a nadie, y que el tema es \"algo oscuro\". 11 de Diciembre de 2024 CHASCOM\u00daS -\u00a0 En una contundente entrevista realizada durante el programa \u201cAtaque de Radio\u201d , que se emite simult\u00e1neamente por FM\u2026","rel":"","context":"En \u00abATAQUE DE RADIO\u00bb","block_context":{"text":"ATAQUE DE RADIO","link":"https:\/\/larevistadigital.com.ar\/blog\/category\/ataque-de-radio\/"},"img":{"alt_text":"","src":"https:\/\/i0.wp.com\/larevistadigital.com.ar\/blog\/wp-content\/uploads\/1-4.png?fit=680%2C367&ssl=1&resize=350%2C200","width":350,"height":200,"srcset":"https:\/\/i0.wp.com\/larevistadigital.com.ar\/blog\/wp-content\/uploads\/1-4.png?fit=680%2C367&ssl=1&resize=350%2C200 1x, https:\/\/i0.wp.com\/larevistadigital.com.ar\/blog\/wp-content\/uploads\/1-4.png?fit=680%2C367&ssl=1&resize=525%2C300 1.5x"},"classes":[]},{"id":35607,"url":"https:\/\/larevistadigital.com.ar\/blog\/el-concejal-leandro-bordalecou-afirmo-que-ahora-esta-muy-de-moda-la-politica-por-tik-tok-o-twitter-pero-tenemos-que-legislar\/","url_meta":{"origin":39348,"position":5},"title":"EL CONCEJAL LEANDRO BORDALECOU AFIRM\u00d3 QUE \u00abAHORA EST\u00c1 MUY DE MODA LA POL\u00cdTICA POR TIK TOK O TWITTER, PERO TENEMOS QUE LEGISLAR\u00bb","author":"Alejandro Sosa Ruda","date":"19 marzo, 2024","format":false,"excerpt":"El concejal de Unidad por Chascom\u00fas, habl\u00f3 de todo, y no escap\u00f3 a las definiciones criticando lo que calific\u00f3 como una actitud mezquina de la oposici\u00f3n. 18 de marzo de 2024 CHASCOM\u00daS\u00a0 -\u00a0 \u00a0El concejal oficialista Leandro Bordalecou, mantuvo un di\u00e1logo con Alejandro \"El Tano\" Sosa y Carlos Lasserre durante\u2026","rel":"","context":"En \u00abINTERES GENERAL\u00bb","block_context":{"text":"INTERES GENERAL","link":"https:\/\/larevistadigital.com.ar\/blog\/category\/interes-general\/"},"img":{"alt_text":"","src":"https:\/\/i0.wp.com\/larevistadigital.com.ar\/blog\/wp-content\/uploads\/2017\/11\/concejo-chascomus.jpg?fit=1024%2C768&ssl=1&resize=350%2C200","width":350,"height":200,"srcset":"https:\/\/i0.wp.com\/larevistadigital.com.ar\/blog\/wp-content\/uploads\/2017\/11\/concejo-chascomus.jpg?fit=1024%2C768&ssl=1&resize=350%2C200 1x, https:\/\/i0.wp.com\/larevistadigital.com.ar\/blog\/wp-content\/uploads\/2017\/11\/concejo-chascomus.jpg?fit=1024%2C768&ssl=1&resize=525%2C300 1.5x, https:\/\/i0.wp.com\/larevistadigital.com.ar\/blog\/wp-content\/uploads\/2017\/11\/concejo-chascomus.jpg?fit=1024%2C768&ssl=1&resize=700%2C400 2x"},"classes":[]}],"_links":{"self":[{"href":"https:\/\/larevistadigital.com.ar\/blog\/wp-json\/wp\/v2\/posts\/39348","targetHints":{"allow":["GET"]}}],"collection":[{"href":"https:\/\/larevistadigital.com.ar\/blog\/wp-json\/wp\/v2\/posts"}],"about":[{"href":"https:\/\/larevistadigital.com.ar\/blog\/wp-json\/wp\/v2\/types\/post"}],"author":[{"embeddable":true,"href":"https:\/\/larevistadigital.com.ar\/blog\/wp-json\/wp\/v2\/users\/3"}],"replies":[{"embeddable":true,"href":"https:\/\/larevistadigital.com.ar\/blog\/wp-json\/wp\/v2\/comments?post=39348"}],"version-history":[{"count":2,"href":"https:\/\/larevistadigital.com.ar\/blog\/wp-json\/wp\/v2\/posts\/39348\/revisions"}],"predecessor-version":[{"id":39352,"href":"https:\/\/larevistadigital.com.ar\/blog\/wp-json\/wp\/v2\/posts\/39348\/revisions\/39352"}],"wp:featuredmedia":[{"embeddable":true,"href":"https:\/\/larevistadigital.com.ar\/blog\/wp-json\/wp\/v2\/media\/39350"}],"wp:attachment":[{"href":"https:\/\/larevistadigital.com.ar\/blog\/wp-json\/wp\/v2\/media?parent=39348"}],"wp:term":[{"taxonomy":"category","embeddable":true,"href":"https:\/\/larevistadigital.com.ar\/blog\/wp-json\/wp\/v2\/categories?post=39348"},{"taxonomy":"post_tag","embeddable":true,"href":"https:\/\/larevistadigital.com.ar\/blog\/wp-json\/wp\/v2\/tags?post=39348"}],"curies":[{"name":"wp","href":"https:\/\/api.w.org\/{rel}","templated":true}]}}