{"id":39356,"date":"2025-04-09T23:31:10","date_gmt":"2025-04-10T02:31:10","guid":{"rendered":"https:\/\/larevistadigital.com.ar\/blog\/?p=39356"},"modified":"2025-04-09T23:31:10","modified_gmt":"2025-04-10T02:31:10","slug":"kicillof-puso-en-funcionamiento-nuevos-patrulleros-en-la-plata","status":"publish","type":"post","link":"https:\/\/larevistadigital.com.ar\/blog\/kicillof-puso-en-funcionamiento-nuevos-patrulleros-en-la-plata\/","title":{"rendered":"Kicillof puso en funcionamiento nuevos patrulleros en La Plata"},"content":{"rendered":"<h2>Los m\u00f3viles est\u00e1n\u00a0equipados con GPS para su monitoreo en tiempo real y fortalecer\u00e1n el Comando de Patrullas en el distrito.<\/h2>\n<p>09 de Abril de 2025<\/p>\n<p><strong>BUENOS AIRES &#8211;\u00a0 <\/strong>El gobernador de la provincia de Buenos Aires, <strong>Axel Kicillof<\/strong>, encabez\u00f3 este martes la puesta en funcionamiento de 10 patrulleros y 40 motos para fortalecer las tareas de patrullaje en el municipio de La Plata. Fue junto al ministro de Seguridad, <strong>Javier Alonso<\/strong>; y el intendente local, <strong>Julio Alak<\/strong>.<\/p>\n<div class=\"field field-name-body field-type-text-with-summary field-label-hidden\">\n<div class=\"field-items\">\n<div class=\"field-item even\">\n<p>En ese marco, <strong>Kicillof<\/strong> afirm\u00f3: <strong><em>\u201cComo lo hacemos en cada una de las \u00e1reas afectadas por el ajuste del Gobierno nacional, en la provincia de Buenos Aires seguimos actuando como escudo y red\u201d. \u201cAdem\u00e1s de sumar estos veh\u00edculos para la prevenci\u00f3n del delito en la ciudad, presentamos d\u00edas atr\u00e1s un Fondo de Fortalecimiento de la Seguridad que permitir\u00e1 destinar $3.500 millones para seguir llevando tranquilidad a los vecinos y vecinas de La Plata\u201d<\/em><\/strong>, agreg\u00f3.<\/p>\n<blockquote>\n<h3>Los m\u00f3viles adquiridos mediante el Fondo Municipal de Fortalecimiento de la Seguridad se encuentran equipados con GPS para su monitoreo en tiempo real y fortalecer\u00e1n el Comando de Patrullas en el distrito. Asimismo, las 40 motos ser\u00e1n destinadas a la Fuerza Barrial de Aproximaci\u00f3n (FBA), el Grupo de Prevenci\u00f3n Motorizada (GPM) e Infanter\u00eda.<\/h3>\n<\/blockquote>\n<p>Durante la jornada, el municipio firm\u00f3 la adhesi\u00f3n al Sistema Multiagencia, una herramienta que permite centralizar, coordinar y evaluar en tiempo real las demandas que reciben los distintos agentes en materia de seguridad, salud y defensa civil, entre otras.<\/p>\n<p>Estuvieron presentes la jefa de Asesores del Gobernador, <strong>Cristina \u00c1lvarez Rodr\u00edguez<\/strong>; la ministra de Mujeres y Diversidad, <strong>Estela D\u00edaz<\/strong>; la subsecretaria de Transparencia Institucional, <strong>Ana Laura Ramos<\/strong>; el senador provincial <strong>Pedro Borgini<\/strong>; la diputada bonaerense <strong>Luc\u00eda Ia\u00f1ez<\/strong>; el jefe de la Polic\u00eda provincial, <strong>Javier Villar<\/strong>; representantes del Poder Judicial; funcionarios y funcionarias municipales.<\/p>\n<\/div>\n<\/div>\n<\/div>\n<div class=\"social-share clearfix\"><\/div>\n","protected":false},"excerpt":{"rendered":"<div class=\"mh-excerpt\"><p>Los m\u00f3viles est\u00e1n\u00a0equipados con GPS para su monitoreo en tiempo real y fortalecer\u00e1n el Comando de Patrullas en el distrito. 09 de Abril de 2025 BUENOS AIRES &#8211;\u00a0 El gobernador de la provincia de Buenos <a class=\"mh-excerpt-more\" href=\"https:\/\/larevistadigital.com.ar\/blog\/kicillof-puso-en-funcionamiento-nuevos-patrulleros-en-la-plata\/\" title=\"Kicillof puso en funcionamiento nuevos patrulleros en La Plata\">[Leer M\u00e1s]<\/a><\/p>\n<\/div>","protected":false},"author":3,"featured_media":39357,"comment_status":"open","ping_status":"open","sticky":false,"template":"","format":"standard","meta":{"_jetpack_memberships_contains_paid_content":false,"footnotes":"","jetpack_publicize_message":"","jetpack_publicize_feature_enabled":true,"jetpack_social_post_already_shared":true,"jetpack_social_options":{"image_generator_settings":{"template":"highway","default_image_id":0,"font":"","enabled":false},"version":2}},"categories":[50],"tags":[],"class_list":{"0":"post-39356","1":"post","2":"type-post","3":"status-publish","4":"format-standard","5":"has-post-thumbnail","7":"category-interes-general"},"jetpack_publicize_connections":[],"jetpack_featured_media_url":"https:\/\/i0.wp.com\/larevistadigital.com.ar\/blog\/wp-content\/uploads\/DAE4941.jpg?fit=743%2C530&ssl=1","jetpack_sharing_enabled":true,"jetpack_shortlink":"https:\/\/wp.me\/p8qtrQ-aeM","jetpack-related-posts":[{"id":40203,"url":"https:\/\/larevistadigital.com.ar\/blog\/la-provincia-sumo-patrulleros-para-reforzar-la-prevencion-del-delito-en-san-cayetano\/","url_meta":{"origin":39356,"position":0},"title":"La Provincia sum\u00f3 patrulleros para reforzar la prevenci\u00f3n del delito en San Cayetano","author":"Alejandro Sosa Ruda","date":"27 junio, 2025","format":false,"excerpt":"Fue en un acto encabezado por el gobernador Axel Kicillof, quien tambi\u00e9n entreg\u00f3 escrituras gratuitas para familias del distrito. 27 de Junio de 2025 BUENOS AIRES -\u00a0 \u00a0El gobernador de la provincia de Buenos Aires, Axel Kicillof, encabez\u00f3 este viernes el acto de entrega de nuevos patrulleros para reforzar la\u2026","rel":"","context":"En \u00abPOLITICA PROVINCIAL\u00bb","block_context":{"text":"POLITICA PROVINCIAL","link":"https:\/\/larevistadigital.com.ar\/blog\/category\/politica\/politica-provincial\/"},"img":{"alt_text":"","src":"https:\/\/i0.wp.com\/larevistadigital.com.ar\/blog\/wp-content\/uploads\/DON2944-scaled.jpg?fit=1200%2C800&ssl=1&resize=350%2C200","width":350,"height":200,"srcset":"https:\/\/i0.wp.com\/larevistadigital.com.ar\/blog\/wp-content\/uploads\/DON2944-scaled.jpg?fit=1200%2C800&ssl=1&resize=350%2C200 1x, https:\/\/i0.wp.com\/larevistadigital.com.ar\/blog\/wp-content\/uploads\/DON2944-scaled.jpg?fit=1200%2C800&ssl=1&resize=525%2C300 1.5x, https:\/\/i0.wp.com\/larevistadigital.com.ar\/blog\/wp-content\/uploads\/DON2944-scaled.jpg?fit=1200%2C800&ssl=1&resize=700%2C400 2x, https:\/\/i0.wp.com\/larevistadigital.com.ar\/blog\/wp-content\/uploads\/DON2944-scaled.jpg?fit=1200%2C800&ssl=1&resize=1050%2C600 3x"},"classes":[]},{"id":40662,"url":"https:\/\/larevistadigital.com.ar\/blog\/kicillof-inauguro-una-base-de-la-fuerza-barrial-de-aproximacion\/","url_meta":{"origin":39356,"position":1},"title":"Kicillof inaugur\u00f3 una base de la Fuerza Barrial de Aproximaci\u00f3n","author":"Alejandro Sosa Ruda","date":"31 julio, 2025","format":false,"excerpt":"Adem\u00e1s, el Gobernador puso en funcionamiento nuevos patrulleros y motos para fortalecer la prevenci\u00f3n del delito. 31 de Julio de 2025 Pilar, BUENOS AIRES -\u00a0 El gobernador de la provincia de Buenos Aires, Axel Kicillof, encabez\u00f3 este mi\u00e9rcoles el acto de inauguraci\u00f3n de la nueva base operativa de la Fuerza\u2026","rel":"","context":"En \u00abPOLITICA PROVINCIAL\u00bb","block_context":{"text":"POLITICA PROVINCIAL","link":"https:\/\/larevistadigital.com.ar\/blog\/category\/politica\/politica-provincial\/"},"img":{"alt_text":"","src":"https:\/\/i0.wp.com\/larevistadigital.com.ar\/blog\/wp-content\/uploads\/77A82322.jpg?fit=743%2C530&ssl=1&resize=350%2C200","width":350,"height":200,"srcset":"https:\/\/i0.wp.com\/larevistadigital.com.ar\/blog\/wp-content\/uploads\/77A82322.jpg?fit=743%2C530&ssl=1&resize=350%2C200 1x, https:\/\/i0.wp.com\/larevistadigital.com.ar\/blog\/wp-content\/uploads\/77A82322.jpg?fit=743%2C530&ssl=1&resize=525%2C300 1.5x, https:\/\/i0.wp.com\/larevistadigital.com.ar\/blog\/wp-content\/uploads\/77A82322.jpg?fit=743%2C530&ssl=1&resize=700%2C400 2x"},"classes":[]},{"id":40268,"url":"https:\/\/larevistadigital.com.ar\/blog\/kicillof-inauguro-la-nueva-sede-de-la-policia-cientifica-en-bolivar\/","url_meta":{"origin":39356,"position":2},"title":"Kicillof inaugur\u00f3 la nueva sede de la Polic\u00eda Cient\u00edfica en Bol\u00edvar","author":"Alejandro Sosa Ruda","date":"2 julio, 2025","format":false,"excerpt":"Adem\u00e1s, el Gobernador entreg\u00f3 patrulleros para fortalecer la seguridad en el distrito. 02 de Julio de 2025 BUENOS AIRES -\u00a0 \u00a0El gobernador de la provincia de Buenos Aires, Axel Kicillof, encabez\u00f3 este martes el acto de inauguraci\u00f3n de la nueva sede de la Polic\u00eda Cient\u00edfica en el municipio de Bol\u00edvar,\u2026","rel":"","context":"En \u00abPOLITICA PROVINCIAL\u00bb","block_context":{"text":"POLITICA PROVINCIAL","link":"https:\/\/larevistadigital.com.ar\/blog\/category\/politica\/politica-provincial\/"},"img":{"alt_text":"","src":"https:\/\/i0.wp.com\/larevistadigital.com.ar\/blog\/wp-content\/uploads\/DON3925.jpg?fit=743%2C530&ssl=1&resize=350%2C200","width":350,"height":200,"srcset":"https:\/\/i0.wp.com\/larevistadigital.com.ar\/blog\/wp-content\/uploads\/DON3925.jpg?fit=743%2C530&ssl=1&resize=350%2C200 1x, https:\/\/i0.wp.com\/larevistadigital.com.ar\/blog\/wp-content\/uploads\/DON3925.jpg?fit=743%2C530&ssl=1&resize=525%2C300 1.5x, https:\/\/i0.wp.com\/larevistadigital.com.ar\/blog\/wp-content\/uploads\/DON3925.jpg?fit=743%2C530&ssl=1&resize=700%2C400 2x"},"classes":[]},{"id":40261,"url":"https:\/\/larevistadigital.com.ar\/blog\/kicillof-entrego-viviendas-y-escrituras-a-familias-de-henderson\/","url_meta":{"origin":39356,"position":3},"title":"Kicillof entreg\u00f3 viviendas y escrituras a familias de Henderson","author":"Alejandro Sosa Ruda","date":"2 julio, 2025","format":false,"excerpt":"Adem\u00e1s, el Gobernador puso en funcionamiento nuevos patrulleros y una ambulancia de alta complejidad. 02 de Junio de 2025 BUENOS AIRES -\u00a0 El gobernador de la provincia de Buenos Aires, Axel Kicillof, encabez\u00f3 este martes el acto de entrega de 15 viviendas y de escrituras gratuitas en beneficio de familias\u2026","rel":"","context":"En \u00abPOLITICA PROVINCIAL\u00bb","block_context":{"text":"POLITICA PROVINCIAL","link":"https:\/\/larevistadigital.com.ar\/blog\/category\/politica\/politica-provincial\/"},"img":{"alt_text":"","src":"https:\/\/i0.wp.com\/larevistadigital.com.ar\/blog\/wp-content\/uploads\/DSC5297.jpg?fit=743%2C530&ssl=1&resize=350%2C200","width":350,"height":200,"srcset":"https:\/\/i0.wp.com\/larevistadigital.com.ar\/blog\/wp-content\/uploads\/DSC5297.jpg?fit=743%2C530&ssl=1&resize=350%2C200 1x, https:\/\/i0.wp.com\/larevistadigital.com.ar\/blog\/wp-content\/uploads\/DSC5297.jpg?fit=743%2C530&ssl=1&resize=525%2C300 1.5x, https:\/\/i0.wp.com\/larevistadigital.com.ar\/blog\/wp-content\/uploads\/DSC5297.jpg?fit=743%2C530&ssl=1&resize=700%2C400 2x"},"classes":[]},{"id":40295,"url":"https:\/\/larevistadigital.com.ar\/blog\/kicillof-entrego-viviendas-y-escrituras-a-familias-de-henderson-2\/","url_meta":{"origin":39356,"position":4},"title":"Kicillof entreg\u00f3 viviendas y escrituras a familias de Henderson","author":"editor","date":"2 julio, 2025","format":false,"excerpt":"Adem\u00e1s, el Gobernador puso en funcionamiento nuevos patrulleros y una ambulancia de alta complejidad. 02 de Junio de 2025 BUENOS AIRES -\u00a0 El gobernador de la provincia de Buenos Aires, Axel Kicillof, encabez\u00f3 este martes el acto de entrega de 15 viviendas y de escrituras gratuitas en beneficio de familias\u2026","rel":"","context":"En \u00abPOLITICA PROVINCIAL\u00bb","block_context":{"text":"POLITICA PROVINCIAL","link":"https:\/\/larevistadigital.com.ar\/blog\/category\/politica\/politica-provincial\/"},"img":{"alt_text":"","src":"https:\/\/i0.wp.com\/larevistadigital.com.ar\/blog\/wp-content\/uploads\/DSC5297.jpg?fit=743%2C530&ssl=1&resize=350%2C200","width":350,"height":200,"srcset":"https:\/\/i0.wp.com\/larevistadigital.com.ar\/blog\/wp-content\/uploads\/DSC5297.jpg?fit=743%2C530&ssl=1&resize=350%2C200 1x, https:\/\/i0.wp.com\/larevistadigital.com.ar\/blog\/wp-content\/uploads\/DSC5297.jpg?fit=743%2C530&ssl=1&resize=525%2C300 1.5x, https:\/\/i0.wp.com\/larevistadigital.com.ar\/blog\/wp-content\/uploads\/DSC5297.jpg?fit=743%2C530&ssl=1&resize=700%2C400 2x"},"classes":[]},{"id":40180,"url":"https:\/\/larevistadigital.com.ar\/blog\/kicillof-entrego-patrulleros-y-motos-para-fortalecer-la-seguridad-en-florencio-varela\/","url_meta":{"origin":39356,"position":5},"title":"Kicillof entreg\u00f3 patrulleros y motos para fortalecer la seguridad en Florencio Varela","author":"Alejandro Sosa Ruda","date":"24 junio, 2025","format":false,"excerpt":"Adem\u00e1s, el Gobernador inaugur\u00f3 la Casa de la Provincia y encabez\u00f3 el acto de promesa a la bandera nacional por parte de estudiantes del distrito. 24 de Junio de 2025 El gobernador Axel Kicillof encabez\u00f3 este martes el acto de entrega de 38 patrulleros y 35 motos destinadas a fortalecer\u2026","rel":"","context":"En \u00abPOLITICA PROVINCIAL\u00bb","block_context":{"text":"POLITICA PROVINCIAL","link":"https:\/\/larevistadigital.com.ar\/blog\/category\/politica\/politica-provincial\/"},"img":{"alt_text":"","src":"https:\/\/i0.wp.com\/larevistadigital.com.ar\/blog\/wp-content\/uploads\/77A86492-scaled.jpg?fit=1200%2C800&ssl=1&resize=350%2C200","width":350,"height":200,"srcset":"https:\/\/i0.wp.com\/larevistadigital.com.ar\/blog\/wp-content\/uploads\/77A86492-scaled.jpg?fit=1200%2C800&ssl=1&resize=350%2C200 1x, https:\/\/i0.wp.com\/larevistadigital.com.ar\/blog\/wp-content\/uploads\/77A86492-scaled.jpg?fit=1200%2C800&ssl=1&resize=525%2C300 1.5x, https:\/\/i0.wp.com\/larevistadigital.com.ar\/blog\/wp-content\/uploads\/77A86492-scaled.jpg?fit=1200%2C800&ssl=1&resize=700%2C400 2x, https:\/\/i0.wp.com\/larevistadigital.com.ar\/blog\/wp-content\/uploads\/77A86492-scaled.jpg?fit=1200%2C800&ssl=1&resize=1050%2C600 3x"},"classes":[]}],"_links":{"self":[{"href":"https:\/\/larevistadigital.com.ar\/blog\/wp-json\/wp\/v2\/posts\/39356","targetHints":{"allow":["GET"]}}],"collection":[{"href":"https:\/\/larevistadigital.com.ar\/blog\/wp-json\/wp\/v2\/posts"}],"about":[{"href":"https:\/\/larevistadigital.com.ar\/blog\/wp-json\/wp\/v2\/types\/post"}],"author":[{"embeddable":true,"href":"https:\/\/larevistadigital.com.ar\/blog\/wp-json\/wp\/v2\/users\/3"}],"replies":[{"embeddable":true,"href":"https:\/\/larevistadigital.com.ar\/blog\/wp-json\/wp\/v2\/comments?post=39356"}],"version-history":[{"count":1,"href":"https:\/\/larevistadigital.com.ar\/blog\/wp-json\/wp\/v2\/posts\/39356\/revisions"}],"predecessor-version":[{"id":39358,"href":"https:\/\/larevistadigital.com.ar\/blog\/wp-json\/wp\/v2\/posts\/39356\/revisions\/39358"}],"wp:featuredmedia":[{"embeddable":true,"href":"https:\/\/larevistadigital.com.ar\/blog\/wp-json\/wp\/v2\/media\/39357"}],"wp:attachment":[{"href":"https:\/\/larevistadigital.com.ar\/blog\/wp-json\/wp\/v2\/media?parent=39356"}],"wp:term":[{"taxonomy":"category","embeddable":true,"href":"https:\/\/larevistadigital.com.ar\/blog\/wp-json\/wp\/v2\/categories?post=39356"},{"taxonomy":"post_tag","embeddable":true,"href":"https:\/\/larevistadigital.com.ar\/blog\/wp-json\/wp\/v2\/tags?post=39356"}],"curies":[{"name":"wp","href":"https:\/\/api.w.org\/{rel}","templated":true}]}}