{"id":39360,"date":"2025-04-10T17:52:27","date_gmt":"2025-04-10T20:52:27","guid":{"rendered":"https:\/\/larevistadigital.com.ar\/blog\/?p=39360"},"modified":"2025-04-10T17:54:51","modified_gmt":"2025-04-10T20:54:51","slug":"quiero-que-chascomus-vuelva-a-ser-ese-lugar-de-puertas-abiertas-facundo-arias-el-nuevo-jefe-policial-con-experiencia-de-hierro","status":"publish","type":"post","link":"https:\/\/larevistadigital.com.ar\/blog\/quiero-que-chascomus-vuelva-a-ser-ese-lugar-de-puertas-abiertas-facundo-arias-el-nuevo-jefe-policial-con-experiencia-de-hierro\/","title":{"rendered":"\u201cQuiero que Chascom\u00fas vuelva a ser ese lugar de puertas abiertas\u201d: Facundo Arias, el nuevo jefe policial con experiencia de hierro (Incluye audio de la nota)"},"content":{"rendered":"<h2 data-start=\"346\" data-end=\"764\">Un hombre de la fuerza que se mostr\u00f3 seguro y decidido a que Chascom\u00fas vuelva a ser ejemplo de seguridad y tranquilidad.<\/h2>\n<p data-start=\"346\" data-end=\"764\">\u00a010 de Abril de 2025<\/p>\n<p class=\"\" data-start=\"346\" data-end=\"764\"><strong>CHASCOM\u00daS &#8211;\u00a0<\/strong> Con una carrera marcada por el trabajo en algunos de los distritos m\u00e1s complejos del conurbano bonaerense, el comisario inspector <strong>Facundo Arias<\/strong> asumi\u00f3 recientemente como jefe de la Polic\u00eda de Seguridad de Chascom\u00fas. A poco m\u00e1s de un mes de su llegada, ya dej\u00f3 en claro que su misi\u00f3n es concreta: reforzar la prevenci\u00f3n, humanizar el trato al vecino y recuperar la sensaci\u00f3n de seguridad que, seg\u00fan afirm\u00f3, todav\u00eda es posible.<\/p>\n<blockquote>\n<h3 data-start=\"766\" data-end=\"1107\">La presentaci\u00f3n p\u00fablica del nuevo jefe se dio en una entrevista con el programa \u201cAtaque de Radio\u201d, que conduce Alejandro \u201cEl Tano\u201d Sosa por FM 102.7 y en simult\u00e1neo por el canal de YouTube @radiopowerch. All\u00ed, Arias comparti\u00f3 detalles de su vida, su extensa trayectoria profesional y su visi\u00f3n para el futuro inmediato de la seguridad local.<\/h3>\n<\/blockquote>\n<p class=\"\" data-start=\"1109\" data-end=\"1532\"><strong>Arias<\/strong> tiene 49 a\u00f1os, es padre de cuatro hijos y proviene de una familia con tradici\u00f3n policial. De hecho, su padre \u2014ya fallecido\u2014 tambi\u00e9n form\u00f3 parte de la fuerza, y fue quien lo inspir\u00f3 a seguir ese camino. Ingres\u00f3 a la Escuela Juan Vucetich apenas egres\u00f3 del secundario y desde entonces transit\u00f3 tres d\u00e9cadas de servicio en \u00e1reas clave: investigaciones, asuntos internos, seguridad, y coordinaci\u00f3n de operativos en calle.<\/p>\n<blockquote>\n<h3 data-start=\"1534\" data-end=\"1854\">Sus destinos abarcan lugares donde la criminalidad no da tregua: Lan\u00fas, Avellaneda, Villa Fiorito, Dock Sud, San Mart\u00edn, Moreno, Lomas de Zamora, Escobar y otros. <em>\u201cEstuve donde las papas queman. Esa experiencia me form\u00f3, me curti\u00f3. Hoy me siento preparado para asumir desaf\u00edos como el que me toca en Chascom\u00fas\u201d<\/em>, asegur\u00f3.<\/h3>\n<\/blockquote>\n<p class=\"\" data-start=\"1856\" data-end=\"2207\">Apenas se instal\u00f3 en la ciudad, tuvo un primer encuentro con autoridades municipales y con la Secretar\u00eda de Seguridad. Seg\u00fan cont\u00f3, la respuesta fue inmediata: recibi\u00f3 los insumos y recursos solicitados <em><strong>\u201cen menos de una semana\u201d<\/strong> <\/em>y comenz\u00f3 a dise\u00f1ar una estrategia centrada en la presencia policial en las calles y en la atenci\u00f3n directa a la comunidad.<\/p>\n<blockquote>\n<h3 data-start=\"2209\" data-end=\"2420\"><em>\u201cDecid\u00ed aumentar la cantidad de m\u00f3viles y de efectivos en las recorridas. Eso tuvo un efecto concreto: en poco m\u00e1s de un mes bajamos un 33% los delitos denunciados. No es magia, es trabajo planificado\u201d<\/em>, remarc\u00f3.<\/h3>\n<\/blockquote>\n<p class=\"\" data-start=\"2422\" data-end=\"2778\"><strong>Arias<\/strong>, que se define como \u201ccuartelero\u201d \u2014por su estilo de estar siempre presente en el destacamento\u2014 puso especial \u00e9nfasis en mejorar el v\u00ednculo entre la polic\u00eda y el vecino. <strong><em>\u201cSi alguien se acerca a la comisar\u00eda, no puede irse peor de lo que lleg\u00f3. Hay que escucharlo, tomarle la denuncia, y acompa\u00f1arlo. Es simple: que la gente se sienta cuidada\u201d<\/em><\/strong>, explic\u00f3.<\/p>\n<p class=\"\" data-start=\"2780\" data-end=\"3154\">Con una agenda que tambi\u00e9n incluye el monitoreo de las redes sociales para detectar casos no denunciados, el comisario sostiene que trabajan activamente para distinguir entre rumores y hechos reales.<strong><em> \u201cA veces una publicaci\u00f3n no es una denuncia, y eso nos impide actuar. Por eso incentivamos a que las v\u00edctimas formalicen sus casos, para que podamos intervenir con eficacia\u201d<\/em><\/strong>.<\/p>\n<blockquote>\n<h3 data-start=\"3156\" data-end=\"3336\">Durante la entrevista, los oyentes no tardaron en expresar apoyo a su gesti\u00f3n. <em>\u201cSe lo ve tranquilo, pausado, pero firme. Da confianza\u201d<\/em>, fue uno de los mensajes que se ley\u00f3 al aire.<\/h3>\n<\/blockquote>\n<p class=\"\" data-start=\"3338\" data-end=\"3667\">Cercano, profesional y con una mirada de largo plazo, <strong>Arias<\/strong> tiene un objetivo claro: que Chascom\u00fas recupere esa postal de ciudad segura. <strong><em>\u201cTengo la imagen de una ciudad tranquila, de gente tomando mate en la vereda. Eso no deber\u00eda perderse. Quiero que el d\u00eda que me vaya, pueda decir que ayud\u00e9 a que esa imagen vuelva a ser real\u201d.<\/em><\/strong><\/p>\n<p class=\"\" data-start=\"3669\" data-end=\"3927\">Con miles de allanamientos, desbaratamiento de bandas criminales, secuestros de drogas y autopartes en su haber, <strong>Arias<\/strong> cierra cada declaraci\u00f3n con una frase que sintetiza su convicci\u00f3n:<br data-start=\"3854\" data-end=\"3857\" \/><strong data-start=\"3857\" data-end=\"3927\">\u201cPara m\u00ed, el delincuente es delincuente. Y tiene que estar preso\u201d.<\/strong><\/p>\n<!--[if lt IE 9]><script>document.createElement('audio');<\/script><![endif]-->\n<audio class=\"wp-audio-shortcode\" id=\"audio-39360-1\" preload=\"none\" style=\"width: 100%;\" controls=\"controls\"><source type=\"audio\/mpeg\" src=\"https:\/\/larevistadigital.com.ar\/blog\/wp-content\/uploads\/NOTA-COMISARIO-INSP.-ARIAS.mp3?_=1\" \/><a href=\"https:\/\/larevistadigital.com.ar\/blog\/wp-content\/uploads\/NOTA-COMISARIO-INSP.-ARIAS.mp3\">https:\/\/larevistadigital.com.ar\/blog\/wp-content\/uploads\/NOTA-COMISARIO-INSP.-ARIAS.mp3<\/a><\/audio>\n","protected":false},"excerpt":{"rendered":"<div class=\"mh-excerpt\"><p>Un hombre de la fuerza que se mostr\u00f3 seguro y decidido a que Chascom\u00fas vuelva a ser ejemplo de seguridad y tranquilidad. \u00a010 de Abril de 2025 CHASCOM\u00daS &#8211;\u00a0 Con una carrera marcada por el <a class=\"mh-excerpt-more\" href=\"https:\/\/larevistadigital.com.ar\/blog\/quiero-que-chascomus-vuelva-a-ser-ese-lugar-de-puertas-abiertas-facundo-arias-el-nuevo-jefe-policial-con-experiencia-de-hierro\/\" title=\"\u201cQuiero que Chascom\u00fas vuelva a ser ese lugar de puertas abiertas\u201d: Facundo Arias, el nuevo jefe policial con experiencia de hierro (Incluye audio de la nota)\">[Leer M\u00e1s]<\/a><\/p>\n<\/div>","protected":false},"author":3,"featured_media":39361,"comment_status":"open","ping_status":"open","sticky":false,"template":"","format":"standard","meta":{"_jetpack_memberships_contains_paid_content":false,"footnotes":"","jetpack_publicize_message":"","jetpack_publicize_feature_enabled":true,"jetpack_social_post_already_shared":true,"jetpack_social_options":{"image_generator_settings":{"template":"highway","default_image_id":0,"font":"","enabled":false},"version":2}},"categories":[247,41,44],"tags":[],"class_list":{"0":"post-39360","1":"post","2":"type-post","3":"status-publish","4":"format-standard","5":"has-post-thumbnail","7":"category-ataque-de-radio","8":"category-destacadas","9":"category-policiales"},"jetpack_publicize_connections":[],"jetpack_featured_media_url":"https:\/\/i0.wp.com\/larevistadigital.com.ar\/blog\/wp-content\/uploads\/Captura-de-pantalla-2025-04-10-174841.jpg?fit=857%2C487&ssl=1","jetpack_sharing_enabled":true,"jetpack_shortlink":"https:\/\/wp.me\/p8qtrQ-aeQ","jetpack-related-posts":[{"id":44094,"url":"https:\/\/larevistadigital.com.ar\/blog\/chascomus-el-intendente-recibio-a-nuevas-cadetes-del-operativo-sol-a-sol\/","url_meta":{"origin":39360,"position":0},"title":"Chascom\u00fas: El Intendente recibi\u00f3 a nuevas cadetes del Operativo Sol a Sol","author":"Alejandro Sosa Ruda","date":"20 febrero, 2026","format":false,"excerpt":"Dos j\u00f3venes polic\u00edas chascomunenses se incorporaron al refuerzo de seguridad para la temporada de verano. 20 de febrero de 2026 CHASCOM\u00daS -\u00a0 \u00a0El intendente Javier Gast\u00f3n recibi\u00f3 en su despacho a dos nuevas cadetes de polic\u00eda chascomunenses que forman parte del Operativo Sol a Sol, el dispositivo que refuerza la\u2026","rel":"","context":"En \u00abCHASCOM\u00daS\u00bb","block_context":{"text":"CHASCOM\u00daS","link":"https:\/\/larevistadigital.com.ar\/blog\/category\/chascomus\/"},"img":{"alt_text":"","src":"https:\/\/i0.wp.com\/larevistadigital.com.ar\/blog\/wp-content\/uploads\/6998938fe9b37.png?fit=668%2C445&ssl=1&resize=350%2C200","width":350,"height":200,"srcset":"https:\/\/i0.wp.com\/larevistadigital.com.ar\/blog\/wp-content\/uploads\/6998938fe9b37.png?fit=668%2C445&ssl=1&resize=350%2C200 1x, https:\/\/i0.wp.com\/larevistadigital.com.ar\/blog\/wp-content\/uploads\/6998938fe9b37.png?fit=668%2C445&ssl=1&resize=525%2C300 1.5x"},"classes":[]},{"id":40753,"url":"https:\/\/larevistadigital.com.ar\/blog\/chascomus-la-nueva-titular-de-la-estacion-de-policia-comunal-fue-recibida-por-el-intendente-javier-gaston\/","url_meta":{"origin":39360,"position":1},"title":"Chascom\u00fas: La nueva titular de la Estaci\u00f3n de Polic\u00eda Comunal fue recibida por el intendente Javier Gast\u00f3n","author":"Alejandro Sosa Ruda","date":"5 agosto, 2025","format":false,"excerpt":"Marisa Islas asumir\u00e1 la conducci\u00f3n de la EPC y se acord\u00f3 fortalecer el trabajo conjunto en materia de seguridad. 05 de Agosto de 2025 CHASCOM\u00daS\u00a0 -\u00a0 Javier Gast\u00f3n recibi\u00f3 a la nueva titular de la Estaci\u00f3n de Polic\u00eda Comunal Marisa Islas asumir\u00e1 la conducci\u00f3n de la EPC y se acord\u00f3\u2026","rel":"","context":"En \u00abDESTACADAS\u00bb","block_context":{"text":"DESTACADAS","link":"https:\/\/larevistadigital.com.ar\/blog\/category\/destacadas\/"},"img":{"alt_text":"","src":"https:\/\/i0.wp.com\/larevistadigital.com.ar\/blog\/wp-content\/uploads\/68923689f253f.png?fit=668%2C445&ssl=1&resize=350%2C200","width":350,"height":200,"srcset":"https:\/\/i0.wp.com\/larevistadigital.com.ar\/blog\/wp-content\/uploads\/68923689f253f.png?fit=668%2C445&ssl=1&resize=350%2C200 1x, https:\/\/i0.wp.com\/larevistadigital.com.ar\/blog\/wp-content\/uploads\/68923689f253f.png?fit=668%2C445&ssl=1&resize=525%2C300 1.5x"},"classes":[]},{"id":24863,"url":"https:\/\/larevistadigital.com.ar\/blog\/ranchos-santiago-muscarello-es-el-nuevo-secretario-de-seguridad\/","url_meta":{"origin":39360,"position":2},"title":"RANCHOS: SANTIAGO MUSCARELLO ES EL NUEVO SECRETARIO DE SEGURIDAD","author":"Alejandro Sosa Ruda","date":"28 marzo, 2022","format":false,"excerpt":"RANCHOS -\u00a0 El dirigente peronista y jefe de Anses de Chascom\u00fas Santiago Muscarello es el nuevo secretario de seguridad del municipio de General Paz,\u00a0luego de haberlo sido en Chascom\u00fas durante la primera gesti\u00f3n del intendente Javier Gast\u00f3n. Al parecer entre otras cosas los\u00a0 \u00faltimos hechos de inseguridad en Ranchos, han\u2026","rel":"","context":"En \u00abRANCHOS\u00bb","block_context":{"text":"RANCHOS","link":"https:\/\/larevistadigital.com.ar\/blog\/category\/ranchos\/"},"img":{"alt_text":"","src":"https:\/\/i0.wp.com\/larevistadigital.com.ar\/blog\/wp-content\/uploads\/Captura-de-pantalla-2022-03-28-130145.jpg?fit=742%2C586&ssl=1&resize=350%2C200","width":350,"height":200,"srcset":"https:\/\/i0.wp.com\/larevistadigital.com.ar\/blog\/wp-content\/uploads\/Captura-de-pantalla-2022-03-28-130145.jpg?fit=742%2C586&ssl=1&resize=350%2C200 1x, https:\/\/i0.wp.com\/larevistadigital.com.ar\/blog\/wp-content\/uploads\/Captura-de-pantalla-2022-03-28-130145.jpg?fit=742%2C586&ssl=1&resize=525%2C300 1.5x, https:\/\/i0.wp.com\/larevistadigital.com.ar\/blog\/wp-content\/uploads\/Captura-de-pantalla-2022-03-28-130145.jpg?fit=742%2C586&ssl=1&resize=700%2C400 2x"},"classes":[]},{"id":35033,"url":"https:\/\/larevistadigital.com.ar\/blog\/chascomus-hay-nueva-jefe-de-policia-comunal\/","url_meta":{"origin":39360,"position":3},"title":"CHASCOM\u00daS: HAY NUEVA JEFE DE POLIC\u00cdA COMUNAL","author":"Alejandro Sosa Ruda","date":"20 enero, 2024","format":false,"excerpt":"Es una mujer que cumpl\u00eda funciones en Seguridad Vial de Chascom\u00fas, y toma el cargo desde ayer a la tarde. 20 de enero de 2023 CHASCOM\u00daS -\u00a0 En el d\u00eda de ayer a las 18 horas, se hizo cargo de la Jefatura de Polic\u00eda Comunal de Chascomus la Comisario Mariana\u2026","rel":"","context":"En \u00abSin categor\u00eda\u00bb","block_context":{"text":"Sin categor\u00eda","link":"https:\/\/larevistadigital.com.ar\/blog\/category\/sin-categoria\/"},"img":{"alt_text":"","src":"https:\/\/i0.wp.com\/larevistadigital.com.ar\/blog\/wp-content\/uploads\/2017\/08\/GEO_COMISARIA_1_CHASCOMUS-e1705762962297.jpg?fit=1200%2C548&ssl=1&resize=350%2C200","width":350,"height":200,"srcset":"https:\/\/i0.wp.com\/larevistadigital.com.ar\/blog\/wp-content\/uploads\/2017\/08\/GEO_COMISARIA_1_CHASCOMUS-e1705762962297.jpg?fit=1200%2C548&ssl=1&resize=350%2C200 1x, https:\/\/i0.wp.com\/larevistadigital.com.ar\/blog\/wp-content\/uploads\/2017\/08\/GEO_COMISARIA_1_CHASCOMUS-e1705762962297.jpg?fit=1200%2C548&ssl=1&resize=525%2C300 1.5x, https:\/\/i0.wp.com\/larevistadigital.com.ar\/blog\/wp-content\/uploads\/2017\/08\/GEO_COMISARIA_1_CHASCOMUS-e1705762962297.jpg?fit=1200%2C548&ssl=1&resize=700%2C400 2x, https:\/\/i0.wp.com\/larevistadigital.com.ar\/blog\/wp-content\/uploads\/2017\/08\/GEO_COMISARIA_1_CHASCOMUS-e1705762962297.jpg?fit=1200%2C548&ssl=1&resize=1050%2C600 3x"},"classes":[]},{"id":29589,"url":"https:\/\/larevistadigital.com.ar\/blog\/chascomus-el-intendente-acompano-los-actos-por-la-creacion-de-la-policia-bonaerense\/","url_meta":{"origin":39360,"position":4},"title":"CHASCOM\u00daS: EL INTENDENTE ACOMPA\u00d1\u00d3 LOS ACTOS POR LA CREACI\u00d3N DE LA POLIC\u00cdA BONAERENSE","author":"Alejandro Sosa Ruda","date":"23 diciembre, 2022","format":false,"excerpt":"El intendente municipal Javier Gast\u00f3n, estuvo junto a la Secretaria de Seguridad Comunal Mariela Moscarellla en el acto de conmemoraci\u00f3n de los 201 a\u00f1os de la creaci\u00f3n de la Polic\u00eda Provincial, donde se entregaron reconocimientos y distinciones. CHASCOM\u00daS -\u00a0 En un muy emotivo acto, donde se percibi\u00f3 la gran camarader\u00eda\u2026","rel":"","context":"En \u00abCHASCOM\u00daS\u00bb","block_context":{"text":"CHASCOM\u00daS","link":"https:\/\/larevistadigital.com.ar\/blog\/category\/chascomus\/"},"img":{"alt_text":"","src":"https:\/\/i0.wp.com\/larevistadigital.com.ar\/blog\/wp-content\/uploads\/2022_12_23_00_27_06_1031904.jpg?fit=600%2C401&ssl=1&resize=350%2C200","width":350,"height":200,"srcset":"https:\/\/i0.wp.com\/larevistadigital.com.ar\/blog\/wp-content\/uploads\/2022_12_23_00_27_06_1031904.jpg?fit=600%2C401&ssl=1&resize=350%2C200 1x, https:\/\/i0.wp.com\/larevistadigital.com.ar\/blog\/wp-content\/uploads\/2022_12_23_00_27_06_1031904.jpg?fit=600%2C401&ssl=1&resize=525%2C300 1.5x"},"classes":[]},{"id":37288,"url":"https:\/\/larevistadigital.com.ar\/blog\/chascomus-importante-reconocimiento-del-foro-de-seguridad-rural-a-la-patrulla-municipal-de-seguridad-rural-y-su-jefe-marcelo-opicci\/","url_meta":{"origin":39360,"position":5},"title":"CHASCOM\u00daS: Importante reconocimiento del Foro de Seguridad Rural a la Patrulla Municipal de Seguridad Rural, y su jefe Marcelo Opicci","author":"Alejandro Sosa Ruda","date":"22 septiembre, 2024","format":false,"excerpt":"As\u00ed lo hicieron y lo manifest\u00f3 el Presidente del Foro, Manuel Anchorena, quien destac\u00f3 el trabajo y el compromiso de Marcelo Castillo Opici. 22 de Septiembre de 2024 CHASCOM\u00daS -\u00a0 \u00a0Durante una entrevista brindada al programa radial y de Streeming, \"Ataque de Radio\"\u00a0que conduce Alejandro \"El Tano\" Sosa, el Presidente\u2026","rel":"","context":"En \u00abDESTACADAS\u00bb","block_context":{"text":"DESTACADAS","link":"https:\/\/larevistadigital.com.ar\/blog\/category\/destacadas\/"},"img":{"alt_text":"","src":"https:\/\/i0.wp.com\/larevistadigital.com.ar\/blog\/wp-content\/uploads\/Con-los-miembros-del-Foro-Seguridad-Rural.jpg?fit=828%2C472&ssl=1&resize=350%2C200","width":350,"height":200,"srcset":"https:\/\/i0.wp.com\/larevistadigital.com.ar\/blog\/wp-content\/uploads\/Con-los-miembros-del-Foro-Seguridad-Rural.jpg?fit=828%2C472&ssl=1&resize=350%2C200 1x, https:\/\/i0.wp.com\/larevistadigital.com.ar\/blog\/wp-content\/uploads\/Con-los-miembros-del-Foro-Seguridad-Rural.jpg?fit=828%2C472&ssl=1&resize=525%2C300 1.5x, https:\/\/i0.wp.com\/larevistadigital.com.ar\/blog\/wp-content\/uploads\/Con-los-miembros-del-Foro-Seguridad-Rural.jpg?fit=828%2C472&ssl=1&resize=700%2C400 2x"},"classes":[]}],"_links":{"self":[{"href":"https:\/\/larevistadigital.com.ar\/blog\/wp-json\/wp\/v2\/posts\/39360","targetHints":{"allow":["GET"]}}],"collection":[{"href":"https:\/\/larevistadigital.com.ar\/blog\/wp-json\/wp\/v2\/posts"}],"about":[{"href":"https:\/\/larevistadigital.com.ar\/blog\/wp-json\/wp\/v2\/types\/post"}],"author":[{"embeddable":true,"href":"https:\/\/larevistadigital.com.ar\/blog\/wp-json\/wp\/v2\/users\/3"}],"replies":[{"embeddable":true,"href":"https:\/\/larevistadigital.com.ar\/blog\/wp-json\/wp\/v2\/comments?post=39360"}],"version-history":[{"count":3,"href":"https:\/\/larevistadigital.com.ar\/blog\/wp-json\/wp\/v2\/posts\/39360\/revisions"}],"predecessor-version":[{"id":39365,"href":"https:\/\/larevistadigital.com.ar\/blog\/wp-json\/wp\/v2\/posts\/39360\/revisions\/39365"}],"wp:featuredmedia":[{"embeddable":true,"href":"https:\/\/larevistadigital.com.ar\/blog\/wp-json\/wp\/v2\/media\/39361"}],"wp:attachment":[{"href":"https:\/\/larevistadigital.com.ar\/blog\/wp-json\/wp\/v2\/media?parent=39360"}],"wp:term":[{"taxonomy":"category","embeddable":true,"href":"https:\/\/larevistadigital.com.ar\/blog\/wp-json\/wp\/v2\/categories?post=39360"},{"taxonomy":"post_tag","embeddable":true,"href":"https:\/\/larevistadigital.com.ar\/blog\/wp-json\/wp\/v2\/tags?post=39360"}],"curies":[{"name":"wp","href":"https:\/\/api.w.org\/{rel}","templated":true}]}}