{"id":39366,"date":"2025-04-10T18:32:50","date_gmt":"2025-04-10T21:32:50","guid":{"rendered":"https:\/\/larevistadigital.com.ar\/blog\/?p=39366"},"modified":"2025-04-10T18:32:50","modified_gmt":"2025-04-10T21:32:50","slug":"chascomus-se-logro-un-acuerdo-en-la-reunion-de-la-mesa-salarial","status":"publish","type":"post","link":"https:\/\/larevistadigital.com.ar\/blog\/chascomus-se-logro-un-acuerdo-en-la-reunion-de-la-mesa-salarial\/","title":{"rendered":"Chascom\u00fas: Se logr\u00f3 un acuerdo en la reuni\u00f3n de la Mesa Salarial"},"content":{"rendered":"<h3 class=\"excerpt\">En el d\u00eda de la fecha, el Departamento Ejecutivo y los gremios mantuvieron una nueva reuni\u00f3n de la mesa salarial<\/h3>\n<p>10 de Abril de 2025<\/p>\n<div id=\"miDiv1\" class=\"text\">\n<p><strong>CHASCOM\u00daS &#8211;\u00a0<\/strong> El encuentro tuvo lugar en el Palacio Municipal, donde el secretario de Gobierno, <strong>Cipriano P\u00e9rez del Cerro<\/strong>; junto con el secretario de Recursos Humanos y Modernizaci\u00f3n del Estado, <strong>Jos\u00e9 Yezza Ross<\/strong>, recibieron a los representantes sindicales <strong>Mar\u00eda Elena Ortiz Molina<\/strong> y <strong>Sergio Coronel<\/strong> de UPCN; <strong>Marcos Irigoyen<\/strong> Y <strong>Cintia Ardohain<\/strong> de ATE; y <strong>Mercedes Rold\u00e1n<\/strong> y <strong>Claudio Bertucci<\/strong> del Sindicato de Trabajadores Municipales.<\/p>\n<blockquote>\n<h3>En dicha reuni\u00f3n, se ha logrado un acuerdo que complementa el aumento del 15% recibido en enero del 2025, por un 11, 5% m\u00e1s, llegando a un aumento total del 26,50%, para el primer semestre.<\/h3>\n<\/blockquote>\n<p>A su vez, se actualizar\u00e1 la grilla de Asignaciones Familiares por un 20% m\u00e1s, por hijo\/a a partir del 1\/04. Adem\u00e1s de las modificaciones de los topes para que nadie pierda la asignaci\u00f3n.<\/p>\n<blockquote>\n<h3>Otro de los puntos del acuerdo es que el pago de haberes se realizar\u00e1 el segundo d\u00eda h\u00e1bil en cada mes.<\/h3>\n<\/blockquote>\n<p>Ademas, se inform\u00f3 que las horas extras y adicionales se abonar\u00e1n el 22\/04.<\/p>\n<p>Cabe destacar que, se consensu\u00f3 seguir trabajando en el fortalecimiento de los ingresos de los trabajadores y trabajadoras municipales, teniendo en cuenta este dif\u00edcil contexto que estamos atravesando y en el d\u00eda que se est\u00e1 realizando un Paro general contra las pol\u00edticas del gobierno nacional.<\/p>\n<\/div>\n","protected":false},"excerpt":{"rendered":"<div class=\"mh-excerpt\"><p>En el d\u00eda de la fecha, el Departamento Ejecutivo y los gremios mantuvieron una nueva reuni\u00f3n de la mesa salarial 10 de Abril de 2025 CHASCOM\u00daS &#8211;\u00a0 El encuentro tuvo lugar en el Palacio Municipal, <a class=\"mh-excerpt-more\" href=\"https:\/\/larevistadigital.com.ar\/blog\/chascomus-se-logro-un-acuerdo-en-la-reunion-de-la-mesa-salarial\/\" title=\"Chascom\u00fas: Se logr\u00f3 un acuerdo en la reuni\u00f3n de la Mesa Salarial\">[Leer M\u00e1s]<\/a><\/p>\n<\/div>","protected":false},"author":3,"featured_media":39367,"comment_status":"open","ping_status":"open","sticky":false,"template":"","format":"standard","meta":{"_jetpack_memberships_contains_paid_content":false,"footnotes":"","jetpack_publicize_message":"","jetpack_publicize_feature_enabled":true,"jetpack_social_post_already_shared":true,"jetpack_social_options":{"image_generator_settings":{"template":"highway","default_image_id":0,"font":"","enabled":false},"version":2}},"categories":[6,23],"tags":[],"class_list":{"0":"post-39366","1":"post","2":"type-post","3":"status-publish","4":"format-standard","5":"has-post-thumbnail","7":"category-chascomus","8":"category-politica-local"},"jetpack_publicize_connections":[],"jetpack_featured_media_url":"https:\/\/i0.wp.com\/larevistadigital.com.ar\/blog\/wp-content\/uploads\/67f802fdb84b9.png?fit=668%2C445&ssl=1","jetpack_sharing_enabled":true,"jetpack_shortlink":"https:\/\/wp.me\/p8qtrQ-aeW","jetpack-related-posts":[{"id":9224,"url":"https:\/\/larevistadigital.com.ar\/blog\/chascomus-hubo-acuerdo-en-la-mesa-de-negociacion-salarial\/","url_meta":{"origin":39366,"position":0},"title":"CHASCOM\u00daS: HUBO ACUERDO EN LA MESA DE NEGOCIACI\u00d3N SALARIAL","author":"Alejandro Sosa Ruda","date":"20 marzo, 2019","format":false,"excerpt":"El Departamento Ejecutivo y los representantes de los tres gremios municipales acordaron, ayer el pago de la cl\u00e1usula gatillo y un nuevo aumento, logrando, de esta manera, una mejora para los trabajadores municipales de un 30.54 por ciento. El acuerdo, que incluye la aplicaci\u00f3n de la cl\u00e1usula gatillo del 22%,\u2026","rel":"","context":"En \u00abCHASCOM\u00daS\u00bb","block_context":{"text":"CHASCOM\u00daS","link":"https:\/\/larevistadigital.com.ar\/blog\/category\/chascomus\/"},"img":{"alt_text":"","src":"https:\/\/i0.wp.com\/larevistadigital.com.ar\/blog\/wp-content\/uploads\/2019\/03\/54516566_2340908479263357_1947239288974344192_o.jpg?fit=1200%2C801&ssl=1&resize=350%2C200","width":350,"height":200,"srcset":"https:\/\/i0.wp.com\/larevistadigital.com.ar\/blog\/wp-content\/uploads\/2019\/03\/54516566_2340908479263357_1947239288974344192_o.jpg?fit=1200%2C801&ssl=1&resize=350%2C200 1x, https:\/\/i0.wp.com\/larevistadigital.com.ar\/blog\/wp-content\/uploads\/2019\/03\/54516566_2340908479263357_1947239288974344192_o.jpg?fit=1200%2C801&ssl=1&resize=525%2C300 1.5x, https:\/\/i0.wp.com\/larevistadigital.com.ar\/blog\/wp-content\/uploads\/2019\/03\/54516566_2340908479263357_1947239288974344192_o.jpg?fit=1200%2C801&ssl=1&resize=700%2C400 2x, https:\/\/i0.wp.com\/larevistadigital.com.ar\/blog\/wp-content\/uploads\/2019\/03\/54516566_2340908479263357_1947239288974344192_o.jpg?fit=1200%2C801&ssl=1&resize=1050%2C600 3x"},"classes":[]},{"id":36591,"url":"https:\/\/larevistadigital.com.ar\/blog\/chascomus-reunion-del-departamento-ejecutivo-municipal-con-representantes-sindicales\/","url_meta":{"origin":39366,"position":1},"title":"CHASCOM\u00daS: REUNI\u00d3N DEL DEPARTAMENTO EJECUTIVO MUNICIPAL CON REPRESENTANTES SINDICALES","author":"Alejandro Sosa Ruda","date":"4 julio, 2024","format":false,"excerpt":"Convocatoria de la mesa salarial para evaluar aumentos salariales para los pr\u00f3ximos meses. 04 de Julio de 2024 CHASCOM\u00daS -\u00a0 El Departamento Ejecutivo Municipal se reuni\u00f3 con los gremios con representaci\u00f3n municipal para iniciar el di\u00e1logo sobre los aumentos salariales para la planta salarial. En la reuni\u00f3n estuvieron presentes el\u2026","rel":"","context":"En \u00abDESTACADAS\u00bb","block_context":{"text":"DESTACADAS","link":"https:\/\/larevistadigital.com.ar\/blog\/category\/destacadas\/"},"img":{"alt_text":"","src":"https:\/\/i0.wp.com\/larevistadigital.com.ar\/blog\/wp-content\/uploads\/2024_07_05_01_08_53_2859804.jpg?fit=600%2C400&ssl=1&resize=350%2C200","width":350,"height":200,"srcset":"https:\/\/i0.wp.com\/larevistadigital.com.ar\/blog\/wp-content\/uploads\/2024_07_05_01_08_53_2859804.jpg?fit=600%2C400&ssl=1&resize=350%2C200 1x, https:\/\/i0.wp.com\/larevistadigital.com.ar\/blog\/wp-content\/uploads\/2024_07_05_01_08_53_2859804.jpg?fit=600%2C400&ssl=1&resize=525%2C300 1.5x"},"classes":[]},{"id":43237,"url":"https:\/\/larevistadigital.com.ar\/blog\/chascomus-aumento-salarial-del-13-para-trabajadores-municipales\/","url_meta":{"origin":39366,"position":2},"title":"Chascom\u00fas: Aumento salarial del 13% para trabajadores municipales","author":"Alejandro Sosa Ruda","date":"10 enero, 2026","format":false,"excerpt":"Las autoridades del Departamento Ejecutivo y representantes de los sindicatos municipales alcanzaron un acuerdo un\u00e1nime que establece aumentos salariales en dos tramos y mantiene el di\u00e1logo permanente con los gremios. 10 de enero de 2026 CHASCOM\u00daS -\u00a0 \u00a0El encuentro de la Mesa Salarial tuvo lugar en el Palacio Municipal, donde\u2026","rel":"","context":"En \u00abINTERES GENERAL\u00bb","block_context":{"text":"INTERES GENERAL","link":"https:\/\/larevistadigital.com.ar\/blog\/category\/interes-general\/"},"img":{"alt_text":"","src":"https:\/\/i0.wp.com\/larevistadigital.com.ar\/blog\/wp-content\/uploads\/69615a06816dc.png?fit=668%2C445&ssl=1&resize=350%2C200","width":350,"height":200,"srcset":"https:\/\/i0.wp.com\/larevistadigital.com.ar\/blog\/wp-content\/uploads\/69615a06816dc.png?fit=668%2C445&ssl=1&resize=350%2C200 1x, https:\/\/i0.wp.com\/larevistadigital.com.ar\/blog\/wp-content\/uploads\/69615a06816dc.png?fit=668%2C445&ssl=1&resize=525%2C300 1.5x"},"classes":[]},{"id":13817,"url":"https:\/\/larevistadigital.com.ar\/blog\/chascomus-el-intendente-javier-gaston-anuncio-un-aumento-para-los-trabajadores-municipales\/","url_meta":{"origin":39366,"position":3},"title":"CHASCOM\u00daS: EL INTENDENTE JAVIER GAST\u00d3N ANUNCI\u00d3 UN AUMENTO PARA LOS TRABAJADORES MUNICIPALES","author":"Alejandro Sosa Ruda","date":"26 diciembre, 2019","format":false,"excerpt":"Se inform\u00f3 desde la p\u00e1gina del municipio, que se acord\u00f3 un aumento para los trabajadores municipales que a continuaci\u00f3n reproducimos. La Nota: Tras la reuni\u00f3n con la mesa de negociaci\u00f3n salarial, el departamento ejecutivo y los representantes de los tres gremios municipales acordaron, esta tarde, un nuevo aumento del 12%\u2026","rel":"","context":"En \u00abCHASCOM\u00daS\u00bb","block_context":{"text":"CHASCOM\u00daS","link":"https:\/\/larevistadigital.com.ar\/blog\/category\/chascomus\/"},"img":{"alt_text":"","src":"","width":0,"height":0},"classes":[]},{"id":6797,"url":"https:\/\/larevistadigital.com.ar\/blog\/chascomus-se-reunio-la-mesa-salarial-y-acordaron-un-nuevo-encuentro-para-el-proximo-martes\/","url_meta":{"origin":39366,"position":4},"title":"CHASCOM\u00daS: SE REUNI\u00d3 LA MESA SALARIAL Y ACORDARON UN NUEVO ENCUENTRO PARA EL PR\u00d3XIMO MARTES","author":"Alejandro Sosa Ruda","date":"11 octubre, 2018","format":false,"excerpt":"Finalmente se llev\u00f3 a cabo el d\u00eda de ayer la reuni\u00f3n pactada entre el ejecutivo local y los distintos gremios que conforman la \"mesa salarial\", tal como lo ped\u00eda la ordenanza aprobada por mayor\u00eda en el Concejo Deliberante. La misma se desarroll\u00f3 en el municipio, y fueron de la partida,\u2026","rel":"","context":"En \u00abGREMIALES\u00bb","block_context":{"text":"GREMIALES","link":"https:\/\/larevistadigital.com.ar\/blog\/category\/gremiales\/"},"img":{"alt_text":"","src":"https:\/\/i0.wp.com\/larevistadigital.com.ar\/blog\/wp-content\/uploads\/2018\/10\/mesasalarial_11deoctubrede2018_elfuerte.jpg?fit=737%2C415&ssl=1&resize=350%2C200","width":350,"height":200,"srcset":"https:\/\/i0.wp.com\/larevistadigital.com.ar\/blog\/wp-content\/uploads\/2018\/10\/mesasalarial_11deoctubrede2018_elfuerte.jpg?fit=737%2C415&ssl=1&resize=350%2C200 1x, https:\/\/i0.wp.com\/larevistadigital.com.ar\/blog\/wp-content\/uploads\/2018\/10\/mesasalarial_11deoctubrede2018_elfuerte.jpg?fit=737%2C415&ssl=1&resize=525%2C300 1.5x, https:\/\/i0.wp.com\/larevistadigital.com.ar\/blog\/wp-content\/uploads\/2018\/10\/mesasalarial_11deoctubrede2018_elfuerte.jpg?fit=737%2C415&ssl=1&resize=700%2C400 2x"},"classes":[]},{"id":5195,"url":"https:\/\/larevistadigital.com.ar\/blog\/chascomus-municipio-saber-hubo-acuerdo-los-gremios-19-aumento\/","url_meta":{"origin":39366,"position":5},"title":"CHASCOM\u00daS: EL MUNICIPIO HIZO SABER QUE HUBO ACUERDO CON LOS GREMIOS POR UN 19% DE AUMENTO","author":"Alejandro Sosa Ruda","date":"7 marzo, 2018","format":false,"excerpt":"La Municipalidad de Chascom\u00fas, desde su p\u00e1gina de facebook\u00a0 hizo conocer que tras realizarse el segundo encuentro de la Mesa Paritaria, el Departamento Ejecutivo logr\u00f3 un\u00a0 acuerdo con todos los gremios, sobre un incremento salarial para los empleados municipales del 19,1 %, en tres tramos que incluye la cl\u00e1usula gatillo.\u2026","rel":"","context":"En \u00abGREMIALES\u00bb","block_context":{"text":"GREMIALES","link":"https:\/\/larevistadigital.com.ar\/blog\/category\/gremiales\/"},"img":{"alt_text":"","src":"https:\/\/i0.wp.com\/larevistadigital.com.ar\/blog\/wp-content\/uploads\/2018\/03\/28783319_1801448603209350_666381720539938954_n.jpg?fit=883%2C589&ssl=1&resize=350%2C200","width":350,"height":200,"srcset":"https:\/\/i0.wp.com\/larevistadigital.com.ar\/blog\/wp-content\/uploads\/2018\/03\/28783319_1801448603209350_666381720539938954_n.jpg?fit=883%2C589&ssl=1&resize=350%2C200 1x, https:\/\/i0.wp.com\/larevistadigital.com.ar\/blog\/wp-content\/uploads\/2018\/03\/28783319_1801448603209350_666381720539938954_n.jpg?fit=883%2C589&ssl=1&resize=525%2C300 1.5x, https:\/\/i0.wp.com\/larevistadigital.com.ar\/blog\/wp-content\/uploads\/2018\/03\/28783319_1801448603209350_666381720539938954_n.jpg?fit=883%2C589&ssl=1&resize=700%2C400 2x"},"classes":[]}],"_links":{"self":[{"href":"https:\/\/larevistadigital.com.ar\/blog\/wp-json\/wp\/v2\/posts\/39366","targetHints":{"allow":["GET"]}}],"collection":[{"href":"https:\/\/larevistadigital.com.ar\/blog\/wp-json\/wp\/v2\/posts"}],"about":[{"href":"https:\/\/larevistadigital.com.ar\/blog\/wp-json\/wp\/v2\/types\/post"}],"author":[{"embeddable":true,"href":"https:\/\/larevistadigital.com.ar\/blog\/wp-json\/wp\/v2\/users\/3"}],"replies":[{"embeddable":true,"href":"https:\/\/larevistadigital.com.ar\/blog\/wp-json\/wp\/v2\/comments?post=39366"}],"version-history":[{"count":1,"href":"https:\/\/larevistadigital.com.ar\/blog\/wp-json\/wp\/v2\/posts\/39366\/revisions"}],"predecessor-version":[{"id":39368,"href":"https:\/\/larevistadigital.com.ar\/blog\/wp-json\/wp\/v2\/posts\/39366\/revisions\/39368"}],"wp:featuredmedia":[{"embeddable":true,"href":"https:\/\/larevistadigital.com.ar\/blog\/wp-json\/wp\/v2\/media\/39367"}],"wp:attachment":[{"href":"https:\/\/larevistadigital.com.ar\/blog\/wp-json\/wp\/v2\/media?parent=39366"}],"wp:term":[{"taxonomy":"category","embeddable":true,"href":"https:\/\/larevistadigital.com.ar\/blog\/wp-json\/wp\/v2\/categories?post=39366"},{"taxonomy":"post_tag","embeddable":true,"href":"https:\/\/larevistadigital.com.ar\/blog\/wp-json\/wp\/v2\/tags?post=39366"}],"curies":[{"name":"wp","href":"https:\/\/api.w.org\/{rel}","templated":true}]}}